{"id":56298,"date":"2009-06-18T20:23:04","date_gmt":"2009-06-18T18:23:04","guid":{"rendered":"https:\/\/moldovacrestina.md\/why-will-the-parlamentary-elections-be-on-wednesday"},"modified":"2017-05-27T09:02:34","modified_gmt":"2017-05-27T07:02:34","slug":"why-will-the-parlamentary-elections-be-on-wednesday","status":"publish","type":"post","link":"https:\/\/moldovacrestina.md\/en\/why-will-the-parlamentary-elections-be-on-wednesday\/","title":{"rendered":"Why will the parlamentary elections be on Wednesday?"},"content":{"rendered":"<p style=\"text-align: justify\">\n<p><span>As it was possible, I watched\u00a0closely the development of political events in our country after\u00a0the things that\u00a0happened on April 7th. <\/span><span>Many things have happened for the first time and it\u00a0seems that their list has not yet finished.<\/span> <span>I was surprised when I heard that the\u00a0second elections date was set\u00a0on July 29th, which is Wednesday, and not in a day of rest, on Sunday, as it has always been since independence onwards. <\/span><span>As all others have done it, I also asked myself: \u201cWhy?\u201d I realized that this is another trap set\u00a0on us\u00a0and it seeks the manipulation of voters and\u00a0the\u00a0restriction of\u00a0freedoms.<\/span> <\/p>\n<p><span>Now\u00a0I am\u00a0in Kiev together with\u00a0my daughter, where I was invited to teach a course\u00a0of Evangelism through sports for more than 30 athletes gathered\u00a0from Ukraine and from other countries, who came to learn how to use sports to lead people to Christ.<\/span> <span>We chose to\u00a0travel by\u00a0bus and on\u00a0our way we had some interesting discussions with other passengers who shed\u00a0more light on\u00a0the possible purpose that was intended when\u00a0the election date was set\u00a0on July 29th.<\/span> <\/p>\n<p><span>Eleonora is a student at the Academy of Economic Studies of Moldova and she goes the U.S. through the \u201cWork and Travel\u201d program to gain something\u00a0for her studies.<\/span> <span>When she heard that elections will be in a working day, she\u00a0realized that it would be very difficult for her to be able to ask for free time at her workplace, especially since she will need three days: one day to go up to Chicago, then\u00a0one day\u00a0to stay there to vote and another day to go back.<\/span><span><span class=\"google-src-text\"> It\u00a0will be very\u00a0difficult<\/span> to get those three days.<\/span> <span>But, I told her\u00a0that it was not impossible and I advised her to go in the first\u00a0days to her employer and\u00a0explain how important\u00a0it was to participate in those elections for her future, and the future of\u00a0the children and of our whole country.<\/span> <\/p>\n<p><span>Mr. Nicu, another passenger, is married and together with his wife have three children. <\/span><span>He went to Kiev to get his visa for the Netherlands, where he goes every week to bring a car for those who buy them\u00a0to order.<\/span> <span>Mr. Nicu was also\u00a0very concerned and\u00a0unhappy because he always leaves\u00a0on Monday and comes home\u00a0on Friday, but because the elections will be\u00a0on Wednesday, he will have to stay home that week and this will create him many difficulties. <\/span><span>However, Mr. Nicu decided to stay home that week to give his vote to defend freedom and democracy.<\/span> <\/p>\n<p><span>After\u00a0I talked and listened to these two passengers, I asked myself: Isn\u2019t it this intention to set the election date on July 29th, as to make impossible the\u00a0participation in the elections of many fellow citizens who are at work over abroad?<\/span> <\/p>\n<p><span>I grieved for the moment, but I soon remembered the Word of God that says:<\/span> <\/p>\n<blockquote class=\"td_quote_box td_box_center\">\n<p><span><span class=\"google-src-text\">He who digs a pit will fall into it,\u00a0and he who rolls a stone, it will come back on him. <\/span><\/span><span>(Proverbs of Solomon 26:27)(NASB)<\/span> <\/p>\n<\/blockquote>\n<p><span>I also remembered the\u00a0beautiful way how God has answered all\u00a0our prayers so far. <\/span><span>After the events on April 7th, each time when it was an important session of the Parliament, especially when the President\u00a0had to\u00a0be elected, we chose to fast\u00a0with the\u00a0whole\u00a0church the day before the event and I\u00a0called\u00a0all readers of\u00a0the portal to fast\u00a0without eating and without drinking anything, just to shout at God.<\/span> <span>Our prayer was that God does not allow deputies to vote of cowardice or because they are under pressure and intimidation.<\/span><span> And God has responded miraculously, as we asked.<\/span> <\/p>\n<p><span>Then, even after April 7th, I fasted and I called Christians in the whole country to come together and ask God to keep us from bloodshed.<\/span><span><span class=\"google-src-text\"> The<\/span>\u00a0Almighty has\u00a0listened to us. <\/span><span>It is true that it hurts us a lot for the four young people who were killed dastardly and the girls who were raped and humiliated and we pray God to give comfort to those who suffer\u00a0so far, and at the same time, we thank God that He had not allowed\u00a0conflicts\u00a0with bloodshed and gave\u00a0wisdom to the\u00a0leaders of opposition to not be provoked by anyone\u00a0and to act patiently according to the\u00a0legal framework.<\/span> <\/p>\n<p><span>Given all these experiences that we have seen the strong hand of God, let us keep our faith and run to Him after deliverance and mercy.<\/span> <\/p>\n<p><span>I\u00a0invite all readers of Christian Moldova portal to fast\u00a0without eating and without drinking anything every Wednesday until the Election Day \u2013 July 29th.<\/span> <\/p>\n<p><span>Tomorrow I will come\u00a0with a new short ad on the portal in which I\u00a0will tell you what to pray and fast for next Wednesday \u2013 June 24th.<\/span> <\/p>\n<p><span>I invite readers to write their opinion: Why do you think the election will be on Wednesday?<\/span> <\/p>\n<p><em>Translated by Felicia Rotaru<\/em><\/p><\/p>\n","protected":false},"excerpt":{"rendered":"<p>As it was possible, I watched\u00a0closely the development of political events in our country after\u00a0the things that\u00a0happened on April 7th. Many things have happened for the first time and it\u00a0seems that their list has not yet finished. I was surprised when I heard that the\u00a0second elections date was set\u00a0on July 29th, which is Wednesday, and [&hellip;]<\/p>\n","protected":false},"author":46,"featured_media":0,"comment_status":"closed","ping_status":"closed","sticky":false,"template":"","format":"standard","meta":{"_acf_changed":false,"inline_featured_image":false,"_monsterinsights_skip_tracking":false,"_monsterinsights_sitenote_active":false,"_monsterinsights_sitenote_note":"","_monsterinsights_sitenote_category":0,"_genesis_hide_title":false,"_genesis_hide_breadcrumbs":false,"_genesis_hide_singular_image":false,"_genesis_hide_footer_widgets":false,"_genesis_custom_body_class":"","_genesis_custom_post_class":"","_genesis_layout":"","ep_exclude_from_search":false,"_jetpack_memberships_contains_paid_content":false,"footnotes":""},"categories":[126],"tags":[6420,8171,9140,9847,10619,12418,19275,19951,329,6800,8252,9155,9848,10641,12438,19430,20070,942,7737,8322,9182,9849,10723,12781,19439,20090,1101,7796,8384,9252,9857,10746,13668,19475,20128,1672,7797,8406,9268,9922,10757,14448,19522,20214,2224,7798,8482,9285,9961,10844,14649,19596,20218,2319,7799,8484,9374,10016,11151,14723,19708,20502,2330,7801,8604,9396,10056,11201,14824,19709,23051,2524,7813,8639,9504,10083,11344,15704,19797,23195,2911,7824,8737,9632,10085,11497,16847,19813,24172,3569,7859,8834,9648,10248,11788,16907,19873,3638,7862,8845,9668,10322,11944,17374,19898,4151,7934,8864,9683,10372,11955,18347,19903,5213,7960,8998,9726,10427,12190,18580,19905,5595,7969,9005,9789,10429,12240,18950,19926,6130,8020,9056,9801,10461,12251,19273,19936],"class_list":{"0":"post-56298","1":"post","2":"type-post","3":"status-publish","4":"format-standard","6":"category-answer-from-the-bible","7":"tag-ani","8":"tag-omor","9":"tag-drinking","10":"tag-r","11":"tag-le","12":"tag-rom","13":"tag-session","14":"tag-conflicts","15":"tag-da","16":"tag-creat","17":"tag-vot","18":"tag-student","19":"tag-prayer","20":"tag-progra","21":"tag-but","22":"tag-ukraine","23":"tag-young-people","24":"tag-ore","25":"tag-children","26":"tag-politic","27":"tag-t","28":"tag-prayers","29":"tag-b","30":"tag-vite","31":"tag-who","32":"tag-workplace","33":"tag-co","34":"tag-man","35":"tag-parlament","36":"tag-polit","37":"tag-pray","38":"tag-nom","39":"tag-chicago","40":"tag-word-of-god","41":"tag-abroad","42":"tag-mir","43":"tag-men","44":"tag-kiev","45":"tag-pl","46":"tag-o","47":"tag-un","48":"tag-import","49":"tag-vote","50":"tag-blood","51":"tag-word","52":"tag-people","53":"tag-om","54":"tag-blo","55":"tag-tea","56":"tag-the","57":"tag-ou","58":"tag-si","59":"tag-leaders","60":"tag-liste","61":"tag-work","62":"tag-eva","63":"tag-disc","64":"tag-married","65":"tag-vise","66":"tag-ue","67":"tag-fast","68":"tag-will","69":"tag-faith","70":"tag-cult","71":"tag-eli","72":"tag-parti","73":"tag-sc","74":"tag-legal","75":"tag-ong","76":"tag-war","77":"tag-ring","78":"tag-mo","79":"tag-sport","80":"tag-sin","81":"tag-mol","82":"tag-ca","83":"tag-bere","84":"tag-la","85":"tag-discussions","86":"tag-to-fast","87":"tag-wor","88":"tag-solomon","89":"tag-stud","90":"tag-pro","91":"tag-girl","92":"tag-cor","93":"tag-date","94":"tag-friday","95":"tag-athe","96":"tag-program","97":"tag-god","98":"tag-te","99":"tag-ion","100":"tag-po","101":"tag-ange","102":"tag-ine","103":"tag-rest","104":"tag-athlete","105":"tag-wife","106":"tag-p","107":"tag-ta","108":"tag-christian","109":"tag-fini","110":"tag-rol","111":"tag-proverbs","112":"tag-st","113":"tag-moldova","114":"tag-fa","115":"tag-do","116":"tag-pr","117":"tag-mer","118":"tag-felicia-rotaru","119":"tag-angel","120":"tag-rap","121":"tag-light","122":"tag-vis","123":"tag-j","124":"tag-l","125":"tag-sion","126":"tag-ny","127":"tag-child","128":"tag-set","129":"tag-church","130":"tag-christ","131":"tag-christians","132":"tag-sunday","133":"tag-future","134":"tag-i","135":"tag-evangelism","136":"tag-cip","137":"tag-events","138":"tag-rai","139":"tag-conflict","140":"tag-sports","141":"tag-cer","142":"tag-eve","143":"tag-freedom","144":"entry"},"acf":[],"yoast_head":"<!-- This site is optimized with the Yoast SEO Premium plugin v26.5 (Yoast SEO v27.4) - https:\/\/yoast.com\/product\/yoast-seo-premium-wordpress\/ -->\n<title>Why will the parlamentary elections be on Wednesday?<\/title>\n<meta name=\"description\" content=\"As it was possible, I watched&nbsp;closely the development of political events in our country after&nbsp;the things that&nbsp;happened on April 7th. Many things have happened for the first time and\" \/>\n<meta name=\"robots\" content=\"index, follow, max-snippet:-1, max-image-preview:large, max-video-preview:-1\" \/>\n<link rel=\"canonical\" href=\"https:\/\/moldovacrestina.md\/en\/why-will-the-parlamentary-elections-be-on-wednesday\/\" \/>\n<meta property=\"og:locale\" content=\"en_US\" \/>\n<meta property=\"og:type\" content=\"article\" \/>\n<meta property=\"og:title\" content=\"Why will the parlamentary elections be on Wednesday?\" \/>\n<meta property=\"og:description\" content=\"As it was possible, I watched&nbsp;closely the development of political events in our country after&nbsp;the things that&nbsp;happened on April 7th. Many things have happened for the first time and\" \/>\n<meta property=\"og:url\" content=\"https:\/\/moldovacrestina.md\/en\/why-will-the-parlamentary-elections-be-on-wednesday\/\" \/>\n<meta property=\"og:site_name\" content=\"Moldova Cre\u0219tin\u0103\" \/>\n<meta property=\"article:publisher\" content=\"https:\/\/www.facebook.com\/moldovacrestina\/\" \/>\n<meta property=\"article:published_time\" content=\"2009-06-18T18:23:04+00:00\" \/>\n<meta property=\"article:modified_time\" content=\"2017-05-27T07:02:34+00:00\" \/>\n<meta name=\"author\" content=\"Vasile Filat\" \/>\n<meta name=\"twitter:card\" content=\"summary_large_image\" \/>\n<meta name=\"twitter:creator\" content=\"@moldovacrestina\" \/>\n<meta name=\"twitter:site\" content=\"@moldovacrestina\" \/>\n<meta name=\"twitter:label1\" content=\"Written by\" \/>\n\t<meta name=\"twitter:data1\" content=\"Vasile Filat\" \/>\n\t<meta name=\"twitter:label2\" content=\"Est. reading time\" \/>\n\t<meta name=\"twitter:data2\" content=\"4 minutes\" \/>\n<script type=\"application\/ld+json\" class=\"yoast-schema-graph\">{\"@context\":\"https:\\\/\\\/schema.org\",\"@graph\":[{\"@type\":\"Article\",\"@id\":\"https:\\\/\\\/moldovacrestina.md\\\/en\\\/why-will-the-parlamentary-elections-be-on-wednesday\\\/#article\",\"isPartOf\":{\"@id\":\"https:\\\/\\\/moldovacrestina.md\\\/en\\\/why-will-the-parlamentary-elections-be-on-wednesday\\\/\"},\"author\":{\"name\":\"Vasile Filat\",\"@id\":\"https:\\\/\\\/moldovacrestina.md\\\/en\\\/#\\\/schema\\\/person\\\/04b204bbb582cc832c3d2424f5d27dc0\"},\"headline\":\"Why will the parlamentary elections be on Wednesday?\",\"datePublished\":\"2009-06-18T18:23:04+00:00\",\"dateModified\":\"2017-05-27T07:02:34+00:00\",\"mainEntityOfPage\":{\"@id\":\"https:\\\/\\\/moldovacrestina.md\\\/en\\\/why-will-the-parlamentary-elections-be-on-wednesday\\\/\"},\"wordCount\":845,\"keywords\":[\"ani\",\"omor\",\"drinking\",\"r\",\"le\",\"rom\",\"Session\",\"conflicts\",\"da\",\"creat\",\"vot\",\"student\",\"prayer\",\"progra\",\"but\",\"ukraine\",\"young people\",\"ore\",\"Children\",\"Politic\",\"t\",\"prayers\",\"b\",\"vite\",\"who\",\"workplace\",\"co\",\"Man\",\"parlament\",\"Polit\",\"pray\",\"nom\",\"chicago\",\"Word of God\",\"abroad\",\"mir\",\"Men\",\"Kiev\",\"PL\",\"o\",\"un\",\"import\",\"vote\",\"blood\",\"word\",\"People\",\"om\",\"blo\",\"tea\",\"the\",\"ou\",\"si\",\"leaders\",\"liste\",\"Work\",\"Eva\",\"disc\",\"married\",\"vise\",\"UE\",\"fast\",\"will\",\"faith\",\"cult\",\"Eli\",\"parti\",\"sc\",\"legal\",\"ONG\",\"war\",\"ring\",\"mo\",\"Sport\",\"sin\",\"mol\",\"ca\",\"bere\",\"la\",\"discussions\",\"to fast\",\"Wor\",\"Solomon\",\"Stud\",\"pro\",\"girl\",\"cor\",\"date\",\"Friday\",\"athe\",\"program\",\"God\",\"Te\",\"ion\",\"Po\",\"ange\",\"ine\",\"rest\",\"athlete\",\"wife\",\"P\",\"ta\",\"Christian\",\"fini\",\"rol\",\"proverbs\",\"st\",\"moldova\",\"Fa\",\"Do\",\"pr\",\"mer\",\"felicia rotaru\",\"angel\",\"rap\",\"light\",\"vis\",\"j\",\"l\",\"Sion\",\"NY\",\"child\",\"set\",\"Church\",\"Christ\",\"Christians\",\"Sunday\",\"future\",\"I\",\"evangelism\",\"cip\",\"Events\",\"rai\",\"conflict\",\"sports\",\"cer\",\"Eve\",\"freedom\"],\"articleSection\":[\"Answers from the Bible\"],\"inLanguage\":\"en-US\"},{\"@type\":\"WebPage\",\"@id\":\"https:\\\/\\\/moldovacrestina.md\\\/en\\\/why-will-the-parlamentary-elections-be-on-wednesday\\\/\",\"url\":\"https:\\\/\\\/moldovacrestina.md\\\/en\\\/why-will-the-parlamentary-elections-be-on-wednesday\\\/\",\"name\":\"Why will the parlamentary elections be on Wednesday?\",\"isPartOf\":{\"@id\":\"https:\\\/\\\/moldovacrestina.md\\\/en\\\/#website\"},\"datePublished\":\"2009-06-18T18:23:04+00:00\",\"dateModified\":\"2017-05-27T07:02:34+00:00\",\"author\":{\"@id\":\"https:\\\/\\\/moldovacrestina.md\\\/en\\\/#\\\/schema\\\/person\\\/04b204bbb582cc832c3d2424f5d27dc0\"},\"description\":\"As it was possible, I watched&nbsp;closely the development of political events in our country after&nbsp;the things that&nbsp;happened on April 7th. Many things have happened for the first time and\",\"breadcrumb\":{\"@id\":\"https:\\\/\\\/moldovacrestina.md\\\/en\\\/why-will-the-parlamentary-elections-be-on-wednesday\\\/#breadcrumb\"},\"inLanguage\":\"en-US\",\"potentialAction\":[{\"@type\":\"ReadAction\",\"target\":[\"https:\\\/\\\/moldovacrestina.md\\\/en\\\/why-will-the-parlamentary-elections-be-on-wednesday\\\/\"]}]},{\"@type\":\"BreadcrumbList\",\"@id\":\"https:\\\/\\\/moldovacrestina.md\\\/en\\\/why-will-the-parlamentary-elections-be-on-wednesday\\\/#breadcrumb\",\"itemListElement\":[{\"@type\":\"ListItem\",\"position\":1,\"name\":\"Prima pagin\u0103\",\"item\":\"https:\\\/\\\/moldovacrestina.md\\\/en\\\/\"},{\"@type\":\"ListItem\",\"position\":2,\"name\":\"Answers from the Bible\",\"item\":\"https:\\\/\\\/moldovacrestina.md\\\/en\\\/answer-from-the-bible\\\/\"},{\"@type\":\"ListItem\",\"position\":3,\"name\":\"Why will the parlamentary elections be on Wednesday?\"}]},{\"@type\":\"WebSite\",\"@id\":\"https:\\\/\\\/moldovacrestina.md\\\/en\\\/#website\",\"url\":\"https:\\\/\\\/moldovacrestina.md\\\/en\\\/\",\"name\":\"Moldova Cre\u0219tin\u0103\",\"description\":\"R\u0103spunsuri relevante \u0219i actuale din Biblie\",\"potentialAction\":[{\"@type\":\"SearchAction\",\"target\":{\"@type\":\"EntryPoint\",\"urlTemplate\":\"https:\\\/\\\/moldovacrestina.md\\\/en\\\/?s={search_term_string}\"},\"query-input\":{\"@type\":\"PropertyValueSpecification\",\"valueRequired\":true,\"valueName\":\"search_term_string\"}}],\"inLanguage\":\"en-US\"},{\"@type\":\"Person\",\"@id\":\"https:\\\/\\\/moldovacrestina.md\\\/en\\\/#\\\/schema\\\/person\\\/04b204bbb582cc832c3d2424f5d27dc0\",\"name\":\"Vasile Filat\",\"image\":{\"@type\":\"ImageObject\",\"inLanguage\":\"en-US\",\"@id\":\"https:\\\/\\\/secure.gravatar.com\\\/avatar\\\/2e02d082d139dd6eb634318c9cf2c3a8281db62f24f87a134adb4f2020e77ab3?s=96&d=mm&r=g\",\"url\":\"https:\\\/\\\/secure.gravatar.com\\\/avatar\\\/2e02d082d139dd6eb634318c9cf2c3a8281db62f24f87a134adb4f2020e77ab3?s=96&d=mm&r=g\",\"contentUrl\":\"https:\\\/\\\/secure.gravatar.com\\\/avatar\\\/2e02d082d139dd6eb634318c9cf2c3a8281db62f24f87a134adb4f2020e77ab3?s=96&d=mm&r=g\",\"caption\":\"Vasile Filat\"},\"description\":\"P\u0103storesc\u00a0Biserica Bunavestire din Chi\u0219in\u0103u, predau Cuv\u00e2ntul lui Dumnezeu la\u00a0Institutul de Studiu Biblic Inductiv din Eurasia\u00a0\u0219i conduc\u00a0Asocia\u021bia \\\"\u00cenv\u0103\u021b\u0103tur\u0103 din Cuv\u00e2nt - Precept Ministries\\\" din Moldova. \u00cempreun\u0103 cu so\u021bia mea\u00a0Anastasia, avem trei copii. Din Aprilie 2007 am oferit r\u0103spunsuri din Biblie pe acest site la \u00eentreb\u0103ri adresate de cititori. Mai mult despre mine citi\u021bi\u00a0aici.\",\"url\":\"https:\\\/\\\/moldovacrestina.md\\\/en\\\/author\\\/vasile-filat\\\/\"}]}<\/script>\n<!-- \/ Yoast SEO Premium plugin. -->","yoast_head_json":{"title":"Why will the parlamentary elections be on Wednesday?","description":"As it was possible, I watched&nbsp;closely the development of political events in our country after&nbsp;the things that&nbsp;happened on April 7th. Many things have happened for the first time and","robots":{"index":"index","follow":"follow","max-snippet":"max-snippet:-1","max-image-preview":"max-image-preview:large","max-video-preview":"max-video-preview:-1"},"canonical":"https:\/\/moldovacrestina.md\/en\/why-will-the-parlamentary-elections-be-on-wednesday\/","og_locale":"en_US","og_type":"article","og_title":"Why will the parlamentary elections be on Wednesday?","og_description":"As it was possible, I watched&nbsp;closely the development of political events in our country after&nbsp;the things that&nbsp;happened on April 7th. Many things have happened for the first time and","og_url":"https:\/\/moldovacrestina.md\/en\/why-will-the-parlamentary-elections-be-on-wednesday\/","og_site_name":"Moldova Cre\u0219tin\u0103","article_publisher":"https:\/\/www.facebook.com\/moldovacrestina\/","article_published_time":"2009-06-18T18:23:04+00:00","article_modified_time":"2017-05-27T07:02:34+00:00","author":"Vasile Filat","twitter_card":"summary_large_image","twitter_creator":"@moldovacrestina","twitter_site":"@moldovacrestina","twitter_misc":{"Written by":"Vasile Filat","Est. reading time":"4 minutes"},"schema":{"@context":"https:\/\/schema.org","@graph":[{"@type":"Article","@id":"https:\/\/moldovacrestina.md\/en\/why-will-the-parlamentary-elections-be-on-wednesday\/#article","isPartOf":{"@id":"https:\/\/moldovacrestina.md\/en\/why-will-the-parlamentary-elections-be-on-wednesday\/"},"author":{"name":"Vasile Filat","@id":"https:\/\/moldovacrestina.md\/en\/#\/schema\/person\/04b204bbb582cc832c3d2424f5d27dc0"},"headline":"Why will the parlamentary elections be on Wednesday?","datePublished":"2009-06-18T18:23:04+00:00","dateModified":"2017-05-27T07:02:34+00:00","mainEntityOfPage":{"@id":"https:\/\/moldovacrestina.md\/en\/why-will-the-parlamentary-elections-be-on-wednesday\/"},"wordCount":845,"keywords":["ani","omor","drinking","r","le","rom","Session","conflicts","da","creat","vot","student","prayer","progra","but","ukraine","young people","ore","Children","Politic","t","prayers","b","vite","who","workplace","co","Man","parlament","Polit","pray","nom","chicago","Word of God","abroad","mir","Men","Kiev","PL","o","un","import","vote","blood","word","People","om","blo","tea","the","ou","si","leaders","liste","Work","Eva","disc","married","vise","UE","fast","will","faith","cult","Eli","parti","sc","legal","ONG","war","ring","mo","Sport","sin","mol","ca","bere","la","discussions","to fast","Wor","Solomon","Stud","pro","girl","cor","date","Friday","athe","program","God","Te","ion","Po","ange","ine","rest","athlete","wife","P","ta","Christian","fini","rol","proverbs","st","moldova","Fa","Do","pr","mer","felicia rotaru","angel","rap","light","vis","j","l","Sion","NY","child","set","Church","Christ","Christians","Sunday","future","I","evangelism","cip","Events","rai","conflict","sports","cer","Eve","freedom"],"articleSection":["Answers from the Bible"],"inLanguage":"en-US"},{"@type":"WebPage","@id":"https:\/\/moldovacrestina.md\/en\/why-will-the-parlamentary-elections-be-on-wednesday\/","url":"https:\/\/moldovacrestina.md\/en\/why-will-the-parlamentary-elections-be-on-wednesday\/","name":"Why will the parlamentary elections be on Wednesday?","isPartOf":{"@id":"https:\/\/moldovacrestina.md\/en\/#website"},"datePublished":"2009-06-18T18:23:04+00:00","dateModified":"2017-05-27T07:02:34+00:00","author":{"@id":"https:\/\/moldovacrestina.md\/en\/#\/schema\/person\/04b204bbb582cc832c3d2424f5d27dc0"},"description":"As it was possible, I watched&nbsp;closely the development of political events in our country after&nbsp;the things that&nbsp;happened on April 7th. Many things have happened for the first time and","breadcrumb":{"@id":"https:\/\/moldovacrestina.md\/en\/why-will-the-parlamentary-elections-be-on-wednesday\/#breadcrumb"},"inLanguage":"en-US","potentialAction":[{"@type":"ReadAction","target":["https:\/\/moldovacrestina.md\/en\/why-will-the-parlamentary-elections-be-on-wednesday\/"]}]},{"@type":"BreadcrumbList","@id":"https:\/\/moldovacrestina.md\/en\/why-will-the-parlamentary-elections-be-on-wednesday\/#breadcrumb","itemListElement":[{"@type":"ListItem","position":1,"name":"Prima pagin\u0103","item":"https:\/\/moldovacrestina.md\/en\/"},{"@type":"ListItem","position":2,"name":"Answers from the Bible","item":"https:\/\/moldovacrestina.md\/en\/answer-from-the-bible\/"},{"@type":"ListItem","position":3,"name":"Why will the parlamentary elections be on Wednesday?"}]},{"@type":"WebSite","@id":"https:\/\/moldovacrestina.md\/en\/#website","url":"https:\/\/moldovacrestina.md\/en\/","name":"Moldova Cre\u0219tin\u0103","description":"R\u0103spunsuri relevante \u0219i actuale din Biblie","potentialAction":[{"@type":"SearchAction","target":{"@type":"EntryPoint","urlTemplate":"https:\/\/moldovacrestina.md\/en\/?s={search_term_string}"},"query-input":{"@type":"PropertyValueSpecification","valueRequired":true,"valueName":"search_term_string"}}],"inLanguage":"en-US"},{"@type":"Person","@id":"https:\/\/moldovacrestina.md\/en\/#\/schema\/person\/04b204bbb582cc832c3d2424f5d27dc0","name":"Vasile Filat","image":{"@type":"ImageObject","inLanguage":"en-US","@id":"https:\/\/secure.gravatar.com\/avatar\/2e02d082d139dd6eb634318c9cf2c3a8281db62f24f87a134adb4f2020e77ab3?s=96&d=mm&r=g","url":"https:\/\/secure.gravatar.com\/avatar\/2e02d082d139dd6eb634318c9cf2c3a8281db62f24f87a134adb4f2020e77ab3?s=96&d=mm&r=g","contentUrl":"https:\/\/secure.gravatar.com\/avatar\/2e02d082d139dd6eb634318c9cf2c3a8281db62f24f87a134adb4f2020e77ab3?s=96&d=mm&r=g","caption":"Vasile Filat"},"description":"P\u0103storesc\u00a0Biserica Bunavestire din Chi\u0219in\u0103u, predau Cuv\u00e2ntul lui Dumnezeu la\u00a0Institutul de Studiu Biblic Inductiv din Eurasia\u00a0\u0219i conduc\u00a0Asocia\u021bia \"\u00cenv\u0103\u021b\u0103tur\u0103 din Cuv\u00e2nt - Precept Ministries\" din Moldova. \u00cempreun\u0103 cu so\u021bia mea\u00a0Anastasia, avem trei copii. Din Aprilie 2007 am oferit r\u0103spunsuri din Biblie pe acest site la \u00eentreb\u0103ri adresate de cititori. Mai mult despre mine citi\u021bi\u00a0aici.","url":"https:\/\/moldovacrestina.md\/en\/author\/vasile-filat\/"}]}},"jetpack_featured_media_url":"","video_meta":false,"featured_image":false,"wpml":{"language_code":"en","locale":"en_US","text_direction":false,"display_name":"English","native_name":"Englez\u0103","different_language":false},"jetpack-related-posts":[{"id":123833,"url":"https:\/\/moldovacrestina.md\/ru\/s-dnyom-rozhdeniya-moldova-crestina-gleote-vlog\/","url_meta":{"origin":56298,"position":0},"title":"\u0421 \u0414\u041d\u0401\u041c \u0420\u041e\u0416\u0414\u0415\u041d\u0418\u042f MOLDOVA CRE\u0218TIN\u0102 | Gleot\u00e9 VLOG","author":"\u0410\u043d\u0434\u0440\u0435\u0435\u0432 \u042d\u0434\u0443\u0430\u0440\u0434","date":"April 26, 2017","format":"video","excerpt":"\u0414\u0440\u0443\u0437\u044c\u044f! \u0412\u043e\u0442 \u0438 \u043d\u043e\u0432\u044b\u0439 \u0432\u0438\u0434\u0435\u043e-\u0431\u043b\u043e\u0433! 22 \u0430\u043f\u0440\u0435\u043b\u044f Moldova Cre\u0219tin\u0103\u00a0\u0438\u0441\u043f\u043e\u043b\u043d\u0438\u043b\u043e\u0441\u044c 10 \u043b\u0435\u0442!\u00a0\ud83c\udf82 \u041d\u0435 \u0441\u0442\u0435\u0441\u043d\u044f\u0439\u0442\u0435\u0441\u044c! \u041f\u0440\u0438\u0441\u043e\u0435\u0434\u0438\u043d\u044f\u0439\u0442\u0435\u0441\u044c \u043a \u043f\u0440\u0430\u0437\u0434\u043d\u0438\u043a\u0443! \u0414\u043b\u044f \u043c\u0435\u043d\u044f \u043e\u0433\u0440\u043e\u043c\u043d\u043e\u0435 \u0431\u043b\u0430\u0433\u043e\u0441\u043b\u043e\u0432\u0435\u043d\u0438\u0435 \u0438 \u043f\u0440\u0438\u0432\u0438\u043b\u0435\u0433\u0438\u044f \u0431\u044b\u0442\u044c \u0447\u0430\u0441\u0442\u044c\u044e \u044d\u0442\u043e\u0439 \u043a\u043e\u043c\u0430\u043d\u0434\u044b! \u041f\u0443\u0441\u0442\u044c \u0413\u043e\u0441\u043f\u043e\u0434\u044c \u0443\u043c\u043d\u043e\u0436\u0438\u0442 \u044d\u0442\u043e \u0441\u043b\u0443\u0436\u0435\u043d\u0438\u0435 \u0438 \u043f\u043e\u043c\u043e\u0436\u0435\u0442 \u043f\u0440\u0438\u043d\u0435\u0441\u0442\u0438 \u0435\u0449\u0451 \u0431\u043e\u043b\u044c\u0448\u0435 \u043f\u043b\u043e\u0434\u043e\u0432 \u0432\u043e \u0441\u043b\u0430\u0432\u0443 \u0413\u043e\u0441\u043f\u043e\u0434\u0430 \u043d\u0430\u0448\u0435\u0433\u043e \u0418\u0438\u0441\u0443\u0441\u0430 \u0425\u0440\u0438\u0441\u0442\u0430! \u0411\u043e\u043b\u044c\u0448\u043e\u0435 \u0441\u043f\u0430\u0441\u0438\u0431\u043e \u0432\u0441\u0435\u043c \u043c\u043e\u0438\u043c \u043d\u0430\u0441\u0442\u0430\u0432\u043d\u0438\u043a\u0430\u043c \u0438 \u0434\u0440\u0443\u0437\u044c\u044f\u043c\u2026","rel":"","context":"<span class=\"jp-relatedposts-post-author\">\u0410\u043d\u0434\u0440\u0435\u0435\u0432 \u042d\u0434\u0443\u0430\u0440\u0434<\/span>","block_context":{"text":"\u0411\u043b\u043e\u0433\u043e\u0441\u0444\u0435\u0440\u0430","link":"https:\/\/moldovacrestina.md\/ru\/vospitanie-ru\/blogosfera-ru\/"},"img":{"alt_text":"","src":"https:\/\/i0.wp.com\/moldovacrestina.md\/wp-content\/uploads\/2017\/04\/moldovacrestina.md---1.jpg?resize=350%2C200&ssl=1","width":350,"height":200,"srcset":"https:\/\/i0.wp.com\/moldovacrestina.md\/wp-content\/uploads\/2017\/04\/moldovacrestina.md---1.jpg?resize=350%2C200&ssl=1 1x, https:\/\/i0.wp.com\/moldovacrestina.md\/wp-content\/uploads\/2017\/04\/moldovacrestina.md---1.jpg?resize=525%2C300&ssl=1 1.5x, https:\/\/i0.wp.com\/moldovacrestina.md\/wp-content\/uploads\/2017\/04\/moldovacrestina.md---1.jpg?resize=700%2C400&ssl=1 2x, https:\/\/i0.wp.com\/moldovacrestina.md\/wp-content\/uploads\/2017\/04\/moldovacrestina.md---1.jpg?resize=1050%2C600&ssl=1 3x"},"classes":[]},{"id":248856,"url":"https:\/\/moldovacrestina.md\/ru\/apatija-i-motivacija-hristianina-gleote-vlog\/","url_meta":{"origin":56298,"position":1},"title":"\u0410\u043f\u0430\u0442\u0438\u044f \u0438 \u041c\u043e\u0442\u0438\u0432\u0430\u0446\u0438\u044f \u0425\u0440\u0438\u0441\u0442\u0438\u0430\u043d\u0438\u043d\u0430 \ud83d\ude10","author":"Moldova Cre\u0219tin\u0103","date":"June 2, 2019","format":false,"excerpt":"\u0410 \u043a\u0430\u043a \u0442\u044b \u0432\u044b\u0445\u043e\u0434\u0438\u0448\u044c \u0438\u0437 \u0430\u043f\u0430\u0442\u0438\u0438? \u041f\u041e\u041b\u0423\u0427\u0418 \u041e\u0422\u0412\u0415\u0422 \u0418\u0417 \u0411\u0418\u0411\u041b\u0418\u0418: https:\/\/moldovacrestina.md \ud83d\ude00 Gleot\u00e9 VLOG \u044d\u0442\u043e \u043d\u0435\u0441\u043a\u0443\u0447\u043d\u044b\u0435 \u0432\u0438\u0434\u0435\u043e \u043e \u0431\u0438\u0431\u043b\u0435\u0439\u0441\u043a\u043e\u0439 \u043f\u0435\u0440\u0441\u043f\u0435\u043a\u0442\u0438\u0432\u0435 \u043d\u0430 \u0432\u0441\u0435 \u0432\u043e\u043f\u0440\u043e\u0441\u044b, \u043a\u043e\u0442\u043e\u0440\u044b\u0435 \u0432\u043e\u043b\u043d\u0443\u044e\u0442 \u043c\u043e\u043b\u043e\u0434\u0451\u0436\u044c. Gleot\u00e9 - God loves everyone on the earth\/ \u0411\u043e\u0433 \u043b\u044e\u0431\u0438\u0442 \u043a\u0430\u0436\u0434\u043e\u0433\u043e \u043d\u0430 \u0437\u0435\u043c\u043b\u0435.","rel":"","context":"<span class=\"jp-relatedposts-post-author\">Moldova Cre\u0219tin\u0103<\/span>","block_context":{"text":"Gleot\u00e9 VLOG","link":"https:\/\/moldovacrestina.md\/ru\/gleote-vlog\/"},"img":{"alt_text":"","src":"https:\/\/i0.wp.com\/cdn.moldovacrestina.md\/2019\/06\/45a77ce3-n9n7rhj0jvc.jpg?resize=350%2C200&ssl=1","width":350,"height":200},"classes":[]},{"id":249387,"url":"https:\/\/moldovacrestina.md\/ru\/taktika-satany-i-chto-s-jetim-delat-gleote-vlog\/","url_meta":{"origin":56298,"position":2},"title":"\u0422\u0430\u043a\u0442\u0438\u043a\u0430 \u0421\u0430\u0442\u0430\u043d\u044b \u0438 \u0427\u0442\u043e \u0441 \u042d\u0442\u0438\u043c \u0414\u0435\u043b\u0430\u0442\u044c","author":"Moldova Cre\u0219tin\u0103","date":"June 23, 2019","format":false,"excerpt":"\u0422\u0430\u043a\u0442\u0438\u043a\u0430 \u0441\u0430\u0442\u0430\u043d\u044b \u0438 \u0447\u0442\u043e \u0441 \u044d\u0442\u0438\u043c \u0434\u0435\u043b\u0430\u0442\u044c. #gleotevlog #\u0411\u043e\u0433 #\u0411\u0438\u0431\u043b\u0438\u044f #\u0418\u0438\u0441\u0443\u0441 #\u0441\u0430\u0442\u0430\u043d\u0430 \u041f\u041e\u041b\u0423\u0427\u0418 \u041e\u0422\u0412\u0415\u0422 \u0418\u0417 \u0411\u0418\u0411\u041b\u0418\u0418: https:\/\/moldovacrestina.md \ud83d\ude00 Gleot\u00e9 VLOG \u044d\u0442\u043e \u043d\u0435\u0441\u043a\u0443\u0447\u043d\u044b\u0435 \u0432\u0438\u0434\u0435\u043e \u043e \u0431\u0438\u0431\u043b\u0435\u0439\u0441\u043a\u043e\u0439 \u043f\u0435\u0440\u0441\u043f\u0435\u043a\u0442\u0438\u0432\u0435 \u043d\u0430 \u0432\u0441\u0435 \u0432\u043e\u043f\u0440\u043e\u0441\u044b, \u043a\u043e\u0442\u043e\u0440\u044b\u0435 \u0432\u043e\u043b\u043d\u0443\u044e\u0442 \u043c\u043e\u043b\u043e\u0434\u0451\u0436\u044c. Gleot\u00e9 - God loves everyone on the earth\/ \u0411\u043e\u0433 \u043b\u044e\u0431\u0438\u0442 \u043a\u0430\u0436\u0434\u043e\u0433\u043e \u043d\u0430 \u0437\u0435\u043c\u043b\u0435.","rel":"","context":"<span class=\"jp-relatedposts-post-author\">Moldova Cre\u0219tin\u0103<\/span>","block_context":{"text":"Gleot\u00e9 VLOG","link":"https:\/\/moldovacrestina.md\/ru\/gleote-vlog\/"},"img":{"alt_text":"","src":"https:\/\/i0.wp.com\/cdn.moldovacrestina.md\/2019\/06\/eff6ed82-e5xqfofauoq.jpg?resize=350%2C200&ssl=1","width":350,"height":200,"srcset":"https:\/\/i0.wp.com\/cdn.moldovacrestina.md\/2019\/06\/eff6ed82-e5xqfofauoq.jpg?resize=350%2C200&ssl=1 1x, https:\/\/i0.wp.com\/cdn.moldovacrestina.md\/2019\/06\/eff6ed82-e5xqfofauoq.jpg?resize=525%2C300&ssl=1 1.5x, https:\/\/i0.wp.com\/cdn.moldovacrestina.md\/2019\/06\/eff6ed82-e5xqfofauoq.jpg?resize=700%2C400&ssl=1 2x, https:\/\/i0.wp.com\/cdn.moldovacrestina.md\/2019\/06\/eff6ed82-e5xqfofauoq.jpg?resize=1050%2C600&ssl=1 3x"},"classes":[]},{"id":244527,"url":"https:\/\/moldovacrestina.md\/ru\/the-prodigy-tusovka-v-kishinjove-gleote-vlog\/","url_meta":{"origin":56298,"position":3},"title":"THE PRODIGY. \u0422\u0423\u0421\u041e\u0412\u041a\u0410 \u0412 \u041a\u0418\u0428\u0418\u041d\u0401\u0412\u0415?!","author":"Moldova Cre\u0219tin\u0103","date":"May 25, 2017","format":false,"excerpt":"\u0420\u0430\u0437\u0440\u0435\u0448\u0430\u0435\u0442\u0441\u044f \u043b\u0438 \u0445\u0440\u0438\u0441\u0442\u0438\u0430\u043d\u0430\u043c \u0441\u043b\u0443\u0448\u0430\u0442\u044c \u043c\u0438\u0440\u0441\u043a\u0443\u044e \u043c\u0443\u0437\u044b\u043a\u0443? : https:\/\/goo.gl\/E8IKpe \u041f\u043e\u043b\u0443\u0447\u0438 \u043e\u0442\u0432\u0435\u0442\u044b \u0438\u0437 \u0411\u0438\u0431\u043b\u0438\u0438 \u25ba https:\/\/moldovacrestina.md\/main\/homeRu \u041c\u043e\u043b\u043e\u0434\u0451\u0436\u043a\u0430 \u25ba https:\/\/goo.gl\/2rONg1 \u0414\u0443\u0445\u043e\u0432\u043d\u0430\u044f \u0431\u0435\u0441\u0435\u0434\u043a\u0430 \u25bahttps:\/\/goo.gl\/g1H1kF \u0426\u0415\u0420\u041a\u041e\u0412\u042c \"\u0416\u0418\u0412\u041e\u0415 \u0421\u041b\u041e\u0412\u041e\" \u25ba https:\/\/goo.gl\/qGV7ZP Gleot\u00e9 - \u0411\u043e\u0433 \u041b\u044e\u0431\u0438\u0442 \u041a\u0430\u0436\u0434\u043e\u0433\u043e \u043d\u0430 \u0417\u0435\u043c\u043b\u0435 ! God Loves Everyone On The Earth !","rel":"","context":"<span class=\"jp-relatedposts-post-author\">Moldova Cre\u0219tin\u0103<\/span>","block_context":{"text":"Gleot\u00e9 VLOG","link":"https:\/\/moldovacrestina.md\/ru\/gleote-vlog\/"},"img":{"alt_text":"","src":"https:\/\/i0.wp.com\/cdn.moldovacrestina.md\/2019\/02\/98fe1584-h9zna3ikkvc.jpg?resize=350%2C200&ssl=1","width":350,"height":200,"srcset":"https:\/\/i0.wp.com\/cdn.moldovacrestina.md\/2019\/02\/98fe1584-h9zna3ikkvc.jpg?resize=350%2C200&ssl=1 1x, https:\/\/i0.wp.com\/cdn.moldovacrestina.md\/2019\/02\/98fe1584-h9zna3ikkvc.jpg?resize=525%2C300&ssl=1 1.5x, https:\/\/i0.wp.com\/cdn.moldovacrestina.md\/2019\/02\/98fe1584-h9zna3ikkvc.jpg?resize=700%2C400&ssl=1 2x, https:\/\/i0.wp.com\/cdn.moldovacrestina.md\/2019\/02\/98fe1584-h9zna3ikkvc.jpg?resize=1050%2C600&ssl=1 3x"},"classes":[]},{"id":244532,"url":"https:\/\/moldovacrestina.md\/ru\/kogda-stydno-gleote-vlog\/","url_meta":{"origin":56298,"position":4},"title":"\u041a\u041e\u0413\u0414\u0410 \u0421\u0422\u042b\u0414\u041d\u041e","author":"Moldova Cre\u0219tin\u0103","date":"April 17, 2018","format":false,"excerpt":"\u0414\u0430\u0432\u0430\u0439\u0442\u0435 \u043d\u0438\u043a\u043e\u0433\u0434\u0430 \u043d\u0435 \u0441\u0442\u044b\u0434\u0438\u0442\u044c\u0441\u044f \u0438\u043c\u0435\u043d\u0438 \u0425\u0440\u0438\u0441\u0442\u0430! \u041e\u0431 \u044d\u0442\u043e\u043c \u043d\u043e\u0432\u043e\u0435 \u0432\u0438\u0434\u0435\u043e. \u041d\u0435 \u043f\u043e\u0441\u0442\u044b\u0434\u0438\u0442\u0435\u0441\u044c \u043f\u043e\u0434\u0435\u043b\u0438\u0442\u044c\u0441\u044f \u0440\u043e\u043b\u0438\u043a\u043e\u043c:) Gleot\u00e9 - \u0411\u043e\u0433 \u041b\u044e\u0431\u0438\u0442 \u041a\u0430\u0436\u0434\u043e\u0433\u043e \u043d\u0430 \u0417\u0435\u043c\u043b\u0435 ! God Loves Everyone On The Earth ! \u041f\u0420\u0418\u0425\u041e\u0414\u0418 \u041d\u0410 \u041c\u041e\u041b\u041e\u0414\u0415\u0416\u041a\u0423: https:\/\/www.facebook.com\/livingyouth.md\/ \u041f\u041e\u041b\u0423\u0427\u0418 \u041e\u0422\u0412\u0415\u0422 \u0418\u0417 \u0411\u0418\u0411\u041b\u0418\u0418: https:\/\/moldovacrestina.md \u0414\u0423\u0425\u041e\u0412\u041d\u0410\u042f \u0411\u0415\u0421\u0415\u0414\u041a\u0410: http:\/\/duhovnayabesedka.blogspot.com","rel":"","context":"<span class=\"jp-relatedposts-post-author\">Moldova Cre\u0219tin\u0103<\/span>","block_context":{"text":"Gleot\u00e9 VLOG","link":"https:\/\/moldovacrestina.md\/ru\/gleote-vlog\/"},"img":{"alt_text":"","src":"https:\/\/i0.wp.com\/cdn.moldovacrestina.md\/2019\/02\/5326c656-z66kow_ss7i.jpg?resize=350%2C200&ssl=1","width":350,"height":200,"srcset":"https:\/\/i0.wp.com\/cdn.moldovacrestina.md\/2019\/02\/5326c656-z66kow_ss7i.jpg?resize=350%2C200&ssl=1 1x, https:\/\/i0.wp.com\/cdn.moldovacrestina.md\/2019\/02\/5326c656-z66kow_ss7i.jpg?resize=525%2C300&ssl=1 1.5x, https:\/\/i0.wp.com\/cdn.moldovacrestina.md\/2019\/02\/5326c656-z66kow_ss7i.jpg?resize=700%2C400&ssl=1 2x, https:\/\/i0.wp.com\/cdn.moldovacrestina.md\/2019\/02\/5326c656-z66kow_ss7i.jpg?resize=1050%2C600&ssl=1 3x"},"classes":[]},{"id":244530,"url":"https:\/\/moldovacrestina.md\/ru\/drug-iz-zimbabve-ims2018-gleote-vlog\/","url_meta":{"origin":56298,"position":5},"title":"\u0414\u0420\u0423\u0413 \u0418\u0417 \u0417\u0418\u041c\u0411\u0410\u0411\u0412\u0415 #IMS2018","author":"Moldova Cre\u0219tin\u0103","date":"February 27, 2018","format":false,"excerpt":"\u041c\u043e\u043b\u0438\u0442\u0435\u0441\u044c \u0437\u0430 \u0421\u0442\u044d\u043d\u0444\u043e\u0440\u0434\u0430! \u041c\u0438\u0441\u0441\u0438\u043e\u043d\u0435\u0440\u0441\u043a\u0430\u044f \u0428\u043a\u043e\u043b\u0430: http:\/\/ims.eurasiaprecept.org\/ Gleot\u00e9 - \u0411\u043e\u0433 \u041b\u044e\u0431\u0438\u0442 \u041a\u0430\u0436\u0434\u043e\u0433\u043e \u043d\u0430 \u0417\u0435\u043c\u043b\u0435 ! God Loves Everyone On The Earth ! \u041f\u041e\u041b\u0423\u0427\u0418 \u041e\u0422\u0412\u0415\u0422 \u0418\u0417 \u0411\u0418\u0411\u041b\u0418\u0418: https:\/\/moldovacrestina.md \u041f\u0420\u0418\u0425\u041e\u0414\u0418 \u041d\u0410 \u041c\u041e\u041b\u041e\u0414\u0415\u0416\u041a\u0423: https:\/\/www.facebook.com\/livingyouth.md\/ \u0414\u0423\u0425\u041e\u0412\u041d\u0410\u042f \u0411\u0415\u0421\u0415\u0414\u041a\u0410: http:\/\/duhovnayabesedka.blogspot.com","rel":"","context":"<span class=\"jp-relatedposts-post-author\">Moldova Cre\u0219tin\u0103<\/span>","block_context":{"text":"Gleot\u00e9 VLOG","link":"https:\/\/moldovacrestina.md\/ru\/gleote-vlog\/"},"img":{"alt_text":"","src":"https:\/\/i0.wp.com\/cdn.moldovacrestina.md\/2019\/02\/5d306a99-yo0kidu70zo.jpg?resize=350%2C200&ssl=1","width":350,"height":200,"srcset":"https:\/\/i0.wp.com\/cdn.moldovacrestina.md\/2019\/02\/5d306a99-yo0kidu70zo.jpg?resize=350%2C200&ssl=1 1x, https:\/\/i0.wp.com\/cdn.moldovacrestina.md\/2019\/02\/5d306a99-yo0kidu70zo.jpg?resize=525%2C300&ssl=1 1.5x, https:\/\/i0.wp.com\/cdn.moldovacrestina.md\/2019\/02\/5d306a99-yo0kidu70zo.jpg?resize=700%2C400&ssl=1 2x, https:\/\/i0.wp.com\/cdn.moldovacrestina.md\/2019\/02\/5d306a99-yo0kidu70zo.jpg?resize=1050%2C600&ssl=1 3x"},"classes":[]}],"jetpack_sharing_enabled":true,"_links":{"self":[{"href":"https:\/\/moldovacrestina.md\/en\/wp-json\/wp\/v2\/posts\/56298","targetHints":{"allow":["GET"]}}],"collection":[{"href":"https:\/\/moldovacrestina.md\/en\/wp-json\/wp\/v2\/posts"}],"about":[{"href":"https:\/\/moldovacrestina.md\/en\/wp-json\/wp\/v2\/types\/post"}],"author":[{"embeddable":true,"href":"https:\/\/moldovacrestina.md\/en\/wp-json\/wp\/v2\/users\/46"}],"replies":[{"embeddable":true,"href":"https:\/\/moldovacrestina.md\/en\/wp-json\/wp\/v2\/comments?post=56298"}],"version-history":[{"count":0,"href":"https:\/\/moldovacrestina.md\/en\/wp-json\/wp\/v2\/posts\/56298\/revisions"}],"wp:attachment":[{"href":"https:\/\/moldovacrestina.md\/en\/wp-json\/wp\/v2\/media?parent=56298"}],"wp:term":[{"taxonomy":"category","embeddable":true,"href":"https:\/\/moldovacrestina.md\/en\/wp-json\/wp\/v2\/categories?post=56298"},{"taxonomy":"post_tag","embeddable":true,"href":"https:\/\/moldovacrestina.md\/en\/wp-json\/wp\/v2\/tags?post=56298"}],"curies":[{"name":"wp","href":"https:\/\/api.w.org\/{rel}","templated":true}]}}