{"id":55910,"date":"2009-04-25T08:56:41","date_gmt":"2009-04-25T06:56:41","guid":{"rendered":"https:\/\/moldovacrestina.md\/ce-pedepse-noi-sa-mai-dea-dumnezeu-moldovei"},"modified":"2016-04-20T15:03:41","modified_gmt":"2016-04-20T13:03:41","slug":"ce-pedepse-noi-sa-mai-dea-dumnezeu-moldovei","status":"publish","type":"post","link":"https:\/\/moldovacrestina.md\/en\/ce-pedepse-noi-sa-mai-dea-dumnezeu-moldovei\/","title":{"rendered":"Ce pedepse noi s\u0103 mai dea Dumnezeu Moldovei?"},"content":{"rendered":"<p style=\"text-align: justify\">\n<p>Dac\u0103 locuie\u015fti \u00een Chi\u015fin\u0103u \u015fi ai ocazia s\u0103 vii de la Aeroport spre ora\u015f, vei vedea \u015fi acest panou publicitar.<\/p>\n<p><img decoding=\"async\" title=\"Panoul publicitar al GenderDoc-M\" src=\"http:\/\/farm4.static.flickr.com\/3651\/3470786515_eac6fe9cd1.jpg?v=0\" alt=\"Panoul publicitar al GenderDoc-M\" class=\"aligncenter size-full img-resp\" ><\/p>\n<p>Arat\u0103 misterios panoul pentru c\u0103 nu d\u0103 explica\u0163ii ce fel de festival este acesta numit \u201eCurcubeul peste Nistru\u201d. S\u0103 v\u0103 spun la ce se refer\u0103. Organizatorii a\u015fa numitului festival sunt Centrul de Informa\u0163ii \u201eGenderDoc-M\u201d, organizatie care promoveaz\u0103 pe toate c\u0103ile \u015fi la toate nivelele homosexualitatea.<\/p>\n<p><img decoding=\"async\" title=\"Panoul publicitar al GenderDoc-M pentru festivalul \u201eCurcubeul peste Nistru\u201d\" src=\"http:\/\/farm4.static.flickr.com\/3579\/3471601132_ecfb390e81.jpg?v=0\" alt=\"Panoul publicitar al GenderDoc-M pentru festivalul \u201eCurcubeul peste Nistru\u201d\" class=\"aligncenter size-full img-resp\" ><\/p>\n<p>Este pentru prima dat\u0103 c\u00e2nd ei au plasat un astfel de panou publicitar \u015fi este \u00eenc\u0103 un fel de a sfida popula\u0163ia, pentru c\u0103 ei prezint\u0103 ca \u015fi virtute un lucru ru\u015finos \u015fi care este \u00eempotriva firii.<\/p>\n<p><strong>De ce au permis autorit\u0103\u0163ile plasarea acestui panou?<\/strong> Posibil c\u0103 vor spune c\u0103 nu este nimic indecent pe acest panou ca \u015fi con\u0163inut sau imagini. Dar, acceptarea publicit\u0103\u0163ii deschise ale unei organiza\u0163ii care promoveaz\u0103 homosexualitatea pe toate c\u0103ile posibile, nu este o subminare a moralit\u0103\u0163ii na\u0163iunii \u015fi integrit\u0103\u0163ii ei?<\/p>\n<p>Eu voi scrie ast\u0103zi o peti\u0163ie \u00een care voi cere Primarului General de Chi\u015fin\u0103u s\u0103 fie demontat acest panou \u015fi s\u0103 nu mai fie acceptate nici odat\u0103 astfel de ac\u0163iuni publicitare, tot a\u015fa cum am scris anterior o peti\u0163ie \u00een care am cerut <a href=\"https:\/\/moldovacrestina.md\/en\/ce-pedepse-noi-sa-mai-dea-dumnezeu-moldovei\/\" target=\"_blank\">s\u0103 fie interzis\u0103 manifestarea public\u0103 (parada) pe care o planific\u0103 homosexualii<\/a> s\u0103 o fac\u0103 \u00een 7 mai 2009. Dac\u0103 \u00ee\u0163i pas\u0103 de familia ta, de copiii t\u0103i \u015fi de \u0163ar\u0103, trebuie s\u0103 scrii \u015fi tu o peti\u0163ie. Iat\u0103 datele de contact la Prim\u0103rie:<\/p>\n<p>Republica Moldova <br \/>MD2012 Chi\u015fin\u0103u, bd. \u015etefan cel Mare 83 <br \/>E-mail: <a href=\"mailto:primaria@pmc.md\">primaria@pmc.md<\/a> <br \/>Tel 20-17-26, 20-17-25<\/p>\n<p>La toate necazurile care s-au ab\u0103tut peste \u0163ara noastr\u0103 ne mai trebuiesc altele? Una din motivele de ce am ajuns unde suntem, este faptul c\u0103 am tolerat imoralitatea care este impus\u0103 \u00een mod metodic \u015fi sistematic de organiza\u0163ii ca GenderDoc-M.<\/p>\n<p>\u00cen Sfintele Scripturi scrie:<\/p>\n<blockquote class=\"td_quote_box td_box_center\">\n<p>Asculta\u0163i, ceruri, \u015fi ia aminte, p\u0103m\u00e2ntule, c\u0103ci Domnul vorbe\u015fte: \u201eAm hr\u0103nit \u015fi am crescut ni\u015fte copii, dar ei s-au r\u0103sculat \u00eempotriva Mea. Boul \u00ee\u015fi cunoa\u015fte st\u0103p\u00e2nul, \u015fi m\u0103garul cunoa\u015fte ieslea st\u0103p\u00e2nului s\u0103u, dar Israel nu M\u0103 cunoa\u015fte, poporul Meu nu ia aminte la Mine.\u201d Vai, neam p\u0103c\u0103tos, popor \u00eenc\u0103rcat de f\u0103r\u0103delegi, s\u0103m\u00e2n\u0163\u0103 de nelegiui\u0163i, copii strica\u0163i! Au p\u0103r\u0103sit pe Domnul, au dispre\u0163uit pe Sf\u00e2ntul lui Israel. I-au \u00eentors spatele\u2026 <strong>Ce pedepse noi s\u0103 v\u0103 mai dea, c\u00e2nd voi v\u0103 r\u0103zvr\u0103ti\u0163i din ce \u00een ce mai r\u0103u?<\/strong> Tot capul este bolnav, \u015fi toat\u0103 inima sufer\u0103 de moarte! Din t\u0103lpi p\u00e2n\u0103-n cre\u015ftet, nimic nu-i s\u0103n\u0103tos, ci numai r\u0103ni, v\u00e2n\u0103t\u0103i \u015fi carne vie, nestoarse, nelegate \u015fi nealinate cu untdelemn, \u0163ara v\u0103 este pustiit\u0103, cet\u0103\u0163ile v\u0103 sunt arse de foc, str\u0103inii v\u0103 m\u0103n\u00e2nc\u0103 ogoarele sub ochii vo\u015ftri, pustiesc \u015fi nimicesc ca ni\u015fte s\u0103lbatici. (Isaia 1:2-7)<\/p>\n<\/blockquote>\n<p>Ce pedepse noi mai vrem de la Dumnezeu? S\u0103r\u0103cia, distrugerea familiilor, secet\u0103, ploi toren\u0163iale \u015fi acum criza aceasta politic\u0103 cum nu a mai fost de la proclamarea independen\u0163ei. Toate aceste au fost feluri in care Dumnezeu a incercat s\u0103 ne vorbeasc\u0103 ca s\u0103 \u00een\u0163elegem \u015fi s\u0103 ne \u00eentoarcem fa\u0163a spre El.<\/p>\n<p>Ce pedepse noi s\u0103 ne ma dea Dumnezeu ca s\u0103 \u00een\u0163elegem c\u0103 trebuie s-o rupem cu p\u0103catul?<\/p><\/p>\n","protected":false},"excerpt":{"rendered":"<p>Dac\u0103 locuie\u015fti \u00een Chi\u015fin\u0103u \u015fi ai ocazia s\u0103 vii de la Aeroport spre ora\u015f, vei vedea \u015fi acest panou publicitar. Arat\u0103 misterios panoul pentru c\u0103 nu d\u0103 explica\u0163ii ce fel de festival este acesta numit \u201eCurcubeul peste Nistru\u201d. S\u0103 v\u0103 spun la ce se refer\u0103. Organizatorii a\u015fa numitului festival sunt Centrul de Informa\u0163ii \u201eGenderDoc-M\u201d, organizatie [&hellip;]<\/p>\n","protected":false},"author":46,"featured_media":106685,"comment_status":"closed","ping_status":"closed","sticky":false,"template":"","format":"standard","meta":{"_acf_changed":false,"inline_featured_image":false,"_monsterinsights_skip_tracking":false,"_monsterinsights_sitenote_active":false,"_monsterinsights_sitenote_note":"","_monsterinsights_sitenote_category":0,"_genesis_hide_title":false,"_genesis_hide_breadcrumbs":false,"_genesis_hide_singular_image":false,"_genesis_hide_footer_widgets":false,"_genesis_custom_body_class":"","_genesis_custom_post_class":"","_genesis_layout":"","ep_exclude_from_search":false,"_jetpack_memberships_contains_paid_content":false,"footnotes":""},"categories":[],"tags":[3268,3270,3271,3272,7779,7934,8972,9830],"class_list":{"0":"post-55910","1":"post","2":"type-post","3":"status-publish","4":"format-standard","5":"has-post-thumbnail","7":"tag-gay-parada","8":"tag-manifestari-publice-genderdoc-m","9":"tag-panou-publicitar-genderdoc-m","10":"tag-panouri-publi","11":"tag-homosexualitate","12":"tag-moldova","13":"tag-genderdoc-m","14":"tag-homosexualii-moldova","15":"entry"},"acf":[],"yoast_head":"<!-- This site is optimized with the Yoast SEO Premium plugin v26.5 (Yoast SEO v27.4) - https:\/\/yoast.com\/product\/yoast-seo-premium-wordpress\/ -->\n<title>Cum pedepse\u0219te Moldova Dumnezeu?<\/title>\n<meta name=\"description\" content=\"Organizatorii a\u015fa numitului festival sunt Centrul de Informa\u0163ii \u201eGenderDoc-M\u201d, organizatie care promoveaz\u0103 pe toate c\u0103ile homosexualitatea \u0219i\" \/>\n<meta name=\"robots\" content=\"index, follow, max-snippet:-1, max-image-preview:large, max-video-preview:-1\" \/>\n<link rel=\"canonical\" href=\"https:\/\/moldovacrestina.md\/en\/ce-pedepse-noi-sa-mai-dea-dumnezeu-moldovei\/\" \/>\n<meta property=\"og:locale\" content=\"en_US\" \/>\n<meta property=\"og:type\" content=\"article\" \/>\n<meta property=\"og:title\" content=\"Ce pedepse noi s\u0103 mai dea Dumnezeu Moldovei?\" \/>\n<meta property=\"og:description\" content=\"Organizatorii a\u015fa numitului festival sunt Centrul de Informa\u0163ii \u201eGenderDoc-M\u201d, organizatie care promoveaz\u0103 pe toate c\u0103ile homosexualitatea \u0219i\" \/>\n<meta property=\"og:url\" content=\"https:\/\/moldovacrestina.md\/en\/ce-pedepse-noi-sa-mai-dea-dumnezeu-moldovei\/\" \/>\n<meta property=\"og:site_name\" content=\"Moldova Cre\u0219tin\u0103\" \/>\n<meta property=\"article:publisher\" content=\"https:\/\/www.facebook.com\/moldovacrestina\/\" \/>\n<meta property=\"article:published_time\" content=\"2009-04-25T06:56:41+00:00\" \/>\n<meta property=\"article:modified_time\" content=\"2016-04-20T13:03:41+00:00\" \/>\n<meta property=\"og:image\" content=\"https:\/\/cdn.moldovacrestina.md\/2016\/10\/3470786515_eac6fe9cd1.jpg\" \/>\n\t<meta property=\"og:image:width\" content=\"500\" \/>\n\t<meta property=\"og:image:height\" content=\"375\" \/>\n\t<meta property=\"og:image:type\" content=\"image\/jpeg\" \/>\n<meta name=\"author\" content=\"Vasile Filat\" \/>\n<meta name=\"twitter:card\" content=\"summary_large_image\" \/>\n<meta name=\"twitter:creator\" content=\"@moldovacrestina\" \/>\n<meta name=\"twitter:site\" content=\"@moldovacrestina\" \/>\n<meta name=\"twitter:label1\" content=\"Written by\" \/>\n\t<meta name=\"twitter:data1\" content=\"Vasile Filat\" \/>\n\t<meta name=\"twitter:label2\" content=\"Est. reading time\" \/>\n\t<meta name=\"twitter:data2\" content=\"3 minutes\" \/>\n<script type=\"application\/ld+json\" class=\"yoast-schema-graph\">{\"@context\":\"https:\\\/\\\/schema.org\",\"@graph\":[{\"@type\":\"Article\",\"@id\":\"https:\\\/\\\/moldovacrestina.md\\\/en\\\/ce-pedepse-noi-sa-mai-dea-dumnezeu-moldovei\\\/#article\",\"isPartOf\":{\"@id\":\"https:\\\/\\\/moldovacrestina.md\\\/en\\\/ce-pedepse-noi-sa-mai-dea-dumnezeu-moldovei\\\/\"},\"author\":{\"name\":\"Vasile Filat\",\"@id\":\"https:\\\/\\\/moldovacrestina.md\\\/en\\\/#\\\/schema\\\/person\\\/04b204bbb582cc832c3d2424f5d27dc0\"},\"headline\":\"Ce pedepse noi s\u0103 mai dea Dumnezeu Moldovei?\",\"datePublished\":\"2009-04-25T06:56:41+00:00\",\"dateModified\":\"2016-04-20T13:03:41+00:00\",\"mainEntityOfPage\":{\"@id\":\"https:\\\/\\\/moldovacrestina.md\\\/en\\\/ce-pedepse-noi-sa-mai-dea-dumnezeu-moldovei\\\/\"},\"wordCount\":605,\"image\":{\"@id\":\"https:\\\/\\\/moldovacrestina.md\\\/en\\\/ce-pedepse-noi-sa-mai-dea-dumnezeu-moldovei\\\/#primaryimage\"},\"thumbnailUrl\":\"https:\\\/\\\/moldovacrestina.md\\\/wp-content\\\/uploads\\\/2016\\\/10\\\/3470786515_eac6fe9cd1.jpg\",\"keywords\":[\"gay parada\",\"manifest\u0103ri publice genderdoc-m\",\"panou publicitar genderdoc-m\",\"panouri publi\",\"homosexualitate\",\"moldova\",\"GenderDoc-M\",\"homosexualii moldova\"],\"inLanguage\":\"en-US\"},{\"@type\":\"WebPage\",\"@id\":\"https:\\\/\\\/moldovacrestina.md\\\/en\\\/ce-pedepse-noi-sa-mai-dea-dumnezeu-moldovei\\\/\",\"url\":\"https:\\\/\\\/moldovacrestina.md\\\/en\\\/ce-pedepse-noi-sa-mai-dea-dumnezeu-moldovei\\\/\",\"name\":\"Cum pedepse\u0219te Moldova Dumnezeu?\",\"isPartOf\":{\"@id\":\"https:\\\/\\\/moldovacrestina.md\\\/en\\\/#website\"},\"primaryImageOfPage\":{\"@id\":\"https:\\\/\\\/moldovacrestina.md\\\/en\\\/ce-pedepse-noi-sa-mai-dea-dumnezeu-moldovei\\\/#primaryimage\"},\"image\":{\"@id\":\"https:\\\/\\\/moldovacrestina.md\\\/en\\\/ce-pedepse-noi-sa-mai-dea-dumnezeu-moldovei\\\/#primaryimage\"},\"thumbnailUrl\":\"https:\\\/\\\/moldovacrestina.md\\\/wp-content\\\/uploads\\\/2016\\\/10\\\/3470786515_eac6fe9cd1.jpg\",\"datePublished\":\"2009-04-25T06:56:41+00:00\",\"dateModified\":\"2016-04-20T13:03:41+00:00\",\"author\":{\"@id\":\"https:\\\/\\\/moldovacrestina.md\\\/en\\\/#\\\/schema\\\/person\\\/04b204bbb582cc832c3d2424f5d27dc0\"},\"description\":\"Organizatorii a\u015fa numitului festival sunt Centrul de Informa\u0163ii \u201eGenderDoc-M\u201d, organizatie care promoveaz\u0103 pe toate c\u0103ile homosexualitatea \u0219i\",\"breadcrumb\":{\"@id\":\"https:\\\/\\\/moldovacrestina.md\\\/en\\\/ce-pedepse-noi-sa-mai-dea-dumnezeu-moldovei\\\/#breadcrumb\"},\"inLanguage\":\"en-US\",\"potentialAction\":[{\"@type\":\"ReadAction\",\"target\":[\"https:\\\/\\\/moldovacrestina.md\\\/en\\\/ce-pedepse-noi-sa-mai-dea-dumnezeu-moldovei\\\/\"]}]},{\"@type\":\"ImageObject\",\"inLanguage\":\"en-US\",\"@id\":\"https:\\\/\\\/moldovacrestina.md\\\/en\\\/ce-pedepse-noi-sa-mai-dea-dumnezeu-moldovei\\\/#primaryimage\",\"url\":\"https:\\\/\\\/moldovacrestina.md\\\/wp-content\\\/uploads\\\/2016\\\/10\\\/3470786515_eac6fe9cd1.jpg\",\"contentUrl\":\"https:\\\/\\\/moldovacrestina.md\\\/wp-content\\\/uploads\\\/2016\\\/10\\\/3470786515_eac6fe9cd1.jpg\",\"width\":500,\"height\":375},{\"@type\":\"BreadcrumbList\",\"@id\":\"https:\\\/\\\/moldovacrestina.md\\\/en\\\/ce-pedepse-noi-sa-mai-dea-dumnezeu-moldovei\\\/#breadcrumb\",\"itemListElement\":[{\"@type\":\"ListItem\",\"position\":1,\"name\":\"Prima pagin\u0103\",\"item\":\"https:\\\/\\\/moldovacrestina.md\\\/en\\\/\"},{\"@type\":\"ListItem\",\"position\":2,\"name\":\"Ce pedepse noi s\u0103 mai dea Dumnezeu Moldovei?\"}]},{\"@type\":\"WebSite\",\"@id\":\"https:\\\/\\\/moldovacrestina.md\\\/en\\\/#website\",\"url\":\"https:\\\/\\\/moldovacrestina.md\\\/en\\\/\",\"name\":\"Moldova Cre\u0219tin\u0103\",\"description\":\"R\u0103spunsuri relevante \u0219i actuale din Biblie\",\"potentialAction\":[{\"@type\":\"SearchAction\",\"target\":{\"@type\":\"EntryPoint\",\"urlTemplate\":\"https:\\\/\\\/moldovacrestina.md\\\/en\\\/?s={search_term_string}\"},\"query-input\":{\"@type\":\"PropertyValueSpecification\",\"valueRequired\":true,\"valueName\":\"search_term_string\"}}],\"inLanguage\":\"en-US\"},{\"@type\":\"Person\",\"@id\":\"https:\\\/\\\/moldovacrestina.md\\\/en\\\/#\\\/schema\\\/person\\\/04b204bbb582cc832c3d2424f5d27dc0\",\"name\":\"Vasile Filat\",\"image\":{\"@type\":\"ImageObject\",\"inLanguage\":\"en-US\",\"@id\":\"https:\\\/\\\/secure.gravatar.com\\\/avatar\\\/2e02d082d139dd6eb634318c9cf2c3a8281db62f24f87a134adb4f2020e77ab3?s=96&d=mm&r=g\",\"url\":\"https:\\\/\\\/secure.gravatar.com\\\/avatar\\\/2e02d082d139dd6eb634318c9cf2c3a8281db62f24f87a134adb4f2020e77ab3?s=96&d=mm&r=g\",\"contentUrl\":\"https:\\\/\\\/secure.gravatar.com\\\/avatar\\\/2e02d082d139dd6eb634318c9cf2c3a8281db62f24f87a134adb4f2020e77ab3?s=96&d=mm&r=g\",\"caption\":\"Vasile Filat\"},\"description\":\"P\u0103storesc\u00a0Biserica Bunavestire din Chi\u0219in\u0103u, predau Cuv\u00e2ntul lui Dumnezeu la\u00a0Institutul de Studiu Biblic Inductiv din Eurasia\u00a0\u0219i conduc\u00a0Asocia\u021bia \\\"\u00cenv\u0103\u021b\u0103tur\u0103 din Cuv\u00e2nt - Precept Ministries\\\" din Moldova. \u00cempreun\u0103 cu so\u021bia mea\u00a0Anastasia, avem trei copii. Din Aprilie 2007 am oferit r\u0103spunsuri din Biblie pe acest site la \u00eentreb\u0103ri adresate de cititori. Mai mult despre mine citi\u021bi\u00a0aici.\",\"url\":\"https:\\\/\\\/moldovacrestina.md\\\/en\\\/author\\\/vasile-filat\\\/\"}]}<\/script>\n<!-- \/ Yoast SEO Premium plugin. -->","yoast_head_json":{"title":"Cum pedepse\u0219te Moldova Dumnezeu?","description":"Organizatorii a\u015fa numitului festival sunt Centrul de Informa\u0163ii \u201eGenderDoc-M\u201d, organizatie care promoveaz\u0103 pe toate c\u0103ile homosexualitatea \u0219i","robots":{"index":"index","follow":"follow","max-snippet":"max-snippet:-1","max-image-preview":"max-image-preview:large","max-video-preview":"max-video-preview:-1"},"canonical":"https:\/\/moldovacrestina.md\/en\/ce-pedepse-noi-sa-mai-dea-dumnezeu-moldovei\/","og_locale":"en_US","og_type":"article","og_title":"Ce pedepse noi s\u0103 mai dea Dumnezeu Moldovei?","og_description":"Organizatorii a\u015fa numitului festival sunt Centrul de Informa\u0163ii \u201eGenderDoc-M\u201d, organizatie care promoveaz\u0103 pe toate c\u0103ile homosexualitatea \u0219i","og_url":"https:\/\/moldovacrestina.md\/en\/ce-pedepse-noi-sa-mai-dea-dumnezeu-moldovei\/","og_site_name":"Moldova Cre\u0219tin\u0103","article_publisher":"https:\/\/www.facebook.com\/moldovacrestina\/","article_published_time":"2009-04-25T06:56:41+00:00","article_modified_time":"2016-04-20T13:03:41+00:00","og_image":[{"width":500,"height":375,"url":"https:\/\/cdn.moldovacrestina.md\/2016\/10\/3470786515_eac6fe9cd1.jpg","type":"image\/jpeg"}],"author":"Vasile Filat","twitter_card":"summary_large_image","twitter_creator":"@moldovacrestina","twitter_site":"@moldovacrestina","twitter_misc":{"Written by":"Vasile Filat","Est. reading time":"3 minutes"},"schema":{"@context":"https:\/\/schema.org","@graph":[{"@type":"Article","@id":"https:\/\/moldovacrestina.md\/en\/ce-pedepse-noi-sa-mai-dea-dumnezeu-moldovei\/#article","isPartOf":{"@id":"https:\/\/moldovacrestina.md\/en\/ce-pedepse-noi-sa-mai-dea-dumnezeu-moldovei\/"},"author":{"name":"Vasile Filat","@id":"https:\/\/moldovacrestina.md\/en\/#\/schema\/person\/04b204bbb582cc832c3d2424f5d27dc0"},"headline":"Ce pedepse noi s\u0103 mai dea Dumnezeu Moldovei?","datePublished":"2009-04-25T06:56:41+00:00","dateModified":"2016-04-20T13:03:41+00:00","mainEntityOfPage":{"@id":"https:\/\/moldovacrestina.md\/en\/ce-pedepse-noi-sa-mai-dea-dumnezeu-moldovei\/"},"wordCount":605,"image":{"@id":"https:\/\/moldovacrestina.md\/en\/ce-pedepse-noi-sa-mai-dea-dumnezeu-moldovei\/#primaryimage"},"thumbnailUrl":"https:\/\/moldovacrestina.md\/wp-content\/uploads\/2016\/10\/3470786515_eac6fe9cd1.jpg","keywords":["gay parada","manifest\u0103ri publice genderdoc-m","panou publicitar genderdoc-m","panouri publi","homosexualitate","moldova","GenderDoc-M","homosexualii moldova"],"inLanguage":"en-US"},{"@type":"WebPage","@id":"https:\/\/moldovacrestina.md\/en\/ce-pedepse-noi-sa-mai-dea-dumnezeu-moldovei\/","url":"https:\/\/moldovacrestina.md\/en\/ce-pedepse-noi-sa-mai-dea-dumnezeu-moldovei\/","name":"Cum pedepse\u0219te Moldova Dumnezeu?","isPartOf":{"@id":"https:\/\/moldovacrestina.md\/en\/#website"},"primaryImageOfPage":{"@id":"https:\/\/moldovacrestina.md\/en\/ce-pedepse-noi-sa-mai-dea-dumnezeu-moldovei\/#primaryimage"},"image":{"@id":"https:\/\/moldovacrestina.md\/en\/ce-pedepse-noi-sa-mai-dea-dumnezeu-moldovei\/#primaryimage"},"thumbnailUrl":"https:\/\/moldovacrestina.md\/wp-content\/uploads\/2016\/10\/3470786515_eac6fe9cd1.jpg","datePublished":"2009-04-25T06:56:41+00:00","dateModified":"2016-04-20T13:03:41+00:00","author":{"@id":"https:\/\/moldovacrestina.md\/en\/#\/schema\/person\/04b204bbb582cc832c3d2424f5d27dc0"},"description":"Organizatorii a\u015fa numitului festival sunt Centrul de Informa\u0163ii \u201eGenderDoc-M\u201d, organizatie care promoveaz\u0103 pe toate c\u0103ile homosexualitatea \u0219i","breadcrumb":{"@id":"https:\/\/moldovacrestina.md\/en\/ce-pedepse-noi-sa-mai-dea-dumnezeu-moldovei\/#breadcrumb"},"inLanguage":"en-US","potentialAction":[{"@type":"ReadAction","target":["https:\/\/moldovacrestina.md\/en\/ce-pedepse-noi-sa-mai-dea-dumnezeu-moldovei\/"]}]},{"@type":"ImageObject","inLanguage":"en-US","@id":"https:\/\/moldovacrestina.md\/en\/ce-pedepse-noi-sa-mai-dea-dumnezeu-moldovei\/#primaryimage","url":"https:\/\/moldovacrestina.md\/wp-content\/uploads\/2016\/10\/3470786515_eac6fe9cd1.jpg","contentUrl":"https:\/\/moldovacrestina.md\/wp-content\/uploads\/2016\/10\/3470786515_eac6fe9cd1.jpg","width":500,"height":375},{"@type":"BreadcrumbList","@id":"https:\/\/moldovacrestina.md\/en\/ce-pedepse-noi-sa-mai-dea-dumnezeu-moldovei\/#breadcrumb","itemListElement":[{"@type":"ListItem","position":1,"name":"Prima pagin\u0103","item":"https:\/\/moldovacrestina.md\/en\/"},{"@type":"ListItem","position":2,"name":"Ce pedepse noi s\u0103 mai dea Dumnezeu Moldovei?"}]},{"@type":"WebSite","@id":"https:\/\/moldovacrestina.md\/en\/#website","url":"https:\/\/moldovacrestina.md\/en\/","name":"Moldova Cre\u0219tin\u0103","description":"R\u0103spunsuri relevante \u0219i actuale din Biblie","potentialAction":[{"@type":"SearchAction","target":{"@type":"EntryPoint","urlTemplate":"https:\/\/moldovacrestina.md\/en\/?s={search_term_string}"},"query-input":{"@type":"PropertyValueSpecification","valueRequired":true,"valueName":"search_term_string"}}],"inLanguage":"en-US"},{"@type":"Person","@id":"https:\/\/moldovacrestina.md\/en\/#\/schema\/person\/04b204bbb582cc832c3d2424f5d27dc0","name":"Vasile Filat","image":{"@type":"ImageObject","inLanguage":"en-US","@id":"https:\/\/secure.gravatar.com\/avatar\/2e02d082d139dd6eb634318c9cf2c3a8281db62f24f87a134adb4f2020e77ab3?s=96&d=mm&r=g","url":"https:\/\/secure.gravatar.com\/avatar\/2e02d082d139dd6eb634318c9cf2c3a8281db62f24f87a134adb4f2020e77ab3?s=96&d=mm&r=g","contentUrl":"https:\/\/secure.gravatar.com\/avatar\/2e02d082d139dd6eb634318c9cf2c3a8281db62f24f87a134adb4f2020e77ab3?s=96&d=mm&r=g","caption":"Vasile Filat"},"description":"P\u0103storesc\u00a0Biserica Bunavestire din Chi\u0219in\u0103u, predau Cuv\u00e2ntul lui Dumnezeu la\u00a0Institutul de Studiu Biblic Inductiv din Eurasia\u00a0\u0219i conduc\u00a0Asocia\u021bia \"\u00cenv\u0103\u021b\u0103tur\u0103 din Cuv\u00e2nt - Precept Ministries\" din Moldova. \u00cempreun\u0103 cu so\u021bia mea\u00a0Anastasia, avem trei copii. Din Aprilie 2007 am oferit r\u0103spunsuri din Biblie pe acest site la \u00eentreb\u0103ri adresate de cititori. Mai mult despre mine citi\u021bi\u00a0aici.","url":"https:\/\/moldovacrestina.md\/en\/author\/vasile-filat\/"}]}},"jetpack_featured_media_url":"https:\/\/moldovacrestina.md\/wp-content\/uploads\/2016\/10\/3470786515_eac6fe9cd1.jpg","video_meta":false,"featured_image":"https:\/\/moldovacrestina.md\/wp-content\/uploads\/2016\/10\/3470786515_eac6fe9cd1.jpg","wpml":{"language_code":"en","locale":"en_US","text_direction":false,"display_name":"English","native_name":"Englez\u0103","different_language":false},"jetpack-related-posts":[{"id":364175,"url":"https:\/\/moldovacrestina.md\/este-liturghia-o-jertfa-ce-spune-biblia-pastor-vasile-filat\/","url_meta":{"origin":55910,"position":0},"title":"Este liturghia o jertf\u0103? Ce spune Biblia? | Pastor Vasile Filat","author":"Moldova Cre\u0219tin\u0103","date":"December 10, 2025","format":false,"excerpt":"Ce spune Biblia despre jertfa adus\u0103 la sf\u00e2nta liturghie? Pastorul Vasile Filat explic\u0103, prin texte clare din Scriptur\u0103, dac\u0103 liturghia este o jertf\u0103 repetat\u0103 sau o comemorare a jertfei lui Hristos. Afl\u0103 ce \u00eenseamn\u0103, de fapt, Cina Domnului \u0219i ce spune Biblia despre suficien\u021ba jertfei de pe Golgota. Subiecte abordate\u2026","rel":"","context":"<span class=\"jp-relatedposts-post-author\">Moldova Cre\u0219tin\u0103<\/span>","block_context":{"text":"MCTV","link":"https:\/\/moldovacrestina.md\/mctv\/"},"img":{"alt_text":"","src":"https:\/\/i0.wp.com\/cdn.moldovacrestina.md\/2025\/12\/0f8e955d-h2mhpwxffr0.jpg?resize=350%2C200&ssl=1","width":350,"height":200,"srcset":"https:\/\/i0.wp.com\/cdn.moldovacrestina.md\/2025\/12\/0f8e955d-h2mhpwxffr0.jpg?resize=350%2C200&ssl=1 1x, https:\/\/i0.wp.com\/cdn.moldovacrestina.md\/2025\/12\/0f8e955d-h2mhpwxffr0.jpg?resize=525%2C300&ssl=1 1.5x, https:\/\/i0.wp.com\/cdn.moldovacrestina.md\/2025\/12\/0f8e955d-h2mhpwxffr0.jpg?resize=700%2C400&ssl=1 2x, https:\/\/i0.wp.com\/cdn.moldovacrestina.md\/2025\/12\/0f8e955d-h2mhpwxffr0.jpg?resize=1050%2C600&ssl=1 3x"},"classes":[]},{"id":363755,"url":"https:\/\/moldovacrestina.md\/este-pacat-divortul-daca-ambii-soti-il-doresc-pastor-vasile-filat\/","url_meta":{"origin":55910,"position":1},"title":"Este p\u0103cat divor\u021bul dac\u0103 ambii so\u021bi \u00eel doresc? | Pastor Vasile Filat","author":"Moldova Cre\u0219tin\u0103","date":"October 12, 2025","format":false,"excerpt":"Mul\u021bi oameni cred c\u0103 dac\u0103 ambii so\u021bi sunt de acord cu desp\u0103r\u021birea, divor\u021bul nu mai este p\u0103cat. Dar ce spune Biblia? \u00cen acest video, pastorul Vasile Filat explic\u0103, pe baza textelor din Matei 19, Maleahi 2 \u0219i Evrei 13:4, c\u0103 Dumnezeu a instituit c\u0103s\u0103toria \u0219i El singur are autoritatea de\u2026","rel":"","context":"<span class=\"jp-relatedposts-post-author\">Moldova Cre\u0219tin\u0103<\/span>","block_context":{"text":"MCTV","link":"https:\/\/moldovacrestina.md\/mctv\/"},"img":{"alt_text":"","src":"https:\/\/i0.wp.com\/cdn.moldovacrestina.md\/2025\/10\/fa6abd08-qnfeu_9zdi4.jpg?resize=350%2C200&ssl=1","width":350,"height":200,"srcset":"https:\/\/i0.wp.com\/cdn.moldovacrestina.md\/2025\/10\/fa6abd08-qnfeu_9zdi4.jpg?resize=350%2C200&ssl=1 1x, https:\/\/i0.wp.com\/cdn.moldovacrestina.md\/2025\/10\/fa6abd08-qnfeu_9zdi4.jpg?resize=525%2C300&ssl=1 1.5x, https:\/\/i0.wp.com\/cdn.moldovacrestina.md\/2025\/10\/fa6abd08-qnfeu_9zdi4.jpg?resize=700%2C400&ssl=1 2x, https:\/\/i0.wp.com\/cdn.moldovacrestina.md\/2025\/10\/fa6abd08-qnfeu_9zdi4.jpg?resize=1050%2C600&ssl=1 3x"},"classes":[]},{"id":363999,"url":"https:\/\/moldovacrestina.md\/ar-mai-exista-pastori-daca-nimeni-nu-ar-mai-dona-bani-pastor-vasile-filat\/","url_meta":{"origin":55910,"position":2},"title":"Ar mai exista pastori dac\u0103 nimeni nu ar mai dona bani? | Pastor Vasile Filat","author":"Moldova Cre\u0219tin\u0103","date":"November 11, 2025","format":false,"excerpt":"Mul\u021bi cred c\u0103 pastorii \u0219i preo\u021bii slujesc doar pentru bani. \u00centrebarea este: \u201eOare ar mai exista pastori sau preo\u021bi dac\u0103 nimeni nu ar dona nici un ban?\u201d \u00cen acest video vei afla: - ce spune Biblia despre sus\u021binerea material\u0103 a celor care predic\u0103, - de ce Dumnezeu a r\u00e2nduit ca\u2026","rel":"","context":"<span class=\"jp-relatedposts-post-author\">Moldova Cre\u0219tin\u0103<\/span>","block_context":{"text":"MCTV","link":"https:\/\/moldovacrestina.md\/mctv\/"},"img":{"alt_text":"","src":"https:\/\/i0.wp.com\/cdn.moldovacrestina.md\/2025\/11\/56bdfef1-ktvxu5hzxbu.jpg?resize=350%2C200&ssl=1","width":350,"height":200,"srcset":"https:\/\/i0.wp.com\/cdn.moldovacrestina.md\/2025\/11\/56bdfef1-ktvxu5hzxbu.jpg?resize=350%2C200&ssl=1 1x, https:\/\/i0.wp.com\/cdn.moldovacrestina.md\/2025\/11\/56bdfef1-ktvxu5hzxbu.jpg?resize=525%2C300&ssl=1 1.5x, https:\/\/i0.wp.com\/cdn.moldovacrestina.md\/2025\/11\/56bdfef1-ktvxu5hzxbu.jpg?resize=700%2C400&ssl=1 2x, https:\/\/i0.wp.com\/cdn.moldovacrestina.md\/2025\/11\/56bdfef1-ktvxu5hzxbu.jpg?resize=1050%2C600&ssl=1 3x"},"classes":[]},{"id":364411,"url":"https:\/\/moldovacrestina.md\/cand-frica-de-666-distruge-credinta-cum-ajung-unii-sa-creada-orice-aud-pastor-vasile-filat\/","url_meta":{"origin":55910,"position":3},"title":"C\u00e2nd frica de 666 distruge credin\u021ba. Cum ajung unii s\u0103 cread\u0103 orice aud? | Pastor Vasile Filat","author":"Moldova Cre\u0219tin\u0103","date":"January 8, 2026","format":false,"excerpt":"O doamn\u0103 tr\u0103ie\u0219te o fric\u0103 profund\u0103 legat\u0103 de num\u0103rul 666, botez \u0219i Sf\u00e2nta Treime. Dup\u0103 ce a fost botezat\u0103, i s-a spus c\u0103 botezul nu a fost valid. A fost botezat\u0103 din nou. Apoi i s-a spus c\u0103 Sf\u00e2nta Treime nu este biblic\u0103 \u0219i c\u0103 ar fi legat\u0103 de semnul\u2026","rel":"","context":"<span class=\"jp-relatedposts-post-author\">Moldova Cre\u0219tin\u0103<\/span>","block_context":{"text":"MCTV","link":"https:\/\/moldovacrestina.md\/mctv\/"},"img":{"alt_text":"","src":"https:\/\/i0.wp.com\/cdn.moldovacrestina.md\/2026\/01\/eb5fead2-bo_92anogg.jpg?resize=350%2C200&ssl=1","width":350,"height":200,"srcset":"https:\/\/i0.wp.com\/cdn.moldovacrestina.md\/2026\/01\/eb5fead2-bo_92anogg.jpg?resize=350%2C200&ssl=1 1x, https:\/\/i0.wp.com\/cdn.moldovacrestina.md\/2026\/01\/eb5fead2-bo_92anogg.jpg?resize=525%2C300&ssl=1 1.5x, https:\/\/i0.wp.com\/cdn.moldovacrestina.md\/2026\/01\/eb5fead2-bo_92anogg.jpg?resize=700%2C400&ssl=1 2x, https:\/\/i0.wp.com\/cdn.moldovacrestina.md\/2026\/01\/eb5fead2-bo_92anogg.jpg?resize=1050%2C600&ssl=1 3x"},"classes":[]},{"id":364595,"url":"https:\/\/moldovacrestina.md\/trebuie-sa-te-botezi-din-nou-daca-ai-cazut-de-la-credinta-raspuns-biblic\/","url_meta":{"origin":55910,"position":4},"title":"Trebuie s\u0103 te botezi din nou dac\u0103 ai c\u0103zut de la credin\u021b\u0103? | R\u0103spuns biblic","author":"Moldova Cre\u0219tin\u0103","date":"January 30, 2026","format":false,"excerpt":"\u00cen acest video r\u0103spundem la \u00eentreb\u0103ri importante pentru via\u021ba cre\u0219tin\u0103: trebuie s\u0103 te botezi din nou dac\u0103 ai c\u0103zut de la credin\u021b\u0103? Mai este valabil primul botez? Ce spune Biblia despre restaurare, poc\u0103in\u021b\u0103 \u0219i sfin\u021bire? Analiz\u0103m Scripturile pentru a \u00een\u021belege voia lui Dumnezeu \u0219i pa\u0219ii practici pentru a tr\u0103i o\u2026","rel":"","context":"<span class=\"jp-relatedposts-post-author\">Moldova Cre\u0219tin\u0103<\/span>","block_context":{"text":"MCTV","link":"https:\/\/moldovacrestina.md\/mctv\/"},"img":{"alt_text":"","src":"https:\/\/i0.wp.com\/cdn.moldovacrestina.md\/2026\/01\/d2fdc6c8-jdstkuhefm4.jpg?resize=350%2C200&ssl=1","width":350,"height":200,"srcset":"https:\/\/i0.wp.com\/cdn.moldovacrestina.md\/2026\/01\/d2fdc6c8-jdstkuhefm4.jpg?resize=350%2C200&ssl=1 1x, https:\/\/i0.wp.com\/cdn.moldovacrestina.md\/2026\/01\/d2fdc6c8-jdstkuhefm4.jpg?resize=525%2C300&ssl=1 1.5x, https:\/\/i0.wp.com\/cdn.moldovacrestina.md\/2026\/01\/d2fdc6c8-jdstkuhefm4.jpg?resize=700%2C400&ssl=1 2x, https:\/\/i0.wp.com\/cdn.moldovacrestina.md\/2026\/01\/d2fdc6c8-jdstkuhefm4.jpg?resize=1050%2C600&ssl=1 3x"},"classes":[]}],"jetpack_sharing_enabled":true,"_links":{"self":[{"href":"https:\/\/moldovacrestina.md\/en\/wp-json\/wp\/v2\/posts\/55910","targetHints":{"allow":["GET"]}}],"collection":[{"href":"https:\/\/moldovacrestina.md\/en\/wp-json\/wp\/v2\/posts"}],"about":[{"href":"https:\/\/moldovacrestina.md\/en\/wp-json\/wp\/v2\/types\/post"}],"author":[{"embeddable":true,"href":"https:\/\/moldovacrestina.md\/en\/wp-json\/wp\/v2\/users\/46"}],"replies":[{"embeddable":true,"href":"https:\/\/moldovacrestina.md\/en\/wp-json\/wp\/v2\/comments?post=55910"}],"version-history":[{"count":0,"href":"https:\/\/moldovacrestina.md\/en\/wp-json\/wp\/v2\/posts\/55910\/revisions"}],"wp:featuredmedia":[{"embeddable":true,"href":"https:\/\/moldovacrestina.md\/en\/wp-json\/wp\/v2\/media\/106685"}],"wp:attachment":[{"href":"https:\/\/moldovacrestina.md\/en\/wp-json\/wp\/v2\/media?parent=55910"}],"wp:term":[{"taxonomy":"category","embeddable":true,"href":"https:\/\/moldovacrestina.md\/en\/wp-json\/wp\/v2\/categories?post=55910"},{"taxonomy":"post_tag","embeddable":true,"href":"https:\/\/moldovacrestina.md\/en\/wp-json\/wp\/v2\/tags?post=55910"}],"curies":[{"name":"wp","href":"https:\/\/api.w.org\/{rel}","templated":true}]}}