{"id":55537,"date":"2009-04-08T06:35:12","date_gmt":"2009-04-08T04:35:12","guid":{"rendered":"https:\/\/moldovacrestina.md\/the-protests-in-moldova"},"modified":"2017-05-27T09:02:40","modified_gmt":"2017-05-27T07:02:40","slug":"the-protests-in-moldova","status":"publish","type":"post","link":"https:\/\/moldovacrestina.md\/en\/the-protests-in-moldova\/","title":{"rendered":"The protests in Moldova"},"content":{"rendered":"<p style=\"text-align: justify\">\n<p>Pray for our country of Moldova as we go through very difficult times. <\/p><\/p>\n","protected":false},"excerpt":{"rendered":"<p>Pray for our country of Moldova as we go through very difficult times.<\/p>\n","protected":false},"author":46,"featured_media":0,"comment_status":"closed","ping_status":"closed","sticky":false,"template":"","format":"standard","meta":{"_acf_changed":false,"inline_featured_image":false,"_monsterinsights_skip_tracking":false,"_monsterinsights_sitenote_active":false,"_monsterinsights_sitenote_note":"","_monsterinsights_sitenote_category":0,"_genesis_hide_title":false,"_genesis_hide_breadcrumbs":false,"_genesis_hide_singular_image":false,"_genesis_hide_footer_widgets":false,"_genesis_custom_body_class":"","_genesis_custom_post_class":"","_genesis_layout":"","ep_exclude_from_search":false,"_jetpack_memberships_contains_paid_content":false,"footnotes":""},"categories":[126],"tags":[7934,7995,9633,9634],"class_list":{"0":"post-55537","1":"post","2":"type-post","3":"status-publish","4":"format-standard","6":"category-answer-from-the-bible","7":"tag-moldova","8":"tag-politics","9":"tag-protests","10":"tag-protests-in-moldova","11":"entry"},"acf":[],"yoast_head":"<!-- This site is optimized with the Yoast SEO Premium plugin v26.5 (Yoast SEO v27.4) - https:\/\/yoast.com\/product\/yoast-seo-premium-wordpress\/ -->\n<title>The protests in Moldova &#8226; Moldova Cre\u0219tin\u0103<\/title>\n<meta name=\"description\" content=\"Pray for our country of Moldova as we go through very difficult times.\" \/>\n<meta name=\"robots\" content=\"index, follow, max-snippet:-1, max-image-preview:large, max-video-preview:-1\" \/>\n<link rel=\"canonical\" href=\"https:\/\/moldovacrestina.md\/en\/the-protests-in-moldova\/\" \/>\n<meta property=\"og:locale\" content=\"en_US\" \/>\n<meta property=\"og:type\" content=\"article\" \/>\n<meta property=\"og:title\" content=\"The protests in Moldova\" \/>\n<meta property=\"og:description\" content=\"Pray for our country of Moldova as we go through very difficult times.\" \/>\n<meta property=\"og:url\" content=\"https:\/\/moldovacrestina.md\/en\/the-protests-in-moldova\/\" \/>\n<meta property=\"og:site_name\" content=\"Moldova Cre\u0219tin\u0103\" \/>\n<meta property=\"article:publisher\" content=\"https:\/\/www.facebook.com\/moldovacrestina\/\" \/>\n<meta property=\"article:published_time\" content=\"2009-04-08T04:35:12+00:00\" \/>\n<meta property=\"article:modified_time\" content=\"2017-05-27T07:02:40+00:00\" \/>\n<meta name=\"author\" content=\"Vasile Filat\" \/>\n<meta name=\"twitter:card\" content=\"summary_large_image\" \/>\n<meta name=\"twitter:creator\" content=\"@moldovacrestina\" \/>\n<meta name=\"twitter:site\" content=\"@moldovacrestina\" \/>\n<meta name=\"twitter:label1\" content=\"Written by\" \/>\n\t<meta name=\"twitter:data1\" content=\"Vasile Filat\" \/>\n<script type=\"application\/ld+json\" class=\"yoast-schema-graph\">{\"@context\":\"https:\\\/\\\/schema.org\",\"@graph\":[{\"@type\":\"Article\",\"@id\":\"https:\\\/\\\/moldovacrestina.md\\\/en\\\/the-protests-in-moldova\\\/#article\",\"isPartOf\":{\"@id\":\"https:\\\/\\\/moldovacrestina.md\\\/en\\\/the-protests-in-moldova\\\/\"},\"author\":{\"name\":\"Vasile Filat\",\"@id\":\"https:\\\/\\\/moldovacrestina.md\\\/en\\\/#\\\/schema\\\/person\\\/04b204bbb582cc832c3d2424f5d27dc0\"},\"headline\":\"The protests in Moldova\",\"datePublished\":\"2009-04-08T04:35:12+00:00\",\"dateModified\":\"2017-05-27T07:02:40+00:00\",\"mainEntityOfPage\":{\"@id\":\"https:\\\/\\\/moldovacrestina.md\\\/en\\\/the-protests-in-moldova\\\/\"},\"wordCount\":17,\"keywords\":[\"moldova\",\"Politics\",\"protests\",\"protests in Moldova\"],\"articleSection\":[\"Answers from the Bible\"],\"inLanguage\":\"en-US\"},{\"@type\":\"WebPage\",\"@id\":\"https:\\\/\\\/moldovacrestina.md\\\/en\\\/the-protests-in-moldova\\\/\",\"url\":\"https:\\\/\\\/moldovacrestina.md\\\/en\\\/the-protests-in-moldova\\\/\",\"name\":\"The protests in Moldova &#8226; Moldova Cre\u0219tin\u0103\",\"isPartOf\":{\"@id\":\"https:\\\/\\\/moldovacrestina.md\\\/en\\\/#website\"},\"datePublished\":\"2009-04-08T04:35:12+00:00\",\"dateModified\":\"2017-05-27T07:02:40+00:00\",\"author\":{\"@id\":\"https:\\\/\\\/moldovacrestina.md\\\/en\\\/#\\\/schema\\\/person\\\/04b204bbb582cc832c3d2424f5d27dc0\"},\"description\":\"Pray for our country of Moldova as we go through very difficult times.\",\"breadcrumb\":{\"@id\":\"https:\\\/\\\/moldovacrestina.md\\\/en\\\/the-protests-in-moldova\\\/#breadcrumb\"},\"inLanguage\":\"en-US\",\"potentialAction\":[{\"@type\":\"ReadAction\",\"target\":[\"https:\\\/\\\/moldovacrestina.md\\\/en\\\/the-protests-in-moldova\\\/\"]}]},{\"@type\":\"BreadcrumbList\",\"@id\":\"https:\\\/\\\/moldovacrestina.md\\\/en\\\/the-protests-in-moldova\\\/#breadcrumb\",\"itemListElement\":[{\"@type\":\"ListItem\",\"position\":1,\"name\":\"Prima pagin\u0103\",\"item\":\"https:\\\/\\\/moldovacrestina.md\\\/en\\\/\"},{\"@type\":\"ListItem\",\"position\":2,\"name\":\"Answers from the Bible\",\"item\":\"https:\\\/\\\/moldovacrestina.md\\\/en\\\/answer-from-the-bible\\\/\"},{\"@type\":\"ListItem\",\"position\":3,\"name\":\"The protests in Moldova\"}]},{\"@type\":\"WebSite\",\"@id\":\"https:\\\/\\\/moldovacrestina.md\\\/en\\\/#website\",\"url\":\"https:\\\/\\\/moldovacrestina.md\\\/en\\\/\",\"name\":\"Moldova Cre\u0219tin\u0103\",\"description\":\"R\u0103spunsuri relevante \u0219i actuale din Biblie\",\"potentialAction\":[{\"@type\":\"SearchAction\",\"target\":{\"@type\":\"EntryPoint\",\"urlTemplate\":\"https:\\\/\\\/moldovacrestina.md\\\/en\\\/?s={search_term_string}\"},\"query-input\":{\"@type\":\"PropertyValueSpecification\",\"valueRequired\":true,\"valueName\":\"search_term_string\"}}],\"inLanguage\":\"en-US\"},{\"@type\":\"Person\",\"@id\":\"https:\\\/\\\/moldovacrestina.md\\\/en\\\/#\\\/schema\\\/person\\\/04b204bbb582cc832c3d2424f5d27dc0\",\"name\":\"Vasile Filat\",\"image\":{\"@type\":\"ImageObject\",\"inLanguage\":\"en-US\",\"@id\":\"https:\\\/\\\/secure.gravatar.com\\\/avatar\\\/2e02d082d139dd6eb634318c9cf2c3a8281db62f24f87a134adb4f2020e77ab3?s=96&d=mm&r=g\",\"url\":\"https:\\\/\\\/secure.gravatar.com\\\/avatar\\\/2e02d082d139dd6eb634318c9cf2c3a8281db62f24f87a134adb4f2020e77ab3?s=96&d=mm&r=g\",\"contentUrl\":\"https:\\\/\\\/secure.gravatar.com\\\/avatar\\\/2e02d082d139dd6eb634318c9cf2c3a8281db62f24f87a134adb4f2020e77ab3?s=96&d=mm&r=g\",\"caption\":\"Vasile Filat\"},\"description\":\"P\u0103storesc\u00a0Biserica Bunavestire din Chi\u0219in\u0103u, predau Cuv\u00e2ntul lui Dumnezeu la\u00a0Institutul de Studiu Biblic Inductiv din Eurasia\u00a0\u0219i conduc\u00a0Asocia\u021bia \\\"\u00cenv\u0103\u021b\u0103tur\u0103 din Cuv\u00e2nt - Precept Ministries\\\" din Moldova. \u00cempreun\u0103 cu so\u021bia mea\u00a0Anastasia, avem trei copii. Din Aprilie 2007 am oferit r\u0103spunsuri din Biblie pe acest site la \u00eentreb\u0103ri adresate de cititori. Mai mult despre mine citi\u021bi\u00a0aici.\",\"url\":\"https:\\\/\\\/moldovacrestina.md\\\/en\\\/author\\\/vasile-filat\\\/\"}]}<\/script>\n<!-- \/ Yoast SEO Premium plugin. -->","yoast_head_json":{"title":"The protests in Moldova &#8226; Moldova Cre\u0219tin\u0103","description":"Pray for our country of Moldova as we go through very difficult times.","robots":{"index":"index","follow":"follow","max-snippet":"max-snippet:-1","max-image-preview":"max-image-preview:large","max-video-preview":"max-video-preview:-1"},"canonical":"https:\/\/moldovacrestina.md\/en\/the-protests-in-moldova\/","og_locale":"en_US","og_type":"article","og_title":"The protests in Moldova","og_description":"Pray for our country of Moldova as we go through very difficult times.","og_url":"https:\/\/moldovacrestina.md\/en\/the-protests-in-moldova\/","og_site_name":"Moldova Cre\u0219tin\u0103","article_publisher":"https:\/\/www.facebook.com\/moldovacrestina\/","article_published_time":"2009-04-08T04:35:12+00:00","article_modified_time":"2017-05-27T07:02:40+00:00","author":"Vasile Filat","twitter_card":"summary_large_image","twitter_creator":"@moldovacrestina","twitter_site":"@moldovacrestina","twitter_misc":{"Written by":"Vasile Filat"},"schema":{"@context":"https:\/\/schema.org","@graph":[{"@type":"Article","@id":"https:\/\/moldovacrestina.md\/en\/the-protests-in-moldova\/#article","isPartOf":{"@id":"https:\/\/moldovacrestina.md\/en\/the-protests-in-moldova\/"},"author":{"name":"Vasile Filat","@id":"https:\/\/moldovacrestina.md\/en\/#\/schema\/person\/04b204bbb582cc832c3d2424f5d27dc0"},"headline":"The protests in Moldova","datePublished":"2009-04-08T04:35:12+00:00","dateModified":"2017-05-27T07:02:40+00:00","mainEntityOfPage":{"@id":"https:\/\/moldovacrestina.md\/en\/the-protests-in-moldova\/"},"wordCount":17,"keywords":["moldova","Politics","protests","protests in Moldova"],"articleSection":["Answers from the Bible"],"inLanguage":"en-US"},{"@type":"WebPage","@id":"https:\/\/moldovacrestina.md\/en\/the-protests-in-moldova\/","url":"https:\/\/moldovacrestina.md\/en\/the-protests-in-moldova\/","name":"The protests in Moldova &#8226; Moldova Cre\u0219tin\u0103","isPartOf":{"@id":"https:\/\/moldovacrestina.md\/en\/#website"},"datePublished":"2009-04-08T04:35:12+00:00","dateModified":"2017-05-27T07:02:40+00:00","author":{"@id":"https:\/\/moldovacrestina.md\/en\/#\/schema\/person\/04b204bbb582cc832c3d2424f5d27dc0"},"description":"Pray for our country of Moldova as we go through very difficult times.","breadcrumb":{"@id":"https:\/\/moldovacrestina.md\/en\/the-protests-in-moldova\/#breadcrumb"},"inLanguage":"en-US","potentialAction":[{"@type":"ReadAction","target":["https:\/\/moldovacrestina.md\/en\/the-protests-in-moldova\/"]}]},{"@type":"BreadcrumbList","@id":"https:\/\/moldovacrestina.md\/en\/the-protests-in-moldova\/#breadcrumb","itemListElement":[{"@type":"ListItem","position":1,"name":"Prima pagin\u0103","item":"https:\/\/moldovacrestina.md\/en\/"},{"@type":"ListItem","position":2,"name":"Answers from the Bible","item":"https:\/\/moldovacrestina.md\/en\/answer-from-the-bible\/"},{"@type":"ListItem","position":3,"name":"The protests in Moldova"}]},{"@type":"WebSite","@id":"https:\/\/moldovacrestina.md\/en\/#website","url":"https:\/\/moldovacrestina.md\/en\/","name":"Moldova Cre\u0219tin\u0103","description":"R\u0103spunsuri relevante \u0219i actuale din Biblie","potentialAction":[{"@type":"SearchAction","target":{"@type":"EntryPoint","urlTemplate":"https:\/\/moldovacrestina.md\/en\/?s={search_term_string}"},"query-input":{"@type":"PropertyValueSpecification","valueRequired":true,"valueName":"search_term_string"}}],"inLanguage":"en-US"},{"@type":"Person","@id":"https:\/\/moldovacrestina.md\/en\/#\/schema\/person\/04b204bbb582cc832c3d2424f5d27dc0","name":"Vasile Filat","image":{"@type":"ImageObject","inLanguage":"en-US","@id":"https:\/\/secure.gravatar.com\/avatar\/2e02d082d139dd6eb634318c9cf2c3a8281db62f24f87a134adb4f2020e77ab3?s=96&d=mm&r=g","url":"https:\/\/secure.gravatar.com\/avatar\/2e02d082d139dd6eb634318c9cf2c3a8281db62f24f87a134adb4f2020e77ab3?s=96&d=mm&r=g","contentUrl":"https:\/\/secure.gravatar.com\/avatar\/2e02d082d139dd6eb634318c9cf2c3a8281db62f24f87a134adb4f2020e77ab3?s=96&d=mm&r=g","caption":"Vasile Filat"},"description":"P\u0103storesc\u00a0Biserica Bunavestire din Chi\u0219in\u0103u, predau Cuv\u00e2ntul lui Dumnezeu la\u00a0Institutul de Studiu Biblic Inductiv din Eurasia\u00a0\u0219i conduc\u00a0Asocia\u021bia \"\u00cenv\u0103\u021b\u0103tur\u0103 din Cuv\u00e2nt - Precept Ministries\" din Moldova. \u00cempreun\u0103 cu so\u021bia mea\u00a0Anastasia, avem trei copii. Din Aprilie 2007 am oferit r\u0103spunsuri din Biblie pe acest site la \u00eentreb\u0103ri adresate de cititori. Mai mult despre mine citi\u021bi\u00a0aici.","url":"https:\/\/moldovacrestina.md\/en\/author\/vasile-filat\/"}]}},"jetpack_featured_media_url":"","video_meta":false,"featured_image":false,"wpml":{"language_code":"en","locale":"en_US","text_direction":false,"display_name":"English","native_name":"Englez\u0103","different_language":false},"jetpack-related-posts":[{"id":123833,"url":"https:\/\/moldovacrestina.md\/ru\/s-dnyom-rozhdeniya-moldova-crestina-gleote-vlog\/","url_meta":{"origin":55537,"position":0},"title":"\u0421 \u0414\u041d\u0401\u041c \u0420\u041e\u0416\u0414\u0415\u041d\u0418\u042f MOLDOVA CRE\u0218TIN\u0102 | Gleot\u00e9 VLOG","author":"\u0410\u043d\u0434\u0440\u0435\u0435\u0432 \u042d\u0434\u0443\u0430\u0440\u0434","date":"April 26, 2017","format":"video","excerpt":"\u0414\u0440\u0443\u0437\u044c\u044f! \u0412\u043e\u0442 \u0438 \u043d\u043e\u0432\u044b\u0439 \u0432\u0438\u0434\u0435\u043e-\u0431\u043b\u043e\u0433! 22 \u0430\u043f\u0440\u0435\u043b\u044f Moldova Cre\u0219tin\u0103\u00a0\u0438\u0441\u043f\u043e\u043b\u043d\u0438\u043b\u043e\u0441\u044c 10 \u043b\u0435\u0442!\u00a0\ud83c\udf82 \u041d\u0435 \u0441\u0442\u0435\u0441\u043d\u044f\u0439\u0442\u0435\u0441\u044c! \u041f\u0440\u0438\u0441\u043e\u0435\u0434\u0438\u043d\u044f\u0439\u0442\u0435\u0441\u044c \u043a \u043f\u0440\u0430\u0437\u0434\u043d\u0438\u043a\u0443! \u0414\u043b\u044f \u043c\u0435\u043d\u044f \u043e\u0433\u0440\u043e\u043c\u043d\u043e\u0435 \u0431\u043b\u0430\u0433\u043e\u0441\u043b\u043e\u0432\u0435\u043d\u0438\u0435 \u0438 \u043f\u0440\u0438\u0432\u0438\u043b\u0435\u0433\u0438\u044f \u0431\u044b\u0442\u044c \u0447\u0430\u0441\u0442\u044c\u044e \u044d\u0442\u043e\u0439 \u043a\u043e\u043c\u0430\u043d\u0434\u044b! \u041f\u0443\u0441\u0442\u044c \u0413\u043e\u0441\u043f\u043e\u0434\u044c \u0443\u043c\u043d\u043e\u0436\u0438\u0442 \u044d\u0442\u043e \u0441\u043b\u0443\u0436\u0435\u043d\u0438\u0435 \u0438 \u043f\u043e\u043c\u043e\u0436\u0435\u0442 \u043f\u0440\u0438\u043d\u0435\u0441\u0442\u0438 \u0435\u0449\u0451 \u0431\u043e\u043b\u044c\u0448\u0435 \u043f\u043b\u043e\u0434\u043e\u0432 \u0432\u043e \u0441\u043b\u0430\u0432\u0443 \u0413\u043e\u0441\u043f\u043e\u0434\u0430 \u043d\u0430\u0448\u0435\u0433\u043e \u0418\u0438\u0441\u0443\u0441\u0430 \u0425\u0440\u0438\u0441\u0442\u0430! \u0411\u043e\u043b\u044c\u0448\u043e\u0435 \u0441\u043f\u0430\u0441\u0438\u0431\u043e \u0432\u0441\u0435\u043c \u043c\u043e\u0438\u043c \u043d\u0430\u0441\u0442\u0430\u0432\u043d\u0438\u043a\u0430\u043c \u0438 \u0434\u0440\u0443\u0437\u044c\u044f\u043c\u2026","rel":"","context":"<span class=\"jp-relatedposts-post-author\">\u0410\u043d\u0434\u0440\u0435\u0435\u0432 \u042d\u0434\u0443\u0430\u0440\u0434<\/span>","block_context":{"text":"\u0411\u043b\u043e\u0433\u043e\u0441\u0444\u0435\u0440\u0430","link":"https:\/\/moldovacrestina.md\/ru\/vospitanie-ru\/blogosfera-ru\/"},"img":{"alt_text":"","src":"https:\/\/i0.wp.com\/moldovacrestina.md\/wp-content\/uploads\/2017\/04\/moldovacrestina.md---1.jpg?resize=350%2C200&ssl=1","width":350,"height":200,"srcset":"https:\/\/i0.wp.com\/moldovacrestina.md\/wp-content\/uploads\/2017\/04\/moldovacrestina.md---1.jpg?resize=350%2C200&ssl=1 1x, https:\/\/i0.wp.com\/moldovacrestina.md\/wp-content\/uploads\/2017\/04\/moldovacrestina.md---1.jpg?resize=525%2C300&ssl=1 1.5x, https:\/\/i0.wp.com\/moldovacrestina.md\/wp-content\/uploads\/2017\/04\/moldovacrestina.md---1.jpg?resize=700%2C400&ssl=1 2x, https:\/\/i0.wp.com\/moldovacrestina.md\/wp-content\/uploads\/2017\/04\/moldovacrestina.md---1.jpg?resize=1050%2C600&ssl=1 3x"},"classes":[]},{"id":363006,"url":"https:\/\/moldovacrestina.md\/raspund-la-acuzatiile-gandestebiblic\/","url_meta":{"origin":55537,"position":1},"title":"R\u0103spund la acuza\u021biile @GandesteBiblic","author":"Moldova Cre\u0219tin\u0103","date":"June 26, 2025","format":false,"excerpt":"R\u0103spund la acuza\u021biile @GandesteBiblic \u2753Pune o \u00eentrebare: https:\/\/moldovacrestina.md\/ask-the-pastor sau la email contact@moldovacrestina.md \ud83c\udf81 Devino membru \u0219i sus\u021bine lucrarea Moldova Cre\u0219tin\u0103: https:\/\/www.youtube.com\/@Moldova_Crestina\/join \ud83d\udecdCupon special: moldovacrestina15 \u2014 15% reducere la toate manualele disponibile pe site-ul https:\/\/shop.eurasiaprecept.org\u201d \ud83c\uddec\ud83c\udde7 \u00censcrie-te acum la Summer English Academy https:\/\/efnl.online\/SummerEnglishAcademy - Contactele noastre - \u260e\ufe0f Linia de ajutor\u2026","rel":"","context":"<span class=\"jp-relatedposts-post-author\">Moldova Cre\u0219tin\u0103<\/span>","block_context":{"text":"MCTV","link":"https:\/\/moldovacrestina.md\/mctv\/"},"img":{"alt_text":"","src":"https:\/\/i0.wp.com\/cdn.moldovacrestina.md\/2025\/06\/91aa3893-vbrtl2xlkdw.jpg?resize=350%2C200&ssl=1","width":350,"height":200,"srcset":"https:\/\/i0.wp.com\/cdn.moldovacrestina.md\/2025\/06\/91aa3893-vbrtl2xlkdw.jpg?resize=350%2C200&ssl=1 1x, https:\/\/i0.wp.com\/cdn.moldovacrestina.md\/2025\/06\/91aa3893-vbrtl2xlkdw.jpg?resize=525%2C300&ssl=1 1.5x, https:\/\/i0.wp.com\/cdn.moldovacrestina.md\/2025\/06\/91aa3893-vbrtl2xlkdw.jpg?resize=700%2C400&ssl=1 2x, https:\/\/i0.wp.com\/cdn.moldovacrestina.md\/2025\/06\/91aa3893-vbrtl2xlkdw.jpg?resize=1050%2C600&ssl=1 3x"},"classes":[]},{"id":362917,"url":"https:\/\/moldovacrestina.md\/partid-lgbtq-in-moldova-cateva-ganduri-despre-pride-2025-la-chisinau\/","url_meta":{"origin":55537,"position":2},"title":"Partid LGBTQ \u00een Moldova? C\u00e2teva g\u00e2nduri despre Pride 2025 la Chi\u0219in\u0103u.","author":"Moldova Cre\u0219tin\u0103","date":"June 15, 2025","format":false,"excerpt":"\ud83d\udecdCupon special: moldovacrestina15 \u2014 15% reducere la toate manualele disponibile pe site-ul https:\/\/shop.eurasiaprecept.org\u201d \u2753Pune\u021bi o \u00eentrebare: target=\"_blank\" rel=\"nofollow\"https:\/\/bit.ly\/3fN2se7 \u271d\ufe0f\ufe0f Vrei s\u0103 devii ucenicul lui Hristos? https:\/\/bit.ly\/3EcX4KO \ud83d\udcda Studiaz\u0103 Biblia online cu Vasile Filat https:\/\/bit.ly\/3OjfLA1 sau alege-\u021bi un alt grup de studiu https:\/\/bit.ly\/3UqHbpJ \ud83c\udf81 Doneaz\u0103 https:\/\/bit.ly\/3NQJdx5 - Contactele noastre - \u260e\ufe0f\u2026","rel":"","context":"<span class=\"jp-relatedposts-post-author\">Moldova Cre\u0219tin\u0103<\/span>","block_context":{"text":"MCTV","link":"https:\/\/moldovacrestina.md\/mctv\/"},"img":{"alt_text":"","src":"https:\/\/i0.wp.com\/cdn.moldovacrestina.md\/2025\/06\/59fd8843-lmy0sc4w1u4.jpg?resize=350%2C200&ssl=1","width":350,"height":200},"classes":[]},{"id":362642,"url":"https:\/\/moldovacrestina.md\/patru-probleme-rezolvate-in-joia-patimilor\/","url_meta":{"origin":55537,"position":3},"title":"Patru probleme rezolvate \u00een Joia Patimilor","author":"Moldova Cre\u0219tin\u0103","date":"April 18, 2025","format":false,"excerpt":"\u00cen Joia Patimilor, Domnul Isus a rezolvat patru dintre cele mai grele probleme ale omenirii. Descoper\u0103 cum aceast\u0103 zi \u00ee\u021bi poate schimba via\u021ba! \u2753Pune o \u00eentrebare: https:\/\/moldovacrestina.md\/ask-the-pastor sau la email contact@moldovacrestina.md \ud83c\udf81 Devino membru \u0219i sus\u021bine lucrarea Moldova Cre\u0219tin\u0103: https:\/\/www.youtube.com\/@Moldova_Crestina\/join \ud83d\udecdCupon special: moldovacrestina15 \u2014 15% reducere la toate manualele disponibile\u2026","rel":"","context":"<span class=\"jp-relatedposts-post-author\">Moldova Cre\u0219tin\u0103<\/span>","block_context":{"text":"MCTV","link":"https:\/\/moldovacrestina.md\/mctv\/"},"img":{"alt_text":"","src":"https:\/\/i0.wp.com\/cdn.moldovacrestina.md\/2025\/04\/2ca5e4b3-0wdqmagza4w.jpg?resize=350%2C200&ssl=1","width":350,"height":200,"srcset":"https:\/\/i0.wp.com\/cdn.moldovacrestina.md\/2025\/04\/2ca5e4b3-0wdqmagza4w.jpg?resize=350%2C200&ssl=1 1x, https:\/\/i0.wp.com\/cdn.moldovacrestina.md\/2025\/04\/2ca5e4b3-0wdqmagza4w.jpg?resize=525%2C300&ssl=1 1.5x, https:\/\/i0.wp.com\/cdn.moldovacrestina.md\/2025\/04\/2ca5e4b3-0wdqmagza4w.jpg?resize=700%2C400&ssl=1 2x, https:\/\/i0.wp.com\/cdn.moldovacrestina.md\/2025\/04\/2ca5e4b3-0wdqmagza4w.jpg?resize=1050%2C600&ssl=1 3x"},"classes":[]},{"id":363109,"url":"https:\/\/moldovacrestina.md\/care-este-diferenta-dintre-crestini-dupa-evanghelie-si-baptisti\/","url_meta":{"origin":55537,"position":4},"title":"Care este diferen\u021ba dintre cre\u0219tini dup\u0103 evanghelie \u0219i bapti\u0219ti?","author":"Moldova Cre\u0219tin\u0103","date":"July 2, 2025","format":false,"excerpt":"Cre\u0219tinii dup\u0103 Evanghelie \u0219i bapti\u0219tii au multe \u00een comun, dar \u0219i anumite diferen\u021be. \ud83d\udecdCupon special: moldovacrestina15 \u2014 15% reducere la toate manualele disponibile pe site-ul https:\/\/shop.eurasiaprecept.org\u201d \u2753Pune o \u00eentrebare: https:\/\/moldovacrestina.md\/ask-the-pastor sau la email contact@moldovacrestina.md \ud83c\udf81 Devino membru \u0219i sus\u021bine lucrarea Moldova Cre\u0219tin\u0103: https:\/\/www.youtube.com\/@Moldova_Crestina\/join \ud83c\uddec\ud83c\udde7 \u00censcrie-te acum la Summer English Academy\u2026","rel":"","context":"<span class=\"jp-relatedposts-post-author\">Moldova Cre\u0219tin\u0103<\/span>","block_context":{"text":"MCTV","link":"https:\/\/moldovacrestina.md\/mctv\/"},"img":{"alt_text":"","src":"https:\/\/i0.wp.com\/cdn.moldovacrestina.md\/2025\/07\/87aabe70-uvrcctgsosy.jpg?resize=350%2C200&ssl=1","width":350,"height":200,"srcset":"https:\/\/i0.wp.com\/cdn.moldovacrestina.md\/2025\/07\/87aabe70-uvrcctgsosy.jpg?resize=350%2C200&ssl=1 1x, https:\/\/i0.wp.com\/cdn.moldovacrestina.md\/2025\/07\/87aabe70-uvrcctgsosy.jpg?resize=525%2C300&ssl=1 1.5x, https:\/\/i0.wp.com\/cdn.moldovacrestina.md\/2025\/07\/87aabe70-uvrcctgsosy.jpg?resize=700%2C400&ssl=1 2x, https:\/\/i0.wp.com\/cdn.moldovacrestina.md\/2025\/07\/87aabe70-uvrcctgsosy.jpg?resize=1050%2C600&ssl=1 3x"},"classes":[]},{"id":362355,"url":"https:\/\/moldovacrestina.md\/andrian-lascu-copilarie-rebela-credinta-in-dumnezeu-sansa-de-a-fi-parinte-campion-la-futsal\/","url_meta":{"origin":55537,"position":5},"title":"Andrian La\u0219cu: Copil\u0103rie rebel\u0103, credin\u021ba \u00een Dumnezeu, \u0219ansa de a fi p\u0103rinte, campion la futsal.","author":"Moldova Cre\u0219tin\u0103","date":"March 16, 2025","format":false,"excerpt":"Andrian La\u0219cu de\u021bine dou\u0103 titluri de campion al Rom\u00e2niei \u0219i a fost ales \u00een dou\u0103 r\u00e2nduri cel mai bun juc\u0103tor de futsal al anului \u00een Republica Moldova. Conform Federa\u021biei Moldovene\u0219ti de Fotbal el se num\u0103r\u0103 printre cei mai valoro\u0219i juc\u0103tori din Liga 1 rom\u00e2neasc\u0103 de fotbal de sal\u0103. Afla\u021bi din\u2026","rel":"","context":"<span class=\"jp-relatedposts-post-author\">Moldova Cre\u0219tin\u0103<\/span>","block_context":{"text":"MCTV","link":"https:\/\/moldovacrestina.md\/mctv\/"},"img":{"alt_text":"","src":"https:\/\/i0.wp.com\/cdn.moldovacrestina.md\/2025\/03\/a1a5e5b7-vb0e2k6ablc.jpg?resize=350%2C200&ssl=1","width":350,"height":200,"srcset":"https:\/\/i0.wp.com\/cdn.moldovacrestina.md\/2025\/03\/a1a5e5b7-vb0e2k6ablc.jpg?resize=350%2C200&ssl=1 1x, https:\/\/i0.wp.com\/cdn.moldovacrestina.md\/2025\/03\/a1a5e5b7-vb0e2k6ablc.jpg?resize=525%2C300&ssl=1 1.5x, https:\/\/i0.wp.com\/cdn.moldovacrestina.md\/2025\/03\/a1a5e5b7-vb0e2k6ablc.jpg?resize=700%2C400&ssl=1 2x, https:\/\/i0.wp.com\/cdn.moldovacrestina.md\/2025\/03\/a1a5e5b7-vb0e2k6ablc.jpg?resize=1050%2C600&ssl=1 3x"},"classes":[]}],"jetpack_sharing_enabled":true,"_links":{"self":[{"href":"https:\/\/moldovacrestina.md\/en\/wp-json\/wp\/v2\/posts\/55537","targetHints":{"allow":["GET"]}}],"collection":[{"href":"https:\/\/moldovacrestina.md\/en\/wp-json\/wp\/v2\/posts"}],"about":[{"href":"https:\/\/moldovacrestina.md\/en\/wp-json\/wp\/v2\/types\/post"}],"author":[{"embeddable":true,"href":"https:\/\/moldovacrestina.md\/en\/wp-json\/wp\/v2\/users\/46"}],"replies":[{"embeddable":true,"href":"https:\/\/moldovacrestina.md\/en\/wp-json\/wp\/v2\/comments?post=55537"}],"version-history":[{"count":0,"href":"https:\/\/moldovacrestina.md\/en\/wp-json\/wp\/v2\/posts\/55537\/revisions"}],"wp:attachment":[{"href":"https:\/\/moldovacrestina.md\/en\/wp-json\/wp\/v2\/media?parent=55537"}],"wp:term":[{"taxonomy":"category","embeddable":true,"href":"https:\/\/moldovacrestina.md\/en\/wp-json\/wp\/v2\/categories?post=55537"},{"taxonomy":"post_tag","embeddable":true,"href":"https:\/\/moldovacrestina.md\/en\/wp-json\/wp\/v2\/tags?post=55537"}],"curies":[{"name":"wp","href":"https:\/\/api.w.org\/{rel}","templated":true}]}}