{"id":55527,"date":"2009-04-10T13:58:58","date_gmt":"2009-04-10T11:58:58","guid":{"rendered":"https:\/\/moldovacrestina.md\/how-to-behave-as-a-christian-in-this-difficult-time-for-moldova"},"modified":"2017-05-27T08:43:47","modified_gmt":"2017-05-27T06:43:47","slug":"how-to-behave-as-a-christian-in-this-difficult-time-for-moldova","status":"publish","type":"post","link":"https:\/\/moldovacrestina.md\/en\/how-to-behave-as-a-christian-in-this-difficult-time-for-moldova\/","title":{"rendered":"How to behave as a Christian in this difficult time for Moldova?"},"content":{"rendered":"<p style=\"text-align: justify\">\n<p><img decoding=\"async\" alt=\"\" src=\"http:\/\/farm4.static.flickr.com\/3171\/3420772411_2b9372f775.jpg?v=0\" border=\"0\" class=\"aligncenter size-full img-resp\"><\/p>\n<p>What happened on the 7<sup>th<\/sup> of April has never happened before in Moldova. I haven\u2019t ever thought that the\u00a0indignation of a peaceful and quiet nation can come to the point that the crowd looked angrily and was pleased how those two buildings of the Parliament and Presidency were burning and being devastated. I had such a great pain in my heart while I was looking at what was happening. I met there, in the square some other Christians who were also concerned and did not know how to behave. Here are some things we\u00a0are indebted and waited to do in these difficult times.<\/p>\n<p><strong>Inquire and do not believe the lies<\/strong><\/p>\n<p>It is very difficult to understand now who is guilty, that\u2019s why, be very attentive and don\u2019t believe the lies that are spread. Inquire and judge well before you make any conclusion. I watched very attentively the reportages of JurnalTV that presented the negotiations between the leaders of opposition and the President Voronin, the representatives of communist government, then I\u00a0looked at the press conference where Serafim Urecheanu, Marian Lupu, Dorin Chirtoaca and Vlad\u00a0Filat participated. The leaders of opposition didn\u2019t have access to\u00a0radio and TV, and the government spread rumors that they organized those actions of protest.<\/p>\n<p><strong>Don\u2019t follow the\u00a0crowd to do evil<\/strong><\/p>\n<p>The crowd spirit is very dangerous and it affects one badly, making him ready to commit any crime. Those who devastated the buildings of Presidency and Parliament have no excuse, because there was no one to reply to what they asserted. God wrote a commandment in the Holy Scripture that says:<\/p>\n<blockquote class=\"td_quote_box td_box_center\">\n<p>You shall not bear a false report; do not join your hand with a wicked man to be a malicious witness.\u00a0<strong>You shall not follow the masses in doing evil<\/strong>, nor shall you testify in a dispute so as to turn aside after a multitude in order to pervert justice. (Exodus 23:1\u20132)(NASB)<\/p>\n<\/blockquote>\n<p dir=\"ltr\"><strong>Continue to pray<\/strong><\/p>\n<p dir=\"ltr\">This is the power of Christians, that is not known by others, but which we have experienced and experience day by day. Some of those who protest began to make the necessary change in the country without thinking or appealing to God, who said:<\/p>\n<blockquote class=\"td_quote_box td_box_center\">\n<p dir=\"ltr\">Unless the LORD builds the house,\u00a0they labor in vain who build it;\u00a0unless the LORD guards the city,\u00a0the watchman keeps awake in vain.\u00a0It is vain for you to rise up early,\u00a0to retire late,\u00a0to eat the bread of painful labors;\u00a0for He gives to His beloved even in his sleep. (Psalm 127:1\u20132)(NASB)<\/p>\n<\/blockquote>\n<p dir=\"ltr\">If we do not come to God to ask for help and victory, if we act as a nation without caring about His will, we may realize that we have established a greater evil after these events, such as dictatorship. That\u2019s why, let us pray and have a spirit of prayer for the country. Let us pray that God may thwart the plans of the evil, because the silence of the government is too suspicious while those two buildings were devastated. Tell all your friends, come and pray with your families, neighbors, with the whole church, because many will go to the square, I urge them to create small groups and to pray among people for them and to invite them to pray with you.<\/p>\n<p dir=\"ltr\"><strong>Realize the real cause of misfortune<\/strong><\/p>\n<p dir=\"ltr\">It is true that there are many reasons that led to this disaster we live today, but our sins, of the whole nation, are the main cause, as God says in the Holy Scripture:<\/p>\n<blockquote class=\"td_quote_box td_box_center\">\n<p dir=\"ltr\">But this people has a stubborn and rebellious heart;\u00a0they have turned aside and departed.\u00a0They do not say in their heart,\u00a0\u201dLet us now fear the LORD our God,\u00a0who gives rain in its season,\u00a0both the autumn rain and the spring rain,\u00a0who keeps for us\u00a0the appointed weeks of the harvest.\u201d\u00a0<strong>Your iniquities have turned these away,\u00a0and your sins have withheld good from you.<\/strong> For wicked men are found among My people,\u00a0they watch like fowlers lying in wait;\u00a0they set a trap,\u00a0they catch men.\u00a0Like a cage full of birds,\u00a0so their houses are full of deceit;\u00a0therefore they have become great and rich.\u00a0They are fat, they are sleek,\u00a0<strong>they also excel in deeds of wickedness<\/strong>;\u00a0they do not plead the cause,\u00a0the cause of the orphan, that they may prosper;\u00a0and they do not defend the rights of the poor.\u00a0Shall I not punish these people?\u2019 declares the LORD,\u00a0\u2019On a nation such as this\u00a0shall I not avenge Myself?\u2019 (Jeremiah 5:23\u201329)(NASB)<\/p>\n<\/blockquote>\n<p dir=\"ltr\">Tell others to know that the main cause of the misfortunes we pass through are our sins as a nation.<\/p>\n<p dir=\"ltr\"><strong>Call people to repent<\/strong><\/p>\n<p dir=\"ltr\">When\u00a0his country was passing through a very great trial because of the sins of the people, the prophet Jeremiah prayed for his nation so:<\/p>\n<blockquote class=\"td_quote_box td_box_center\">\n<p dir=\"ltr\">Elders are gone from the gate,\u00a0young men from their music.\u00a0The joy of our hearts has ceased;\u00a0our dancing has been turned into mourning.\u00a0The crown has fallen from our head;\u00a0woe to us, for we have sinned!\u00a0Because of this our heart is faint,\u00a0because of these things our eyes are dim;\u00a0because of Mount Zion which lies desolate,\u00a0foxes prowl in it.\u00a0You, O LORD, rule forever;\u00a0your throne is from generation to generation.\u00a0Why do You forget us forever?\u00a0Why do You forsake us so long?\u00a0Restore us to You, O LORD, that we may be restored;\u00a0renew our days as of old,\u00a0unless You have utterly rejected us\u00a0and are exceedingly angry with us. (Lamentations 5:14\u201322)(NASB)<\/p>\n<\/blockquote>\n<p dir=\"ltr\">Let us follow the example of Jeremiah to call all our nation to repentance and to pray for the repentance of our nation. God help us this!<\/p>\n<p dir=\"ltr\"><em>Translated by Felicia Djugostran<\/em><\/p><\/p>\n","protected":false},"excerpt":{"rendered":"<p>What happened on the 7th of April has never happened before in Moldova. I haven\u2019t ever thought that the\u00a0indignation of a peaceful and quiet nation can come to the point that the crowd looked angrily and was pleased how those two buildings of the Parliament and Presidency were burning and being devastated. I had such [&hellip;]<\/p>\n","protected":false},"author":46,"featured_media":106648,"comment_status":"closed","ping_status":"closed","sticky":false,"template":"","format":"standard","meta":{"_acf_changed":false,"inline_featured_image":false,"_monsterinsights_skip_tracking":false,"_monsterinsights_sitenote_active":false,"_monsterinsights_sitenote_note":"","_monsterinsights_sitenote_category":0,"_genesis_hide_title":false,"_genesis_hide_breadcrumbs":false,"_genesis_hide_singular_image":false,"_genesis_hide_footer_widgets":false,"_genesis_custom_body_class":"","_genesis_custom_post_class":"","_genesis_layout":"","ep_exclude_from_search":false,"_jetpack_memberships_contains_paid_content":false,"footnotes":""},"categories":[126],"tags":[4151,7934,8864,9683,10349,12251,18058,19772,20224,329,4842,7961,9005,9726,10365,12418,18580,19788,20230,622,5213,7969,9023,9749,10372,12438,18948,19793,20295,942,5595,8020,9027,9789,10383,12781,18950,19809,20368,1101,6130,8048,9056,9805,10385,12860,19072,19837,20502,2375,6420,8066,9135,9847,10401,12873,19273,19866,20515,2524,6800,8238,9182,9848,10427,12895,19439,19873,23051,2785,7100,8250,9268,9857,10430,12981,19525,19884,24323,2944,7796,8360,9396,9861,10525,13557,19549,19906,24646,2945,7797,8482,9504,9862,10619,14267,19596,19954,2948,7798,8484,9547,9865,10723,14649,19709,20003,2949,7801,8604,9609,9922,10757,14723,19712,20048,3154,7853,8639,9632,10056,10844,14824,19721,20072,3435,7859,8824,9648,10083,11652,15704,19722,20210,3941,7903,8834,9654,10248,11788,17912,19751,20218,3942,7915,8845,9668,10322,12190,18057,19766,20222],"class_list":{"0":"post-55527","1":"post","2":"type-post","3":"status-publish","4":"format-standard","5":"has-post-thumbnail","7":"category-answer-from-the-bible","8":"tag-st","9":"tag-moldova","10":"tag-fa","11":"tag-do","12":"tag-today","13":"tag-cer","14":"tag-heart","15":"tag-example","16":"tag-fear","17":"tag-da","18":"tag-ins","19":"tag-believe","20":"tag-christ","21":"tag-j","22":"tag-jurnaltv","23":"tag-rom","24":"tag-ny","25":"tag-joy","26":"tag-dictatorship","27":"tag-oi","28":"tag-rap","29":"tag-church","30":"tag-maria","31":"tag-repentance","32":"tag-pr","33":"tag-but","34":"tag-vai","35":"tag-son","36":"tag-jeremiah","37":"tag-ore","38":"tag-set","39":"tag-events","40":"tag-stat","41":"tag-christians","42":"tag-power","43":"tag-vite","44":"tag-i","45":"tag-trial","46":"tag-rights","47":"tag-co","48":"tag-cip","49":"tag-umor","50":"tag-rai","51":"tag-anger","52":"tag-evil","53":"tag-gene","54":"tag-ami","55":"tag-sea","56":"tag-will","57":"tag-ilie","58":"tag-ani","59":"tag-famili","60":"tag-excel","61":"tag-r","62":"tag-repent","63":"tag-reve","64":"tag-eve","65":"tag-state","66":"tag-lab","67":"tag-mo","68":"tag-creat","69":"tag-har","70":"tag-t","71":"tag-prayer","72":"tag-l","73":"tag-exod","74":"tag-who","75":"tag-rest","76":"tag-ring","77":"tag-famil","78":"tag-crime","79":"tag-music","80":"tag-pl","81":"tag-pray","82":"tag-house","83":"tag-mari","84":"tag-mal","85":"tag-good","86":"tag-rebel","87":"tag-chirtoaca","88":"tag-man","89":"tag-dor","90":"tag-parti","91":"tag-poor","92":"tag-peace","93":"tag-like","94":"tag-amo","95":"tag-danger","96":"tag-tit","97":"tag-filat","98":"tag-men","99":"tag-om","100":"tag-mol","101":"tag-rich","102":"tag-le","103":"tag-mai","104":"tag-si","105":"tag-government","106":"tag-serafim-urecheanu","107":"tag-people","108":"tag-eva","109":"tag-organ","110":"tag-labor","111":"tag-b","112":"tag-ou","113":"tag-war","114":"tag-prophet","115":"tag-urecheanu","116":"tag-cult","117":"tag-eli","118":"tag-marian-lupu","119":"tag-o","120":"tag-un","121":"tag-ue","122":"tag-lie","123":"tag-elders","124":"tag-mourn","125":"tag-love","126":"tag-sin","127":"tag-pro","128":"tag-sc","129":"tag-the","130":"tag-ong","131":"tag-neighbor","132":"tag-elder","133":"tag-friends","134":"tag-god","135":"tag-plan","136":"tag-ion","137":"tag-ca","138":"tag-justice","139":"tag-la","140":"tag-scripture","141":"tag-sins","142":"tag-lupu","143":"tag-protest","144":"tag-te","145":"tag-prot","146":"tag-po","147":"tag-ange","148":"tag-zi","149":"tag-holy-scripture","150":"tag-leaders","151":"tag-marian","152":"tag-familie","153":"tag-p","154":"tag-ta","155":"tag-christian","156":"tag-sion","157":"tag-thinking","158":"tag-help","159":"tag-commandment","160":"entry"},"acf":[],"yoast_head":"<!-- This site is optimized with the Yoast SEO Premium plugin v26.5 (Yoast SEO v27.4) - https:\/\/yoast.com\/product\/yoast-seo-premium-wordpress\/ -->\n<title>How to behave as a Christian in this difficult time for Moldova? &#8226; Moldova Cre\u0219tin\u0103<\/title>\n<meta name=\"description\" content=\"What happened on the 7th of April has never happened before in Moldova. I haven&rsquo;t ever thought that the&nbsp;indignation of a peaceful and\" \/>\n<meta name=\"robots\" content=\"index, follow, max-snippet:-1, max-image-preview:large, max-video-preview:-1\" \/>\n<link rel=\"canonical\" href=\"https:\/\/moldovacrestina.md\/en\/how-to-behave-as-a-christian-in-this-difficult-time-for-moldova\/\" \/>\n<meta property=\"og:locale\" content=\"en_US\" \/>\n<meta property=\"og:type\" content=\"article\" \/>\n<meta property=\"og:title\" content=\"How to behave as a Christian in this difficult time for Moldova?\" \/>\n<meta property=\"og:description\" content=\"What happened on the 7th of April has never happened before in Moldova. I haven&rsquo;t ever thought that the&nbsp;indignation of a peaceful and\" \/>\n<meta property=\"og:url\" content=\"https:\/\/moldovacrestina.md\/en\/how-to-behave-as-a-christian-in-this-difficult-time-for-moldova\/\" \/>\n<meta property=\"og:site_name\" content=\"Moldova Cre\u0219tin\u0103\" \/>\n<meta property=\"article:publisher\" content=\"https:\/\/www.facebook.com\/moldovacrestina\/\" \/>\n<meta property=\"article:published_time\" content=\"2009-04-10T11:58:58+00:00\" \/>\n<meta property=\"article:modified_time\" content=\"2017-05-27T06:43:47+00:00\" \/>\n<meta property=\"og:image\" content=\"https:\/\/cdn.moldovacrestina.md\/2016\/10\/3420772411_2b9372f775-1.jpg\" \/>\n\t<meta property=\"og:image:width\" content=\"500\" \/>\n\t<meta property=\"og:image:height\" content=\"375\" \/>\n\t<meta property=\"og:image:type\" content=\"image\/jpeg\" \/>\n<meta name=\"author\" content=\"Vasile Filat\" \/>\n<meta name=\"twitter:card\" content=\"summary_large_image\" \/>\n<meta name=\"twitter:creator\" content=\"@moldovacrestina\" \/>\n<meta name=\"twitter:site\" content=\"@moldovacrestina\" \/>\n<meta name=\"twitter:label1\" content=\"Written by\" \/>\n\t<meta name=\"twitter:data1\" content=\"Vasile Filat\" \/>\n\t<meta name=\"twitter:label2\" content=\"Est. reading time\" \/>\n\t<meta name=\"twitter:data2\" content=\"5 minutes\" \/>\n<script type=\"application\/ld+json\" class=\"yoast-schema-graph\">{\"@context\":\"https:\\\/\\\/schema.org\",\"@graph\":[{\"@type\":\"Article\",\"@id\":\"https:\\\/\\\/moldovacrestina.md\\\/en\\\/how-to-behave-as-a-christian-in-this-difficult-time-for-moldova\\\/#article\",\"isPartOf\":{\"@id\":\"https:\\\/\\\/moldovacrestina.md\\\/en\\\/how-to-behave-as-a-christian-in-this-difficult-time-for-moldova\\\/\"},\"author\":{\"name\":\"Vasile Filat\",\"@id\":\"https:\\\/\\\/moldovacrestina.md\\\/en\\\/#\\\/schema\\\/person\\\/04b204bbb582cc832c3d2424f5d27dc0\"},\"headline\":\"How to behave as a Christian in this difficult time for Moldova?\",\"datePublished\":\"2009-04-10T11:58:58+00:00\",\"dateModified\":\"2017-05-27T06:43:47+00:00\",\"mainEntityOfPage\":{\"@id\":\"https:\\\/\\\/moldovacrestina.md\\\/en\\\/how-to-behave-as-a-christian-in-this-difficult-time-for-moldova\\\/\"},\"wordCount\":978,\"image\":{\"@id\":\"https:\\\/\\\/moldovacrestina.md\\\/en\\\/how-to-behave-as-a-christian-in-this-difficult-time-for-moldova\\\/#primaryimage\"},\"thumbnailUrl\":\"https:\\\/\\\/moldovacrestina.md\\\/wp-content\\\/uploads\\\/2016\\\/10\\\/3420772411_2b9372f775-1.jpg\",\"keywords\":[\"st\",\"moldova\",\"Fa\",\"Do\",\"today\",\"cer\",\"heart\",\"example\",\"fear\",\"da\",\"ins\",\"believe\",\"Christ\",\"j\",\"jurnaltv\",\"rom\",\"NY\",\"joy\",\"dictatorship\",\"oi\",\"rap\",\"Church\",\"Maria\",\"repentance\",\"pr\",\"but\",\"vai\",\"son\",\"Jeremiah\",\"ore\",\"set\",\"Events\",\"stat\",\"Christians\",\"power\",\"vite\",\"I\",\"trial\",\"Rights\",\"co\",\"cip\",\"Umor\",\"rai\",\"anger\",\"evil\",\"gene\",\"AMI\",\"sea\",\"will\",\"Ilie\",\"ani\",\"Famili\",\"excel\",\"r\",\"repent\",\"reve\",\"Eve\",\"state\",\"lab\",\"mo\",\"creat\",\"har\",\"t\",\"prayer\",\"l\",\"Exod\",\"who\",\"rest\",\"ring\",\"famil\",\"crime\",\"Music\",\"PL\",\"pray\",\"house\",\"mari\",\"mal\",\"good\",\"rebel\",\"chirtoaca\",\"Man\",\"dor\",\"parti\",\"poor\",\"peace\",\"like\",\"amo\",\"danger\",\"tit\",\"filat\",\"Men\",\"om\",\"mol\",\"rich\",\"le\",\"MAI\",\"si\",\"government\",\"serafim urecheanu\",\"People\",\"Eva\",\"organ\",\"labor\",\"b\",\"ou\",\"war\",\"prophet\",\"urecheanu\",\"cult\",\"Eli\",\"marian lupu\",\"o\",\"un\",\"UE\",\"lie\",\"elders\",\"mourn\",\"Love\",\"sin\",\"pro\",\"sc\",\"the\",\"ONG\",\"neighbor\",\"elder\",\"friends\",\"God\",\"plan\",\"ion\",\"ca\",\"justice\",\"la\",\"Scripture\",\"sins\",\"lupu\",\"protest\",\"Te\",\"prot\",\"Po\",\"ange\",\"zi\",\"Holy Scripture\",\"leaders\",\"marian\",\"Familie\",\"P\",\"ta\",\"Christian\",\"Sion\",\"thinking\",\"help\",\"commandment\"],\"articleSection\":[\"Answers from the Bible\"],\"inLanguage\":\"en-US\"},{\"@type\":\"WebPage\",\"@id\":\"https:\\\/\\\/moldovacrestina.md\\\/en\\\/how-to-behave-as-a-christian-in-this-difficult-time-for-moldova\\\/\",\"url\":\"https:\\\/\\\/moldovacrestina.md\\\/en\\\/how-to-behave-as-a-christian-in-this-difficult-time-for-moldova\\\/\",\"name\":\"How to behave as a Christian in this difficult time for Moldova? &#8226; Moldova Cre\u0219tin\u0103\",\"isPartOf\":{\"@id\":\"https:\\\/\\\/moldovacrestina.md\\\/en\\\/#website\"},\"primaryImageOfPage\":{\"@id\":\"https:\\\/\\\/moldovacrestina.md\\\/en\\\/how-to-behave-as-a-christian-in-this-difficult-time-for-moldova\\\/#primaryimage\"},\"image\":{\"@id\":\"https:\\\/\\\/moldovacrestina.md\\\/en\\\/how-to-behave-as-a-christian-in-this-difficult-time-for-moldova\\\/#primaryimage\"},\"thumbnailUrl\":\"https:\\\/\\\/moldovacrestina.md\\\/wp-content\\\/uploads\\\/2016\\\/10\\\/3420772411_2b9372f775-1.jpg\",\"datePublished\":\"2009-04-10T11:58:58+00:00\",\"dateModified\":\"2017-05-27T06:43:47+00:00\",\"author\":{\"@id\":\"https:\\\/\\\/moldovacrestina.md\\\/en\\\/#\\\/schema\\\/person\\\/04b204bbb582cc832c3d2424f5d27dc0\"},\"description\":\"What happened on the 7th of April has never happened before in Moldova. I haven&rsquo;t ever thought that the&nbsp;indignation of a peaceful and\",\"breadcrumb\":{\"@id\":\"https:\\\/\\\/moldovacrestina.md\\\/en\\\/how-to-behave-as-a-christian-in-this-difficult-time-for-moldova\\\/#breadcrumb\"},\"inLanguage\":\"en-US\",\"potentialAction\":[{\"@type\":\"ReadAction\",\"target\":[\"https:\\\/\\\/moldovacrestina.md\\\/en\\\/how-to-behave-as-a-christian-in-this-difficult-time-for-moldova\\\/\"]}]},{\"@type\":\"ImageObject\",\"inLanguage\":\"en-US\",\"@id\":\"https:\\\/\\\/moldovacrestina.md\\\/en\\\/how-to-behave-as-a-christian-in-this-difficult-time-for-moldova\\\/#primaryimage\",\"url\":\"https:\\\/\\\/moldovacrestina.md\\\/wp-content\\\/uploads\\\/2016\\\/10\\\/3420772411_2b9372f775-1.jpg\",\"contentUrl\":\"https:\\\/\\\/moldovacrestina.md\\\/wp-content\\\/uploads\\\/2016\\\/10\\\/3420772411_2b9372f775-1.jpg\",\"width\":500,\"height\":375},{\"@type\":\"BreadcrumbList\",\"@id\":\"https:\\\/\\\/moldovacrestina.md\\\/en\\\/how-to-behave-as-a-christian-in-this-difficult-time-for-moldova\\\/#breadcrumb\",\"itemListElement\":[{\"@type\":\"ListItem\",\"position\":1,\"name\":\"Prima pagin\u0103\",\"item\":\"https:\\\/\\\/moldovacrestina.md\\\/en\\\/\"},{\"@type\":\"ListItem\",\"position\":2,\"name\":\"Answers from the Bible\",\"item\":\"https:\\\/\\\/moldovacrestina.md\\\/en\\\/answer-from-the-bible\\\/\"},{\"@type\":\"ListItem\",\"position\":3,\"name\":\"How to behave as a Christian in this difficult time for Moldova?\"}]},{\"@type\":\"WebSite\",\"@id\":\"https:\\\/\\\/moldovacrestina.md\\\/en\\\/#website\",\"url\":\"https:\\\/\\\/moldovacrestina.md\\\/en\\\/\",\"name\":\"Moldova Cre\u0219tin\u0103\",\"description\":\"R\u0103spunsuri relevante \u0219i actuale din Biblie\",\"potentialAction\":[{\"@type\":\"SearchAction\",\"target\":{\"@type\":\"EntryPoint\",\"urlTemplate\":\"https:\\\/\\\/moldovacrestina.md\\\/en\\\/?s={search_term_string}\"},\"query-input\":{\"@type\":\"PropertyValueSpecification\",\"valueRequired\":true,\"valueName\":\"search_term_string\"}}],\"inLanguage\":\"en-US\"},{\"@type\":\"Person\",\"@id\":\"https:\\\/\\\/moldovacrestina.md\\\/en\\\/#\\\/schema\\\/person\\\/04b204bbb582cc832c3d2424f5d27dc0\",\"name\":\"Vasile Filat\",\"image\":{\"@type\":\"ImageObject\",\"inLanguage\":\"en-US\",\"@id\":\"https:\\\/\\\/secure.gravatar.com\\\/avatar\\\/2e02d082d139dd6eb634318c9cf2c3a8281db62f24f87a134adb4f2020e77ab3?s=96&d=mm&r=g\",\"url\":\"https:\\\/\\\/secure.gravatar.com\\\/avatar\\\/2e02d082d139dd6eb634318c9cf2c3a8281db62f24f87a134adb4f2020e77ab3?s=96&d=mm&r=g\",\"contentUrl\":\"https:\\\/\\\/secure.gravatar.com\\\/avatar\\\/2e02d082d139dd6eb634318c9cf2c3a8281db62f24f87a134adb4f2020e77ab3?s=96&d=mm&r=g\",\"caption\":\"Vasile Filat\"},\"description\":\"P\u0103storesc\u00a0Biserica Bunavestire din Chi\u0219in\u0103u, predau Cuv\u00e2ntul lui Dumnezeu la\u00a0Institutul de Studiu Biblic Inductiv din Eurasia\u00a0\u0219i conduc\u00a0Asocia\u021bia \\\"\u00cenv\u0103\u021b\u0103tur\u0103 din Cuv\u00e2nt - Precept Ministries\\\" din Moldova. \u00cempreun\u0103 cu so\u021bia mea\u00a0Anastasia, avem trei copii. Din Aprilie 2007 am oferit r\u0103spunsuri din Biblie pe acest site la \u00eentreb\u0103ri adresate de cititori. Mai mult despre mine citi\u021bi\u00a0aici.\",\"url\":\"https:\\\/\\\/moldovacrestina.md\\\/en\\\/author\\\/vasile-filat\\\/\"}]}<\/script>\n<!-- \/ Yoast SEO Premium plugin. -->","yoast_head_json":{"title":"How to behave as a Christian in this difficult time for Moldova? &#8226; Moldova Cre\u0219tin\u0103","description":"What happened on the 7th of April has never happened before in Moldova. I haven&rsquo;t ever thought that the&nbsp;indignation of a peaceful and","robots":{"index":"index","follow":"follow","max-snippet":"max-snippet:-1","max-image-preview":"max-image-preview:large","max-video-preview":"max-video-preview:-1"},"canonical":"https:\/\/moldovacrestina.md\/en\/how-to-behave-as-a-christian-in-this-difficult-time-for-moldova\/","og_locale":"en_US","og_type":"article","og_title":"How to behave as a Christian in this difficult time for Moldova?","og_description":"What happened on the 7th of April has never happened before in Moldova. I haven&rsquo;t ever thought that the&nbsp;indignation of a peaceful and","og_url":"https:\/\/moldovacrestina.md\/en\/how-to-behave-as-a-christian-in-this-difficult-time-for-moldova\/","og_site_name":"Moldova Cre\u0219tin\u0103","article_publisher":"https:\/\/www.facebook.com\/moldovacrestina\/","article_published_time":"2009-04-10T11:58:58+00:00","article_modified_time":"2017-05-27T06:43:47+00:00","og_image":[{"width":500,"height":375,"url":"https:\/\/cdn.moldovacrestina.md\/2016\/10\/3420772411_2b9372f775-1.jpg","type":"image\/jpeg"}],"author":"Vasile Filat","twitter_card":"summary_large_image","twitter_creator":"@moldovacrestina","twitter_site":"@moldovacrestina","twitter_misc":{"Written by":"Vasile Filat","Est. reading time":"5 minutes"},"schema":{"@context":"https:\/\/schema.org","@graph":[{"@type":"Article","@id":"https:\/\/moldovacrestina.md\/en\/how-to-behave-as-a-christian-in-this-difficult-time-for-moldova\/#article","isPartOf":{"@id":"https:\/\/moldovacrestina.md\/en\/how-to-behave-as-a-christian-in-this-difficult-time-for-moldova\/"},"author":{"name":"Vasile Filat","@id":"https:\/\/moldovacrestina.md\/en\/#\/schema\/person\/04b204bbb582cc832c3d2424f5d27dc0"},"headline":"How to behave as a Christian in this difficult time for Moldova?","datePublished":"2009-04-10T11:58:58+00:00","dateModified":"2017-05-27T06:43:47+00:00","mainEntityOfPage":{"@id":"https:\/\/moldovacrestina.md\/en\/how-to-behave-as-a-christian-in-this-difficult-time-for-moldova\/"},"wordCount":978,"image":{"@id":"https:\/\/moldovacrestina.md\/en\/how-to-behave-as-a-christian-in-this-difficult-time-for-moldova\/#primaryimage"},"thumbnailUrl":"https:\/\/moldovacrestina.md\/wp-content\/uploads\/2016\/10\/3420772411_2b9372f775-1.jpg","keywords":["st","moldova","Fa","Do","today","cer","heart","example","fear","da","ins","believe","Christ","j","jurnaltv","rom","NY","joy","dictatorship","oi","rap","Church","Maria","repentance","pr","but","vai","son","Jeremiah","ore","set","Events","stat","Christians","power","vite","I","trial","Rights","co","cip","Umor","rai","anger","evil","gene","AMI","sea","will","Ilie","ani","Famili","excel","r","repent","reve","Eve","state","lab","mo","creat","har","t","prayer","l","Exod","who","rest","ring","famil","crime","Music","PL","pray","house","mari","mal","good","rebel","chirtoaca","Man","dor","parti","poor","peace","like","amo","danger","tit","filat","Men","om","mol","rich","le","MAI","si","government","serafim urecheanu","People","Eva","organ","labor","b","ou","war","prophet","urecheanu","cult","Eli","marian lupu","o","un","UE","lie","elders","mourn","Love","sin","pro","sc","the","ONG","neighbor","elder","friends","God","plan","ion","ca","justice","la","Scripture","sins","lupu","protest","Te","prot","Po","ange","zi","Holy Scripture","leaders","marian","Familie","P","ta","Christian","Sion","thinking","help","commandment"],"articleSection":["Answers from the Bible"],"inLanguage":"en-US"},{"@type":"WebPage","@id":"https:\/\/moldovacrestina.md\/en\/how-to-behave-as-a-christian-in-this-difficult-time-for-moldova\/","url":"https:\/\/moldovacrestina.md\/en\/how-to-behave-as-a-christian-in-this-difficult-time-for-moldova\/","name":"How to behave as a Christian in this difficult time for Moldova? &#8226; Moldova Cre\u0219tin\u0103","isPartOf":{"@id":"https:\/\/moldovacrestina.md\/en\/#website"},"primaryImageOfPage":{"@id":"https:\/\/moldovacrestina.md\/en\/how-to-behave-as-a-christian-in-this-difficult-time-for-moldova\/#primaryimage"},"image":{"@id":"https:\/\/moldovacrestina.md\/en\/how-to-behave-as-a-christian-in-this-difficult-time-for-moldova\/#primaryimage"},"thumbnailUrl":"https:\/\/moldovacrestina.md\/wp-content\/uploads\/2016\/10\/3420772411_2b9372f775-1.jpg","datePublished":"2009-04-10T11:58:58+00:00","dateModified":"2017-05-27T06:43:47+00:00","author":{"@id":"https:\/\/moldovacrestina.md\/en\/#\/schema\/person\/04b204bbb582cc832c3d2424f5d27dc0"},"description":"What happened on the 7th of April has never happened before in Moldova. I haven&rsquo;t ever thought that the&nbsp;indignation of a peaceful and","breadcrumb":{"@id":"https:\/\/moldovacrestina.md\/en\/how-to-behave-as-a-christian-in-this-difficult-time-for-moldova\/#breadcrumb"},"inLanguage":"en-US","potentialAction":[{"@type":"ReadAction","target":["https:\/\/moldovacrestina.md\/en\/how-to-behave-as-a-christian-in-this-difficult-time-for-moldova\/"]}]},{"@type":"ImageObject","inLanguage":"en-US","@id":"https:\/\/moldovacrestina.md\/en\/how-to-behave-as-a-christian-in-this-difficult-time-for-moldova\/#primaryimage","url":"https:\/\/moldovacrestina.md\/wp-content\/uploads\/2016\/10\/3420772411_2b9372f775-1.jpg","contentUrl":"https:\/\/moldovacrestina.md\/wp-content\/uploads\/2016\/10\/3420772411_2b9372f775-1.jpg","width":500,"height":375},{"@type":"BreadcrumbList","@id":"https:\/\/moldovacrestina.md\/en\/how-to-behave-as-a-christian-in-this-difficult-time-for-moldova\/#breadcrumb","itemListElement":[{"@type":"ListItem","position":1,"name":"Prima pagin\u0103","item":"https:\/\/moldovacrestina.md\/en\/"},{"@type":"ListItem","position":2,"name":"Answers from the Bible","item":"https:\/\/moldovacrestina.md\/en\/answer-from-the-bible\/"},{"@type":"ListItem","position":3,"name":"How to behave as a Christian in this difficult time for Moldova?"}]},{"@type":"WebSite","@id":"https:\/\/moldovacrestina.md\/en\/#website","url":"https:\/\/moldovacrestina.md\/en\/","name":"Moldova Cre\u0219tin\u0103","description":"R\u0103spunsuri relevante \u0219i actuale din Biblie","potentialAction":[{"@type":"SearchAction","target":{"@type":"EntryPoint","urlTemplate":"https:\/\/moldovacrestina.md\/en\/?s={search_term_string}"},"query-input":{"@type":"PropertyValueSpecification","valueRequired":true,"valueName":"search_term_string"}}],"inLanguage":"en-US"},{"@type":"Person","@id":"https:\/\/moldovacrestina.md\/en\/#\/schema\/person\/04b204bbb582cc832c3d2424f5d27dc0","name":"Vasile Filat","image":{"@type":"ImageObject","inLanguage":"en-US","@id":"https:\/\/secure.gravatar.com\/avatar\/2e02d082d139dd6eb634318c9cf2c3a8281db62f24f87a134adb4f2020e77ab3?s=96&d=mm&r=g","url":"https:\/\/secure.gravatar.com\/avatar\/2e02d082d139dd6eb634318c9cf2c3a8281db62f24f87a134adb4f2020e77ab3?s=96&d=mm&r=g","contentUrl":"https:\/\/secure.gravatar.com\/avatar\/2e02d082d139dd6eb634318c9cf2c3a8281db62f24f87a134adb4f2020e77ab3?s=96&d=mm&r=g","caption":"Vasile Filat"},"description":"P\u0103storesc\u00a0Biserica Bunavestire din Chi\u0219in\u0103u, predau Cuv\u00e2ntul lui Dumnezeu la\u00a0Institutul de Studiu Biblic Inductiv din Eurasia\u00a0\u0219i conduc\u00a0Asocia\u021bia \"\u00cenv\u0103\u021b\u0103tur\u0103 din Cuv\u00e2nt - Precept Ministries\" din Moldova. \u00cempreun\u0103 cu so\u021bia mea\u00a0Anastasia, avem trei copii. Din Aprilie 2007 am oferit r\u0103spunsuri din Biblie pe acest site la \u00eentreb\u0103ri adresate de cititori. Mai mult despre mine citi\u021bi\u00a0aici.","url":"https:\/\/moldovacrestina.md\/en\/author\/vasile-filat\/"}]}},"jetpack_featured_media_url":"https:\/\/moldovacrestina.md\/wp-content\/uploads\/2016\/10\/3420772411_2b9372f775-1.jpg","video_meta":false,"featured_image":"https:\/\/moldovacrestina.md\/wp-content\/uploads\/2016\/10\/3420772411_2b9372f775-1.jpg","wpml":{"language_code":"en","locale":"en_US","text_direction":false,"display_name":"English","native_name":"Englez\u0103","different_language":false},"jetpack-related-posts":[{"id":61228,"url":"https:\/\/moldovacrestina.md\/marian-lupu-desrpre-legea-antidiscriminare\/","url_meta":{"origin":55527,"position":0},"title":"Ce crede Marian Lupu despre sintagma \u201dorientare sexual\u0103\u201d din legea anti-discriminare?","author":"Vasile Filat","date":"March 10, 2011","format":false,"excerpt":"Cu toate c\u0103 Alian\u0163a pentru Salvarea Familiilor din Moldova a anun\u0163at c\u0103 mitingul din 10 martie se transfer\u0103 pentru 17 martie, au venit oameni care au insistat s\u0103 vorbeasc\u0103 cu politicienii pe marginea acestei legi. Ne pare r\u0103u pentru cei care folosesc cuvinte indecente \u00een limbajul lor c\u00e2nd se refer\u0103\u2026","rel":"","context":"<span class=\"jp-relatedposts-post-author\">Vasile Filat<\/span>","block_context":{"text":"legea anti-discriminare","link":"https:\/\/moldovacrestina.md\/tag\/legea-anti-discriminare\/"},"img":{"alt_text":"","src":"","width":0,"height":0},"classes":[]},{"id":56532,"url":"https:\/\/moldovacrestina.md\/atitudinea-lui-marian-lupu-fata-de-propaganda-homosexuala-pdm\/","url_meta":{"origin":55527,"position":1},"title":"Ce atitudine a luat Marian Lupu fa\u0163\u0103 de propaganda homosexual\u0103 sus\u0163inut\u0103 de PDM?","author":"Vasile Filat","date":"July 22, 2009","format":false,"excerpt":"Este bine cunoscut faptul c\u0103 Partidul Democrat din Moldova \u015fi d-ul Dumitru Diacov personal sunt sus\u0163in\u0103tori \u015fi promotori ai Centrului de Informare \u00een mas\u0103 \u201eGender-Doc-M\u201d, care promoveaz\u0103 homosexualitatea \u00een Moldova sub pretext c\u0103 se lupt\u0103 \u00eempotriva discrimin\u0103rii. De mai mult timp, dar mai ales \u00eencep\u00e2nd cu luna mai 2008, membrii\u2026","rel":"","context":"<span class=\"jp-relatedposts-post-author\">Vasile Filat<\/span>","block_context":{"text":"Blogosfera","link":"https:\/\/moldovacrestina.md\/familie-si-societate\/blogosfera\/"},"img":{"alt_text":"","src":"","width":0,"height":0},"classes":[]},{"id":71696,"url":"https:\/\/moldovacrestina.md\/marian-lupu-prezinta-pericolele-adoptarii-legii-anti-discriminare-pe-criteriul-de-orientare-sexuala\/","url_meta":{"origin":55527,"position":2},"title":"Marian Lupu prezint\u0103 pericolele adopt\u0103rii legii anti-discriminare pe criteriul de &#8220;orientare sexual\u0103&#8221;","author":"Vitalie Marian","date":"March 10, 2011","format":false,"excerpt":"Marian Lupu r\u0103spunde unui protestatar, care-i cere nevotarea \u00een Parlament a legii nediscriminare bazat\u0103 pe sintagma \"orientare sexual\u0103\" (Joi, 10 Martie) var optiuni = {media_id:'0tg',autostart:false,fullscreen:false,proWidth:448,proHeight:366 }; Redau declara\u0163ia pre\u015fedintelui Parlamentului, Marian Lupu, sub form\u0103 de text: \"\u015eti\u0163i, noi am discutat cu mai multi deputati din c\u00eeteva parlamente din Europa, mai\u2026","rel":"","context":"<span class=\"jp-relatedposts-post-author\">Vitalie Marian<\/span>","block_context":{"text":"Blogosfera","link":"https:\/\/moldovacrestina.md\/familie-si-societate\/blogosfera\/"},"img":{"alt_text":"","src":"","width":0,"height":0},"classes":[]},{"id":70042,"url":"https:\/\/moldovacrestina.md\/sa-ne-rugam-pentru-sedinta-de-maine-a-liderilor-aie\/","url_meta":{"origin":55527,"position":3},"title":"S\u0103 ne rug\u0103m pentru \u015fedin\u0163a de m\u00e2ine a liderilor AIE","author":"Vitalie Marian","date":"December 7, 2010","format":false,"excerpt":"Vlad Filat, Marian Lupu \u0219i Mihai Ghimpu se \u00eent\u00e2lnesc m\u00e2ine \u00een format trilateral pentru discu\u021bii la Palatul Republicii. Potrivit liderului PLDM, \u00eentrunirea va avea loc la ora 10.00. Aceasta este prima \u00eent\u00e2lnire dintre cele 3 forma\u021biuni, care au format \u00een ultimul an Alian\u021ba pentru Integrare European\u0103. Ca nici odat\u0103 \u00een\u2026","rel":"","context":"<span class=\"jp-relatedposts-post-author\">Vitalie Marian<\/span>","block_context":{"text":"Blogosfera","link":"https:\/\/moldovacrestina.md\/familie-si-societate\/blogosfera\/"},"img":{"alt_text":"","src":"","width":0,"height":0},"classes":[]},{"id":70249,"url":"https:\/\/moldovacrestina.md\/diavolul-lui-lupu-se-ascunde-dupa-detalii\/","url_meta":{"origin":55527,"position":4},"title":"Diavolul lui Lupu se ascunde dup\u0103 detalii","author":"Vitalie Marian","date":"December 8, 2010","format":false,"excerpt":"Marian Lupu, Vlad Filat \u015fi Mihai Ghimpu s-au \u00eent\u00eelnit ast\u0103zi \u00een cadrul unei \u015fedin\u0163e \u00een format trilateral, pentru a purta negocieri pe marginea cre\u0103rii unei posibile alian\u0163e post-electorale.\u00a0Dup\u0103 circa 2 ore de \"negocieri\" cei trei au ie\u015fit \u00een fa\u0163a presei \u015fi nu au spus nimic concret oamenilor despre cele discutate.\u2026","rel":"","context":"<span class=\"jp-relatedposts-post-author\">Vitalie Marian<\/span>","block_context":{"text":"Blogosfera","link":"https:\/\/moldovacrestina.md\/familie-si-societate\/blogosfera\/"},"img":{"alt_text":"","src":"","width":0,"height":0},"classes":[]},{"id":70516,"url":"https:\/\/moldovacrestina.md\/turcan-stepaniuc-co-au-avut-sansa-de-a-intra-in-istorie\/","url_meta":{"origin":55527,"position":5},"title":"Turcan, Stepaniuc &amp; Co au avut \u015fansa de a intra \u00een istorie","author":"Vitalie Marian","date":"January 3, 2011","format":false,"excerpt":"Poate nu v\u0103 vine s\u0103 crede\u0163i dar au fost c\u00e2teva persoane care \u00een anul trecut au avut ocazia unic\u0103 de a produce o schimbare politic\u0103 f\u0103r\u0103 precedent \u00een istoria \u0163\u0103rii noastre. \u00cens\u0103 ace\u015fti oameni au f\u0103cut doar jum\u0103tate de pas, lucru insuficient pentru a produce schimbarea, lucru care le va\u2026","rel":"","context":"<span class=\"jp-relatedposts-post-author\">Vitalie Marian<\/span>","block_context":{"text":"Blogosfera","link":"https:\/\/moldovacrestina.md\/familie-si-societate\/blogosfera\/"},"img":{"alt_text":"","src":"","width":0,"height":0},"classes":[]}],"jetpack_sharing_enabled":true,"_links":{"self":[{"href":"https:\/\/moldovacrestina.md\/en\/wp-json\/wp\/v2\/posts\/55527","targetHints":{"allow":["GET"]}}],"collection":[{"href":"https:\/\/moldovacrestina.md\/en\/wp-json\/wp\/v2\/posts"}],"about":[{"href":"https:\/\/moldovacrestina.md\/en\/wp-json\/wp\/v2\/types\/post"}],"author":[{"embeddable":true,"href":"https:\/\/moldovacrestina.md\/en\/wp-json\/wp\/v2\/users\/46"}],"replies":[{"embeddable":true,"href":"https:\/\/moldovacrestina.md\/en\/wp-json\/wp\/v2\/comments?post=55527"}],"version-history":[{"count":0,"href":"https:\/\/moldovacrestina.md\/en\/wp-json\/wp\/v2\/posts\/55527\/revisions"}],"wp:featuredmedia":[{"embeddable":true,"href":"https:\/\/moldovacrestina.md\/en\/wp-json\/wp\/v2\/media\/106648"}],"wp:attachment":[{"href":"https:\/\/moldovacrestina.md\/en\/wp-json\/wp\/v2\/media?parent=55527"}],"wp:term":[{"taxonomy":"category","embeddable":true,"href":"https:\/\/moldovacrestina.md\/en\/wp-json\/wp\/v2\/categories?post=55527"},{"taxonomy":"post_tag","embeddable":true,"href":"https:\/\/moldovacrestina.md\/en\/wp-json\/wp\/v2\/tags?post=55527"}],"curies":[{"name":"wp","href":"https:\/\/api.w.org\/{rel}","templated":true}]}}