{"id":53989,"date":"2008-10-28T22:06:21","date_gmt":"2008-10-28T20:06:21","guid":{"rendered":"https:\/\/moldovacrestina.md\/is-it-sin-to-sew-gobelin-in-the-days-of-rest"},"modified":"2017-05-27T08:44:09","modified_gmt":"2017-05-27T06:44:09","slug":"is-it-sin-to-sew-gobelin-in-the-days-of-rest","status":"publish","type":"post","link":"https:\/\/moldovacrestina.md\/en\/is-it-sin-to-sew-gobelin-in-the-days-of-rest\/","title":{"rendered":"Is it sin to sew gobelin in the days of rest?"},"content":{"rendered":"<p style=\"text-align: justify\">\n<p><a href=\"https:\/\/s.yimg.com\/pw\/images\/en-us\/photo_unavailable.png\"><img decoding=\"async\" alt=\"\" src=\"https:\/\/s.yimg.com\/pw\/images\/en-us\/photo_unavailable.png\" border=\"0\" class=\"aligncenter size-full img-resp\"><\/a><\/p>\n<p>I have received the following question from a visitor of\u00a0our portal:<\/p>\n<blockquote class=\"td_quote_box td_box_center\">\n<p><em>I would like to know if it is sin to sew gobelin in the days of rest. After all, I do not do any work, but it is a pleasure,\u00a0as it is one thing to\u00a0water the flowers from the garden,\u00a0and\u00a0another one to spade the earth around them.<\/em><\/p>\n<\/blockquote>\n<p dir=\"ltr\">The Bible doesn\u2019t speak specifically about the gobelin sewing, but it gives us some important principles that will give us an answer to the asked question. <\/p>\n<p dir=\"ltr\"><strong>Keep the day of rest<\/strong><\/p>\n<p dir=\"ltr\">The first four of those ten commandments establish our relation with God, and the last six refer to our relation with people. The fourth commandment, that is the last one from those that establish our relation with God says:<\/p>\n<blockquote class=\"td_quote_box td_box_center\">\n<p><sup><\/sup>Six days you shall labor and do all your work,\u00a0but the seventh day is a sabbath of the LORD your God; in it you shall not do any work, you or your son or your daughter, your male or your female servant or your cattle or your sojourner who stays with you.\u00a0For in six days the LORD made the heavens and the earth, the sea and all that is in them, and rested on the seventh day; therefore the LORD blessed the sabbath day and made it holy. (Exodus 20:9\u201311)(NASB)<\/p>\n<\/blockquote>\n<p dir=\"ltr\">Another place from the Scripture adds:<\/p>\n<blockquote class=\"td_quote_box td_box_center\">\n<p dir=\"ltr\">For six days work may be done, but on the seventh day there is a sabbath of complete rest, a holy convocation. You shall not do any work; it is a sabbath to the LORD in all your dwellings. (Leviticus 23:3)(NASB)<\/p>\n<\/blockquote>\n<p dir=\"ltr\"><strong>The Sabbath was a guide towards Christ<\/strong><\/p>\n<p dir=\"ltr\">This day had many more\u00a0implications than the one that people shall rest and not work. The Sabbath was an important element of the Jewish religion, that\u00a0pointed towards the salvation and the rest that all of us had to receive in Jesus Christ, as the author of the Epistle to Hebrews\u00a0wrote later in the New Testament:<\/p>\n<blockquote class=\"td_quote_box td_box_center\">\n<p>So there remains a Sabbath rest for the people of God.\u00a0For the one who has entered His rest has himself also rested from his works, as God did from His.\u00a0Therefore let us be diligent to enter that rest, so that no one will fall, through following the same example of disobedience. (Hebrews 4:9\u201311)(NASB)<\/p>\n<\/blockquote>\n<p dir=\"ltr\"><strong>The Lord Jesus teaches us to do good to people\u00a0on the\u00a0Sabbath <\/strong><\/p>\n<p dir=\"ltr\">The Pharisees, who\u00a0were the most religious people during the time of the Lord Jesus, blamed Him that He was doing good to people in the days of Sabbath. For example, when the Lord Jesus was passing through\u00a0the grainfields\u00a0on the\u00a0Sabbath, the Pharisees rebuked Him showing Him the disciples who took\u00a0the heads of grain to eat. The Pharisees did not care that those people were tired of walking and they were hungry, and they didn\u2019t invite them to eat, but decided to condemn them\u00a0and to blame the Lord Jesus Christ, who told them:<\/p>\n<blockquote class=\"td_quote_box td_box_center\">\n<p>But if you had known what this means, \u2018I DESIRE COMPASSION, AND NOT A SACRIFICE,\u2019 you would not have condemned the innocent.\u00a0\u201cFor the Son of Man is Lord of the Sabbath.\u201d (The Gospel of Matthew 12:7\u20138)(NASB)<\/p>\n<\/blockquote>\n<p dir=\"ltr\">In the same place from the Gospel of Matthew, we are given the following case:<\/p>\n<blockquote class=\"td_quote_box td_box_center\">\n<p><sup><\/sup>Departing from there, He went into their synagogue.\u00a0And a man was there whose hand was withered. And they questioned Jesus, asking, \u201cIs it lawful to heal on the Sabbath?\u201d\u2013so that they might accuse Him.\u00a0And He said to them, \u201cWhat man is there among you who has a sheep, and if it falls into a pit on the Sabbath, will he not take hold of it and lift it out?\u00a0\u201dHow much more valuable then is a man than a sheep! So then, it is lawful to do good on the Sabbath.\u201d\u00a0Then He said to the man, \u201cStretch out your hand!\u201d He stretched it out, and it was restored to normal, like the other.\u00a0But the Pharisees went out and conspired against Him, as to how they might destroy Him. (The Gospel of Matthew 12:9\u201314)(NASB)<\/p>\n<\/blockquote>\n<p dir=\"ltr\"><strong>Repentance and the relation with the Lord Jesus brings the real rest<\/strong><\/p>\n<p dir=\"ltr\">As I have previously said, the Sabbath established by God in the Law of the\u00a0Old Testament was a shadow that pointed towards the person of the Lord Jesus Christ, as Apostle Paul wrote:<\/p>\n<blockquote class=\"td_quote_box td_box_center\">\n<p>Therefore no one is to act as your judge in regard to food or drink or in respect to a festival or a new moon or a Sabbath day\u2013\u00a0things which are a mere shadow of what is to come; but the substance belongs to Christ. (Colossians 2:16\u201317)(NASB)<\/p>\n<\/blockquote>\n<p dir=\"ltr\">And the Lord Jesus, who is the Lord of the Sabbath spoke so regarding the real rest:<\/p>\n<blockquote class=\"td_quote_box td_box_center\">\n<p><sup><\/sup>Come to Me, all who are weary and heavy-laden, and I will give you rest.\u00a0Take My yoke upon you and learn from Me, for I am gentle and humble in heart, and YOU WILL FIND REST FOR YOUR SOULS.\u00a0For My yoke is easy and My burden is light. (The Gospel of Matthew 11:28\u201330)(NASB)<\/p>\n<\/blockquote>\n<p dir=\"ltr\">On the basis of the biblical texts presented above, there are some things that become evident.<\/p>\n<p dir=\"ltr\"><strong>Conclusions and application<\/strong> <\/p>\n<p dir=\"ltr\">God established the Sabbath day so that people may rest, think at their\u00a0relation with Him and point towards the coming of His Son, the Lord Jesus, who is the Savior of the world.<\/p>\n<p dir=\"ltr\">If there is someone who doesn\u2019t believe in the Lord Jesus Christ from all the heart and doesn\u2019t receive the gift of eternal life, he will not enjoy the real rest, that will be in the Kingdom of Heavens.<\/p>\n<p dir=\"ltr\">If someone doesn\u2019t receive the real rest through repentance and through following the Lord Jesus Christ, it doesn\u2019t matter if he rests or not on the Sabbath, because he will never find rest for his soul.<\/p>\n<p dir=\"ltr\">The Bible doesn\u2019t say that it is sin or not to sew gobelin on the Sabbath, but God wants you to invest the time of those days and of others to build up a beautiful relation with Him through studying the Bible, prayers and going to church and to build beautiful relations with your neighbor, who needs you to do good to him. May God help all of us to do this.<\/p>\n<p dir=\"ltr\"><em>Translated by Felicia Djugostran<\/em><\/p><\/p>\n","protected":false},"excerpt":{"rendered":"<p>I have received the following question from a visitor of\u00a0our portal: I would like to know if it is sin to sew gobelin in the days of rest. After all, I do not do any work, but it is a pleasure,\u00a0as it is one thing to\u00a0water the flowers from the garden,\u00a0and\u00a0another one to spade the [&hellip;]<\/p>\n","protected":false},"author":46,"featured_media":106544,"comment_status":"closed","ping_status":"closed","sticky":false,"template":"","format":"standard","meta":{"_acf_changed":false,"inline_featured_image":false,"_monsterinsights_skip_tracking":false,"_monsterinsights_sitenote_active":false,"_monsterinsights_sitenote_note":"","_monsterinsights_sitenote_category":0,"_genesis_hide_title":false,"_genesis_hide_breadcrumbs":false,"_genesis_hide_singular_image":false,"_genesis_hide_footer_widgets":false,"_genesis_custom_body_class":"","_genesis_custom_post_class":"","_genesis_layout":"","ep_exclude_from_search":false,"_jetpack_memberships_contains_paid_content":false,"footnotes":""},"categories":[126],"tags":[7795,7796,7797,7798,7799,7969,7977],"class_list":{"0":"post-53989","1":"post","2":"type-post","3":"status-publish","4":"format-standard","5":"has-post-thumbnail","7":"category-answer-from-the-bible","8":"tag-gospel","9":"tag-man","10":"tag-men","11":"tag-people","12":"tag-work","13":"tag-church","14":"tag-world","15":"entry"},"acf":[],"yoast_head":"<!-- This site is optimized with the Yoast SEO Premium plugin v26.5 (Yoast SEO v27.4) - https:\/\/yoast.com\/product\/yoast-seo-premium-wordpress\/ -->\n<title>Is it sin to sew gobelin in the days of rest? &#8226; Moldova Cre\u0219tin\u0103<\/title>\n<meta name=\"description\" content=\"I have received the following question from a visitor of&nbsp;our portal: I would like to know if it is sin to sew gobelin in the days of rest. After\" \/>\n<meta name=\"robots\" content=\"index, follow, max-snippet:-1, max-image-preview:large, max-video-preview:-1\" \/>\n<link rel=\"canonical\" href=\"https:\/\/moldovacrestina.md\/en\/is-it-sin-to-sew-gobelin-in-the-days-of-rest\/\" \/>\n<meta property=\"og:locale\" content=\"en_US\" \/>\n<meta property=\"og:type\" content=\"article\" \/>\n<meta property=\"og:title\" content=\"Is it sin to sew gobelin in the days of rest?\" \/>\n<meta property=\"og:description\" content=\"I have received the following question from a visitor of&nbsp;our portal: I would like to know if it is sin to sew gobelin in the days of rest. After\" \/>\n<meta property=\"og:url\" content=\"https:\/\/moldovacrestina.md\/en\/is-it-sin-to-sew-gobelin-in-the-days-of-rest\/\" \/>\n<meta property=\"og:site_name\" content=\"Moldova Cre\u0219tin\u0103\" \/>\n<meta property=\"article:publisher\" content=\"https:\/\/www.facebook.com\/moldovacrestina\/\" \/>\n<meta property=\"article:published_time\" content=\"2008-10-28T20:06:21+00:00\" \/>\n<meta property=\"article:modified_time\" content=\"2017-05-27T06:44:09+00:00\" \/>\n<meta property=\"og:image\" content=\"https:\/\/cdn.moldovacrestina.md\/2016\/10\/photo_unavailable-1.png\" \/>\n\t<meta property=\"og:image:width\" content=\"500\" \/>\n\t<meta property=\"og:image:height\" content=\"374\" \/>\n\t<meta property=\"og:image:type\" content=\"image\/png\" \/>\n<meta name=\"author\" content=\"Vasile Filat\" \/>\n<meta name=\"twitter:card\" content=\"summary_large_image\" \/>\n<meta name=\"twitter:creator\" content=\"@moldovacrestina\" \/>\n<meta name=\"twitter:site\" content=\"@moldovacrestina\" \/>\n<meta name=\"twitter:label1\" content=\"Written by\" \/>\n\t<meta name=\"twitter:data1\" content=\"Vasile Filat\" \/>\n\t<meta name=\"twitter:label2\" content=\"Est. reading time\" \/>\n\t<meta name=\"twitter:data2\" content=\"5 minutes\" \/>\n<script type=\"application\/ld+json\" class=\"yoast-schema-graph\">{\"@context\":\"https:\\\/\\\/schema.org\",\"@graph\":[{\"@type\":\"Article\",\"@id\":\"https:\\\/\\\/moldovacrestina.md\\\/en\\\/is-it-sin-to-sew-gobelin-in-the-days-of-rest\\\/#article\",\"isPartOf\":{\"@id\":\"https:\\\/\\\/moldovacrestina.md\\\/en\\\/is-it-sin-to-sew-gobelin-in-the-days-of-rest\\\/\"},\"author\":{\"name\":\"Vasile Filat\",\"@id\":\"https:\\\/\\\/moldovacrestina.md\\\/en\\\/#\\\/schema\\\/person\\\/04b204bbb582cc832c3d2424f5d27dc0\"},\"headline\":\"Is it sin to sew gobelin in the days of rest?\",\"datePublished\":\"2008-10-28T20:06:21+00:00\",\"dateModified\":\"2017-05-27T06:44:09+00:00\",\"mainEntityOfPage\":{\"@id\":\"https:\\\/\\\/moldovacrestina.md\\\/en\\\/is-it-sin-to-sew-gobelin-in-the-days-of-rest\\\/\"},\"wordCount\":1080,\"image\":{\"@id\":\"https:\\\/\\\/moldovacrestina.md\\\/en\\\/is-it-sin-to-sew-gobelin-in-the-days-of-rest\\\/#primaryimage\"},\"thumbnailUrl\":\"https:\\\/\\\/moldovacrestina.md\\\/wp-content\\\/uploads\\\/2016\\\/10\\\/photo_unavailable-1.png\",\"keywords\":[\"Gospel\",\"Man\",\"Men\",\"People\",\"Work\",\"Church\",\"World\"],\"articleSection\":[\"Answers from the Bible\"],\"inLanguage\":\"en-US\"},{\"@type\":\"WebPage\",\"@id\":\"https:\\\/\\\/moldovacrestina.md\\\/en\\\/is-it-sin-to-sew-gobelin-in-the-days-of-rest\\\/\",\"url\":\"https:\\\/\\\/moldovacrestina.md\\\/en\\\/is-it-sin-to-sew-gobelin-in-the-days-of-rest\\\/\",\"name\":\"Is it sin to sew gobelin in the days of rest? &#8226; Moldova Cre\u0219tin\u0103\",\"isPartOf\":{\"@id\":\"https:\\\/\\\/moldovacrestina.md\\\/en\\\/#website\"},\"primaryImageOfPage\":{\"@id\":\"https:\\\/\\\/moldovacrestina.md\\\/en\\\/is-it-sin-to-sew-gobelin-in-the-days-of-rest\\\/#primaryimage\"},\"image\":{\"@id\":\"https:\\\/\\\/moldovacrestina.md\\\/en\\\/is-it-sin-to-sew-gobelin-in-the-days-of-rest\\\/#primaryimage\"},\"thumbnailUrl\":\"https:\\\/\\\/moldovacrestina.md\\\/wp-content\\\/uploads\\\/2016\\\/10\\\/photo_unavailable-1.png\",\"datePublished\":\"2008-10-28T20:06:21+00:00\",\"dateModified\":\"2017-05-27T06:44:09+00:00\",\"author\":{\"@id\":\"https:\\\/\\\/moldovacrestina.md\\\/en\\\/#\\\/schema\\\/person\\\/04b204bbb582cc832c3d2424f5d27dc0\"},\"description\":\"I have received the following question from a visitor of&nbsp;our portal: I would like to know if it is sin to sew gobelin in the days of rest. After\",\"breadcrumb\":{\"@id\":\"https:\\\/\\\/moldovacrestina.md\\\/en\\\/is-it-sin-to-sew-gobelin-in-the-days-of-rest\\\/#breadcrumb\"},\"inLanguage\":\"en-US\",\"potentialAction\":[{\"@type\":\"ReadAction\",\"target\":[\"https:\\\/\\\/moldovacrestina.md\\\/en\\\/is-it-sin-to-sew-gobelin-in-the-days-of-rest\\\/\"]}]},{\"@type\":\"ImageObject\",\"inLanguage\":\"en-US\",\"@id\":\"https:\\\/\\\/moldovacrestina.md\\\/en\\\/is-it-sin-to-sew-gobelin-in-the-days-of-rest\\\/#primaryimage\",\"url\":\"https:\\\/\\\/moldovacrestina.md\\\/wp-content\\\/uploads\\\/2016\\\/10\\\/photo_unavailable-1.png\",\"contentUrl\":\"https:\\\/\\\/moldovacrestina.md\\\/wp-content\\\/uploads\\\/2016\\\/10\\\/photo_unavailable-1.png\",\"width\":500,\"height\":374},{\"@type\":\"BreadcrumbList\",\"@id\":\"https:\\\/\\\/moldovacrestina.md\\\/en\\\/is-it-sin-to-sew-gobelin-in-the-days-of-rest\\\/#breadcrumb\",\"itemListElement\":[{\"@type\":\"ListItem\",\"position\":1,\"name\":\"Prima pagin\u0103\",\"item\":\"https:\\\/\\\/moldovacrestina.md\\\/en\\\/\"},{\"@type\":\"ListItem\",\"position\":2,\"name\":\"Answers from the Bible\",\"item\":\"https:\\\/\\\/moldovacrestina.md\\\/en\\\/answer-from-the-bible\\\/\"},{\"@type\":\"ListItem\",\"position\":3,\"name\":\"Is it sin to sew gobelin in the days of rest?\"}]},{\"@type\":\"WebSite\",\"@id\":\"https:\\\/\\\/moldovacrestina.md\\\/en\\\/#website\",\"url\":\"https:\\\/\\\/moldovacrestina.md\\\/en\\\/\",\"name\":\"Moldova Cre\u0219tin\u0103\",\"description\":\"R\u0103spunsuri relevante \u0219i actuale din Biblie\",\"potentialAction\":[{\"@type\":\"SearchAction\",\"target\":{\"@type\":\"EntryPoint\",\"urlTemplate\":\"https:\\\/\\\/moldovacrestina.md\\\/en\\\/?s={search_term_string}\"},\"query-input\":{\"@type\":\"PropertyValueSpecification\",\"valueRequired\":true,\"valueName\":\"search_term_string\"}}],\"inLanguage\":\"en-US\"},{\"@type\":\"Person\",\"@id\":\"https:\\\/\\\/moldovacrestina.md\\\/en\\\/#\\\/schema\\\/person\\\/04b204bbb582cc832c3d2424f5d27dc0\",\"name\":\"Vasile Filat\",\"image\":{\"@type\":\"ImageObject\",\"inLanguage\":\"en-US\",\"@id\":\"https:\\\/\\\/secure.gravatar.com\\\/avatar\\\/2e02d082d139dd6eb634318c9cf2c3a8281db62f24f87a134adb4f2020e77ab3?s=96&d=mm&r=g\",\"url\":\"https:\\\/\\\/secure.gravatar.com\\\/avatar\\\/2e02d082d139dd6eb634318c9cf2c3a8281db62f24f87a134adb4f2020e77ab3?s=96&d=mm&r=g\",\"contentUrl\":\"https:\\\/\\\/secure.gravatar.com\\\/avatar\\\/2e02d082d139dd6eb634318c9cf2c3a8281db62f24f87a134adb4f2020e77ab3?s=96&d=mm&r=g\",\"caption\":\"Vasile Filat\"},\"description\":\"P\u0103storesc\u00a0Biserica Bunavestire din Chi\u0219in\u0103u, predau Cuv\u00e2ntul lui Dumnezeu la\u00a0Institutul de Studiu Biblic Inductiv din Eurasia\u00a0\u0219i conduc\u00a0Asocia\u021bia \\\"\u00cenv\u0103\u021b\u0103tur\u0103 din Cuv\u00e2nt - Precept Ministries\\\" din Moldova. \u00cempreun\u0103 cu so\u021bia mea\u00a0Anastasia, avem trei copii. Din Aprilie 2007 am oferit r\u0103spunsuri din Biblie pe acest site la \u00eentreb\u0103ri adresate de cititori. Mai mult despre mine citi\u021bi\u00a0aici.\",\"url\":\"https:\\\/\\\/moldovacrestina.md\\\/en\\\/author\\\/vasile-filat\\\/\"}]}<\/script>\n<!-- \/ Yoast SEO Premium plugin. -->","yoast_head_json":{"title":"Is it sin to sew gobelin in the days of rest? &#8226; Moldova Cre\u0219tin\u0103","description":"I have received the following question from a visitor of&nbsp;our portal: I would like to know if it is sin to sew gobelin in the days of rest. After","robots":{"index":"index","follow":"follow","max-snippet":"max-snippet:-1","max-image-preview":"max-image-preview:large","max-video-preview":"max-video-preview:-1"},"canonical":"https:\/\/moldovacrestina.md\/en\/is-it-sin-to-sew-gobelin-in-the-days-of-rest\/","og_locale":"en_US","og_type":"article","og_title":"Is it sin to sew gobelin in the days of rest?","og_description":"I have received the following question from a visitor of&nbsp;our portal: I would like to know if it is sin to sew gobelin in the days of rest. After","og_url":"https:\/\/moldovacrestina.md\/en\/is-it-sin-to-sew-gobelin-in-the-days-of-rest\/","og_site_name":"Moldova Cre\u0219tin\u0103","article_publisher":"https:\/\/www.facebook.com\/moldovacrestina\/","article_published_time":"2008-10-28T20:06:21+00:00","article_modified_time":"2017-05-27T06:44:09+00:00","og_image":[{"width":500,"height":374,"url":"https:\/\/cdn.moldovacrestina.md\/2016\/10\/photo_unavailable-1.png","type":"image\/png"}],"author":"Vasile Filat","twitter_card":"summary_large_image","twitter_creator":"@moldovacrestina","twitter_site":"@moldovacrestina","twitter_misc":{"Written by":"Vasile Filat","Est. reading time":"5 minutes"},"schema":{"@context":"https:\/\/schema.org","@graph":[{"@type":"Article","@id":"https:\/\/moldovacrestina.md\/en\/is-it-sin-to-sew-gobelin-in-the-days-of-rest\/#article","isPartOf":{"@id":"https:\/\/moldovacrestina.md\/en\/is-it-sin-to-sew-gobelin-in-the-days-of-rest\/"},"author":{"name":"Vasile Filat","@id":"https:\/\/moldovacrestina.md\/en\/#\/schema\/person\/04b204bbb582cc832c3d2424f5d27dc0"},"headline":"Is it sin to sew gobelin in the days of rest?","datePublished":"2008-10-28T20:06:21+00:00","dateModified":"2017-05-27T06:44:09+00:00","mainEntityOfPage":{"@id":"https:\/\/moldovacrestina.md\/en\/is-it-sin-to-sew-gobelin-in-the-days-of-rest\/"},"wordCount":1080,"image":{"@id":"https:\/\/moldovacrestina.md\/en\/is-it-sin-to-sew-gobelin-in-the-days-of-rest\/#primaryimage"},"thumbnailUrl":"https:\/\/moldovacrestina.md\/wp-content\/uploads\/2016\/10\/photo_unavailable-1.png","keywords":["Gospel","Man","Men","People","Work","Church","World"],"articleSection":["Answers from the Bible"],"inLanguage":"en-US"},{"@type":"WebPage","@id":"https:\/\/moldovacrestina.md\/en\/is-it-sin-to-sew-gobelin-in-the-days-of-rest\/","url":"https:\/\/moldovacrestina.md\/en\/is-it-sin-to-sew-gobelin-in-the-days-of-rest\/","name":"Is it sin to sew gobelin in the days of rest? &#8226; Moldova Cre\u0219tin\u0103","isPartOf":{"@id":"https:\/\/moldovacrestina.md\/en\/#website"},"primaryImageOfPage":{"@id":"https:\/\/moldovacrestina.md\/en\/is-it-sin-to-sew-gobelin-in-the-days-of-rest\/#primaryimage"},"image":{"@id":"https:\/\/moldovacrestina.md\/en\/is-it-sin-to-sew-gobelin-in-the-days-of-rest\/#primaryimage"},"thumbnailUrl":"https:\/\/moldovacrestina.md\/wp-content\/uploads\/2016\/10\/photo_unavailable-1.png","datePublished":"2008-10-28T20:06:21+00:00","dateModified":"2017-05-27T06:44:09+00:00","author":{"@id":"https:\/\/moldovacrestina.md\/en\/#\/schema\/person\/04b204bbb582cc832c3d2424f5d27dc0"},"description":"I have received the following question from a visitor of&nbsp;our portal: I would like to know if it is sin to sew gobelin in the days of rest. After","breadcrumb":{"@id":"https:\/\/moldovacrestina.md\/en\/is-it-sin-to-sew-gobelin-in-the-days-of-rest\/#breadcrumb"},"inLanguage":"en-US","potentialAction":[{"@type":"ReadAction","target":["https:\/\/moldovacrestina.md\/en\/is-it-sin-to-sew-gobelin-in-the-days-of-rest\/"]}]},{"@type":"ImageObject","inLanguage":"en-US","@id":"https:\/\/moldovacrestina.md\/en\/is-it-sin-to-sew-gobelin-in-the-days-of-rest\/#primaryimage","url":"https:\/\/moldovacrestina.md\/wp-content\/uploads\/2016\/10\/photo_unavailable-1.png","contentUrl":"https:\/\/moldovacrestina.md\/wp-content\/uploads\/2016\/10\/photo_unavailable-1.png","width":500,"height":374},{"@type":"BreadcrumbList","@id":"https:\/\/moldovacrestina.md\/en\/is-it-sin-to-sew-gobelin-in-the-days-of-rest\/#breadcrumb","itemListElement":[{"@type":"ListItem","position":1,"name":"Prima pagin\u0103","item":"https:\/\/moldovacrestina.md\/en\/"},{"@type":"ListItem","position":2,"name":"Answers from the Bible","item":"https:\/\/moldovacrestina.md\/en\/answer-from-the-bible\/"},{"@type":"ListItem","position":3,"name":"Is it sin to sew gobelin in the days of rest?"}]},{"@type":"WebSite","@id":"https:\/\/moldovacrestina.md\/en\/#website","url":"https:\/\/moldovacrestina.md\/en\/","name":"Moldova Cre\u0219tin\u0103","description":"R\u0103spunsuri relevante \u0219i actuale din Biblie","potentialAction":[{"@type":"SearchAction","target":{"@type":"EntryPoint","urlTemplate":"https:\/\/moldovacrestina.md\/en\/?s={search_term_string}"},"query-input":{"@type":"PropertyValueSpecification","valueRequired":true,"valueName":"search_term_string"}}],"inLanguage":"en-US"},{"@type":"Person","@id":"https:\/\/moldovacrestina.md\/en\/#\/schema\/person\/04b204bbb582cc832c3d2424f5d27dc0","name":"Vasile Filat","image":{"@type":"ImageObject","inLanguage":"en-US","@id":"https:\/\/secure.gravatar.com\/avatar\/2e02d082d139dd6eb634318c9cf2c3a8281db62f24f87a134adb4f2020e77ab3?s=96&d=mm&r=g","url":"https:\/\/secure.gravatar.com\/avatar\/2e02d082d139dd6eb634318c9cf2c3a8281db62f24f87a134adb4f2020e77ab3?s=96&d=mm&r=g","contentUrl":"https:\/\/secure.gravatar.com\/avatar\/2e02d082d139dd6eb634318c9cf2c3a8281db62f24f87a134adb4f2020e77ab3?s=96&d=mm&r=g","caption":"Vasile Filat"},"description":"P\u0103storesc\u00a0Biserica Bunavestire din Chi\u0219in\u0103u, predau Cuv\u00e2ntul lui Dumnezeu la\u00a0Institutul de Studiu Biblic Inductiv din Eurasia\u00a0\u0219i conduc\u00a0Asocia\u021bia \"\u00cenv\u0103\u021b\u0103tur\u0103 din Cuv\u00e2nt - Precept Ministries\" din Moldova. \u00cempreun\u0103 cu so\u021bia mea\u00a0Anastasia, avem trei copii. Din Aprilie 2007 am oferit r\u0103spunsuri din Biblie pe acest site la \u00eentreb\u0103ri adresate de cititori. Mai mult despre mine citi\u021bi\u00a0aici.","url":"https:\/\/moldovacrestina.md\/en\/author\/vasile-filat\/"}]}},"jetpack_featured_media_url":"https:\/\/moldovacrestina.md\/wp-content\/uploads\/2016\/10\/photo_unavailable-1.png","video_meta":false,"featured_image":"https:\/\/moldovacrestina.md\/wp-content\/uploads\/2016\/10\/photo_unavailable-1.png","wpml":{"language_code":"en","locale":"en_US","text_direction":false,"display_name":"English","native_name":"Englez\u0103","different_language":false},"jetpack-related-posts":[{"id":84641,"url":"https:\/\/moldovacrestina.md\/ru\/test-homofobia\/","url_meta":{"origin":53989,"position":0},"title":"\u0421\u0434\u0435\u043b\u0430\u0442\u044c \u0442\u0435\u0441\u0442, \u0447\u0442\u043e\u0431\u044b \u0443\u0437\u043d\u0430\u0442\u044c, \u044f\u0432\u043b\u044f\u0435\u0448\u044c\u0441\u044f \u043b\u0438 \u0442\u044b \u0413\u041e\u041c\u041e\u0424\u041e\u0411\u041e\u041c?","author":"Vasile Filat","date":"January 14, 2011","format":false,"excerpt":"\u041f\u043e\u0441\u043a\u043e\u043b\u044c\u043a\u0443 \u044f \u043c\u043d\u043e\u0433\u043e \u0440\u0430\u0437 \u0434\u0435\u043b\u0430\u043b \u0437\u0430\u044f\u0432\u043b\u0435\u043d\u0438\u044f \u043f\u043e \u043f\u043e\u0432\u043e\u0434\u0443 \u043d\u0430\u0441\u0438\u043b\u0438\u044f, \u043d\u0430 \u043a\u043e\u0442\u043e\u0440\u043e\u043c \u043d\u0430\u0441\u0442\u0430\u0438\u0432\u0430\u0435\u0442 \u043e\u0440\u0433\u0430\u043d\u0438\u0437\u0430\u0446\u0438\u044f \u0433\u043e\u043c\u043e\u0441\u0435\u043a\u0441\u0443\u0430\u043b\u0438\u0441\u0442\u043e\u0432 \u0438\u0437 \u041c\u043e\u043b\u0434\u043e\u0432\u044b \u0438 \u0434\u0440\u0443\u0433\u0438\u0435 \u043e\u0440\u0433\u0430\u043d\u0438\u0437\u0430\u0446\u0438\u0438, \u043a\u043e\u0442\u043e\u0440\u044b\u0435 \u043f\u0440\u043e\u043f\u0430\u0433\u0430\u043d\u0434\u0438\u0440\u0443\u044e\u0442\u00a0 \u0442\u0430\u043a \u043d\u0430\u0437\u044b\u0432\u0430\u0435\u043c\u044b\u0435 \u201c\u043f\u0440\u0430\u0432\u0430 \u0441\u0435\u043a\u0441\u0443\u0430\u043b\u044c\u043d\u044b\u0445 \u043c\u0435\u043d\u044c\u0448\u0438\u043d\u0441\u0442\u0432\u201d, \u043c\u0435\u043d\u044f \u0447\u0430\u0441\u0442\u043e \u0441\u0442\u0430\u043b\u0438 \u043d\u0430\u0437\u044b\u0432\u0430\u0442\u044c \u201c\u0433\u043e\u043c\u043e\u0444\u043e\u0431\u201d, \u0442\u043e\u0447\u043d\u043e \u0442\u0430\u043a\u0436\u0435, \u043a\u0430\u043a \u043e\u043d\u0438 \u043d\u0430\u0437\u044b\u0432\u0430\u044e\u0442 \u043b\u044e\u0431\u043e\u0433\u043e, \u043a\u0442\u043e \u043d\u0435 \u0440\u0430\u0437\u0434\u0435\u043b\u044f\u0435\u0442 \u0438\u0445 \u043c\u043d\u0435\u043d\u0438\u044f. \u0421\u0435\u0433\u043e\u0434\u043d\u044f \u044f \u043f\u043e\u043b\u0443\u0447\u0438\u043b \u043f\u043e email \u043f\u0440\u0438\u0433\u043b\u0430\u0448\u0435\u043d\u0438\u0435 \u0441\u0434\u0435\u043b\u0430\u0442\u044c \u0442\u0435\u0441\u0442,\u2026","rel":"","context":"<span class=\"jp-relatedposts-post-author\">Vasile Filat<\/span>","block_context":{"text":"\u041e\u0431\u0449\u0435\u0441\u0442\u0432\u043e","link":"https:\/\/moldovacrestina.md\/ru\/otvety-iz-biblii\/obshhestvo\/"},"img":{"alt_text":"","src":"https:\/\/i0.wp.com\/americansfortruth.com\/uploads\/2011\/01\/Homophobia_Quiz-300x148.png?resize=350%2C200","width":350,"height":200},"classes":[]},{"id":83594,"url":"https:\/\/moldovacrestina.md\/ru\/hto-znachit-zlosloviti-za-hrista\/","url_meta":{"origin":53989,"position":1},"title":"\u041d\u0430 \u0447\u0442\u043e \u0441\u0441\u044b\u043b\u0430\u0435\u0442\u0441\u044f \u0418\u0438\u0441\u0443\u0441 \u0425\u0440\u0438\u0441\u0442\u043e\u0441, \u0433\u043e\u0432\u043e\u0440\u044f \u201c\u043d\u0435\u043f\u0440\u0430\u0432\u0435\u0434\u043d\u043e \u0437\u043b\u043e\u0441\u043b\u043e\u0432\u0438\u0442\u044c \u0437\u0430 \u041c\u0435\u043d\u044f\u201d?","author":"Vasile Filat","date":"September 8, 2010","format":false,"excerpt":"\u0412\u043e\u043f\u0440\u043e\u0441: \u0421\u0435\u0433\u043e\u0434\u043d\u044f \u0432\u043e \u0432\u0440\u0435\u043c\u044f \u043e\u0431\u0435\u0434\u0435\u043d\u043d\u043e\u0433\u043e \u043f\u0435\u0440\u0435\u0440\u044b\u0432\u0430 \u044f \u0441\u043b\u0443\u0448\u0430\u043b \u043e \u0431\u043b\u0430\u0436\u0435\u043d\u0441\u0442\u0432\u0430\u0445, \u0441\u043a\u0430\u0437\u0430\u043d\u043d\u044b\u0445 \u0418\u0438\u0441\u0443\u0441\u043e\u043c \u0425\u0440\u0438\u0441\u0442\u043e\u043c \u0432 \u041d\u0430\u0433\u043e\u0440\u043d\u043e\u0439 \u041f\u0440\u043e\u043f\u043e\u0432\u0435\u0434\u0438, \u0438 \u0443 \u043c\u0435\u043d\u044f \u0435\u0441\u0442\u044c \u043d\u0435\u0434\u043e\u043f\u043e\u043d\u0438\u043c\u0430\u043d\u0438\u0435 \u043f\u043e \u044d\u0442\u043e\u043c\u0443 \u043f\u043e\u0432\u043e\u0434\u0443. \u042f \u043f\u043e\u043d\u0438\u043c\u0430\u044e, \u0447\u0442\u043e \u0425\u0440\u0438\u0441\u0442\u043e\u0441 \u0441\u043a\u0430\u0437\u0430\u043b \u0443\u0447\u0435\u043d\u0438\u043a\u0430\u043c, \u0447\u0442\u043e \u043e\u043d\u0438 \u0431\u0443\u0434\u0443\u0442 \u0441\u0442\u0440\u0430\u0434\u0430\u0442\u044c \u043f\u043e \u043f\u0440\u0438\u0447\u0438\u043d\u0435 \u043f\u0440\u043e\u043f\u043e\u0432\u0435\u0434\u0438 \u0421\u043b\u043e\u0432\u0430 \u0438\u043b\u0438 \u0441\u043e \u0441\u0442\u043e\u0440\u043e\u043d\u044b \u043d\u0435\u0432\u0435\u0440\u0443\u044e\u0449\u0438\u0445, \u043d\u043e \u044f \u043d\u0435 \u043f\u043e\u043d\u0438\u043c\u0430\u044e \u0432\u044b\u0440\u0430\u0436\u0435\u043d\u0438\u044f \u201c\u043d\u0435\u043f\u0440\u0430\u0432\u0435\u0434\u043d\u043e \u0437\u043b\u043e\u0441\u043b\u043e\u0432\u0438\u0442\u044c \u0437\u0430\u2026","rel":"","context":"<span class=\"jp-relatedposts-post-author\">Vasile Filat<\/span>","block_context":{"text":"\u0414\u043e\u043a\u0442\u0440\u0438\u043d\u044b","link":"https:\/\/moldovacrestina.md\/ru\/otvety-iz-biblii\/doktriny-ru\/"},"img":{"alt_text":"","src":"","width":0,"height":0},"classes":[]},{"id":75485,"url":"https:\/\/moldovacrestina.md\/ru\/na-skolko-biblejskoe-otnoshenie-u-pas\/","url_meta":{"origin":53989,"position":2},"title":"\u041d\u0430 \u0441\u043a\u043e\u043b\u044c\u043a\u043e \u0431\u0438\u0431\u043b\u0435\u0439\u0441\u043a\u043e\u0435 \u043e\u0442\u043d\u043e\u0448\u0435\u043d\u0438\u0435 \u0443 \u043f\u0430\u0441\u0442\u043e\u0440\u0430 \u0411\u0440\u0430\u0439\u0430\u043d\u0430 \u0425\u044c\u044e\u0441\u0442\u043e\u043d\u0430 \u0438\u0437 Hillsong Church \u043a \u0433\u043e\u043c\u043e\u0441\u0435\u043a\u0441\u0443\u0430\u043b\u0438\u0437\u043c\u0443?","author":"Vasile Filat","date":"August 6, 2015","format":false,"excerpt":"\u041d\u043e\u0432\u043e\u0441\u0442\u044c \u043e \u0434\u0432\u0443\u0445 \u043b\u0438\u0434\u0435\u0440\u0430\u0445 \u0446\u0435\u0440\u043a\u043e\u0432\u043d\u043e\u0433\u043e \u0445\u043e\u0440\u0430 Hillsong \u0438\u0437 \u0433\u043e\u0440\u043e\u0434\u0430 \u041d\u044c\u044e \u0419\u043e\u0440\u043a\u0430, \u043a\u043e\u0442\u043e\u0440\u044b\u0435 \u043e\u0431\u044a\u044f\u0432\u0438\u043b\u0438 \u0441\u0435\u0431\u044f \u0433\u043e\u043c\u043e\u0441\u0435\u043a\u0441\u0443\u0430\u043b\u0438\u0441\u0442\u0430\u043c\u0438 \u0438 \u043e \u0442\u043e\u043c, \u0447\u0442\u043e \u043e\u043d\u0438 \u043f\u043b\u0430\u043d\u0438\u0440\u0443\u044e\u0442 \u043f\u043e\u0436\u0435\u043d\u0438\u0442\u044c\u0441\u044f \u0432 \u0441\u043b\u0435\u0434\u0443\u044e\u0449\u0435\u043c \u0433\u043e\u0434\u0443 \u043e\u0433\u043e\u0440\u0447\u0438\u043b\u0430 \u0432\u0441\u0435\u0445 \u0445\u0440\u0438\u0441\u0442\u0438\u0430\u043d. \u0417\u0430\u044f\u0432\u043b\u0435\u043d\u0438\u0435 \u043f\u0430\u0441\u0442\u043e\u0440\u0430 \u0438\u0437 \u0425\u0438\u043b\u0441\u043e\u043d\u0433 \u0434\u043e\u0431\u0430\u0432\u0438\u043b\u0438 \u043e\u0433\u043e\u0440\u0447\u0435\u043d\u0438\u044f. \u00a0Hillsong Church\u00a0\u044f\u0432\u043b\u044f\u0435\u0442\u0441\u044f \u043f\u044f\u0442\u0438\u0434\u0435\u0441\u044f\u0442\u043d\u0438\u0447\u0435\u0441\u043a\u043e\u0439 \u043c\u0435\u0433\u0430\u0446\u0435\u0440\u043a\u043e\u0432\u044c\u044e, \u0434\u0435\u0439\u0441\u0442\u0432\u0443\u044e\u0449\u0435\u0439 \u0432 15 \u0441\u0442\u0440\u0430\u043d\u0430\u0445 \u043c\u0438\u0440\u0430 \u0438 \u0435\u0436\u0435\u043d\u0435\u0434\u0435\u043b\u044c\u043d\u043e \u0441\u043e\u0431\u0438\u0440\u0430\u0435\u0442 \u0431\u043e\u043b\u0435\u0435 100.000 \u043b\u044e\u0434\u0435\u0439. \u041c\u043d\u0435\u2026","rel":"","context":"<span class=\"jp-relatedposts-post-author\">Vasile Filat<\/span>","block_context":{"text":"\u0411\u043b\u043e\u0433\u043e\u0441\u0444\u0435\u0440\u0430","link":"https:\/\/moldovacrestina.md\/ru\/vospitanie-ru\/blogosfera-ru\/"},"img":{"alt_text":"","src":"https:\/\/i0.wp.com\/moldovacrestina.md\/wp-content\/uploads\/2017\/12\/14027864951_pastor-brian-houston-hillsong.png?resize=350%2C200&ssl=1","width":350,"height":200},"classes":[]},{"id":86012,"url":"https:\/\/moldovacrestina.md\/en\/doris-van-stone-devochka-kotoryiu-nikto-ne-liubil\/","url_meta":{"origin":53989,"position":3},"title":"\u0414\u043e\u0440\u0438\u0441 \u0412\u0430\u043d \u0421\u0442\u043e\u0443\u043d &ndash; \u0434\u0435\u0432\u043e\u0447\u043a\u0430 \u043a\u043e\u0442\u043e\u0440\u0443\u044e \u043d\u0438\u043a\u0442\u043e \u043d\u0435 \u043b\u044e\u0431\u0438\u043b","author":"Vasile Filat","date":"February 23, 2012","format":false,"excerpt":"\u0412\u0447\u0435\u0440\u0430 \u0432\u0435\u0447\u0435\u0440\u043e\u043c \u0443 \u043c\u0435\u043d\u044f \u0431\u044b\u043b\u0430 \u0431\u043b\u0430\u0433\u043e\u0441\u043b\u043e\u0432\u0435\u043d\u043d\u0430\u044f \u0432\u0441\u0442\u0440\u0435\u0447\u0430 \u0441\u00a0 \u0414\u043e\u0440\u0438\u0441 \u0412\u0430\u043d \u0421\u0442\u043e\u0443\u043d, \u0430\u0432\u0442\u043e\u0440\u043e\u043c \u0445\u043e\u0440\u043e\u0448\u043e \u0438\u0437\u0432\u0435\u0441\u0442\u043d\u043e\u0439 \u043a\u043d\u0438\u0433\u0438 \u201c\u0414\u043e\u0440\u0438, \u0434\u0435\u0432\u043e\u0447\u043a\u0430 \u043a\u043e\u0442\u043e\u0440\u0443\u044e \u043d\u0438\u043a\u0442\u043e \u043d\u0435 \u043b\u044e\u0431\u0438\u043b\u201d \u0438 \u0434\u0432\u0443\u0445 \u0434\u0440\u0443\u0433\u0438\u0445 \u043a\u043d\u0438\u0433 \"No Place To Cry: The Hurt and Healing of Sexual Abuse\" \u0438 \"The secrets of the heart\". \u0412 \u0432\u043e\u0437\u0440\u0430\u0441\u0442\u0435 90 \u043b\u0435\u0442 \u0441\u0435\u0441\u0442\u0440\u0430 \u0414\u043e\u0440\u0438\u0441 \u043f\u043e\u043b\u043d\u0430 \u0436\u0438\u0437\u043d\u0438,\u2026","rel":"","context":"<span class=\"jp-relatedposts-post-author\">Vasile Filat<\/span>","block_context":{"text":"\u041e\u0431\u0449\u0435\u0441\u0442\u0432\u043e","link":"https:\/\/moldovacrestina.md\/ru\/otvety-iz-biblii\/obshhestvo\/"},"img":{"alt_text":"","src":"","width":0,"height":0},"classes":[]},{"id":244533,"url":"https:\/\/moldovacrestina.md\/ru\/molodjozhka-way-gleote-vlog\/","url_meta":{"origin":53989,"position":4},"title":"\u041c\u041e\u041b\u041e\u0414\u0401\u0416\u041a\u0410 WAY","author":"Moldova Cre\u0219tin\u0103","date":"May 11, 2018","format":false,"excerpt":"Come to \"WAY\" meetings every Friday, 18:00 https:\/\/goo.gl\/9kAnn6 \u0414\u0430\u0432\u0430\u0439\u0442\u0435 \u043d\u0438\u043a\u043e\u0433\u0434\u0430 \u043d\u0435 \u0441\u0442\u044b\u0434\u0438\u0442\u044c\u0441\u044f \u0438\u043c\u0435\u043d\u0438 \u0425\u0440\u0438\u0441\u0442\u0430! \u041e\u0431 \u044d\u0442\u043e\u043c \u043d\u043e\u0432\u043e\u0435 \u0432\u0438\u0434\u0435\u043e. \u041d\u0435 \u043f\u043e\u0441\u0442\u044b\u0434\u0438\u0442\u0435\u0441\u044c \u043f\u043e\u0434\u0435\u043b\u0438\u0442\u044c\u0441\u044f \u0440\u043e\u043b\u0438\u043a\u043e\u043c:) Gleot\u00e9 - \u0411\u043e\u0433 \u041b\u044e\u0431\u0438\u0442 \u041a\u0430\u0436\u0434\u043e\u0433\u043e \u043d\u0430 \u0417\u0435\u043c\u043b\u0435 ! God Loves Everyone On The Earth ! \u041f\u0420\u0418\u0425\u041e\u0414\u0418 \u041d\u0410 \u041c\u041e\u041b\u041e\u0414\u0415\u0416\u041a\u0423: https:\/\/www.facebook.com\/livingyouth.md\/ \u041f\u041e\u041b\u0423\u0427\u0418 \u041e\u0422\u0412\u0415\u0422 \u0418\u0417 \u0411\u0418\u0411\u041b\u0418\u0418: https:\/\/moldovacrestina.md \u0414\u0423\u0425\u041e\u0412\u041d\u0410\u042f \u0411\u0415\u0421\u0415\u0414\u041a\u0410: http:\/\/duhovnayabesedka.blogspot.com","rel":"","context":"<span class=\"jp-relatedposts-post-author\">Moldova Cre\u0219tin\u0103<\/span>","block_context":{"text":"Gleot\u00e9 VLOG","link":"https:\/\/moldovacrestina.md\/ru\/gleote-vlog\/"},"img":{"alt_text":"","src":"https:\/\/i0.wp.com\/cdn.moldovacrestina.md\/2019\/02\/c9f55163-myv9lwsy-4o.jpg?resize=350%2C200&ssl=1","width":350,"height":200,"srcset":"https:\/\/i0.wp.com\/cdn.moldovacrestina.md\/2019\/02\/c9f55163-myv9lwsy-4o.jpg?resize=350%2C200&ssl=1 1x, https:\/\/i0.wp.com\/cdn.moldovacrestina.md\/2019\/02\/c9f55163-myv9lwsy-4o.jpg?resize=525%2C300&ssl=1 1.5x, https:\/\/i0.wp.com\/cdn.moldovacrestina.md\/2019\/02\/c9f55163-myv9lwsy-4o.jpg?resize=700%2C400&ssl=1 2x, https:\/\/i0.wp.com\/cdn.moldovacrestina.md\/2019\/02\/c9f55163-myv9lwsy-4o.jpg?resize=1050%2C600&ssl=1 3x"},"classes":[]},{"id":112659,"url":"https:\/\/moldovacrestina.md\/ru\/kogda-opravdanie-nechestivogo-yavlyaet\/","url_meta":{"origin":53989,"position":5},"title":"\u041a\u043e\u0433\u0434\u0430 \u043e\u043f\u0440\u0430\u0432\u0434\u0430\u043d\u0438\u0435 \u043d\u0435\u0447\u0435\u0441\u0442\u0438\u0432\u043e\u0433\u043e \u044f\u0432\u043b\u044f\u0435\u0442\u0441\u044f \u043c\u0435\u0440\u0437\u043e\u0441\u0442\u044c\u044e \u043f\u0435\u0440\u0435\u0434 \u0411\u043e\u0433\u043e\u043c? (\u041f\u0440\u0438\u0442\u0447\u0438 17:15)","author":"Vasile Filat","date":"January 16, 2017","format":false,"excerpt":"\u0412\u0441\u0435 \u043c\u044b \u0436\u0435\u043b\u0430\u0435\u043c \u043f\u0440\u043e\u0449\u0435\u043d\u0438\u044f \u043e\u0442 \u0411\u043e\u0433\u0430, \u0438 \u0411\u043e\u0433 \u0443\u0447\u0438\u0442 \u043d\u0430\u0441 \u043f\u0440\u043e\u0449\u0430\u0442\u044c \u0442\u0435\u0445, \u043a\u0442\u043e \u0441\u0434\u0435\u043b\u0430\u043b\u0441\u044f \u0432\u0438\u043d\u043e\u0432\u0430\u0442\u044b\u043c \u043f\u0435\u0440\u0435\u0434 \u043d\u0430\u043c\u0438. \u0412\u0441\u0451-\u0442\u0430\u043a\u0438, \u0441\u0443\u0449\u0435\u0441\u0442\u0432\u0443\u0435\u0442 \u0441\u0442\u0438\u0445 \u0438\u0437 \u0411\u0438\u0431\u043b\u0438\u0438, \u0432 \u043a\u043e\u0442\u043e\u0440\u043e\u043c \u043d\u0430\u043f\u0438\u0441\u0430\u043d\u043e, \u0447\u0442\u043e \u043e\u043f\u0440\u0430\u0432\u0434\u044b\u0432\u0430\u0442\u044c \u0438\u043b\u0438\u00a0\u043f\u0440\u043e\u0449\u0430\u0442\u044c \u043d\u0435\u0447\u0435\u0441\u0442\u0438\u0432\u043e\u0433\u043e\u00a0- \u044d\u0442\u043e \u043c\u0435\u0440\u0437\u043e\u0441\u0442\u044c \u043f\u0435\u0440\u0435\u0434 \u0411\u043e\u0433\u043e\u043c. \u0422\u0430\u043a\u0438\u0435 \u0441\u0438\u0442\u0443\u0430\u0446\u0438\u0438 \u0438\u043c\u0435\u044e\u0442\u0441\u044f \u0432 \u0432\u0438\u0434\u0443 \u0432 \u0441\u043b\u0435\u0434\u0443\u044e\u0449\u0435\u043c \u0432\u043e\u043f\u0440\u043e\u0441\u0435, \u043a\u043e\u0442\u043e\u0440\u044b\u0439 \u0431\u044b\u043b \u0437\u0430\u0434\u0430\u043d \u043c\u043d\u0435: \u041c\u0438\u0440 \u0432\u0430\u043c, \u043f\u0430\u0441\u0442\u043e\u0440 \u0412\u0430\u0441\u0438\u043b\u0438\u0439. \u042f\u2026","rel":"","context":"<span class=\"jp-relatedposts-post-author\">Vasile Filat<\/span>","block_context":{"text":"\u041e\u0442\u0432\u0435\u0442\u044b \u0438\u0437 \u0411\u0438\u0431\u043b\u0438\u0438","link":"https:\/\/moldovacrestina.md\/ru\/otvety-iz-biblii\/"},"img":{"alt_text":"","src":"https:\/\/i0.wp.com\/moldovacrestina.md\/wp-content\/uploads\/2017\/01\/o-forgiveness-facebook-1024x512-2.jpg?resize=350%2C200&ssl=1","width":350,"height":200,"srcset":"https:\/\/i0.wp.com\/moldovacrestina.md\/wp-content\/uploads\/2017\/01\/o-forgiveness-facebook-1024x512-2.jpg?resize=350%2C200&ssl=1 1x, https:\/\/i0.wp.com\/moldovacrestina.md\/wp-content\/uploads\/2017\/01\/o-forgiveness-facebook-1024x512-2.jpg?resize=525%2C300&ssl=1 1.5x, https:\/\/i0.wp.com\/moldovacrestina.md\/wp-content\/uploads\/2017\/01\/o-forgiveness-facebook-1024x512-2.jpg?resize=700%2C400&ssl=1 2x"},"classes":[]}],"jetpack_sharing_enabled":true,"_links":{"self":[{"href":"https:\/\/moldovacrestina.md\/en\/wp-json\/wp\/v2\/posts\/53989","targetHints":{"allow":["GET"]}}],"collection":[{"href":"https:\/\/moldovacrestina.md\/en\/wp-json\/wp\/v2\/posts"}],"about":[{"href":"https:\/\/moldovacrestina.md\/en\/wp-json\/wp\/v2\/types\/post"}],"author":[{"embeddable":true,"href":"https:\/\/moldovacrestina.md\/en\/wp-json\/wp\/v2\/users\/46"}],"replies":[{"embeddable":true,"href":"https:\/\/moldovacrestina.md\/en\/wp-json\/wp\/v2\/comments?post=53989"}],"version-history":[{"count":0,"href":"https:\/\/moldovacrestina.md\/en\/wp-json\/wp\/v2\/posts\/53989\/revisions"}],"wp:featuredmedia":[{"embeddable":true,"href":"https:\/\/moldovacrestina.md\/en\/wp-json\/wp\/v2\/media\/106544"}],"wp:attachment":[{"href":"https:\/\/moldovacrestina.md\/en\/wp-json\/wp\/v2\/media?parent=53989"}],"wp:term":[{"taxonomy":"category","embeddable":true,"href":"https:\/\/moldovacrestina.md\/en\/wp-json\/wp\/v2\/categories?post=53989"},{"taxonomy":"post_tag","embeddable":true,"href":"https:\/\/moldovacrestina.md\/en\/wp-json\/wp\/v2\/tags?post=53989"}],"curies":[{"name":"wp","href":"https:\/\/api.w.org\/{rel}","templated":true}]}}