{"id":53434,"date":"2008-08-12T14:12:56","date_gmt":"2008-08-12T12:12:56","guid":{"rendered":"https:\/\/moldovacrestina.md\/is-it-sin-to-conceive-children-in-a-fast-or-a-feast-day"},"modified":"2017-05-27T08:53:48","modified_gmt":"2017-05-27T06:53:48","slug":"is-it-sin-to-conceive-children-in-a-fast-or-a-feast-day","status":"publish","type":"post","link":"https:\/\/moldovacrestina.md\/en\/is-it-sin-to-conceive-children-in-a-fast-or-a-feast-day\/","title":{"rendered":"Is it sin to conceive children in a fast or a feast day?"},"content":{"rendered":"<p><img loading=\"lazy\" decoding=\"async\" src=\"https:\/\/cdn.moldovacrestina.md\/2008\/08\/UnbornBabyLG.jpg\" alt=\"conceptin in fests\" width=\"606\" height=\"320\" class=\"alignnone size-full wp-image-90564\" \/><\/p>\n<p style=\"text-align: justify\">\nIn this article I want to answer to the following question I have received on the portal <a href=\"https:\/\/moldovacrestina.md\/\">Moldova Cre\u0219tin\u0103<\/a><\/p>\n<blockquote class=\"td_quote_box td_box_center\">\n<p><em>Is it true that it is sin to conceive children in a fast or in a day of rest? It is said that these children can be born with malformations, different disorders or parents will have to suffer a lot from them. Is\u00a0this thing\u00a0mentioned anywhere in the Bible or do the Holy Priests give any references to this? Thank you in advance for the answer.<\/em><\/p>\n<\/blockquote>\n<p dir=\"ltr\"><strong><\/p>\n<h2>This teaching is a superstition<\/strong><\/h2>\n<\/p>\n<p dir=\"ltr\">I have never read in the writings of the Holy Priests such a teaching to explain that the children who are conceived in\u00a0the fast or feast days will be affected physically or in any other way. This is a teaching of pagan origins or a superstition. For example, Russians\u00a0were very concerned about the day when a child was conceived, thinking that this will determine the future destiny of that child. Country men were used to think that the child would be hardworking, healthy, joyful, smart if he\/she was conceived in a lucky hour or day. The destiny of those children who were born on Sundays or in a fast day, or in the day of remembrance of those who were dead, was considered full of misfortune or that the child would be a fool or a thief, or a robber. If someone was born blind or dumb, they thought that was the result that he had been conceived on Friday.<\/p>\n<p dir=\"ltr\"><strong><\/p>\n<h2>The Bible doesn\u2019t teach this way<\/strong><\/h2>\n<\/p>\n<p dir=\"ltr\">There is no biblical teaching to say that it is sin to conceive children in a feast day or during the fast. And I do not know any passage from the Bible to say that children who are conceived in a fast or a feast day may be born with malformation, different diseases or that parents will have to suffer from them. More than this\u2026<\/p>\n<p dir=\"ltr\"><strong>God doesn\u2019t set abstinence from sexual relations during the fast<\/strong><\/p>\n<p dir=\"ltr\">In the first Epistle to Corinthians, when he gives us teaching concerning the way a husband and a wife should report to each other, meaning their sexual relation, Apostle Paul wrote:<\/p>\n<blockquote class=\"td_quote_box td_box_center\">\n<p dir=\"ltr\">Now concerning the things about which you wrote, it is good for a man not to touch a woman.\u00a0But because of immoralities, each man is to have his own wife, and each woman is to have her own husband.\u00a0The husband must fulfill his duty to his wife, and likewise also the wife to her husband.\u00a0The wife does not have authority over her own body, but the husband does; and likewise also the husband does not have authority over his own body, but the wife does.\u00a0Stop depriving one another, except by agreement for a time, so that you may devote yourselves to prayer, and come together again so that Satan will not tempt you because of your lack of self-control.\u00a0But this I say by way of concession, not of command. (1 Corinthians 7:1\u20136)(NASB)<\/p>\n<\/blockquote>\n<p dir=\"ltr\">So, according to this passage, abstinence from sexual relations during the fast is a concession, not a command from God. And if one spouse will not want to accept abstinence from sexual relations during the fast, this will not be a problem for the second one and this will affect neither their fast nor their relation with God. More than this, this will\u00a0bring no bad consequences upon the children that can be conceived as a result of the sexual relation the couple had during the fast.<\/p>\n<p dir=\"ltr\"><strong><\/p>\n<h2>The physical health of the parents when the child is conceived will influence upon his\/her health<\/strong><\/h2>\n<\/p>\n<p dir=\"ltr\">This is a well known thing by all people. Men and women who want to conceive healthy children will take care of their health and they will not practise things that will affect their health, and then the health of their children.<\/p>\n<p dir=\"ltr\"><strong>The spiritual health of the parents influences upon the health of the child<\/strong><\/p>\n<p dir=\"ltr\">Here is what the second of those 10 commandments given by God, says :<\/p>\n<blockquote class=\"td_quote_box td_box_center\">\n<p>You shall not make for yourself an idol, or any likeness of what is in heaven above or on the earth beneath or in the water under the earth.\u00a0You shall not worship them or serve them; for I, the LORD your God, am a jealous God, visiting the iniquity of the fathers on the children, on the third and the fourth generations of those who hate Me,\u00a0but showing lovingkindness to thousands, to those who love Me and keep My commandments. (Exodus 20:4\u20136)(NASB)<\/p>\n<\/blockquote>\n<p dir=\"ltr\">When Moses went up to the Mount Sinai for the second time to receive those 10 commandments\u2026<\/p>\n<blockquote class=\"td_quote_box td_box_center\">\n<p>The LORD descended in the cloud and stood there with him as he called upon the name of the LORD.\u00a0Then the LORD passed by in front of him and proclaimed, \u201cThe LORD, the LORD God, compassionate and gracious, slow to anger, and abounding in lovingkindness and truth;\u00a0who keeps lovingkindness for thousands, who forgives iniquity, transgression and sin; yet He will by no means leave the guilty unpunished, visiting the iniquity of fathers on the children and on the grandchildren to the third and fourth generations.\u201d (Exodus 34:5\u20137)(NASB)<\/p>\n<\/blockquote>\n<p dir=\"ltr\">If you haven\u2019t known these things before, I suppose that you looked for a connection between the problems you have in your life and the way your parents lived before God. Or maybe you become more worried when you think how your deeds and your spiritual condition you have at the moment will reflect into your children\u2019s future. In this case, you will surely want to know\u2026<\/p>\n<p dir=\"ltr\"><strong>How to save the future of your children?<\/strong><\/p>\n<p dir=\"ltr\">You\u00a0have to repent. You have to come to God and to ask forgiveness for all sins you have committed willingly or against your will, and then to enter a covenant with God by faith in the Lord Jesus Christ, choosing to listen to His Word written on the pages of the Holy Scriptures with all your heart. Study the Bible, live in accord to what is written there and never go back to your deeds and to your faithlessness from which those deeds have sprung. In this way, you will inherit the Kingdom of God and you will\u00a0ensure a blessed future for you and for your children.<\/p>\n<p dir=\"ltr\"><em>Translated by Felicia Djugostran<\/em><\/p><\/p>\n","protected":false},"excerpt":{"rendered":"<p>In this article I want to answer to the following question I have received on the portal Moldova Cre\u0219tin\u0103 Is it true that it is sin to conceive children in a fast or in a day of rest? It is said that these children can be born with malformations, different disorders or parents will have [&hellip;]<\/p>\n","protected":false},"author":46,"featured_media":90564,"comment_status":"closed","ping_status":"closed","sticky":false,"template":"","format":"standard","meta":{"_acf_changed":false,"inline_featured_image":false,"_monsterinsights_skip_tracking":false,"_monsterinsights_sitenote_active":false,"_monsterinsights_sitenote_note":"","_monsterinsights_sitenote_category":0,"_genesis_hide_title":false,"_genesis_hide_breadcrumbs":false,"_genesis_hide_singular_image":false,"_genesis_hide_footer_widgets":false,"_genesis_custom_body_class":"","_genesis_custom_post_class":"","_genesis_layout":"","ep_exclude_from_search":false,"_jetpack_memberships_contains_paid_content":false,"footnotes":""},"categories":[126],"tags":[7817,22934,22935,22936],"class_list":{"0":"post-53434","1":"post","2":"type-post","3":"status-publish","4":"format-standard","5":"has-post-thumbnail","7":"category-answer-from-the-bible","8":"tag-doctrine","9":"tag-conceive-child","10":"tag-rest-day","11":"tag-intimate-in-rest-day","12":"entry"},"acf":[],"yoast_head":"<!-- This site is optimized with the Yoast SEO Premium plugin v26.5 (Yoast SEO v27.4) - https:\/\/yoast.com\/product\/yoast-seo-premium-wordpress\/ -->\n<title>Is it sin to conceive children in a fast or a feast day? &#8226; Moldova Cre\u0219tin\u0103<\/title>\n<meta name=\"description\" content=\"In this article I want to answer to the following question I have received on the portal www.moldovacrestina.net Is it true that it is sin to\" \/>\n<meta name=\"robots\" content=\"index, follow, max-snippet:-1, max-image-preview:large, max-video-preview:-1\" \/>\n<link rel=\"canonical\" href=\"https:\/\/moldovacrestina.md\/en\/is-it-sin-to-conceive-children-in-a-fast-or-a-feast-day\/\" \/>\n<meta property=\"og:locale\" content=\"en_US\" \/>\n<meta property=\"og:type\" content=\"article\" \/>\n<meta property=\"og:title\" content=\"Is it sin to conceive children in a fast or a feast day?\" \/>\n<meta property=\"og:description\" content=\"In this article I want to answer to the following question I have received on the portal www.moldovacrestina.net Is it true that it is sin to\" \/>\n<meta property=\"og:url\" content=\"https:\/\/moldovacrestina.md\/en\/is-it-sin-to-conceive-children-in-a-fast-or-a-feast-day\/\" \/>\n<meta property=\"og:site_name\" content=\"Moldova Cre\u0219tin\u0103\" \/>\n<meta property=\"article:publisher\" content=\"https:\/\/www.facebook.com\/moldovacrestina\/\" \/>\n<meta property=\"article:published_time\" content=\"2008-08-12T12:12:56+00:00\" \/>\n<meta property=\"article:modified_time\" content=\"2017-05-27T06:53:48+00:00\" \/>\n<meta property=\"og:image\" content=\"https:\/\/cdn.moldovacrestina.md\/2008\/08\/UnbornBabyLG.jpg\" \/>\n\t<meta property=\"og:image:width\" content=\"606\" \/>\n\t<meta property=\"og:image:height\" content=\"320\" \/>\n\t<meta property=\"og:image:type\" content=\"image\/jpeg\" \/>\n<meta name=\"author\" content=\"Vasile Filat\" \/>\n<meta name=\"twitter:card\" content=\"summary_large_image\" \/>\n<meta name=\"twitter:creator\" content=\"@moldovacrestina\" \/>\n<meta name=\"twitter:site\" content=\"@moldovacrestina\" \/>\n<meta name=\"twitter:label1\" content=\"Written by\" \/>\n\t<meta name=\"twitter:data1\" content=\"Vasile Filat\" \/>\n\t<meta name=\"twitter:label2\" content=\"Est. reading time\" \/>\n\t<meta name=\"twitter:data2\" content=\"5 minutes\" \/>\n<script type=\"application\/ld+json\" class=\"yoast-schema-graph\">{\"@context\":\"https:\\\/\\\/schema.org\",\"@graph\":[{\"@type\":\"Article\",\"@id\":\"https:\\\/\\\/moldovacrestina.md\\\/en\\\/is-it-sin-to-conceive-children-in-a-fast-or-a-feast-day\\\/#article\",\"isPartOf\":{\"@id\":\"https:\\\/\\\/moldovacrestina.md\\\/en\\\/is-it-sin-to-conceive-children-in-a-fast-or-a-feast-day\\\/\"},\"author\":{\"name\":\"Vasile Filat\",\"@id\":\"https:\\\/\\\/moldovacrestina.md\\\/en\\\/#\\\/schema\\\/person\\\/04b204bbb582cc832c3d2424f5d27dc0\"},\"headline\":\"Is it sin to conceive children in a fast or a feast day?\",\"datePublished\":\"2008-08-12T12:12:56+00:00\",\"dateModified\":\"2017-05-27T06:53:48+00:00\",\"mainEntityOfPage\":{\"@id\":\"https:\\\/\\\/moldovacrestina.md\\\/en\\\/is-it-sin-to-conceive-children-in-a-fast-or-a-feast-day\\\/\"},\"wordCount\":1068,\"image\":{\"@id\":\"https:\\\/\\\/moldovacrestina.md\\\/en\\\/is-it-sin-to-conceive-children-in-a-fast-or-a-feast-day\\\/#primaryimage\"},\"thumbnailUrl\":\"https:\\\/\\\/moldovacrestina.md\\\/wp-content\\\/uploads\\\/2008\\\/08\\\/UnbornBabyLG.jpg\",\"keywords\":[\"Doctrine\",\"conceive child\",\"rest day\",\"intimate in rest day\"],\"articleSection\":[\"Answers from the Bible\"],\"inLanguage\":\"en-US\"},{\"@type\":\"WebPage\",\"@id\":\"https:\\\/\\\/moldovacrestina.md\\\/en\\\/is-it-sin-to-conceive-children-in-a-fast-or-a-feast-day\\\/\",\"url\":\"https:\\\/\\\/moldovacrestina.md\\\/en\\\/is-it-sin-to-conceive-children-in-a-fast-or-a-feast-day\\\/\",\"name\":\"Is it sin to conceive children in a fast or a feast day? &#8226; Moldova Cre\u0219tin\u0103\",\"isPartOf\":{\"@id\":\"https:\\\/\\\/moldovacrestina.md\\\/en\\\/#website\"},\"primaryImageOfPage\":{\"@id\":\"https:\\\/\\\/moldovacrestina.md\\\/en\\\/is-it-sin-to-conceive-children-in-a-fast-or-a-feast-day\\\/#primaryimage\"},\"image\":{\"@id\":\"https:\\\/\\\/moldovacrestina.md\\\/en\\\/is-it-sin-to-conceive-children-in-a-fast-or-a-feast-day\\\/#primaryimage\"},\"thumbnailUrl\":\"https:\\\/\\\/moldovacrestina.md\\\/wp-content\\\/uploads\\\/2008\\\/08\\\/UnbornBabyLG.jpg\",\"datePublished\":\"2008-08-12T12:12:56+00:00\",\"dateModified\":\"2017-05-27T06:53:48+00:00\",\"author\":{\"@id\":\"https:\\\/\\\/moldovacrestina.md\\\/en\\\/#\\\/schema\\\/person\\\/04b204bbb582cc832c3d2424f5d27dc0\"},\"description\":\"In this article I want to answer to the following question I have received on the portal www.moldovacrestina.net Is it true that it is sin to\",\"breadcrumb\":{\"@id\":\"https:\\\/\\\/moldovacrestina.md\\\/en\\\/is-it-sin-to-conceive-children-in-a-fast-or-a-feast-day\\\/#breadcrumb\"},\"inLanguage\":\"en-US\",\"potentialAction\":[{\"@type\":\"ReadAction\",\"target\":[\"https:\\\/\\\/moldovacrestina.md\\\/en\\\/is-it-sin-to-conceive-children-in-a-fast-or-a-feast-day\\\/\"]}]},{\"@type\":\"ImageObject\",\"inLanguage\":\"en-US\",\"@id\":\"https:\\\/\\\/moldovacrestina.md\\\/en\\\/is-it-sin-to-conceive-children-in-a-fast-or-a-feast-day\\\/#primaryimage\",\"url\":\"https:\\\/\\\/moldovacrestina.md\\\/wp-content\\\/uploads\\\/2008\\\/08\\\/UnbornBabyLG.jpg\",\"contentUrl\":\"https:\\\/\\\/moldovacrestina.md\\\/wp-content\\\/uploads\\\/2008\\\/08\\\/UnbornBabyLG.jpg\",\"width\":606,\"height\":320,\"caption\":\"conceptin in fests\"},{\"@type\":\"BreadcrumbList\",\"@id\":\"https:\\\/\\\/moldovacrestina.md\\\/en\\\/is-it-sin-to-conceive-children-in-a-fast-or-a-feast-day\\\/#breadcrumb\",\"itemListElement\":[{\"@type\":\"ListItem\",\"position\":1,\"name\":\"Prima pagin\u0103\",\"item\":\"https:\\\/\\\/moldovacrestina.md\\\/en\\\/\"},{\"@type\":\"ListItem\",\"position\":2,\"name\":\"Answers from the Bible\",\"item\":\"https:\\\/\\\/moldovacrestina.md\\\/en\\\/answer-from-the-bible\\\/\"},{\"@type\":\"ListItem\",\"position\":3,\"name\":\"Is it sin to conceive children in a fast or a feast day?\"}]},{\"@type\":\"WebSite\",\"@id\":\"https:\\\/\\\/moldovacrestina.md\\\/en\\\/#website\",\"url\":\"https:\\\/\\\/moldovacrestina.md\\\/en\\\/\",\"name\":\"Moldova Cre\u0219tin\u0103\",\"description\":\"R\u0103spunsuri relevante \u0219i actuale din Biblie\",\"potentialAction\":[{\"@type\":\"SearchAction\",\"target\":{\"@type\":\"EntryPoint\",\"urlTemplate\":\"https:\\\/\\\/moldovacrestina.md\\\/en\\\/?s={search_term_string}\"},\"query-input\":{\"@type\":\"PropertyValueSpecification\",\"valueRequired\":true,\"valueName\":\"search_term_string\"}}],\"inLanguage\":\"en-US\"},{\"@type\":\"Person\",\"@id\":\"https:\\\/\\\/moldovacrestina.md\\\/en\\\/#\\\/schema\\\/person\\\/04b204bbb582cc832c3d2424f5d27dc0\",\"name\":\"Vasile Filat\",\"image\":{\"@type\":\"ImageObject\",\"inLanguage\":\"en-US\",\"@id\":\"https:\\\/\\\/secure.gravatar.com\\\/avatar\\\/2e02d082d139dd6eb634318c9cf2c3a8281db62f24f87a134adb4f2020e77ab3?s=96&d=mm&r=g\",\"url\":\"https:\\\/\\\/secure.gravatar.com\\\/avatar\\\/2e02d082d139dd6eb634318c9cf2c3a8281db62f24f87a134adb4f2020e77ab3?s=96&d=mm&r=g\",\"contentUrl\":\"https:\\\/\\\/secure.gravatar.com\\\/avatar\\\/2e02d082d139dd6eb634318c9cf2c3a8281db62f24f87a134adb4f2020e77ab3?s=96&d=mm&r=g\",\"caption\":\"Vasile Filat\"},\"description\":\"P\u0103storesc\u00a0Biserica Bunavestire din Chi\u0219in\u0103u, predau Cuv\u00e2ntul lui Dumnezeu la\u00a0Institutul de Studiu Biblic Inductiv din Eurasia\u00a0\u0219i conduc\u00a0Asocia\u021bia \\\"\u00cenv\u0103\u021b\u0103tur\u0103 din Cuv\u00e2nt - Precept Ministries\\\" din Moldova. \u00cempreun\u0103 cu so\u021bia mea\u00a0Anastasia, avem trei copii. Din Aprilie 2007 am oferit r\u0103spunsuri din Biblie pe acest site la \u00eentreb\u0103ri adresate de cititori. Mai mult despre mine citi\u021bi\u00a0aici.\",\"url\":\"https:\\\/\\\/moldovacrestina.md\\\/en\\\/author\\\/vasile-filat\\\/\"}]}<\/script>\n<!-- \/ Yoast SEO Premium plugin. -->","yoast_head_json":{"title":"Is it sin to conceive children in a fast or a feast day? &#8226; Moldova Cre\u0219tin\u0103","description":"In this article I want to answer to the following question I have received on the portal www.moldovacrestina.net Is it true that it is sin to","robots":{"index":"index","follow":"follow","max-snippet":"max-snippet:-1","max-image-preview":"max-image-preview:large","max-video-preview":"max-video-preview:-1"},"canonical":"https:\/\/moldovacrestina.md\/en\/is-it-sin-to-conceive-children-in-a-fast-or-a-feast-day\/","og_locale":"en_US","og_type":"article","og_title":"Is it sin to conceive children in a fast or a feast day?","og_description":"In this article I want to answer to the following question I have received on the portal www.moldovacrestina.net Is it true that it is sin to","og_url":"https:\/\/moldovacrestina.md\/en\/is-it-sin-to-conceive-children-in-a-fast-or-a-feast-day\/","og_site_name":"Moldova Cre\u0219tin\u0103","article_publisher":"https:\/\/www.facebook.com\/moldovacrestina\/","article_published_time":"2008-08-12T12:12:56+00:00","article_modified_time":"2017-05-27T06:53:48+00:00","og_image":[{"width":606,"height":320,"url":"https:\/\/cdn.moldovacrestina.md\/2008\/08\/UnbornBabyLG.jpg","type":"image\/jpeg"}],"author":"Vasile Filat","twitter_card":"summary_large_image","twitter_creator":"@moldovacrestina","twitter_site":"@moldovacrestina","twitter_misc":{"Written by":"Vasile Filat","Est. reading time":"5 minutes"},"schema":{"@context":"https:\/\/schema.org","@graph":[{"@type":"Article","@id":"https:\/\/moldovacrestina.md\/en\/is-it-sin-to-conceive-children-in-a-fast-or-a-feast-day\/#article","isPartOf":{"@id":"https:\/\/moldovacrestina.md\/en\/is-it-sin-to-conceive-children-in-a-fast-or-a-feast-day\/"},"author":{"name":"Vasile Filat","@id":"https:\/\/moldovacrestina.md\/en\/#\/schema\/person\/04b204bbb582cc832c3d2424f5d27dc0"},"headline":"Is it sin to conceive children in a fast or a feast day?","datePublished":"2008-08-12T12:12:56+00:00","dateModified":"2017-05-27T06:53:48+00:00","mainEntityOfPage":{"@id":"https:\/\/moldovacrestina.md\/en\/is-it-sin-to-conceive-children-in-a-fast-or-a-feast-day\/"},"wordCount":1068,"image":{"@id":"https:\/\/moldovacrestina.md\/en\/is-it-sin-to-conceive-children-in-a-fast-or-a-feast-day\/#primaryimage"},"thumbnailUrl":"https:\/\/moldovacrestina.md\/wp-content\/uploads\/2008\/08\/UnbornBabyLG.jpg","keywords":["Doctrine","conceive child","rest day","intimate in rest day"],"articleSection":["Answers from the Bible"],"inLanguage":"en-US"},{"@type":"WebPage","@id":"https:\/\/moldovacrestina.md\/en\/is-it-sin-to-conceive-children-in-a-fast-or-a-feast-day\/","url":"https:\/\/moldovacrestina.md\/en\/is-it-sin-to-conceive-children-in-a-fast-or-a-feast-day\/","name":"Is it sin to conceive children in a fast or a feast day? &#8226; Moldova Cre\u0219tin\u0103","isPartOf":{"@id":"https:\/\/moldovacrestina.md\/en\/#website"},"primaryImageOfPage":{"@id":"https:\/\/moldovacrestina.md\/en\/is-it-sin-to-conceive-children-in-a-fast-or-a-feast-day\/#primaryimage"},"image":{"@id":"https:\/\/moldovacrestina.md\/en\/is-it-sin-to-conceive-children-in-a-fast-or-a-feast-day\/#primaryimage"},"thumbnailUrl":"https:\/\/moldovacrestina.md\/wp-content\/uploads\/2008\/08\/UnbornBabyLG.jpg","datePublished":"2008-08-12T12:12:56+00:00","dateModified":"2017-05-27T06:53:48+00:00","author":{"@id":"https:\/\/moldovacrestina.md\/en\/#\/schema\/person\/04b204bbb582cc832c3d2424f5d27dc0"},"description":"In this article I want to answer to the following question I have received on the portal www.moldovacrestina.net Is it true that it is sin to","breadcrumb":{"@id":"https:\/\/moldovacrestina.md\/en\/is-it-sin-to-conceive-children-in-a-fast-or-a-feast-day\/#breadcrumb"},"inLanguage":"en-US","potentialAction":[{"@type":"ReadAction","target":["https:\/\/moldovacrestina.md\/en\/is-it-sin-to-conceive-children-in-a-fast-or-a-feast-day\/"]}]},{"@type":"ImageObject","inLanguage":"en-US","@id":"https:\/\/moldovacrestina.md\/en\/is-it-sin-to-conceive-children-in-a-fast-or-a-feast-day\/#primaryimage","url":"https:\/\/moldovacrestina.md\/wp-content\/uploads\/2008\/08\/UnbornBabyLG.jpg","contentUrl":"https:\/\/moldovacrestina.md\/wp-content\/uploads\/2008\/08\/UnbornBabyLG.jpg","width":606,"height":320,"caption":"conceptin in fests"},{"@type":"BreadcrumbList","@id":"https:\/\/moldovacrestina.md\/en\/is-it-sin-to-conceive-children-in-a-fast-or-a-feast-day\/#breadcrumb","itemListElement":[{"@type":"ListItem","position":1,"name":"Prima pagin\u0103","item":"https:\/\/moldovacrestina.md\/en\/"},{"@type":"ListItem","position":2,"name":"Answers from the Bible","item":"https:\/\/moldovacrestina.md\/en\/answer-from-the-bible\/"},{"@type":"ListItem","position":3,"name":"Is it sin to conceive children in a fast or a feast day?"}]},{"@type":"WebSite","@id":"https:\/\/moldovacrestina.md\/en\/#website","url":"https:\/\/moldovacrestina.md\/en\/","name":"Moldova Cre\u0219tin\u0103","description":"R\u0103spunsuri relevante \u0219i actuale din Biblie","potentialAction":[{"@type":"SearchAction","target":{"@type":"EntryPoint","urlTemplate":"https:\/\/moldovacrestina.md\/en\/?s={search_term_string}"},"query-input":{"@type":"PropertyValueSpecification","valueRequired":true,"valueName":"search_term_string"}}],"inLanguage":"en-US"},{"@type":"Person","@id":"https:\/\/moldovacrestina.md\/en\/#\/schema\/person\/04b204bbb582cc832c3d2424f5d27dc0","name":"Vasile Filat","image":{"@type":"ImageObject","inLanguage":"en-US","@id":"https:\/\/secure.gravatar.com\/avatar\/2e02d082d139dd6eb634318c9cf2c3a8281db62f24f87a134adb4f2020e77ab3?s=96&d=mm&r=g","url":"https:\/\/secure.gravatar.com\/avatar\/2e02d082d139dd6eb634318c9cf2c3a8281db62f24f87a134adb4f2020e77ab3?s=96&d=mm&r=g","contentUrl":"https:\/\/secure.gravatar.com\/avatar\/2e02d082d139dd6eb634318c9cf2c3a8281db62f24f87a134adb4f2020e77ab3?s=96&d=mm&r=g","caption":"Vasile Filat"},"description":"P\u0103storesc\u00a0Biserica Bunavestire din Chi\u0219in\u0103u, predau Cuv\u00e2ntul lui Dumnezeu la\u00a0Institutul de Studiu Biblic Inductiv din Eurasia\u00a0\u0219i conduc\u00a0Asocia\u021bia \"\u00cenv\u0103\u021b\u0103tur\u0103 din Cuv\u00e2nt - Precept Ministries\" din Moldova. \u00cempreun\u0103 cu so\u021bia mea\u00a0Anastasia, avem trei copii. Din Aprilie 2007 am oferit r\u0103spunsuri din Biblie pe acest site la \u00eentreb\u0103ri adresate de cititori. Mai mult despre mine citi\u021bi\u00a0aici.","url":"https:\/\/moldovacrestina.md\/en\/author\/vasile-filat\/"}]}},"jetpack_featured_media_url":"https:\/\/moldovacrestina.md\/wp-content\/uploads\/2008\/08\/UnbornBabyLG.jpg","video_meta":false,"featured_image":"https:\/\/moldovacrestina.md\/wp-content\/uploads\/2008\/08\/UnbornBabyLG.jpg","wpml":{"language_code":"en","locale":"en_US","text_direction":false,"display_name":"English","native_name":"Englez\u0103","different_language":false},"jetpack-related-posts":[{"id":84641,"url":"https:\/\/moldovacrestina.md\/ru\/test-homofobia\/","url_meta":{"origin":53434,"position":0},"title":"\u0421\u0434\u0435\u043b\u0430\u0442\u044c \u0442\u0435\u0441\u0442, \u0447\u0442\u043e\u0431\u044b \u0443\u0437\u043d\u0430\u0442\u044c, \u044f\u0432\u043b\u044f\u0435\u0448\u044c\u0441\u044f \u043b\u0438 \u0442\u044b \u0413\u041e\u041c\u041e\u0424\u041e\u0411\u041e\u041c?","author":"Vasile Filat","date":"January 14, 2011","format":false,"excerpt":"\u041f\u043e\u0441\u043a\u043e\u043b\u044c\u043a\u0443 \u044f \u043c\u043d\u043e\u0433\u043e \u0440\u0430\u0437 \u0434\u0435\u043b\u0430\u043b \u0437\u0430\u044f\u0432\u043b\u0435\u043d\u0438\u044f \u043f\u043e \u043f\u043e\u0432\u043e\u0434\u0443 \u043d\u0430\u0441\u0438\u043b\u0438\u044f, \u043d\u0430 \u043a\u043e\u0442\u043e\u0440\u043e\u043c \u043d\u0430\u0441\u0442\u0430\u0438\u0432\u0430\u0435\u0442 \u043e\u0440\u0433\u0430\u043d\u0438\u0437\u0430\u0446\u0438\u044f \u0433\u043e\u043c\u043e\u0441\u0435\u043a\u0441\u0443\u0430\u043b\u0438\u0441\u0442\u043e\u0432 \u0438\u0437 \u041c\u043e\u043b\u0434\u043e\u0432\u044b \u0438 \u0434\u0440\u0443\u0433\u0438\u0435 \u043e\u0440\u0433\u0430\u043d\u0438\u0437\u0430\u0446\u0438\u0438, \u043a\u043e\u0442\u043e\u0440\u044b\u0435 \u043f\u0440\u043e\u043f\u0430\u0433\u0430\u043d\u0434\u0438\u0440\u0443\u044e\u0442\u00a0 \u0442\u0430\u043a \u043d\u0430\u0437\u044b\u0432\u0430\u0435\u043c\u044b\u0435 \u201c\u043f\u0440\u0430\u0432\u0430 \u0441\u0435\u043a\u0441\u0443\u0430\u043b\u044c\u043d\u044b\u0445 \u043c\u0435\u043d\u044c\u0448\u0438\u043d\u0441\u0442\u0432\u201d, \u043c\u0435\u043d\u044f \u0447\u0430\u0441\u0442\u043e \u0441\u0442\u0430\u043b\u0438 \u043d\u0430\u0437\u044b\u0432\u0430\u0442\u044c \u201c\u0433\u043e\u043c\u043e\u0444\u043e\u0431\u201d, \u0442\u043e\u0447\u043d\u043e \u0442\u0430\u043a\u0436\u0435, \u043a\u0430\u043a \u043e\u043d\u0438 \u043d\u0430\u0437\u044b\u0432\u0430\u044e\u0442 \u043b\u044e\u0431\u043e\u0433\u043e, \u043a\u0442\u043e \u043d\u0435 \u0440\u0430\u0437\u0434\u0435\u043b\u044f\u0435\u0442 \u0438\u0445 \u043c\u043d\u0435\u043d\u0438\u044f. \u0421\u0435\u0433\u043e\u0434\u043d\u044f \u044f \u043f\u043e\u043b\u0443\u0447\u0438\u043b \u043f\u043e email \u043f\u0440\u0438\u0433\u043b\u0430\u0448\u0435\u043d\u0438\u0435 \u0441\u0434\u0435\u043b\u0430\u0442\u044c \u0442\u0435\u0441\u0442,\u2026","rel":"","context":"<span class=\"jp-relatedposts-post-author\">Vasile Filat<\/span>","block_context":{"text":"\u041e\u0431\u0449\u0435\u0441\u0442\u0432\u043e","link":"https:\/\/moldovacrestina.md\/ru\/otvety-iz-biblii\/obshhestvo\/"},"img":{"alt_text":"","src":"https:\/\/i0.wp.com\/americansfortruth.com\/uploads\/2011\/01\/Homophobia_Quiz-300x148.png?resize=350%2C200","width":350,"height":200},"classes":[]},{"id":83594,"url":"https:\/\/moldovacrestina.md\/ru\/hto-znachit-zlosloviti-za-hrista\/","url_meta":{"origin":53434,"position":1},"title":"\u041d\u0430 \u0447\u0442\u043e \u0441\u0441\u044b\u043b\u0430\u0435\u0442\u0441\u044f \u0418\u0438\u0441\u0443\u0441 \u0425\u0440\u0438\u0441\u0442\u043e\u0441, \u0433\u043e\u0432\u043e\u0440\u044f \u201c\u043d\u0435\u043f\u0440\u0430\u0432\u0435\u0434\u043d\u043e \u0437\u043b\u043e\u0441\u043b\u043e\u0432\u0438\u0442\u044c \u0437\u0430 \u041c\u0435\u043d\u044f\u201d?","author":"Vasile Filat","date":"September 8, 2010","format":false,"excerpt":"\u0412\u043e\u043f\u0440\u043e\u0441: \u0421\u0435\u0433\u043e\u0434\u043d\u044f \u0432\u043e \u0432\u0440\u0435\u043c\u044f \u043e\u0431\u0435\u0434\u0435\u043d\u043d\u043e\u0433\u043e \u043f\u0435\u0440\u0435\u0440\u044b\u0432\u0430 \u044f \u0441\u043b\u0443\u0448\u0430\u043b \u043e \u0431\u043b\u0430\u0436\u0435\u043d\u0441\u0442\u0432\u0430\u0445, \u0441\u043a\u0430\u0437\u0430\u043d\u043d\u044b\u0445 \u0418\u0438\u0441\u0443\u0441\u043e\u043c \u0425\u0440\u0438\u0441\u0442\u043e\u043c \u0432 \u041d\u0430\u0433\u043e\u0440\u043d\u043e\u0439 \u041f\u0440\u043e\u043f\u043e\u0432\u0435\u0434\u0438, \u0438 \u0443 \u043c\u0435\u043d\u044f \u0435\u0441\u0442\u044c \u043d\u0435\u0434\u043e\u043f\u043e\u043d\u0438\u043c\u0430\u043d\u0438\u0435 \u043f\u043e \u044d\u0442\u043e\u043c\u0443 \u043f\u043e\u0432\u043e\u0434\u0443. \u042f \u043f\u043e\u043d\u0438\u043c\u0430\u044e, \u0447\u0442\u043e \u0425\u0440\u0438\u0441\u0442\u043e\u0441 \u0441\u043a\u0430\u0437\u0430\u043b \u0443\u0447\u0435\u043d\u0438\u043a\u0430\u043c, \u0447\u0442\u043e \u043e\u043d\u0438 \u0431\u0443\u0434\u0443\u0442 \u0441\u0442\u0440\u0430\u0434\u0430\u0442\u044c \u043f\u043e \u043f\u0440\u0438\u0447\u0438\u043d\u0435 \u043f\u0440\u043e\u043f\u043e\u0432\u0435\u0434\u0438 \u0421\u043b\u043e\u0432\u0430 \u0438\u043b\u0438 \u0441\u043e \u0441\u0442\u043e\u0440\u043e\u043d\u044b \u043d\u0435\u0432\u0435\u0440\u0443\u044e\u0449\u0438\u0445, \u043d\u043e \u044f \u043d\u0435 \u043f\u043e\u043d\u0438\u043c\u0430\u044e \u0432\u044b\u0440\u0430\u0436\u0435\u043d\u0438\u044f \u201c\u043d\u0435\u043f\u0440\u0430\u0432\u0435\u0434\u043d\u043e \u0437\u043b\u043e\u0441\u043b\u043e\u0432\u0438\u0442\u044c \u0437\u0430\u2026","rel":"","context":"<span class=\"jp-relatedposts-post-author\">Vasile Filat<\/span>","block_context":{"text":"\u0414\u043e\u043a\u0442\u0440\u0438\u043d\u044b","link":"https:\/\/moldovacrestina.md\/ru\/otvety-iz-biblii\/doktriny-ru\/"},"img":{"alt_text":"","src":"","width":0,"height":0},"classes":[]},{"id":223414,"url":"https:\/\/moldovacrestina.md\/ru\/govorenie-na-neponyatnyh-yazykah\/","url_meta":{"origin":53434,"position":2},"title":"\u0427\u0442\u043e \u043f\u0440\u0435\u0434\u0441\u0442\u0430\u0432\u043b\u044f\u0435\u0442 \u0438\u0437 \u0441\u0435\u0431\u044f \u0433\u043e\u0432\u043e\u0440\u0435\u043d\u0438\u0435 \u043d\u0430 \u043d\u0435\u043f\u043e\u043d\u044f\u0442\u043d\u044b\u0445 \u044f\u0437\u044b\u043a\u0430\u0445 \u0432 \u043f\u044f\u0442\u0438\u0434\u0435\u0441\u044f\u0442\u043d\u0438\u0447\u0435\u0441\u043a\u0438\u0445 \u0446\u0435\u0440\u043a\u0432\u044f\u0445?","author":"Anastasia Filat","date":"November 18, 2018","format":false,"excerpt":"\u0412\u043e\u043f\u0440\u043e\u0441: \u041d\u0430\u0445\u043e\u0434\u044f\u0441\u044c \u0432 \u043f\u044f\u0442\u0438\u0434\u0435\u0441\u044f\u0442\u043d\u0438\u0447\u0435\u0441\u043a\u043e\u0439 \u0446\u0435\u0440\u043a\u0432\u0438, \u044f \u0441\u0442\u0430\u043b\u0430 \u0441\u0432\u0438\u0434\u0435\u0442\u0435\u043b\u0435\u043c \u0442\u043e\u0433\u043e, \u043a\u0430\u043a \u043d\u0435\u043a\u043e\u0442\u043e\u0440\u044b\u0435 \u043c\u043e\u043b\u0438\u043b\u0438\u0441\u044c \u043d\u0430 \u0434\u0440\u0443\u0433\u043e\u043c \u044f\u0437\u044b\u043a\u0435, \u0438\u0441\u043f\u043e\u043b\u044c\u0437\u0443\u044f \u0442\u0430\u043a\u043e\u0439 \u0436\u0435 \u0430\u043a\u0446\u0435\u043d\u0442, \u0442\u0430\u043a\u0438\u0435 \u0436\u0435 \u043f\u0430\u0443\u0437\u044b \u043c\u0435\u0436\u0434\u0443 \u0441\u043b\u043e\u0432\u0430\u043c\u0438, \u0442\u0430\u043a\u043e\u0439 \u0436\u0435 \u0440\u0438\u0442\u043c, \u0442\u0435\u043c\u043f \u0438 \u0437\u0432\u0443\u043a, \u0442\u043e \u0435\u0441\u0442\u044c \u043d\u0435 \u0433\u0440\u043e\u043c\u0447\u0435 \u0438\u043b\u0438 \u0442\u0438\u0448\u0435. \u042f \u0445\u043e\u0447\u0443 \u0441\u043f\u0440\u043e\u0441\u0438\u0442\u044c \u0432\u0430\u0441, \u043d\u043e\u0440\u043c\u0430\u043b\u044c\u043d\u043e \u043b\u0438 \u044d\u0442\u043e, \u0438\u043b\u0438 \u0436\u0435 \u043a\u043e\u0433\u0434\u0430 \u043a\u0442\u043e-\u0442\u043e \u0433\u043e\u0432\u043e\u0440\u0438\u0442 \u043d\u0430 \u044f\u0437\u044b\u043a\u0430\u0445,\u2026","rel":"","context":"<span class=\"jp-relatedposts-post-author\">Anastasia Filat<\/span>","block_context":{"text":"\u041e\u0442\u0432\u0435\u0442\u044b \u0438\u0437 \u0411\u0438\u0431\u043b\u0438\u0438","link":"https:\/\/moldovacrestina.md\/ru\/otvety-iz-biblii\/"},"img":{"alt_text":"\u0433\u043e\u0432\u043e\u0440\u0435\u043d\u0438\u0435 \u043d\u0430 \u043d\u0435\u043f\u043e\u043d\u044f\u0442\u043d\u044b\u0445 \u044f\u0437\u044b\u043a\u0430\u0445","src":"https:\/\/i0.wp.com\/moldovacrestina.md\/wp-content\/uploads\/2018\/11\/39595577958_vorbirea-in-limbi-14.jpg?resize=350%2C200&ssl=1","width":350,"height":200,"srcset":"https:\/\/i0.wp.com\/moldovacrestina.md\/wp-content\/uploads\/2018\/11\/39595577958_vorbirea-in-limbi-14.jpg?resize=350%2C200&ssl=1 1x, https:\/\/i0.wp.com\/moldovacrestina.md\/wp-content\/uploads\/2018\/11\/39595577958_vorbirea-in-limbi-14.jpg?resize=525%2C300&ssl=1 1.5x, https:\/\/i0.wp.com\/moldovacrestina.md\/wp-content\/uploads\/2018\/11\/39595577958_vorbirea-in-limbi-14.jpg?resize=700%2C400&ssl=1 2x"},"classes":[]},{"id":75485,"url":"https:\/\/moldovacrestina.md\/ru\/na-skolko-biblejskoe-otnoshenie-u-pas\/","url_meta":{"origin":53434,"position":3},"title":"\u041d\u0430 \u0441\u043a\u043e\u043b\u044c\u043a\u043e \u0431\u0438\u0431\u043b\u0435\u0439\u0441\u043a\u043e\u0435 \u043e\u0442\u043d\u043e\u0448\u0435\u043d\u0438\u0435 \u0443 \u043f\u0430\u0441\u0442\u043e\u0440\u0430 \u0411\u0440\u0430\u0439\u0430\u043d\u0430 \u0425\u044c\u044e\u0441\u0442\u043e\u043d\u0430 \u0438\u0437 Hillsong Church \u043a \u0433\u043e\u043c\u043e\u0441\u0435\u043a\u0441\u0443\u0430\u043b\u0438\u0437\u043c\u0443?","author":"Vasile Filat","date":"August 6, 2015","format":false,"excerpt":"\u041d\u043e\u0432\u043e\u0441\u0442\u044c \u043e \u0434\u0432\u0443\u0445 \u043b\u0438\u0434\u0435\u0440\u0430\u0445 \u0446\u0435\u0440\u043a\u043e\u0432\u043d\u043e\u0433\u043e \u0445\u043e\u0440\u0430 Hillsong \u0438\u0437 \u0433\u043e\u0440\u043e\u0434\u0430 \u041d\u044c\u044e \u0419\u043e\u0440\u043a\u0430, \u043a\u043e\u0442\u043e\u0440\u044b\u0435 \u043e\u0431\u044a\u044f\u0432\u0438\u043b\u0438 \u0441\u0435\u0431\u044f \u0433\u043e\u043c\u043e\u0441\u0435\u043a\u0441\u0443\u0430\u043b\u0438\u0441\u0442\u0430\u043c\u0438 \u0438 \u043e \u0442\u043e\u043c, \u0447\u0442\u043e \u043e\u043d\u0438 \u043f\u043b\u0430\u043d\u0438\u0440\u0443\u044e\u0442 \u043f\u043e\u0436\u0435\u043d\u0438\u0442\u044c\u0441\u044f \u0432 \u0441\u043b\u0435\u0434\u0443\u044e\u0449\u0435\u043c \u0433\u043e\u0434\u0443 \u043e\u0433\u043e\u0440\u0447\u0438\u043b\u0430 \u0432\u0441\u0435\u0445 \u0445\u0440\u0438\u0441\u0442\u0438\u0430\u043d. \u0417\u0430\u044f\u0432\u043b\u0435\u043d\u0438\u0435 \u043f\u0430\u0441\u0442\u043e\u0440\u0430 \u0438\u0437 \u0425\u0438\u043b\u0441\u043e\u043d\u0433 \u0434\u043e\u0431\u0430\u0432\u0438\u043b\u0438 \u043e\u0433\u043e\u0440\u0447\u0435\u043d\u0438\u044f. \u00a0Hillsong Church\u00a0\u044f\u0432\u043b\u044f\u0435\u0442\u0441\u044f \u043f\u044f\u0442\u0438\u0434\u0435\u0441\u044f\u0442\u043d\u0438\u0447\u0435\u0441\u043a\u043e\u0439 \u043c\u0435\u0433\u0430\u0446\u0435\u0440\u043a\u043e\u0432\u044c\u044e, \u0434\u0435\u0439\u0441\u0442\u0432\u0443\u044e\u0449\u0435\u0439 \u0432 15 \u0441\u0442\u0440\u0430\u043d\u0430\u0445 \u043c\u0438\u0440\u0430 \u0438 \u0435\u0436\u0435\u043d\u0435\u0434\u0435\u043b\u044c\u043d\u043e \u0441\u043e\u0431\u0438\u0440\u0430\u0435\u0442 \u0431\u043e\u043b\u0435\u0435 100.000 \u043b\u044e\u0434\u0435\u0439. \u041c\u043d\u0435\u2026","rel":"","context":"<span class=\"jp-relatedposts-post-author\">Vasile Filat<\/span>","block_context":{"text":"\u0411\u043b\u043e\u0433\u043e\u0441\u0444\u0435\u0440\u0430","link":"https:\/\/moldovacrestina.md\/ru\/vospitanie-ru\/blogosfera-ru\/"},"img":{"alt_text":"","src":"https:\/\/i0.wp.com\/moldovacrestina.md\/wp-content\/uploads\/2017\/12\/14027864951_pastor-brian-houston-hillsong.png?resize=350%2C200&ssl=1","width":350,"height":200},"classes":[]},{"id":86012,"url":"https:\/\/moldovacrestina.md\/en\/doris-van-stone-devochka-kotoryiu-nikto-ne-liubil\/","url_meta":{"origin":53434,"position":4},"title":"\u0414\u043e\u0440\u0438\u0441 \u0412\u0430\u043d \u0421\u0442\u043e\u0443\u043d &ndash; \u0434\u0435\u0432\u043e\u0447\u043a\u0430 \u043a\u043e\u0442\u043e\u0440\u0443\u044e \u043d\u0438\u043a\u0442\u043e \u043d\u0435 \u043b\u044e\u0431\u0438\u043b","author":"Vasile Filat","date":"February 23, 2012","format":false,"excerpt":"\u0412\u0447\u0435\u0440\u0430 \u0432\u0435\u0447\u0435\u0440\u043e\u043c \u0443 \u043c\u0435\u043d\u044f \u0431\u044b\u043b\u0430 \u0431\u043b\u0430\u0433\u043e\u0441\u043b\u043e\u0432\u0435\u043d\u043d\u0430\u044f \u0432\u0441\u0442\u0440\u0435\u0447\u0430 \u0441\u00a0 \u0414\u043e\u0440\u0438\u0441 \u0412\u0430\u043d \u0421\u0442\u043e\u0443\u043d, \u0430\u0432\u0442\u043e\u0440\u043e\u043c \u0445\u043e\u0440\u043e\u0448\u043e \u0438\u0437\u0432\u0435\u0441\u0442\u043d\u043e\u0439 \u043a\u043d\u0438\u0433\u0438 \u201c\u0414\u043e\u0440\u0438, \u0434\u0435\u0432\u043e\u0447\u043a\u0430 \u043a\u043e\u0442\u043e\u0440\u0443\u044e \u043d\u0438\u043a\u0442\u043e \u043d\u0435 \u043b\u044e\u0431\u0438\u043b\u201d \u0438 \u0434\u0432\u0443\u0445 \u0434\u0440\u0443\u0433\u0438\u0445 \u043a\u043d\u0438\u0433 \"No Place To Cry: The Hurt and Healing of Sexual Abuse\" \u0438 \"The secrets of the heart\". \u0412 \u0432\u043e\u0437\u0440\u0430\u0441\u0442\u0435 90 \u043b\u0435\u0442 \u0441\u0435\u0441\u0442\u0440\u0430 \u0414\u043e\u0440\u0438\u0441 \u043f\u043e\u043b\u043d\u0430 \u0436\u0438\u0437\u043d\u0438,\u2026","rel":"","context":"<span class=\"jp-relatedposts-post-author\">Vasile Filat<\/span>","block_context":{"text":"\u041e\u0431\u0449\u0435\u0441\u0442\u0432\u043e","link":"https:\/\/moldovacrestina.md\/ru\/otvety-iz-biblii\/obshhestvo\/"},"img":{"alt_text":"","src":"","width":0,"height":0},"classes":[]},{"id":71868,"url":"https:\/\/moldovacrestina.md\/marturia-unui-tinar-misionar-crestin-din-moldova-care-a-facut-recent-misiune-in-etiopia\/","url_meta":{"origin":53434,"position":5},"title":"M\u0103rturia unui t\u00een\u0103r misionar cre\u015ftin din Moldova, care a f\u0103cut recent misiune \u00een Etiopia","author":"Vitalie Marian","date":"March 30, 2011","format":false,"excerpt":"Cu acordul lui Ruslan Lupa\u015fcu, t\u00een\u0103rul misionar din s.M\u0103gd\u0103ce\u015fti, public m\u0103rturia lui despre misiunea sa din Etiopia din anul 2011. \u201e\u041a\u0430\u043a \u0432\u044b \u0443\u0436\u0435 \u0437\u043d\u0430\u0435\u0442\u0435, \u043f\u043e\u0441\u043b\u0435\u0434\u043d\u0438\u0435 \u043c\u0435\u0441\u044f\u0446\u044b \u044f \u043d\u0430\u0445\u043e\u0434\u0438\u043b\u0441\u044f \u0432 \u043c\u0438\u0441\u0441\u0438\u043e\u043d\u0435\u0440\u0441\u043a\u043e\u0439 \u043f\u043e\u0435\u0437\u0434\u043a\u0435 \u0432 \u042d\u0444\u0438\u043e\u043f\u0438\u0438. \u041d\u0430\u0448\u0430 \u043a\u043e\u043c\u0430\u043d\u0434\u0430 \u0438\u0437 \u0448\u0435\u0441\u0442\u0438 \u0447\u0435\u043b\u043e\u0432\u0435\u043a \u0441\u043b\u0443\u0436\u0438\u043b\u0430 \u0432 \u0434\u043e\u043c\u0435 \u00ab\u041c\u0430\u0442\u044c \u0422\u0435\u0440\u0435\u0437\u044b\u00bb \u0431\u043e\u043b\u044c\u043d\u044b\u043c \u0442\u0443\u0431\u0435\u0440\u043a\u0443\u043b\u0435\u0437\u043e\u043c \u043e\u0442\u043a\u0440\u044b\u0442\u043e\u0439 \u0444\u043e\u0440\u043c\u044b, \u0434\u0435\u0442\u044f\u043c \u0441 \u0446\u0435\u0440\u0435\u0431\u0440\u0430\u043b\u044c\u043d\u044b\u043c\u2026","rel":"","context":"<span class=\"jp-relatedposts-post-author\">Vitalie Marian<\/span>","block_context":{"text":"Blogosfera","link":"https:\/\/moldovacrestina.md\/familie-si-societate\/blogosfera\/"},"img":{"alt_text":"","src":"","width":0,"height":0},"classes":[]}],"jetpack_sharing_enabled":true,"_links":{"self":[{"href":"https:\/\/moldovacrestina.md\/en\/wp-json\/wp\/v2\/posts\/53434","targetHints":{"allow":["GET"]}}],"collection":[{"href":"https:\/\/moldovacrestina.md\/en\/wp-json\/wp\/v2\/posts"}],"about":[{"href":"https:\/\/moldovacrestina.md\/en\/wp-json\/wp\/v2\/types\/post"}],"author":[{"embeddable":true,"href":"https:\/\/moldovacrestina.md\/en\/wp-json\/wp\/v2\/users\/46"}],"replies":[{"embeddable":true,"href":"https:\/\/moldovacrestina.md\/en\/wp-json\/wp\/v2\/comments?post=53434"}],"version-history":[{"count":0,"href":"https:\/\/moldovacrestina.md\/en\/wp-json\/wp\/v2\/posts\/53434\/revisions"}],"wp:featuredmedia":[{"embeddable":true,"href":"https:\/\/moldovacrestina.md\/en\/wp-json\/wp\/v2\/media\/90564"}],"wp:attachment":[{"href":"https:\/\/moldovacrestina.md\/en\/wp-json\/wp\/v2\/media?parent=53434"}],"wp:term":[{"taxonomy":"category","embeddable":true,"href":"https:\/\/moldovacrestina.md\/en\/wp-json\/wp\/v2\/categories?post=53434"},{"taxonomy":"post_tag","embeddable":true,"href":"https:\/\/moldovacrestina.md\/en\/wp-json\/wp\/v2\/tags?post=53434"}],"curies":[{"name":"wp","href":"https:\/\/api.w.org\/{rel}","templated":true}]}}