{"id":52735,"date":"2008-05-10T21:26:52","date_gmt":"2008-05-10T19:26:52","guid":{"rendered":"https:\/\/moldovacrestina.md\/we-can-not-accept-immorality-as-a-virtue"},"modified":"2017-05-27T09:03:10","modified_gmt":"2017-05-27T07:03:10","slug":"we-can-not-accept-immorality-as-a-virtue","status":"publish","type":"post","link":"https:\/\/moldovacrestina.md\/en\/we-can-not-accept-immorality-as-a-virtue\/","title":{"rendered":"We can not accept immorality to be raised as a virtue"},"content":{"rendered":"<p style=\"text-align: justify\">\n<p>While I was on a mission trip I heard a news that made me feel so bad:<\/p>\n<blockquote class=\"td_quote_box td_box_center\">\n<p>Sexual minorities will organize for the first time in Chisinau a legal public action. 11 May 2008 within VII LGBT Pride in Moldova \u201eRainbow over the Dniester\u201d LGBT community will go on pubic manifestation on the the central squre of Chisinau. The aim of the action is to support adoption of anti-discrimination law in Moldova.<\/p>\n<\/blockquote>\n<p dir=\"ltr\">This is a provocation of the whole nation and of the Christian values that help us build our identity. That is what immoral people want to obtain through this anti-discrimination law, that they request so vehemently. They want a law that allows them to defy the society and to discriminate whomever they want to all levels.<\/p>\n<p dir=\"ltr\">In the same article, it is mentioned:<\/p>\n<blockquote class=\"td_quote_box td_box_center\">\n<p dir=\"ltr\">On the other side, the president of Gender Doc-M, Alexei Marcicov communicated at a press conference that they are discriminated. According to the cited source, sexual minorities from Moldova want only to have their rights respected, and that they do not sin more than the whole society does.<\/p>\n<\/blockquote>\n<p dir=\"ltr\">They shout in a loud voice they are discriminated and their unique example is when someone threw a stone in the window of their office. But police exist for this, and not all those in whose window has been thrown a stone come to ask for another law.<\/p>\n<p dir=\"ltr\">Alexei Marcicov also says that they sin equally to the whole society. It is true that the wage of sin is death, and all have sinned, as the Scripture mentions. But other sinners don\u2019t promote their sin as a virtue, and don\u2019t organize prides to show off their iniquities. What will be if thieves, drunkers, drugged and corrupted persons form their own associations and organize such kind of prides?<\/p>\n<p dir=\"ltr\">We can not accept suck kind of conduct! So, what are our future actions?<\/p>\n<p dir=\"ltr\"><em>Translated by Felicia Djugostran<\/em><\/p><\/p>\n","protected":false},"excerpt":{"rendered":"<p>While I was on a mission trip I heard a news that made me feel so bad: Sexual minorities will organize for the first time in Chisinau a legal public action. 11 May 2008 within VII LGBT Pride in Moldova \u201eRainbow over the Dniester\u201d LGBT community will go on pubic manifestation on the the central [&hellip;]<\/p>\n","protected":false},"author":46,"featured_media":0,"comment_status":"closed","ping_status":"closed","sticky":false,"template":"","format":"standard","meta":{"_acf_changed":false,"inline_featured_image":false,"_monsterinsights_skip_tracking":false,"_monsterinsights_sitenote_active":false,"_monsterinsights_sitenote_note":"","_monsterinsights_sitenote_category":0,"_genesis_hide_title":false,"_genesis_hide_breadcrumbs":false,"_genesis_hide_singular_image":false,"_genesis_hide_footer_widgets":false,"_genesis_custom_body_class":"","_genesis_custom_post_class":"","_genesis_layout":"","ep_exclude_from_search":false,"_jetpack_memberships_contains_paid_content":false,"footnotes":""},"categories":[126],"tags":[7739,7842],"class_list":{"0":"post-52735","1":"post","2":"type-post","3":"status-publish","4":"format-standard","6":"category-answer-from-the-bible","7":"tag-society","8":"tag-marriage","9":"entry"},"acf":[],"yoast_head":"<!-- This site is optimized with the Yoast SEO Premium plugin v26.5 (Yoast SEO v27.4) - https:\/\/yoast.com\/product\/yoast-seo-premium-wordpress\/ -->\n<title>We can not accept immorality to be raised as a virtue &#8226; Moldova Cre\u0219tin\u0103<\/title>\n<meta name=\"description\" content=\"While I was on a mission trip I heard a news that made me feel so bad:Sexual minorities will organize for the first time in Chisinau a legal public\" \/>\n<meta name=\"robots\" content=\"index, follow, max-snippet:-1, max-image-preview:large, max-video-preview:-1\" \/>\n<link rel=\"canonical\" href=\"https:\/\/moldovacrestina.md\/en\/we-can-not-accept-immorality-as-a-virtue\/\" \/>\n<meta property=\"og:locale\" content=\"en_US\" \/>\n<meta property=\"og:type\" content=\"article\" \/>\n<meta property=\"og:title\" content=\"We can not accept immorality to be raised as a virtue\" \/>\n<meta property=\"og:description\" content=\"While I was on a mission trip I heard a news that made me feel so bad:Sexual minorities will organize for the first time in Chisinau a legal public\" \/>\n<meta property=\"og:url\" content=\"https:\/\/moldovacrestina.md\/en\/we-can-not-accept-immorality-as-a-virtue\/\" \/>\n<meta property=\"og:site_name\" content=\"Moldova Cre\u0219tin\u0103\" \/>\n<meta property=\"article:publisher\" content=\"https:\/\/www.facebook.com\/moldovacrestina\/\" \/>\n<meta property=\"article:published_time\" content=\"2008-05-10T19:26:52+00:00\" \/>\n<meta property=\"article:modified_time\" content=\"2017-05-27T07:03:10+00:00\" \/>\n<meta name=\"author\" content=\"Vasile Filat\" \/>\n<meta name=\"twitter:card\" content=\"summary_large_image\" \/>\n<meta name=\"twitter:creator\" content=\"@moldovacrestina\" \/>\n<meta name=\"twitter:site\" content=\"@moldovacrestina\" \/>\n<meta name=\"twitter:label1\" content=\"Written by\" \/>\n\t<meta name=\"twitter:data1\" content=\"Vasile Filat\" \/>\n\t<meta name=\"twitter:label2\" content=\"Est. reading time\" \/>\n\t<meta name=\"twitter:data2\" content=\"2 minutes\" \/>\n<script type=\"application\/ld+json\" class=\"yoast-schema-graph\">{\"@context\":\"https:\\\/\\\/schema.org\",\"@graph\":[{\"@type\":\"Article\",\"@id\":\"https:\\\/\\\/moldovacrestina.md\\\/en\\\/we-can-not-accept-immorality-as-a-virtue\\\/#article\",\"isPartOf\":{\"@id\":\"https:\\\/\\\/moldovacrestina.md\\\/en\\\/we-can-not-accept-immorality-as-a-virtue\\\/\"},\"author\":{\"name\":\"Vasile Filat\",\"@id\":\"https:\\\/\\\/moldovacrestina.md\\\/en\\\/#\\\/schema\\\/person\\\/04b204bbb582cc832c3d2424f5d27dc0\"},\"headline\":\"We can not accept immorality to be raised as a virtue\",\"datePublished\":\"2008-05-10T19:26:52+00:00\",\"dateModified\":\"2017-05-27T07:03:10+00:00\",\"mainEntityOfPage\":{\"@id\":\"https:\\\/\\\/moldovacrestina.md\\\/en\\\/we-can-not-accept-immorality-as-a-virtue\\\/\"},\"wordCount\":329,\"keywords\":[\"Society\",\"Marriage\"],\"articleSection\":[\"Answers from the Bible\"],\"inLanguage\":\"en-US\"},{\"@type\":\"WebPage\",\"@id\":\"https:\\\/\\\/moldovacrestina.md\\\/en\\\/we-can-not-accept-immorality-as-a-virtue\\\/\",\"url\":\"https:\\\/\\\/moldovacrestina.md\\\/en\\\/we-can-not-accept-immorality-as-a-virtue\\\/\",\"name\":\"We can not accept immorality to be raised as a virtue &#8226; Moldova Cre\u0219tin\u0103\",\"isPartOf\":{\"@id\":\"https:\\\/\\\/moldovacrestina.md\\\/en\\\/#website\"},\"datePublished\":\"2008-05-10T19:26:52+00:00\",\"dateModified\":\"2017-05-27T07:03:10+00:00\",\"author\":{\"@id\":\"https:\\\/\\\/moldovacrestina.md\\\/en\\\/#\\\/schema\\\/person\\\/04b204bbb582cc832c3d2424f5d27dc0\"},\"description\":\"While I was on a mission trip I heard a news that made me feel so bad:Sexual minorities will organize for the first time in Chisinau a legal public\",\"breadcrumb\":{\"@id\":\"https:\\\/\\\/moldovacrestina.md\\\/en\\\/we-can-not-accept-immorality-as-a-virtue\\\/#breadcrumb\"},\"inLanguage\":\"en-US\",\"potentialAction\":[{\"@type\":\"ReadAction\",\"target\":[\"https:\\\/\\\/moldovacrestina.md\\\/en\\\/we-can-not-accept-immorality-as-a-virtue\\\/\"]}]},{\"@type\":\"BreadcrumbList\",\"@id\":\"https:\\\/\\\/moldovacrestina.md\\\/en\\\/we-can-not-accept-immorality-as-a-virtue\\\/#breadcrumb\",\"itemListElement\":[{\"@type\":\"ListItem\",\"position\":1,\"name\":\"Prima pagin\u0103\",\"item\":\"https:\\\/\\\/moldovacrestina.md\\\/en\\\/\"},{\"@type\":\"ListItem\",\"position\":2,\"name\":\"Answers from the Bible\",\"item\":\"https:\\\/\\\/moldovacrestina.md\\\/en\\\/answer-from-the-bible\\\/\"},{\"@type\":\"ListItem\",\"position\":3,\"name\":\"We can not accept immorality to be raised as a virtue\"}]},{\"@type\":\"WebSite\",\"@id\":\"https:\\\/\\\/moldovacrestina.md\\\/en\\\/#website\",\"url\":\"https:\\\/\\\/moldovacrestina.md\\\/en\\\/\",\"name\":\"Moldova Cre\u0219tin\u0103\",\"description\":\"R\u0103spunsuri relevante \u0219i actuale din Biblie\",\"potentialAction\":[{\"@type\":\"SearchAction\",\"target\":{\"@type\":\"EntryPoint\",\"urlTemplate\":\"https:\\\/\\\/moldovacrestina.md\\\/en\\\/?s={search_term_string}\"},\"query-input\":{\"@type\":\"PropertyValueSpecification\",\"valueRequired\":true,\"valueName\":\"search_term_string\"}}],\"inLanguage\":\"en-US\"},{\"@type\":\"Person\",\"@id\":\"https:\\\/\\\/moldovacrestina.md\\\/en\\\/#\\\/schema\\\/person\\\/04b204bbb582cc832c3d2424f5d27dc0\",\"name\":\"Vasile Filat\",\"image\":{\"@type\":\"ImageObject\",\"inLanguage\":\"en-US\",\"@id\":\"https:\\\/\\\/secure.gravatar.com\\\/avatar\\\/2e02d082d139dd6eb634318c9cf2c3a8281db62f24f87a134adb4f2020e77ab3?s=96&d=mm&r=g\",\"url\":\"https:\\\/\\\/secure.gravatar.com\\\/avatar\\\/2e02d082d139dd6eb634318c9cf2c3a8281db62f24f87a134adb4f2020e77ab3?s=96&d=mm&r=g\",\"contentUrl\":\"https:\\\/\\\/secure.gravatar.com\\\/avatar\\\/2e02d082d139dd6eb634318c9cf2c3a8281db62f24f87a134adb4f2020e77ab3?s=96&d=mm&r=g\",\"caption\":\"Vasile Filat\"},\"description\":\"P\u0103storesc\u00a0Biserica Bunavestire din Chi\u0219in\u0103u, predau Cuv\u00e2ntul lui Dumnezeu la\u00a0Institutul de Studiu Biblic Inductiv din Eurasia\u00a0\u0219i conduc\u00a0Asocia\u021bia \\\"\u00cenv\u0103\u021b\u0103tur\u0103 din Cuv\u00e2nt - Precept Ministries\\\" din Moldova. \u00cempreun\u0103 cu so\u021bia mea\u00a0Anastasia, avem trei copii. Din Aprilie 2007 am oferit r\u0103spunsuri din Biblie pe acest site la \u00eentreb\u0103ri adresate de cititori. Mai mult despre mine citi\u021bi\u00a0aici.\",\"url\":\"https:\\\/\\\/moldovacrestina.md\\\/en\\\/author\\\/vasile-filat\\\/\"}]}<\/script>\n<!-- \/ Yoast SEO Premium plugin. -->","yoast_head_json":{"title":"We can not accept immorality to be raised as a virtue &#8226; Moldova Cre\u0219tin\u0103","description":"While I was on a mission trip I heard a news that made me feel so bad:Sexual minorities will organize for the first time in Chisinau a legal public","robots":{"index":"index","follow":"follow","max-snippet":"max-snippet:-1","max-image-preview":"max-image-preview:large","max-video-preview":"max-video-preview:-1"},"canonical":"https:\/\/moldovacrestina.md\/en\/we-can-not-accept-immorality-as-a-virtue\/","og_locale":"en_US","og_type":"article","og_title":"We can not accept immorality to be raised as a virtue","og_description":"While I was on a mission trip I heard a news that made me feel so bad:Sexual minorities will organize for the first time in Chisinau a legal public","og_url":"https:\/\/moldovacrestina.md\/en\/we-can-not-accept-immorality-as-a-virtue\/","og_site_name":"Moldova Cre\u0219tin\u0103","article_publisher":"https:\/\/www.facebook.com\/moldovacrestina\/","article_published_time":"2008-05-10T19:26:52+00:00","article_modified_time":"2017-05-27T07:03:10+00:00","author":"Vasile Filat","twitter_card":"summary_large_image","twitter_creator":"@moldovacrestina","twitter_site":"@moldovacrestina","twitter_misc":{"Written by":"Vasile Filat","Est. reading time":"2 minutes"},"schema":{"@context":"https:\/\/schema.org","@graph":[{"@type":"Article","@id":"https:\/\/moldovacrestina.md\/en\/we-can-not-accept-immorality-as-a-virtue\/#article","isPartOf":{"@id":"https:\/\/moldovacrestina.md\/en\/we-can-not-accept-immorality-as-a-virtue\/"},"author":{"name":"Vasile Filat","@id":"https:\/\/moldovacrestina.md\/en\/#\/schema\/person\/04b204bbb582cc832c3d2424f5d27dc0"},"headline":"We can not accept immorality to be raised as a virtue","datePublished":"2008-05-10T19:26:52+00:00","dateModified":"2017-05-27T07:03:10+00:00","mainEntityOfPage":{"@id":"https:\/\/moldovacrestina.md\/en\/we-can-not-accept-immorality-as-a-virtue\/"},"wordCount":329,"keywords":["Society","Marriage"],"articleSection":["Answers from the Bible"],"inLanguage":"en-US"},{"@type":"WebPage","@id":"https:\/\/moldovacrestina.md\/en\/we-can-not-accept-immorality-as-a-virtue\/","url":"https:\/\/moldovacrestina.md\/en\/we-can-not-accept-immorality-as-a-virtue\/","name":"We can not accept immorality to be raised as a virtue &#8226; Moldova Cre\u0219tin\u0103","isPartOf":{"@id":"https:\/\/moldovacrestina.md\/en\/#website"},"datePublished":"2008-05-10T19:26:52+00:00","dateModified":"2017-05-27T07:03:10+00:00","author":{"@id":"https:\/\/moldovacrestina.md\/en\/#\/schema\/person\/04b204bbb582cc832c3d2424f5d27dc0"},"description":"While I was on a mission trip I heard a news that made me feel so bad:Sexual minorities will organize for the first time in Chisinau a legal public","breadcrumb":{"@id":"https:\/\/moldovacrestina.md\/en\/we-can-not-accept-immorality-as-a-virtue\/#breadcrumb"},"inLanguage":"en-US","potentialAction":[{"@type":"ReadAction","target":["https:\/\/moldovacrestina.md\/en\/we-can-not-accept-immorality-as-a-virtue\/"]}]},{"@type":"BreadcrumbList","@id":"https:\/\/moldovacrestina.md\/en\/we-can-not-accept-immorality-as-a-virtue\/#breadcrumb","itemListElement":[{"@type":"ListItem","position":1,"name":"Prima pagin\u0103","item":"https:\/\/moldovacrestina.md\/en\/"},{"@type":"ListItem","position":2,"name":"Answers from the Bible","item":"https:\/\/moldovacrestina.md\/en\/answer-from-the-bible\/"},{"@type":"ListItem","position":3,"name":"We can not accept immorality to be raised as a virtue"}]},{"@type":"WebSite","@id":"https:\/\/moldovacrestina.md\/en\/#website","url":"https:\/\/moldovacrestina.md\/en\/","name":"Moldova Cre\u0219tin\u0103","description":"R\u0103spunsuri relevante \u0219i actuale din Biblie","potentialAction":[{"@type":"SearchAction","target":{"@type":"EntryPoint","urlTemplate":"https:\/\/moldovacrestina.md\/en\/?s={search_term_string}"},"query-input":{"@type":"PropertyValueSpecification","valueRequired":true,"valueName":"search_term_string"}}],"inLanguage":"en-US"},{"@type":"Person","@id":"https:\/\/moldovacrestina.md\/en\/#\/schema\/person\/04b204bbb582cc832c3d2424f5d27dc0","name":"Vasile Filat","image":{"@type":"ImageObject","inLanguage":"en-US","@id":"https:\/\/secure.gravatar.com\/avatar\/2e02d082d139dd6eb634318c9cf2c3a8281db62f24f87a134adb4f2020e77ab3?s=96&d=mm&r=g","url":"https:\/\/secure.gravatar.com\/avatar\/2e02d082d139dd6eb634318c9cf2c3a8281db62f24f87a134adb4f2020e77ab3?s=96&d=mm&r=g","contentUrl":"https:\/\/secure.gravatar.com\/avatar\/2e02d082d139dd6eb634318c9cf2c3a8281db62f24f87a134adb4f2020e77ab3?s=96&d=mm&r=g","caption":"Vasile Filat"},"description":"P\u0103storesc\u00a0Biserica Bunavestire din Chi\u0219in\u0103u, predau Cuv\u00e2ntul lui Dumnezeu la\u00a0Institutul de Studiu Biblic Inductiv din Eurasia\u00a0\u0219i conduc\u00a0Asocia\u021bia \"\u00cenv\u0103\u021b\u0103tur\u0103 din Cuv\u00e2nt - Precept Ministries\" din Moldova. \u00cempreun\u0103 cu so\u021bia mea\u00a0Anastasia, avem trei copii. Din Aprilie 2007 am oferit r\u0103spunsuri din Biblie pe acest site la \u00eentreb\u0103ri adresate de cititori. Mai mult despre mine citi\u021bi\u00a0aici.","url":"https:\/\/moldovacrestina.md\/en\/author\/vasile-filat\/"}]}},"jetpack_featured_media_url":"","video_meta":false,"featured_image":false,"wpml":{"language_code":"en","locale":"en_US","text_direction":false,"display_name":"English","native_name":"Englez\u0103","different_language":false},"jetpack-related-posts":[{"id":84641,"url":"https:\/\/moldovacrestina.md\/ru\/test-homofobia\/","url_meta":{"origin":52735,"position":0},"title":"\u0421\u0434\u0435\u043b\u0430\u0442\u044c \u0442\u0435\u0441\u0442, \u0447\u0442\u043e\u0431\u044b \u0443\u0437\u043d\u0430\u0442\u044c, \u044f\u0432\u043b\u044f\u0435\u0448\u044c\u0441\u044f \u043b\u0438 \u0442\u044b \u0413\u041e\u041c\u041e\u0424\u041e\u0411\u041e\u041c?","author":"Vasile Filat","date":"January 14, 2011","format":false,"excerpt":"\u041f\u043e\u0441\u043a\u043e\u043b\u044c\u043a\u0443 \u044f \u043c\u043d\u043e\u0433\u043e \u0440\u0430\u0437 \u0434\u0435\u043b\u0430\u043b \u0437\u0430\u044f\u0432\u043b\u0435\u043d\u0438\u044f \u043f\u043e \u043f\u043e\u0432\u043e\u0434\u0443 \u043d\u0430\u0441\u0438\u043b\u0438\u044f, \u043d\u0430 \u043a\u043e\u0442\u043e\u0440\u043e\u043c \u043d\u0430\u0441\u0442\u0430\u0438\u0432\u0430\u0435\u0442 \u043e\u0440\u0433\u0430\u043d\u0438\u0437\u0430\u0446\u0438\u044f \u0433\u043e\u043c\u043e\u0441\u0435\u043a\u0441\u0443\u0430\u043b\u0438\u0441\u0442\u043e\u0432 \u0438\u0437 \u041c\u043e\u043b\u0434\u043e\u0432\u044b \u0438 \u0434\u0440\u0443\u0433\u0438\u0435 \u043e\u0440\u0433\u0430\u043d\u0438\u0437\u0430\u0446\u0438\u0438, \u043a\u043e\u0442\u043e\u0440\u044b\u0435 \u043f\u0440\u043e\u043f\u0430\u0433\u0430\u043d\u0434\u0438\u0440\u0443\u044e\u0442\u00a0 \u0442\u0430\u043a \u043d\u0430\u0437\u044b\u0432\u0430\u0435\u043c\u044b\u0435 \u201c\u043f\u0440\u0430\u0432\u0430 \u0441\u0435\u043a\u0441\u0443\u0430\u043b\u044c\u043d\u044b\u0445 \u043c\u0435\u043d\u044c\u0448\u0438\u043d\u0441\u0442\u0432\u201d, \u043c\u0435\u043d\u044f \u0447\u0430\u0441\u0442\u043e \u0441\u0442\u0430\u043b\u0438 \u043d\u0430\u0437\u044b\u0432\u0430\u0442\u044c \u201c\u0433\u043e\u043c\u043e\u0444\u043e\u0431\u201d, \u0442\u043e\u0447\u043d\u043e \u0442\u0430\u043a\u0436\u0435, \u043a\u0430\u043a \u043e\u043d\u0438 \u043d\u0430\u0437\u044b\u0432\u0430\u044e\u0442 \u043b\u044e\u0431\u043e\u0433\u043e, \u043a\u0442\u043e \u043d\u0435 \u0440\u0430\u0437\u0434\u0435\u043b\u044f\u0435\u0442 \u0438\u0445 \u043c\u043d\u0435\u043d\u0438\u044f. \u0421\u0435\u0433\u043e\u0434\u043d\u044f \u044f \u043f\u043e\u043b\u0443\u0447\u0438\u043b \u043f\u043e email \u043f\u0440\u0438\u0433\u043b\u0430\u0448\u0435\u043d\u0438\u0435 \u0441\u0434\u0435\u043b\u0430\u0442\u044c \u0442\u0435\u0441\u0442,\u2026","rel":"","context":"<span class=\"jp-relatedposts-post-author\">Vasile Filat<\/span>","block_context":{"text":"\u041e\u0431\u0449\u0435\u0441\u0442\u0432\u043e","link":"https:\/\/moldovacrestina.md\/ru\/otvety-iz-biblii\/obshhestvo\/"},"img":{"alt_text":"","src":"https:\/\/i0.wp.com\/americansfortruth.com\/uploads\/2011\/01\/Homophobia_Quiz-300x148.png?resize=350%2C200","width":350,"height":200},"classes":[]},{"id":83594,"url":"https:\/\/moldovacrestina.md\/ru\/hto-znachit-zlosloviti-za-hrista\/","url_meta":{"origin":52735,"position":1},"title":"\u041d\u0430 \u0447\u0442\u043e \u0441\u0441\u044b\u043b\u0430\u0435\u0442\u0441\u044f \u0418\u0438\u0441\u0443\u0441 \u0425\u0440\u0438\u0441\u0442\u043e\u0441, \u0433\u043e\u0432\u043e\u0440\u044f \u201c\u043d\u0435\u043f\u0440\u0430\u0432\u0435\u0434\u043d\u043e \u0437\u043b\u043e\u0441\u043b\u043e\u0432\u0438\u0442\u044c \u0437\u0430 \u041c\u0435\u043d\u044f\u201d?","author":"Vasile Filat","date":"September 8, 2010","format":false,"excerpt":"\u0412\u043e\u043f\u0440\u043e\u0441: \u0421\u0435\u0433\u043e\u0434\u043d\u044f \u0432\u043e \u0432\u0440\u0435\u043c\u044f \u043e\u0431\u0435\u0434\u0435\u043d\u043d\u043e\u0433\u043e \u043f\u0435\u0440\u0435\u0440\u044b\u0432\u0430 \u044f \u0441\u043b\u0443\u0448\u0430\u043b \u043e \u0431\u043b\u0430\u0436\u0435\u043d\u0441\u0442\u0432\u0430\u0445, \u0441\u043a\u0430\u0437\u0430\u043d\u043d\u044b\u0445 \u0418\u0438\u0441\u0443\u0441\u043e\u043c \u0425\u0440\u0438\u0441\u0442\u043e\u043c \u0432 \u041d\u0430\u0433\u043e\u0440\u043d\u043e\u0439 \u041f\u0440\u043e\u043f\u043e\u0432\u0435\u0434\u0438, \u0438 \u0443 \u043c\u0435\u043d\u044f \u0435\u0441\u0442\u044c \u043d\u0435\u0434\u043e\u043f\u043e\u043d\u0438\u043c\u0430\u043d\u0438\u0435 \u043f\u043e \u044d\u0442\u043e\u043c\u0443 \u043f\u043e\u0432\u043e\u0434\u0443. \u042f \u043f\u043e\u043d\u0438\u043c\u0430\u044e, \u0447\u0442\u043e \u0425\u0440\u0438\u0441\u0442\u043e\u0441 \u0441\u043a\u0430\u0437\u0430\u043b \u0443\u0447\u0435\u043d\u0438\u043a\u0430\u043c, \u0447\u0442\u043e \u043e\u043d\u0438 \u0431\u0443\u0434\u0443\u0442 \u0441\u0442\u0440\u0430\u0434\u0430\u0442\u044c \u043f\u043e \u043f\u0440\u0438\u0447\u0438\u043d\u0435 \u043f\u0440\u043e\u043f\u043e\u0432\u0435\u0434\u0438 \u0421\u043b\u043e\u0432\u0430 \u0438\u043b\u0438 \u0441\u043e \u0441\u0442\u043e\u0440\u043e\u043d\u044b \u043d\u0435\u0432\u0435\u0440\u0443\u044e\u0449\u0438\u0445, \u043d\u043e \u044f \u043d\u0435 \u043f\u043e\u043d\u0438\u043c\u0430\u044e \u0432\u044b\u0440\u0430\u0436\u0435\u043d\u0438\u044f \u201c\u043d\u0435\u043f\u0440\u0430\u0432\u0435\u0434\u043d\u043e \u0437\u043b\u043e\u0441\u043b\u043e\u0432\u0438\u0442\u044c \u0437\u0430\u2026","rel":"","context":"<span class=\"jp-relatedposts-post-author\">Vasile Filat<\/span>","block_context":{"text":"\u0414\u043e\u043a\u0442\u0440\u0438\u043d\u044b","link":"https:\/\/moldovacrestina.md\/ru\/otvety-iz-biblii\/doktriny-ru\/"},"img":{"alt_text":"","src":"","width":0,"height":0},"classes":[]},{"id":319647,"url":"https:\/\/moldovacrestina.md\/ru\/mozhem-li-my-povelevat-i-provozglashat-v-molitve-pastor-vasile-filat\/","url_meta":{"origin":52735,"position":2},"title":"\u041c\u043e\u0436\u0435\u043c \u043b\u0438 \u043c\u044b \u043f\u043e\u0432\u0435\u043b\u0435\u0432\u0430\u0442\u044c \u0438 \u043f\u0440\u043e\u0432\u043e\u0437\u0433\u043b\u0430\u0448\u0430\u0442\u044c \u0432 \u043c\u043e\u043b\u0438\u0442\u0432\u0435? | \u041f\u0430\u0441\u0442\u043e\u0440 \u0412\u0430\u0441\u0438\u043b\u0435 \u0424\u0438\u043b\u0430\u0442","author":"Vasile Filat","date":"December 30, 2020","format":false,"excerpt":"\u041c\u043e\u0436\u0435\u043c \u043b\u0438 \u043c\u044b \u043f\u043e\u0432\u0435\u043b\u0435\u0432\u0430\u0442\u044c \u0438 \u043f\u0440\u043e\u0432\u043e\u0437\u0433\u043b\u0430\u0448\u0430\u0442\u044c \u0432 \u043c\u043e\u043b\u0438\u0442\u0432\u0435? \u041c\u043e\u0436\u0435\u0442 \u043b\u0438 \u0445\u0440\u0438\u0441\u0442\u0438\u0430\u043d\u0438\u043d \u043f\u043e\u0432\u0435\u043b\u0435\u0432\u0430\u0442\u044c, \u043f\u0440\u0438\u043a\u0430\u0437\u044b\u0432\u0430\u0442\u044c, \u0440\u0430\u0437\u0440\u0443\u0448\u0430\u0442\u044c \u0438\u043b\u0438 \u0441\u0432\u044f\u0437\u044b\u0432\u0430\u0442\u044c \u0432 \u043c\u043e\u043b\u0438\u0442\u0432\u0435? \u041c\u043e\u0436\u0435\u0442 \u043b\u0438 \u043e\u0442\u0441\u0443\u0442\u0441\u0442\u0432\u0438\u0435 \u044d\u0442\u0438\u0445 \u0441\u043b\u043e\u0432 \u0432 \u043c\u043e\u043b\u0438\u0442\u0432\u0435 \u0431\u044b\u0442\u044c \u043f\u0440\u0438\u0447\u0438\u043d\u043e\u0439 \u043f\u043e\u0447\u0435\u043c\u0443 \u0411\u043e\u0433 \u043d\u0435 \u043e\u0442\u0432\u0435\u0447\u0430\u0435\u0442 \u043d\u0430 \u043c\u043e\u043b\u0438\u0442\u0432\u044b? \u0415\u0441\u0442\u044c \u043b\u0438 \u044d\u0442\u043e\u043c\u0443 \u0431\u0438\u0431\u043b\u0435\u0439\u0441\u043a\u043e\u0435 \u043e\u0441\u043d\u043e\u0432\u0430\u043d\u0438\u0435? \u041a\u0430\u043a\u043e\u0439 \u0434\u043e\u043b\u0436\u043d\u0430 \u0431\u044b\u0442\u044c \u043d\u0430\u0448\u0430 \u043c\u043e\u043b\u0438\u0442\u0432\u0430? \u0412 \u044d\u0442\u043e\u043c \u0432\u0438\u0434\u0435\u043e \u043e\u0442\u0432\u0435\u0447\u0430\u044e \u043d\u0430 \u044d\u0442\u0438 \u0432\u043e\u043f\u0440\u043e\u0441\u044b,\u2026","rel":"","context":"<span class=\"jp-relatedposts-post-author\">Vasile Filat<\/span>","block_context":{"text":"\u041e\u0442\u0432\u0435\u0442\u044b \u0438\u0437 \u0411\u0438\u0431\u043b\u0438\u0438","link":"https:\/\/moldovacrestina.md\/ru\/otvety-iz-biblii\/"},"img":{"alt_text":"","src":"","width":0,"height":0},"classes":[]},{"id":361249,"url":"https:\/\/moldovacrestina.md\/o-bomba-a-lovit-la-50-de-metri-de-o-locuinta-din-zaporojie-ucraina\/","url_meta":{"origin":52735,"position":3},"title":"O bomb\u0103 a lovit la 50 de metri de o locuin\u021b\u0103 din Zaporojie, Ucraina.","author":"Vasile Filat","date":"October 31, 2024","format":false,"excerpt":"O bomb\u0103 a lovit la 50 de metri de o locuin\u021b\u0103 din Zaporojie, Ucraina. Doritorii s\u0103 sus\u021bin\u0103 financiar familia Paketa o pot face, folosind una din metode: Rechizite bancare pentru transfer \u00een MDL (lei moldovene\u0219ti) Beneficiar: CULT RELIGIOS PCCRBCEB \"BUNA VESTIRE A MINTUITORULUI\" Cod IDNO: 1010620001050 Banca beneficiar\u0103: Banca Comerciala\u2026","rel":"","context":"<span class=\"jp-relatedposts-post-author\">Vasile Filat<\/span>","block_context":{"text":"MCTV","link":"https:\/\/moldovacrestina.md\/mctv\/"},"img":{"alt_text":"","src":"https:\/\/i0.wp.com\/cdn.moldovacrestina.md\/2024\/10\/29344642-xoykuhynhgm.jpg?resize=350%2C200&ssl=1","width":350,"height":200,"srcset":"https:\/\/i0.wp.com\/cdn.moldovacrestina.md\/2024\/10\/29344642-xoykuhynhgm.jpg?resize=350%2C200&ssl=1 1x, https:\/\/i0.wp.com\/cdn.moldovacrestina.md\/2024\/10\/29344642-xoykuhynhgm.jpg?resize=525%2C300&ssl=1 1.5x, https:\/\/i0.wp.com\/cdn.moldovacrestina.md\/2024\/10\/29344642-xoykuhynhgm.jpg?resize=700%2C400&ssl=1 2x, https:\/\/i0.wp.com\/cdn.moldovacrestina.md\/2024\/10\/29344642-xoykuhynhgm.jpg?resize=1050%2C600&ssl=1 3x"},"classes":[]},{"id":327491,"url":"https:\/\/moldovacrestina.md\/ru\/vse-ljudi-v-cerkvi-govorjat-na-inyh-jazykah-krome-tebja-chto-delat-pastor-vasile-filat\/","url_meta":{"origin":52735,"position":4},"title":"\u0412\u0441\u0435 \u043b\u044e\u0434\u0438 \u0432 \u0446\u0435\u0440\u043a\u0432\u0438 \u0433\u043e\u0432\u043e\u0440\u044f\u0442 \u043d\u0430 \u0438\u043d\u044b\u0445 \u044f\u0437\u044b\u043a\u0430\u0445 \u043a\u0440\u043e\u043c\u0435 \u0442\u0435\u0431\u044f. \u0427\u0442\u043e \u0434\u0435\u043b\u0430\u0442\u044c? | \u041f\u0430\u0441\u0442\u043e\u0440 \u0412\u0430\u0441\u0438\u043b\u0435 \u0424\u0438\u043b\u0430\u0442","author":"Vasile Filat","date":"June 9, 2021","format":false,"excerpt":"\u0415\u0441\u043b\u0438 \u0432\u0441\u0435 \u043b\u044e\u0434\u0438 \u0432 \u0446\u0435\u0440\u043a\u0432\u0438 \u0433\u043e\u0432\u043e\u0440\u044f\u0442 \u043d\u0430 \u0438\u043d\u044b\u0445 \u044f\u0437\u044b\u043a\u0430\u0445 \u043a\u0440\u043e\u043c\u0435 \u0442\u0435\u0431\u044f. \u0427\u0442\u043e \u0434\u0435\u043b\u0430\u0442\u044c? \u0417\u043d\u0430\u0447\u0438\u0442 \u043b\u0438 \u044d\u0442\u043e \u0447\u0442\u043e \u0442\u044b \u043d\u0435 \u0431\u044b\u043b \u043a\u0440\u0435\u0449\u0435\u043d \u0414\u0443\u0445\u043e\u043c \u0421\u0432\u044f\u0442\u0438\u043c \u0435\u0441\u043b\u0438 \u043d\u0435 \u0433\u043e\u0432\u043e\u0440\u0438\u0448\u044c \u043d\u0430 \u0438\u043d\u044b\u0445 \u044f\u0437\u044b\u043a\u0430\u0445? \u0423\u0447\u0435\u0431\u043d\u0438\u043a \u201d\u0414\u0443\u0445\u043e\u0432\u043d\u044b\u0435 \u0434\u0430\u0440\u044b\u201d - https:\/\/www.kniga.org.ua\/product\/22429\/ \u041f\u041e\u0416\u0415\u0420\u0422\u0412\u041e\u0412\u0410\u041d\u0418\u042f \u0434\u043b\u044f \u0437\u0434\u0430\u043d\u0438\u044f \u0446\u0435\u0440\u043a\u0432\u0438 \u201d\u0411\u043b\u0430\u0433\u043e\u0432\u0435\u0441\u0442\u0438\u0435\u201d \u0432 \u041a\u0438\u0448\u0438\u043d\u0451\u0432\u0435 \u043c\u043e\u0433\u0443\u0442 \u0431\u044b\u0442\u044c \u043e\u0442\u043f\u0440\u0430\u0432\u043b\u0435\u043d\u044b \u043d\u0430 \u0441\u043b\u0435\u0434\u0443\u044e\u0449\u0438\u0435 \u0441\u0447\u0435\u0442\u0430: \u0411\u0430\u043d\u043a\u043e\u0432\u0441\u043a\u0438\u0435 \u0440\u0435\u043a\u0432\u0438\u0437\u0438\u0442\u044b \u0434\u043b\u044f\u2026","rel":"","context":"<span class=\"jp-relatedposts-post-author\">Vasile Filat<\/span>","block_context":{"text":"\u041e\u0442\u0432\u0435\u0442\u044b \u0438\u0437 \u0411\u0438\u0431\u043b\u0438\u0438","link":"https:\/\/moldovacrestina.md\/ru\/otvety-iz-biblii\/"},"img":{"alt_text":"","src":"","width":0,"height":0},"classes":[]},{"id":332185,"url":"https:\/\/moldovacrestina.md\/ru\/kak-formirovat-detjam-videnie-dlja-boga-induktiv-11\/","url_meta":{"origin":52735,"position":5},"title":"\u041a\u0430\u043a \u0444\u043e\u0440\u043c\u0438\u0440\u043e\u0432\u0430\u0442\u044c \u0434\u0435\u0442\u044f\u043c \u0432\u0438\u0434\u0435\u043d\u0438\u0435 \u0434\u043b\u044f \u0411\u043e\u0433\u0430? | \u0418\u041d\u0414\u0423\u041a\u0422\u0418\u0412 #11","author":"Vasile Filat","date":"December 29, 2021","format":false,"excerpt":"\u041a\u0430\u043a \u0444\u043e\u0440\u043c\u0438\u0440\u043e\u0432\u0430\u0442\u044c \u0434\u0435\u0442\u044f\u043c \u0432\u0438\u0434\u0435\u043d\u0438\u0435 \u0434\u043b\u044f \u0411\u043e\u0433\u0430? \u041a\u0430\u043a \u0440\u0430\u0437\u0432\u0438\u0432\u0430\u0442\u044c \u0441\u0432\u043e\u0438\u043c \u0434\u0435\u0442\u044f\u043c \u0436\u0435\u043b\u0430\u043d\u0438\u0435 \u0441\u043b\u0443\u0436\u0438\u0442\u044c \u0432 \u0415\u0432\u0430\u043d\u0433\u0435\u043b\u0438\u0438? \u041f\u041e\u0416\u0415\u0420\u0422\u0412\u041e\u0412\u0410\u041d\u0418\u042f \u0434\u043b\u044f \u0437\u0434\u0430\u043d\u0438\u044f \u0446\u0435\u0440\u043a\u0432\u0438 \u201d\u0411\u043b\u0430\u0433\u043e\u0432\u0435\u0441\u0442\u0438\u0435\u201d \u0432 \u041a\u0438\u0448\u0438\u043d\u0451\u0432\u0435 \u043c\u043e\u0433\u0443\u0442 \u0431\u044b\u0442\u044c \u043e\u0442\u043f\u0440\u0430\u0432\u043b\u0435\u043d\u044b \u043d\u0430 \u0441\u043b\u0435\u0434\u0443\u044e\u0449\u0438\u0435 \u0441\u0447\u0435\u0442\u0430: \u0411\u0430\u043d\u043a\u043e\u0432\u0441\u043a\u0438\u0435 \u0440\u0435\u043a\u0432\u0438\u0437\u0438\u0442\u044b \u0434\u043b\u044f \u043f\u0435\u0440\u0435\u0432\u043e\u0434\u0430 \u0432 \u043b\u0435\u044f\u0445: \u041f\u043e\u043b\u0443\u0447\u0430\u0442\u0435\u043b\u044c: CULT RELIGIOS PCCRBCEB \"BUNA VESTIRE A MINTUITORULUI\" \u0411\u0430\u043d\u043a \u043f\u043e\u043b\u0443\u0447\u0430\u0442\u0435\u043b\u044f: Banca Comerciala \u201dEximBank - Gruppo Veneto Banca\u201d\u2026","rel":"","context":"<span class=\"jp-relatedposts-post-author\">Vasile Filat<\/span>","block_context":{"text":"\u041e\u0442\u0432\u0435\u0442\u044b \u0438\u0437 \u0411\u0438\u0431\u043b\u0438\u0438","link":"https:\/\/moldovacrestina.md\/ru\/otvety-iz-biblii\/"},"img":{"alt_text":"","src":"","width":0,"height":0},"classes":[]}],"jetpack_sharing_enabled":true,"_links":{"self":[{"href":"https:\/\/moldovacrestina.md\/en\/wp-json\/wp\/v2\/posts\/52735","targetHints":{"allow":["GET"]}}],"collection":[{"href":"https:\/\/moldovacrestina.md\/en\/wp-json\/wp\/v2\/posts"}],"about":[{"href":"https:\/\/moldovacrestina.md\/en\/wp-json\/wp\/v2\/types\/post"}],"author":[{"embeddable":true,"href":"https:\/\/moldovacrestina.md\/en\/wp-json\/wp\/v2\/users\/46"}],"replies":[{"embeddable":true,"href":"https:\/\/moldovacrestina.md\/en\/wp-json\/wp\/v2\/comments?post=52735"}],"version-history":[{"count":0,"href":"https:\/\/moldovacrestina.md\/en\/wp-json\/wp\/v2\/posts\/52735\/revisions"}],"wp:attachment":[{"href":"https:\/\/moldovacrestina.md\/en\/wp-json\/wp\/v2\/media?parent=52735"}],"wp:term":[{"taxonomy":"category","embeddable":true,"href":"https:\/\/moldovacrestina.md\/en\/wp-json\/wp\/v2\/categories?post=52735"},{"taxonomy":"post_tag","embeddable":true,"href":"https:\/\/moldovacrestina.md\/en\/wp-json\/wp\/v2\/tags?post=52735"}],"curies":[{"name":"wp","href":"https:\/\/api.w.org\/{rel}","templated":true}]}}