{"id":50891,"date":"2007-10-01T08:00:34","date_gmt":"2007-10-01T06:00:34","guid":{"rendered":"https:\/\/moldovacrestina.md\/a-venit-vremea-sa-se-implice-crestinii-adevarati-n-politica-10-motive"},"modified":"2016-04-18T07:27:02","modified_gmt":"2016-04-18T05:27:02","slug":"a-venit-vremea-sa-se-implice-crestinii-adevarati-n-politica-10-motive","status":"publish","type":"post","link":"https:\/\/moldovacrestina.md\/en\/a-venit-vremea-sa-se-implice-crestinii-adevarati-n-politica-10-motive\/","title":{"rendered":"A venit vremea s\u0103 se implice cre\u015ftinii adev\u0103ra\u0163i \u00een politic\u0103 (10 motive)"},"content":{"rendered":"<p style=\"text-align: justify\">\n<p><strong><em><img decoding=\"async\" class=\"aligncenter size-full img-resp\" src=\"http:\/\/i1.wp.com\/www.stiricrestine.ro\/wp-content\/uploads\/2015\/05\/apce-aprilie-2015.jpg\" alt=\"\"  ><\/em><\/strong><\/p>\n<p><strong><em>A venit vremea \u015fi este deosebit de important pentru cre\u015ftinii adev\u0103ra\u0163i s\u0103 se implice \u00een via\u0163a politic\u0103 a \u0163\u0103rii noastre. Iat\u0103 care sunt motivele:<\/em><\/strong><\/p>\n<h2><strong>1. Valorile cre\u015ftine sunt \u00een pericol<\/strong><\/h2>\n<p>Cu toate c\u0103 pretindem a fi o na\u0163iune cre\u015ftin\u0103, sunt atacate zilnic valorile cre\u015ftine \u015fi na\u0163ionale.<\/p>\n<h2><strong>2. Avem nevoie de politicieni care s\u0103 apere valorile cre\u015ftine<\/strong><\/h2>\n<p>Fiind \u00eentr-o \u0163ar\u0103 cre\u015ftin\u0103, nu auzim aproape niciodat\u0103 s\u0103 fie consultat\u0103 pozi\u0163ia biblic\u0103 la elaborarea legilor, la discu\u0163iile care se dau \u00een Parlamentul \u0163\u0103rii. Majoritatea politicienilor, chiar \u015fi cei care alt\u0103 dat\u0103 se declarau atei, acum se numesc cre\u015ftini, dar nu dau importan\u0163\u0103 Cuv\u00e2ntului lui Dumnezeu \u015fi nu ap\u0103r\u0103 valorile cre\u015ftine.<\/p>\n<h2><strong>3. Avem nevoie de politicieni care nu se las\u0103 manipula\u0163i de organismele interna\u0163ionale<\/strong><\/h2>\n<p>Ce caut\u0103 s\u0103 ne distruger\u0103 valorile na\u0163ionale \u015fi ulterior na\u0163iunea. Articolul acesta prezint\u0103 o ilustra\u0163ie a acestui proces negativ \u015fi distrug\u0103tor.<\/p>\n<h2><strong>4. Avem nevoie de politicieni care vor ap\u0103ra cauza M\u00e2ntuitorului la nivel interna\u0163ional.<\/strong><\/h2>\n<p>\u00cen loc s\u0103 ne l\u0103s\u0103m a fi manipula\u0163i de organismele interna\u0163ionale, ar trebui s\u0103 urm\u0103m <a href=\"http:\/\/www.hotnews.ro\/stiri-arhiva-1026893-veto-polonez-pentru-europeana-contra-pedepsei-moartea.htm\">pilda politicienilor polonezi<\/a> care promoveaz\u0103 \u015fi duc lupta pentru ap\u0103rarea valorilor cre\u015ftine \u00een Europa.<\/p>\n<h2><strong>5. Avem nevoie de politicieni care nu ignor\u0103 voin\u0163a cre\u015ftinilor.<\/strong><\/h2>\n<p>Exemplul cel mai proasp\u0103t sunt declara\u0163iile primarului general de Chi\u015fin\u0103u cu privire la panourile publicitare cu caracter indecent. Cunosc faptul c\u0103 sunt mul\u0163i cet\u0103\u0163eni care s-au expus pentru eliminarea acestor panouri. C\u00e2\u0163i sunt cei care au cerut s\u0103 fie introduse aceste panouri? De ce atunci opinia \u015fi voin\u0163a majorit\u0103\u0163ii cre\u015ftine \u00eentr-o tar\u0103 cre\u015ftin\u0103 este ignorat\u0103 de c\u0103tre politicienii care pretind a fi cre\u015ftini? Este nevoie s\u0103 ajung\u0103 \u00een aceste pozi\u0163ii de conducere cei ce sunt cu adev\u0103rat cre\u015ftini.<\/p>\n<h2><strong>6. Avem nevoie de policitieni care \u00ee\u015fi respect\u0103 cuv\u00e2ntul.<\/strong><\/h2>\n<p>Domnul Isus a spus \u00een Sf\u00e2nta Scriptur\u0103:<\/p>\n<blockquote class=\"td_quote_box td_box_center\">\n<p>Felul vostru de vorbire s\u0103 fie: \u201cDa, da; nu, nu\u201d; ce trece peste aceste cuvinte, vine de la cel r\u0103u. (Evanghelia dup\u0103 Matei 5:37)<\/p>\n<\/blockquote>\n<p>\u00cen timpul campaniei electorale cineva a spus aceast\u0103 defini\u0163ie:<\/p>\n<blockquote class=\"td_quote_box td_box_center\">\n<p>Politician este omul care poate s\u0103 fac\u0103 promisiuni \u015fi s\u0103 fie crezut de cei ce \u00eel aleg, iar apoi, dup\u0103 ce este ales, s\u0103 poat\u0103 argumenta \u00een fa\u0163a aleg\u0103torilor de ce nu a f\u0103cut cele promise.<\/p>\n<\/blockquote>\n<p>O \u0163ar\u0103 cre\u015ftin\u0103 are nevoie de politicieni care sunt cre\u015ftini integri \u015fi tr\u0103iesc potrivit cuvintelor Domnului Isus, adic\u0103 ac\u0163ioneaz\u0103 potrivit cu cele ce spun.<\/p>\n<h2><strong>7. Avem nevoie de politicieni care caut\u0103 cu adev\u0103rat binele oamenilor<\/strong><\/h2>\n<p>G\u00e2ndi\u0163i-v\u0103 la ce se \u00eent\u00e2mpl\u0103 \u00een prezent \u00een Consiliul Municipal \u00een privin\u0163a alegerii pre\u015fedintelui. Oamenii care s-au \u00eentrecut la promisiuni \u00een perioada alegerilor, acum nu pot \u00eemp\u0103r\u0163i aceast\u0103 pozi\u0163ie. De la cei mai \u00een\u0163elep\u0163i oameni \u015fi cre\u015ftini se a\u015fteapt\u0103 un alt fel de comportament.<\/p>\n<h2><strong>8. Avem nevoie de politicieni care vor sluji bisericii lui Hristos<\/strong><\/h2>\n<p>Politicieni care nu vor c\u0103uta s\u0103 o foloseasc\u0103 pentru interesele proprii sau de partid. Cite\u015fte exemplul.<\/p>\n<h2><strong>9. Avem nevoie de politicieni care vor promova valorile cre\u015ftine ale Bibliei<\/strong><\/h2>\n<p>Politicieni care nu promoveaz\u0103 interesele confesiunii din care fac parte sau ur\u0103 fa\u0163\u0103 de alte confesiuni cre\u015ftine.<\/p>\n<h2><strong>10. Avem nevoie de politicieni care studiaz\u0103, cunosc \u015fi aplic\u0103 Cuv\u00e2ntul lui Dumnezeu<\/strong> \u00een via\u0163a personal\u0103 \u015fi \u00een deciziile care le iau \u00een politic\u0103.<\/h2>\n<p><strong><span style=\"color: #000080\">Dumnezeu s\u0103 trezeasc\u0103 Duhul adev\u0103ra\u0163ilor cre\u015ftini, ca s\u0103 se implice \u00een via\u0163a politic\u0103 a \u0163\u0103rii \u015fi apoi s\u0103 le dea biruin\u0163\u0103 la alegerile din 2009. V\u0103 invit s\u0103 v\u0103 expune\u0163i p\u0103rerea la comentarii. <\/span><\/strong><\/p><\/p>\n","protected":false},"excerpt":{"rendered":"<p>A venit vremea \u015fi este deosebit de important pentru cre\u015ftinii adev\u0103ra\u0163i s\u0103 se implice \u00een via\u0163a politic\u0103 a \u0163\u0103rii noastre. Iat\u0103 care sunt motivele: 1. Valorile cre\u015ftine sunt \u00een pericol Cu toate c\u0103 pretindem a fi o na\u0163iune cre\u015ftin\u0103, sunt atacate zilnic valorile cre\u015ftine \u015fi na\u0163ionale. 2. Avem nevoie de politicieni care s\u0103 apere valorile [&hellip;]<\/p>\n","protected":false},"author":46,"featured_media":0,"comment_status":"closed","ping_status":"closed","sticky":false,"template":"","format":"standard","meta":{"_acf_changed":false,"inline_featured_image":false,"_monsterinsights_skip_tracking":false,"_monsterinsights_sitenote_active":false,"_monsterinsights_sitenote_note":"","_monsterinsights_sitenote_category":0,"_genesis_hide_title":false,"_genesis_hide_breadcrumbs":false,"_genesis_hide_singular_image":false,"_genesis_hide_footer_widgets":false,"_genesis_custom_body_class":"","_genesis_custom_post_class":"","_genesis_layout":"","ep_exclude_from_search":false,"_jetpack_memberships_contains_paid_content":false,"footnotes":""},"categories":[],"tags":[7727,7753,8018,8064,8071,8077,8078,8079,8322],"class_list":{"0":"post-50891","1":"post","2":"type-post","3":"status-publish","4":"format-standard","6":"tag-politica","7":"tag-biserici","8":"tag-moarte","9":"tag-nume","10":"tag-legi","11":"tag-caracter","12":"tag-crestini","13":"tag-evanghelia","14":"tag-politic","15":"entry"},"acf":[],"yoast_head":"<!-- This site is optimized with the Yoast SEO Premium plugin v26.5 (Yoast SEO v27.4) - https:\/\/yoast.com\/product\/yoast-seo-premium-wordpress\/ -->\n<title>De ce este nevoie de politicieni adev\u0103ra\u021bi? (10 motive)<\/title>\n<meta name=\"description\" content=\"Moldova este o \u021bar\u0103 cre\u0219tin\u0103 dar are nevoie de politicieni cre\u0219tini.Vezi 10 motive de ce este nevoie de politicieni cu valori cre\u0219tine.\" \/>\n<meta name=\"robots\" content=\"index, follow, max-snippet:-1, max-image-preview:large, max-video-preview:-1\" \/>\n<link rel=\"canonical\" href=\"https:\/\/moldovacrestina.md\/en\/a-venit-vremea-sa-se-implice-crestinii-adevarati-n-politica-10-motive\/\" \/>\n<meta property=\"og:locale\" content=\"en_US\" \/>\n<meta property=\"og:type\" content=\"article\" \/>\n<meta property=\"og:title\" content=\"A venit vremea s\u0103 se implice cre\u015ftinii adev\u0103ra\u0163i \u00een politic\u0103 (10 motive)\" \/>\n<meta property=\"og:description\" content=\"Moldova este o \u021bar\u0103 cre\u0219tin\u0103 dar are nevoie de politicieni cre\u0219tini.Vezi 10 motive de ce este nevoie de politicieni cu valori cre\u0219tine.\" \/>\n<meta property=\"og:url\" content=\"https:\/\/moldovacrestina.md\/en\/a-venit-vremea-sa-se-implice-crestinii-adevarati-n-politica-10-motive\/\" \/>\n<meta property=\"og:site_name\" content=\"Moldova Cre\u0219tin\u0103\" \/>\n<meta property=\"article:publisher\" content=\"https:\/\/www.facebook.com\/moldovacrestina\/\" \/>\n<meta property=\"article:published_time\" content=\"2007-10-01T06:00:34+00:00\" \/>\n<meta property=\"article:modified_time\" content=\"2016-04-18T05:27:02+00:00\" \/>\n<meta property=\"og:image\" content=\"http:\/\/i1.wp.com\/www.stiricrestine.ro\/wp-content\/uploads\/2015\/05\/apce-aprilie-2015.jpg\" \/>\n<meta name=\"author\" content=\"Vasile Filat\" \/>\n<meta name=\"twitter:card\" content=\"summary_large_image\" \/>\n<meta name=\"twitter:creator\" content=\"@moldovacrestina\" \/>\n<meta name=\"twitter:site\" content=\"@moldovacrestina\" \/>\n<meta name=\"twitter:label1\" content=\"Written by\" \/>\n\t<meta name=\"twitter:data1\" content=\"Vasile Filat\" \/>\n\t<meta name=\"twitter:label2\" content=\"Est. reading time\" \/>\n\t<meta name=\"twitter:data2\" content=\"3 minutes\" \/>\n<script type=\"application\/ld+json\" class=\"yoast-schema-graph\">{\"@context\":\"https:\\\/\\\/schema.org\",\"@graph\":[{\"@type\":\"Article\",\"@id\":\"https:\\\/\\\/moldovacrestina.md\\\/en\\\/a-venit-vremea-sa-se-implice-crestinii-adevarati-n-politica-10-motive\\\/#article\",\"isPartOf\":{\"@id\":\"https:\\\/\\\/moldovacrestina.md\\\/en\\\/a-venit-vremea-sa-se-implice-crestinii-adevarati-n-politica-10-motive\\\/\"},\"author\":{\"name\":\"Vasile Filat\",\"@id\":\"https:\\\/\\\/moldovacrestina.md\\\/en\\\/#\\\/schema\\\/person\\\/04b204bbb582cc832c3d2424f5d27dc0\"},\"headline\":\"A venit vremea s\u0103 se implice cre\u015ftinii adev\u0103ra\u0163i \u00een politic\u0103 (10 motive)\",\"datePublished\":\"2007-10-01T06:00:34+00:00\",\"dateModified\":\"2016-04-18T05:27:02+00:00\",\"mainEntityOfPage\":{\"@id\":\"https:\\\/\\\/moldovacrestina.md\\\/en\\\/a-venit-vremea-sa-se-implice-crestinii-adevarati-n-politica-10-motive\\\/\"},\"wordCount\":637,\"image\":{\"@id\":\"https:\\\/\\\/moldovacrestina.md\\\/en\\\/a-venit-vremea-sa-se-implice-crestinii-adevarati-n-politica-10-motive\\\/#primaryimage\"},\"thumbnailUrl\":\"http:\\\/\\\/i1.wp.com\\\/www.stiricrestine.ro\\\/wp-content\\\/uploads\\\/2015\\\/05\\\/apce-aprilie-2015.jpg\",\"keywords\":[\"Politic\u0103\",\"Biserici\",\"Moarte\",\"Nume\",\"Legi\",\"Caracter\",\"cre\u015ftini\",\"Evanghelia\",\"Politic\"],\"inLanguage\":\"en-US\"},{\"@type\":\"WebPage\",\"@id\":\"https:\\\/\\\/moldovacrestina.md\\\/en\\\/a-venit-vremea-sa-se-implice-crestinii-adevarati-n-politica-10-motive\\\/\",\"url\":\"https:\\\/\\\/moldovacrestina.md\\\/en\\\/a-venit-vremea-sa-se-implice-crestinii-adevarati-n-politica-10-motive\\\/\",\"name\":\"De ce este nevoie de politicieni adev\u0103ra\u021bi? (10 motive)\",\"isPartOf\":{\"@id\":\"https:\\\/\\\/moldovacrestina.md\\\/en\\\/#website\"},\"primaryImageOfPage\":{\"@id\":\"https:\\\/\\\/moldovacrestina.md\\\/en\\\/a-venit-vremea-sa-se-implice-crestinii-adevarati-n-politica-10-motive\\\/#primaryimage\"},\"image\":{\"@id\":\"https:\\\/\\\/moldovacrestina.md\\\/en\\\/a-venit-vremea-sa-se-implice-crestinii-adevarati-n-politica-10-motive\\\/#primaryimage\"},\"thumbnailUrl\":\"http:\\\/\\\/i1.wp.com\\\/www.stiricrestine.ro\\\/wp-content\\\/uploads\\\/2015\\\/05\\\/apce-aprilie-2015.jpg\",\"datePublished\":\"2007-10-01T06:00:34+00:00\",\"dateModified\":\"2016-04-18T05:27:02+00:00\",\"author\":{\"@id\":\"https:\\\/\\\/moldovacrestina.md\\\/en\\\/#\\\/schema\\\/person\\\/04b204bbb582cc832c3d2424f5d27dc0\"},\"description\":\"Moldova este o \u021bar\u0103 cre\u0219tin\u0103 dar are nevoie de politicieni cre\u0219tini.Vezi 10 motive de ce este nevoie de politicieni cu valori cre\u0219tine.\",\"breadcrumb\":{\"@id\":\"https:\\\/\\\/moldovacrestina.md\\\/en\\\/a-venit-vremea-sa-se-implice-crestinii-adevarati-n-politica-10-motive\\\/#breadcrumb\"},\"inLanguage\":\"en-US\",\"potentialAction\":[{\"@type\":\"ReadAction\",\"target\":[\"https:\\\/\\\/moldovacrestina.md\\\/en\\\/a-venit-vremea-sa-se-implice-crestinii-adevarati-n-politica-10-motive\\\/\"]}]},{\"@type\":\"ImageObject\",\"inLanguage\":\"en-US\",\"@id\":\"https:\\\/\\\/moldovacrestina.md\\\/en\\\/a-venit-vremea-sa-se-implice-crestinii-adevarati-n-politica-10-motive\\\/#primaryimage\",\"url\":\"http:\\\/\\\/i1.wp.com\\\/www.stiricrestine.ro\\\/wp-content\\\/uploads\\\/2015\\\/05\\\/apce-aprilie-2015.jpg\",\"contentUrl\":\"http:\\\/\\\/i1.wp.com\\\/www.stiricrestine.ro\\\/wp-content\\\/uploads\\\/2015\\\/05\\\/apce-aprilie-2015.jpg\"},{\"@type\":\"BreadcrumbList\",\"@id\":\"https:\\\/\\\/moldovacrestina.md\\\/en\\\/a-venit-vremea-sa-se-implice-crestinii-adevarati-n-politica-10-motive\\\/#breadcrumb\",\"itemListElement\":[{\"@type\":\"ListItem\",\"position\":1,\"name\":\"Prima pagin\u0103\",\"item\":\"https:\\\/\\\/moldovacrestina.md\\\/en\\\/\"},{\"@type\":\"ListItem\",\"position\":2,\"name\":\"A venit vremea s\u0103 se implice cre\u015ftinii adev\u0103ra\u0163i \u00een politic\u0103 (10 motive)\"}]},{\"@type\":\"WebSite\",\"@id\":\"https:\\\/\\\/moldovacrestina.md\\\/en\\\/#website\",\"url\":\"https:\\\/\\\/moldovacrestina.md\\\/en\\\/\",\"name\":\"Moldova Cre\u0219tin\u0103\",\"description\":\"R\u0103spunsuri relevante \u0219i actuale din Biblie\",\"potentialAction\":[{\"@type\":\"SearchAction\",\"target\":{\"@type\":\"EntryPoint\",\"urlTemplate\":\"https:\\\/\\\/moldovacrestina.md\\\/en\\\/?s={search_term_string}\"},\"query-input\":{\"@type\":\"PropertyValueSpecification\",\"valueRequired\":true,\"valueName\":\"search_term_string\"}}],\"inLanguage\":\"en-US\"},{\"@type\":\"Person\",\"@id\":\"https:\\\/\\\/moldovacrestina.md\\\/en\\\/#\\\/schema\\\/person\\\/04b204bbb582cc832c3d2424f5d27dc0\",\"name\":\"Vasile Filat\",\"image\":{\"@type\":\"ImageObject\",\"inLanguage\":\"en-US\",\"@id\":\"https:\\\/\\\/secure.gravatar.com\\\/avatar\\\/2e02d082d139dd6eb634318c9cf2c3a8281db62f24f87a134adb4f2020e77ab3?s=96&d=mm&r=g\",\"url\":\"https:\\\/\\\/secure.gravatar.com\\\/avatar\\\/2e02d082d139dd6eb634318c9cf2c3a8281db62f24f87a134adb4f2020e77ab3?s=96&d=mm&r=g\",\"contentUrl\":\"https:\\\/\\\/secure.gravatar.com\\\/avatar\\\/2e02d082d139dd6eb634318c9cf2c3a8281db62f24f87a134adb4f2020e77ab3?s=96&d=mm&r=g\",\"caption\":\"Vasile Filat\"},\"description\":\"P\u0103storesc\u00a0Biserica Bunavestire din Chi\u0219in\u0103u, predau Cuv\u00e2ntul lui Dumnezeu la\u00a0Institutul de Studiu Biblic Inductiv din Eurasia\u00a0\u0219i conduc\u00a0Asocia\u021bia \\\"\u00cenv\u0103\u021b\u0103tur\u0103 din Cuv\u00e2nt - Precept Ministries\\\" din Moldova. \u00cempreun\u0103 cu so\u021bia mea\u00a0Anastasia, avem trei copii. Din Aprilie 2007 am oferit r\u0103spunsuri din Biblie pe acest site la \u00eentreb\u0103ri adresate de cititori. Mai mult despre mine citi\u021bi\u00a0aici.\",\"url\":\"https:\\\/\\\/moldovacrestina.md\\\/en\\\/author\\\/vasile-filat\\\/\"}]}<\/script>\n<!-- \/ Yoast SEO Premium plugin. -->","yoast_head_json":{"title":"De ce este nevoie de politicieni adev\u0103ra\u021bi? (10 motive)","description":"Moldova este o \u021bar\u0103 cre\u0219tin\u0103 dar are nevoie de politicieni cre\u0219tini.Vezi 10 motive de ce este nevoie de politicieni cu valori cre\u0219tine.","robots":{"index":"index","follow":"follow","max-snippet":"max-snippet:-1","max-image-preview":"max-image-preview:large","max-video-preview":"max-video-preview:-1"},"canonical":"https:\/\/moldovacrestina.md\/en\/a-venit-vremea-sa-se-implice-crestinii-adevarati-n-politica-10-motive\/","og_locale":"en_US","og_type":"article","og_title":"A venit vremea s\u0103 se implice cre\u015ftinii adev\u0103ra\u0163i \u00een politic\u0103 (10 motive)","og_description":"Moldova este o \u021bar\u0103 cre\u0219tin\u0103 dar are nevoie de politicieni cre\u0219tini.Vezi 10 motive de ce este nevoie de politicieni cu valori cre\u0219tine.","og_url":"https:\/\/moldovacrestina.md\/en\/a-venit-vremea-sa-se-implice-crestinii-adevarati-n-politica-10-motive\/","og_site_name":"Moldova Cre\u0219tin\u0103","article_publisher":"https:\/\/www.facebook.com\/moldovacrestina\/","article_published_time":"2007-10-01T06:00:34+00:00","article_modified_time":"2016-04-18T05:27:02+00:00","og_image":[{"url":"http:\/\/i1.wp.com\/www.stiricrestine.ro\/wp-content\/uploads\/2015\/05\/apce-aprilie-2015.jpg","type":"","width":"","height":""}],"author":"Vasile Filat","twitter_card":"summary_large_image","twitter_creator":"@moldovacrestina","twitter_site":"@moldovacrestina","twitter_misc":{"Written by":"Vasile Filat","Est. reading time":"3 minutes"},"schema":{"@context":"https:\/\/schema.org","@graph":[{"@type":"Article","@id":"https:\/\/moldovacrestina.md\/en\/a-venit-vremea-sa-se-implice-crestinii-adevarati-n-politica-10-motive\/#article","isPartOf":{"@id":"https:\/\/moldovacrestina.md\/en\/a-venit-vremea-sa-se-implice-crestinii-adevarati-n-politica-10-motive\/"},"author":{"name":"Vasile Filat","@id":"https:\/\/moldovacrestina.md\/en\/#\/schema\/person\/04b204bbb582cc832c3d2424f5d27dc0"},"headline":"A venit vremea s\u0103 se implice cre\u015ftinii adev\u0103ra\u0163i \u00een politic\u0103 (10 motive)","datePublished":"2007-10-01T06:00:34+00:00","dateModified":"2016-04-18T05:27:02+00:00","mainEntityOfPage":{"@id":"https:\/\/moldovacrestina.md\/en\/a-venit-vremea-sa-se-implice-crestinii-adevarati-n-politica-10-motive\/"},"wordCount":637,"image":{"@id":"https:\/\/moldovacrestina.md\/en\/a-venit-vremea-sa-se-implice-crestinii-adevarati-n-politica-10-motive\/#primaryimage"},"thumbnailUrl":"http:\/\/i1.wp.com\/www.stiricrestine.ro\/wp-content\/uploads\/2015\/05\/apce-aprilie-2015.jpg","keywords":["Politic\u0103","Biserici","Moarte","Nume","Legi","Caracter","cre\u015ftini","Evanghelia","Politic"],"inLanguage":"en-US"},{"@type":"WebPage","@id":"https:\/\/moldovacrestina.md\/en\/a-venit-vremea-sa-se-implice-crestinii-adevarati-n-politica-10-motive\/","url":"https:\/\/moldovacrestina.md\/en\/a-venit-vremea-sa-se-implice-crestinii-adevarati-n-politica-10-motive\/","name":"De ce este nevoie de politicieni adev\u0103ra\u021bi? (10 motive)","isPartOf":{"@id":"https:\/\/moldovacrestina.md\/en\/#website"},"primaryImageOfPage":{"@id":"https:\/\/moldovacrestina.md\/en\/a-venit-vremea-sa-se-implice-crestinii-adevarati-n-politica-10-motive\/#primaryimage"},"image":{"@id":"https:\/\/moldovacrestina.md\/en\/a-venit-vremea-sa-se-implice-crestinii-adevarati-n-politica-10-motive\/#primaryimage"},"thumbnailUrl":"http:\/\/i1.wp.com\/www.stiricrestine.ro\/wp-content\/uploads\/2015\/05\/apce-aprilie-2015.jpg","datePublished":"2007-10-01T06:00:34+00:00","dateModified":"2016-04-18T05:27:02+00:00","author":{"@id":"https:\/\/moldovacrestina.md\/en\/#\/schema\/person\/04b204bbb582cc832c3d2424f5d27dc0"},"description":"Moldova este o \u021bar\u0103 cre\u0219tin\u0103 dar are nevoie de politicieni cre\u0219tini.Vezi 10 motive de ce este nevoie de politicieni cu valori cre\u0219tine.","breadcrumb":{"@id":"https:\/\/moldovacrestina.md\/en\/a-venit-vremea-sa-se-implice-crestinii-adevarati-n-politica-10-motive\/#breadcrumb"},"inLanguage":"en-US","potentialAction":[{"@type":"ReadAction","target":["https:\/\/moldovacrestina.md\/en\/a-venit-vremea-sa-se-implice-crestinii-adevarati-n-politica-10-motive\/"]}]},{"@type":"ImageObject","inLanguage":"en-US","@id":"https:\/\/moldovacrestina.md\/en\/a-venit-vremea-sa-se-implice-crestinii-adevarati-n-politica-10-motive\/#primaryimage","url":"http:\/\/i1.wp.com\/www.stiricrestine.ro\/wp-content\/uploads\/2015\/05\/apce-aprilie-2015.jpg","contentUrl":"http:\/\/i1.wp.com\/www.stiricrestine.ro\/wp-content\/uploads\/2015\/05\/apce-aprilie-2015.jpg"},{"@type":"BreadcrumbList","@id":"https:\/\/moldovacrestina.md\/en\/a-venit-vremea-sa-se-implice-crestinii-adevarati-n-politica-10-motive\/#breadcrumb","itemListElement":[{"@type":"ListItem","position":1,"name":"Prima pagin\u0103","item":"https:\/\/moldovacrestina.md\/en\/"},{"@type":"ListItem","position":2,"name":"A venit vremea s\u0103 se implice cre\u015ftinii adev\u0103ra\u0163i \u00een politic\u0103 (10 motive)"}]},{"@type":"WebSite","@id":"https:\/\/moldovacrestina.md\/en\/#website","url":"https:\/\/moldovacrestina.md\/en\/","name":"Moldova Cre\u0219tin\u0103","description":"R\u0103spunsuri relevante \u0219i actuale din Biblie","potentialAction":[{"@type":"SearchAction","target":{"@type":"EntryPoint","urlTemplate":"https:\/\/moldovacrestina.md\/en\/?s={search_term_string}"},"query-input":{"@type":"PropertyValueSpecification","valueRequired":true,"valueName":"search_term_string"}}],"inLanguage":"en-US"},{"@type":"Person","@id":"https:\/\/moldovacrestina.md\/en\/#\/schema\/person\/04b204bbb582cc832c3d2424f5d27dc0","name":"Vasile Filat","image":{"@type":"ImageObject","inLanguage":"en-US","@id":"https:\/\/secure.gravatar.com\/avatar\/2e02d082d139dd6eb634318c9cf2c3a8281db62f24f87a134adb4f2020e77ab3?s=96&d=mm&r=g","url":"https:\/\/secure.gravatar.com\/avatar\/2e02d082d139dd6eb634318c9cf2c3a8281db62f24f87a134adb4f2020e77ab3?s=96&d=mm&r=g","contentUrl":"https:\/\/secure.gravatar.com\/avatar\/2e02d082d139dd6eb634318c9cf2c3a8281db62f24f87a134adb4f2020e77ab3?s=96&d=mm&r=g","caption":"Vasile Filat"},"description":"P\u0103storesc\u00a0Biserica Bunavestire din Chi\u0219in\u0103u, predau Cuv\u00e2ntul lui Dumnezeu la\u00a0Institutul de Studiu Biblic Inductiv din Eurasia\u00a0\u0219i conduc\u00a0Asocia\u021bia \"\u00cenv\u0103\u021b\u0103tur\u0103 din Cuv\u00e2nt - Precept Ministries\" din Moldova. \u00cempreun\u0103 cu so\u021bia mea\u00a0Anastasia, avem trei copii. Din Aprilie 2007 am oferit r\u0103spunsuri din Biblie pe acest site la \u00eentreb\u0103ri adresate de cititori. Mai mult despre mine citi\u021bi\u00a0aici.","url":"https:\/\/moldovacrestina.md\/en\/author\/vasile-filat\/"}]}},"jetpack_featured_media_url":"","video_meta":false,"featured_image":false,"wpml":{"language_code":"en","locale":"en_US","text_direction":false,"display_name":"English","native_name":"Englez\u0103","different_language":false},"jetpack-related-posts":[{"id":322983,"url":"https:\/\/moldovacrestina.md\/trebuie-sa-abordeze-pastorii-probleme-sociale-si-politice\/","url_meta":{"origin":50891,"position":0},"title":"Trebuie s\u0103 abordeze pastorii probleme sociale \u0219i politice?","author":"Vasile Filat","date":"January 24, 2021","format":false,"excerpt":"Ce ave\u021bi voi, pastorii, cu politica? De ce v\u0103 amesteca\u021bi unde nu este treaba voastr\u0103? Nu ave\u021bi de lucru \u00een biseric\u0103? Acestea sunt unele din \u00eentreb\u0103rile sau \u00eenvinuirile care sunt aduse pastorilor \u0219i slujitorilor Evangheliei de c\u0103tre cei care sunt incomoda\u021bi de implicarea noastr\u0103 \u00een procesele \u0219i evenimentele politice \u0219i\u2026","rel":"","context":"<span class=\"jp-relatedposts-post-author\">Vasile Filat<\/span>","block_context":{"text":"Blogosfera","link":"https:\/\/moldovacrestina.md\/familie-si-societate\/blogosfera\/"},"img":{"alt_text":"","src":"","width":0,"height":0},"classes":[]},{"id":54996,"url":"https:\/\/moldovacrestina.md\/raspunsurile-candatului-pe-lista-ppcd-ghenadie-vaculovschi-la-ntrebarile-cititorilor\/","url_meta":{"origin":50891,"position":1},"title":"R\u0103spunsurile candatului pe lista PPCD Ghenadie Vaculovschi la &#238;ntreb\u0103rile cititorilor","author":"Vasile Filat","date":"February 23, 2009","format":false,"excerpt":"Domnule Ghenadie Vaculovschi, din c\u00e2te \u00eemi aduc aminte, nu este pentru prima data c\u00e2nd candida\u0163i pe listele PPCD. De ce din nou aceasta decizie? De ce PPCD? Sunt membru al PPCD din anul 2002. \u00cen anul 2005 am candidat pentru prima data la func\u0163ia de deputat \u015fi am candidat pe\u2026","rel":"","context":"<span class=\"jp-relatedposts-post-author\">Vasile Filat<\/span>","block_context":{"text":"Blogosfera","link":"https:\/\/moldovacrestina.md\/familie-si-societate\/blogosfera\/"},"img":{"alt_text":"","src":"https:\/\/i0.wp.com\/cdn.moldovacrestina.md\/2009\/02\/3295178521_715ed187fc.jpg?resize=350%2C200&ssl=1","width":350,"height":200},"classes":[]},{"id":62600,"url":"https:\/\/moldovacrestina.md\/participare-crestini-protest\/","url_meta":{"origin":50891,"position":2},"title":"Este corect pentru cre\u015ftini s\u0103 protesteze?","author":"Vasile Filat","date":"July 30, 2011","format":false,"excerpt":"\u00centrebare: Salut! Am a\u0219a o \u00eentrebare, dac\u0103 este corect pentru cre\u015ftini s\u0103 protesteze? Adresez aceasta \u00eentrebare dup\u0103 ce am ascultat mai multe p\u0103reri pro si contra. Unii spun ca trebuie de protestat\u2026 \u00een cazul concret de ce nu protestam (ie\u0219im in strada) \u00eempotriva la toate legile \u00eenaintate in Parlament cu\u2026","rel":"","context":"<span class=\"jp-relatedposts-post-author\">Vasile Filat<\/span>","block_context":{"text":"Politic\u0103","link":"https:\/\/moldovacrestina.md\/tag\/politica\/"},"img":{"alt_text":"","src":"https:\/\/i0.wp.com\/moldovacrestina.md\/wp-content\/uploads\/2011\/07\/miting-sustinere-arad-3.jpg?resize=350%2C200&ssl=1","width":350,"height":200,"srcset":"https:\/\/i0.wp.com\/moldovacrestina.md\/wp-content\/uploads\/2011\/07\/miting-sustinere-arad-3.jpg?resize=350%2C200&ssl=1 1x, https:\/\/i0.wp.com\/moldovacrestina.md\/wp-content\/uploads\/2011\/07\/miting-sustinere-arad-3.jpg?resize=525%2C300&ssl=1 1.5x, https:\/\/i0.wp.com\/moldovacrestina.md\/wp-content\/uploads\/2011\/07\/miting-sustinere-arad-3.jpg?resize=700%2C400&ssl=1 2x, https:\/\/i0.wp.com\/moldovacrestina.md\/wp-content\/uploads\/2011\/07\/miting-sustinere-arad-3.jpg?resize=1050%2C600&ssl=1 3x, https:\/\/i0.wp.com\/moldovacrestina.md\/wp-content\/uploads\/2011\/07\/miting-sustinere-arad-3.jpg?resize=1400%2C800&ssl=1 4x"},"classes":[]},{"id":64571,"url":"https:\/\/moldovacrestina.md\/astfel-de-lideri-politici-doresc-tarii-mele\/","url_meta":{"origin":50891,"position":3},"title":"Astfel de lideri politici doresc \u021b\u0103rii mele","author":"Radu Blendarencu","date":"April 7, 2013","format":false,"excerpt":"M\u0103 bucur\u0103 faptul c\u0103 unele institu\u021bii media din \u021bar\u0103\u00a0 au \u00eencercat s\u0103 provoace popula\u021bia s\u0103 caute cei mai buni dintre cei mai buni moldoveni. Nu putea s\u0103 fie evita\u021bi \u0219i cei mai influen\u021bi 10 politicieni ai \u021b\u0103rii noastre. Nu \u0219tiu dup\u0103 care merite unii din ei sunt \u00een topul preferin\u021bei,\u2026","rel":"","context":"<span class=\"jp-relatedposts-post-author\">Radu Blendarencu<\/span>","block_context":{"text":"Blogosfera","link":"https:\/\/moldovacrestina.md\/familie-si-societate\/blogosfera\/"},"img":{"alt_text":"","src":"","width":0,"height":0},"classes":[]},{"id":55015,"url":"https:\/\/moldovacrestina.md\/raspunsurile-candidatului-valeriu-ghiletchi-la-ntrebarile-cititorilor-partea-ii\/","url_meta":{"origin":50891,"position":4},"title":"R\u0103spunsurile candidatului Valeriu Ghile\u0163chi la \u00eentreb\u0103rile cititorilor (partea-II)","author":"Vasile Filat","date":"February 26, 2009","format":false,"excerpt":"Spune\u0163i-ne p\u0103rerea, ca \u015fi cet\u0103\u0163ean, ce partide le considera\u0163i demne de a accede \u00een viitorul Parlament \u015fi v-ar place s\u0103 coopera\u0163i? Evident, a\u015f dori ca PLDM s\u0103 fie pe primul loc, deoarece consider c\u0103 partidul are o echip\u0103 bun\u0103, profesionisit\u0103 \u015fi capabil\u0103 s\u0103 guverneze, dar \u00eemi dau seama c\u0103 PLDM\u2026","rel":"","context":"<span class=\"jp-relatedposts-post-author\">Vasile Filat<\/span>","block_context":{"text":"Blogosfera","link":"https:\/\/moldovacrestina.md\/familie-si-societate\/blogosfera\/"},"img":{"alt_text":"","src":"","width":0,"height":0},"classes":[]},{"id":248505,"url":"https:\/\/moldovacrestina.md\/vasile-filat-despre-implicarea-crestinilor-in-politica\/","url_meta":{"origin":50891,"position":5},"title":"Vasile Filat despre implicarea cre\u0219tinilor \u00een politic\u0103","author":"Irina Panainte","date":"May 23, 2019","format":false,"excerpt":"\u201dDumnezeu d\u0103 chemare la fiecare om, dar prea pu\u021bini sunt cei care r\u0103spund la chemarea lui Dumnezeu. Dac\u0103 am r\u0103spunde to\u021bi la chemarea \u0219i provocarea pe care ne-o propune Dumnezeu, s-ar \u00eent\u00e2mpla lucruri nemaipomenite. Dumnezeu ar face eroi ai credin\u021bei din fiecare din noi. O dat\u0103, fostul pre\u0219edinte al Fran\u021bei,\u2026","rel":"","context":"<span class=\"jp-relatedposts-post-author\">Irina Panainte<\/span>","block_context":{"text":"Blogosfera","link":"https:\/\/moldovacrestina.md\/familie-si-societate\/blogosfera\/"},"img":{"alt_text":"Vasile Filat despre implicarea cre\u0219tinilor \u00een politic\u0103","src":"https:\/\/i0.wp.com\/cdn.moldovacrestina.md\/2019\/05\/3e6b6932-va-lansare-de-carte.jpg?resize=350%2C200&ssl=1","width":350,"height":200,"srcset":"https:\/\/i0.wp.com\/cdn.moldovacrestina.md\/2019\/05\/3e6b6932-va-lansare-de-carte.jpg?resize=350%2C200&ssl=1 1x, https:\/\/i0.wp.com\/cdn.moldovacrestina.md\/2019\/05\/3e6b6932-va-lansare-de-carte.jpg?resize=525%2C300&ssl=1 1.5x, https:\/\/i0.wp.com\/cdn.moldovacrestina.md\/2019\/05\/3e6b6932-va-lansare-de-carte.jpg?resize=700%2C400&ssl=1 2x"},"classes":[]}],"jetpack_sharing_enabled":true,"_links":{"self":[{"href":"https:\/\/moldovacrestina.md\/en\/wp-json\/wp\/v2\/posts\/50891","targetHints":{"allow":["GET"]}}],"collection":[{"href":"https:\/\/moldovacrestina.md\/en\/wp-json\/wp\/v2\/posts"}],"about":[{"href":"https:\/\/moldovacrestina.md\/en\/wp-json\/wp\/v2\/types\/post"}],"author":[{"embeddable":true,"href":"https:\/\/moldovacrestina.md\/en\/wp-json\/wp\/v2\/users\/46"}],"replies":[{"embeddable":true,"href":"https:\/\/moldovacrestina.md\/en\/wp-json\/wp\/v2\/comments?post=50891"}],"version-history":[{"count":0,"href":"https:\/\/moldovacrestina.md\/en\/wp-json\/wp\/v2\/posts\/50891\/revisions"}],"wp:attachment":[{"href":"https:\/\/moldovacrestina.md\/en\/wp-json\/wp\/v2\/media?parent=50891"}],"wp:term":[{"taxonomy":"category","embeddable":true,"href":"https:\/\/moldovacrestina.md\/en\/wp-json\/wp\/v2\/categories?post=50891"},{"taxonomy":"post_tag","embeddable":true,"href":"https:\/\/moldovacrestina.md\/en\/wp-json\/wp\/v2\/tags?post=50891"}],"curies":[{"name":"wp","href":"https:\/\/api.w.org\/{rel}","templated":true}]}}