{"id":50437,"date":"2007-09-01T04:32:22","date_gmt":"2007-09-01T02:32:22","guid":{"rendered":"https:\/\/moldovacrestina.md\/how-i-celebrated-the-day-of-romanian-language-2"},"modified":"2017-05-27T09:03:59","modified_gmt":"2017-05-27T07:03:59","slug":"how-i-celebrated-the-day-of-romanian-language-2","status":"publish","type":"post","link":"https:\/\/moldovacrestina.md\/en\/how-i-celebrated-the-day-of-romanian-language-2\/","title":{"rendered":"How I celebrated The Day of Romanian Language"},"content":{"rendered":"<p style=\"text-align: justify\">\n<p><img decoding=\"async\" src=\"https:\/\/moldovacrestina.md\/en\/how-i-celebrated-the-day-of-romanian-language-2\/\" align=\"left\" class=\"aligncenter size-full img-resp\">Yesterday in the morning I came back from an exhausted travelling and after I slept a little, in the afternoon, me, my wife and\u00a0our three children went\u00a0to the Great National Assembly Square to celebrate with all other people the holiday \u201cOur Language\u201d.<\/p>\n<p>I parked the car in front of the \u201cCodru\u201d hotel and departed to the square passing by the National Park. At the entrance, we heard how somebody drummed up some cans and made a big noise to capture the attention of the passers-by. When we came closer we saw that those were the youths from the Hyde Park Organization. They had placards on which they were expressing the indignation against the president of the country and I understood that they were asking for the placement of the monument of Liviu Rebreanu on the Writer\u2019s Alee.<\/p>\n<p>Then we went on to the Square where it was a nice concert of folk music and dances. There were a lot of elder people, probably the younger were waiting to come later. We were glad to see in the midst of this crowd a grandfather dancing with his granddaugter. They were full of joy and delight, as it seemed that only they were in the square. At a moment we realized that we and the rest of the spectators were admiring that grandfather and his granddaughter, not paying much attention at the artists from the stage. It was a great difference between them. The grandfather with his granddaughter couldn\u2019t perform all those beautifull dancing elements, didn\u2019t have the costumes of those artists, but they were dancing with such delight. Those who were dancing on the stage had such good skills, but they were lacking passion and delight that were seen at the grandfather and his granddaughter. I was thinking that the same thing is with the preaching of the Gospel. Some learn in great theological schools, study a lot, etc. and then focus themselves on the technical part of spreading the Gospel then on living fully the spread message. People notice this easily.<\/p>\n<p>Then, we departed to go to the Cathedral\u2019s Park. Soon after, I saw a young man who had just danced on the stage, sitting on a border stone. He was dressed up in a nice national costume and was smoking. He threw the cigarette which he had just smoked. I came close to him and I told him that it is not good to do this and adviced him to take and throw it in an ash bin. He looked at me wonderingly and I understood that he was not going to do this. Then, I bowed down and took the cigarette and went to throw it in an ash bin. It took me much time till I found where to throw it and while I was walking, my wife told me: \u201cBe attentive, because while you walk with this cigarette, someone can see you and understand it in a wrong way and then attack your name and the message that we preach.\u201d David, my elder son, told me:\u201cFather, I saw that the man who threw the cigarette looked disdainfully after you\u2026\u201d<\/p>\n<p>When we were going back to the car, we met the youth from Hyde Park again. They were chorussing and calling all people not to submit to the authorities, to be free, and to look for culture. It was strange to hear from them \u201cLet us have culture!\u201d while they were drumming up those cans continuously\u2026 These youths have zeal and wish to fight, but for many times they do not know what they want and for what they are fighting. We, Christians have to fight a holy war, where we are called to bring the Gospel to all people. I was sorry that yesterday in the square\u00a0I didn\u2019t meet anyone who distributed Bibles or booklets with the message of the Gospel or at least to be dressed up in a T-shirt with a Christian message. What a wonderful opportunity for spreading the Gospel we have lost\u2026.<\/p>\n<p dir=\"ltr\"><em>Translated by Djugostran Felicia<\/em><\/p><\/p>\n","protected":false},"excerpt":{"rendered":"<p>Yesterday in the morning I came back from an exhausted travelling and after I slept a little, in the afternoon, me, my wife and\u00a0our three children went\u00a0to the Great National Assembly Square to celebrate with all other people the holiday \u201cOur Language\u201d. I parked the car in front of the \u201cCodru\u201d hotel and departed to [&hellip;]<\/p>\n","protected":false},"author":46,"featured_media":49675,"comment_status":"closed","ping_status":"closed","sticky":false,"template":"","format":"standard","meta":{"_acf_changed":false,"inline_featured_image":false,"_monsterinsights_skip_tracking":false,"_monsterinsights_sitenote_active":false,"_monsterinsights_sitenote_note":"","_monsterinsights_sitenote_category":0,"_genesis_hide_title":false,"_genesis_hide_breadcrumbs":false,"_genesis_hide_singular_image":false,"_genesis_hide_footer_widgets":false,"_genesis_custom_body_class":"","_genesis_custom_post_class":"","_genesis_layout":"","ep_exclude_from_search":false,"_jetpack_memberships_contains_paid_content":false,"footnotes":""},"categories":[126],"tags":[7737,7782,7793,7795,7796,7797,7798,8021,8250],"class_list":{"0":"post-50437","1":"post","2":"type-post","3":"status-publish","4":"format-standard","5":"has-post-thumbnail","7":"category-answer-from-the-bible","8":"tag-children","9":"tag-youth","10":"tag-advice","11":"tag-gospel","12":"tag-man","13":"tag-men","14":"tag-people","15":"tag-school","16":"tag-music","17":"entry"},"acf":[],"yoast_head":"<!-- This site is optimized with the Yoast SEO Premium plugin v26.5 (Yoast SEO v27.4) - https:\/\/yoast.com\/product\/yoast-seo-premium-wordpress\/ -->\n<title>How I celebrated The Day of Romanian Language<\/title>\n<meta name=\"description\" content=\"Yesterday in the morning I came back from an exhausted travelling and after I slept a little, in the afternoon, me, my wife and&nbsp;our three children went&nbsp;to the Great National Assembly Square\" \/>\n<meta name=\"robots\" content=\"index, follow, max-snippet:-1, max-image-preview:large, max-video-preview:-1\" \/>\n<link rel=\"canonical\" href=\"https:\/\/moldovacrestina.md\/en\/how-i-celebrated-the-day-of-romanian-language-2\/\" \/>\n<meta property=\"og:locale\" content=\"en_US\" \/>\n<meta property=\"og:type\" content=\"article\" \/>\n<meta property=\"og:title\" content=\"How I celebrated The Day of Romanian Language\" \/>\n<meta property=\"og:description\" content=\"Yesterday in the morning I came back from an exhausted travelling and after I slept a little, in the afternoon, me, my wife and&nbsp;our three children went&nbsp;to the Great National Assembly Square\" \/>\n<meta property=\"og:url\" content=\"https:\/\/moldovacrestina.md\/en\/how-i-celebrated-the-day-of-romanian-language-2\/\" \/>\n<meta property=\"og:site_name\" content=\"Moldova Cre\u0219tin\u0103\" \/>\n<meta property=\"article:publisher\" content=\"https:\/\/www.facebook.com\/moldovacrestina\/\" \/>\n<meta property=\"article:published_time\" content=\"2007-09-01T02:32:22+00:00\" \/>\n<meta property=\"article:modified_time\" content=\"2017-05-27T07:03:59+00:00\" \/>\n<meta property=\"og:image\" content=\"https:\/\/cdn.moldovacrestina.md\/2017\/12\/logo_oficial_twitter.png\" \/>\n\t<meta property=\"og:image:width\" content=\"500\" \/>\n\t<meta property=\"og:image:height\" content=\"315\" \/>\n\t<meta property=\"og:image:type\" content=\"image\/png\" \/>\n<meta name=\"author\" content=\"Vasile Filat\" \/>\n<meta name=\"twitter:card\" content=\"summary_large_image\" \/>\n<meta name=\"twitter:creator\" content=\"@moldovacrestina\" \/>\n<meta name=\"twitter:site\" content=\"@moldovacrestina\" \/>\n<meta name=\"twitter:label1\" content=\"Written by\" \/>\n\t<meta name=\"twitter:data1\" content=\"Vasile Filat\" \/>\n\t<meta name=\"twitter:label2\" content=\"Est. reading time\" \/>\n\t<meta name=\"twitter:data2\" content=\"3 minutes\" \/>\n<script type=\"application\/ld+json\" class=\"yoast-schema-graph\">{\"@context\":\"https:\\\/\\\/schema.org\",\"@graph\":[{\"@type\":\"Article\",\"@id\":\"https:\\\/\\\/moldovacrestina.md\\\/en\\\/how-i-celebrated-the-day-of-romanian-language-2\\\/#article\",\"isPartOf\":{\"@id\":\"https:\\\/\\\/moldovacrestina.md\\\/en\\\/how-i-celebrated-the-day-of-romanian-language-2\\\/\"},\"author\":{\"name\":\"Vasile Filat\",\"@id\":\"https:\\\/\\\/moldovacrestina.md\\\/en\\\/#\\\/schema\\\/person\\\/04b204bbb582cc832c3d2424f5d27dc0\"},\"headline\":\"How I celebrated The Day of Romanian Language\",\"datePublished\":\"2007-09-01T02:32:22+00:00\",\"dateModified\":\"2017-05-27T07:03:59+00:00\",\"mainEntityOfPage\":{\"@id\":\"https:\\\/\\\/moldovacrestina.md\\\/en\\\/how-i-celebrated-the-day-of-romanian-language-2\\\/\"},\"wordCount\":691,\"image\":{\"@id\":\"https:\\\/\\\/moldovacrestina.md\\\/en\\\/how-i-celebrated-the-day-of-romanian-language-2\\\/#primaryimage\"},\"thumbnailUrl\":\"https:\\\/\\\/moldovacrestina.md\\\/wp-content\\\/uploads\\\/2017\\\/12\\\/logo_oficial_twitter.png\",\"keywords\":[\"Children\",\"Youth\",\"Advice\",\"Gospel\",\"Man\",\"Men\",\"People\",\"School\",\"Music\"],\"articleSection\":[\"Answers from the Bible\"],\"inLanguage\":\"en-US\"},{\"@type\":\"WebPage\",\"@id\":\"https:\\\/\\\/moldovacrestina.md\\\/en\\\/how-i-celebrated-the-day-of-romanian-language-2\\\/\",\"url\":\"https:\\\/\\\/moldovacrestina.md\\\/en\\\/how-i-celebrated-the-day-of-romanian-language-2\\\/\",\"name\":\"How I celebrated The Day of Romanian Language\",\"isPartOf\":{\"@id\":\"https:\\\/\\\/moldovacrestina.md\\\/en\\\/#website\"},\"primaryImageOfPage\":{\"@id\":\"https:\\\/\\\/moldovacrestina.md\\\/en\\\/how-i-celebrated-the-day-of-romanian-language-2\\\/#primaryimage\"},\"image\":{\"@id\":\"https:\\\/\\\/moldovacrestina.md\\\/en\\\/how-i-celebrated-the-day-of-romanian-language-2\\\/#primaryimage\"},\"thumbnailUrl\":\"https:\\\/\\\/moldovacrestina.md\\\/wp-content\\\/uploads\\\/2017\\\/12\\\/logo_oficial_twitter.png\",\"datePublished\":\"2007-09-01T02:32:22+00:00\",\"dateModified\":\"2017-05-27T07:03:59+00:00\",\"author\":{\"@id\":\"https:\\\/\\\/moldovacrestina.md\\\/en\\\/#\\\/schema\\\/person\\\/04b204bbb582cc832c3d2424f5d27dc0\"},\"description\":\"Yesterday in the morning I came back from an exhausted travelling and after I slept a little, in the afternoon, me, my wife and&nbsp;our three children went&nbsp;to the Great National Assembly Square\",\"breadcrumb\":{\"@id\":\"https:\\\/\\\/moldovacrestina.md\\\/en\\\/how-i-celebrated-the-day-of-romanian-language-2\\\/#breadcrumb\"},\"inLanguage\":\"en-US\",\"potentialAction\":[{\"@type\":\"ReadAction\",\"target\":[\"https:\\\/\\\/moldovacrestina.md\\\/en\\\/how-i-celebrated-the-day-of-romanian-language-2\\\/\"]}]},{\"@type\":\"ImageObject\",\"inLanguage\":\"en-US\",\"@id\":\"https:\\\/\\\/moldovacrestina.md\\\/en\\\/how-i-celebrated-the-day-of-romanian-language-2\\\/#primaryimage\",\"url\":\"https:\\\/\\\/moldovacrestina.md\\\/wp-content\\\/uploads\\\/2017\\\/12\\\/logo_oficial_twitter.png\",\"contentUrl\":\"https:\\\/\\\/moldovacrestina.md\\\/wp-content\\\/uploads\\\/2017\\\/12\\\/logo_oficial_twitter.png\",\"width\":500,\"height\":315},{\"@type\":\"BreadcrumbList\",\"@id\":\"https:\\\/\\\/moldovacrestina.md\\\/en\\\/how-i-celebrated-the-day-of-romanian-language-2\\\/#breadcrumb\",\"itemListElement\":[{\"@type\":\"ListItem\",\"position\":1,\"name\":\"Prima pagin\u0103\",\"item\":\"https:\\\/\\\/moldovacrestina.md\\\/en\\\/\"},{\"@type\":\"ListItem\",\"position\":2,\"name\":\"Answers from the Bible\",\"item\":\"https:\\\/\\\/moldovacrestina.md\\\/en\\\/answer-from-the-bible\\\/\"},{\"@type\":\"ListItem\",\"position\":3,\"name\":\"How I celebrated The Day of Romanian Language\"}]},{\"@type\":\"WebSite\",\"@id\":\"https:\\\/\\\/moldovacrestina.md\\\/en\\\/#website\",\"url\":\"https:\\\/\\\/moldovacrestina.md\\\/en\\\/\",\"name\":\"Moldova Cre\u0219tin\u0103\",\"description\":\"R\u0103spunsuri relevante \u0219i actuale din Biblie\",\"potentialAction\":[{\"@type\":\"SearchAction\",\"target\":{\"@type\":\"EntryPoint\",\"urlTemplate\":\"https:\\\/\\\/moldovacrestina.md\\\/en\\\/?s={search_term_string}\"},\"query-input\":{\"@type\":\"PropertyValueSpecification\",\"valueRequired\":true,\"valueName\":\"search_term_string\"}}],\"inLanguage\":\"en-US\"},{\"@type\":\"Person\",\"@id\":\"https:\\\/\\\/moldovacrestina.md\\\/en\\\/#\\\/schema\\\/person\\\/04b204bbb582cc832c3d2424f5d27dc0\",\"name\":\"Vasile Filat\",\"image\":{\"@type\":\"ImageObject\",\"inLanguage\":\"en-US\",\"@id\":\"https:\\\/\\\/secure.gravatar.com\\\/avatar\\\/2e02d082d139dd6eb634318c9cf2c3a8281db62f24f87a134adb4f2020e77ab3?s=96&d=mm&r=g\",\"url\":\"https:\\\/\\\/secure.gravatar.com\\\/avatar\\\/2e02d082d139dd6eb634318c9cf2c3a8281db62f24f87a134adb4f2020e77ab3?s=96&d=mm&r=g\",\"contentUrl\":\"https:\\\/\\\/secure.gravatar.com\\\/avatar\\\/2e02d082d139dd6eb634318c9cf2c3a8281db62f24f87a134adb4f2020e77ab3?s=96&d=mm&r=g\",\"caption\":\"Vasile Filat\"},\"description\":\"P\u0103storesc\u00a0Biserica Bunavestire din Chi\u0219in\u0103u, predau Cuv\u00e2ntul lui Dumnezeu la\u00a0Institutul de Studiu Biblic Inductiv din Eurasia\u00a0\u0219i conduc\u00a0Asocia\u021bia \\\"\u00cenv\u0103\u021b\u0103tur\u0103 din Cuv\u00e2nt - Precept Ministries\\\" din Moldova. \u00cempreun\u0103 cu so\u021bia mea\u00a0Anastasia, avem trei copii. Din Aprilie 2007 am oferit r\u0103spunsuri din Biblie pe acest site la \u00eentreb\u0103ri adresate de cititori. Mai mult despre mine citi\u021bi\u00a0aici.\",\"url\":\"https:\\\/\\\/moldovacrestina.md\\\/en\\\/author\\\/vasile-filat\\\/\"}]}<\/script>\n<!-- \/ Yoast SEO Premium plugin. -->","yoast_head_json":{"title":"How I celebrated The Day of Romanian Language","description":"Yesterday in the morning I came back from an exhausted travelling and after I slept a little, in the afternoon, me, my wife and&nbsp;our three children went&nbsp;to the Great National Assembly Square","robots":{"index":"index","follow":"follow","max-snippet":"max-snippet:-1","max-image-preview":"max-image-preview:large","max-video-preview":"max-video-preview:-1"},"canonical":"https:\/\/moldovacrestina.md\/en\/how-i-celebrated-the-day-of-romanian-language-2\/","og_locale":"en_US","og_type":"article","og_title":"How I celebrated The Day of Romanian Language","og_description":"Yesterday in the morning I came back from an exhausted travelling and after I slept a little, in the afternoon, me, my wife and&nbsp;our three children went&nbsp;to the Great National Assembly Square","og_url":"https:\/\/moldovacrestina.md\/en\/how-i-celebrated-the-day-of-romanian-language-2\/","og_site_name":"Moldova Cre\u0219tin\u0103","article_publisher":"https:\/\/www.facebook.com\/moldovacrestina\/","article_published_time":"2007-09-01T02:32:22+00:00","article_modified_time":"2017-05-27T07:03:59+00:00","og_image":[{"width":500,"height":315,"url":"https:\/\/cdn.moldovacrestina.md\/2017\/12\/logo_oficial_twitter.png","type":"image\/png"}],"author":"Vasile Filat","twitter_card":"summary_large_image","twitter_creator":"@moldovacrestina","twitter_site":"@moldovacrestina","twitter_misc":{"Written by":"Vasile Filat","Est. reading time":"3 minutes"},"schema":{"@context":"https:\/\/schema.org","@graph":[{"@type":"Article","@id":"https:\/\/moldovacrestina.md\/en\/how-i-celebrated-the-day-of-romanian-language-2\/#article","isPartOf":{"@id":"https:\/\/moldovacrestina.md\/en\/how-i-celebrated-the-day-of-romanian-language-2\/"},"author":{"name":"Vasile Filat","@id":"https:\/\/moldovacrestina.md\/en\/#\/schema\/person\/04b204bbb582cc832c3d2424f5d27dc0"},"headline":"How I celebrated The Day of Romanian Language","datePublished":"2007-09-01T02:32:22+00:00","dateModified":"2017-05-27T07:03:59+00:00","mainEntityOfPage":{"@id":"https:\/\/moldovacrestina.md\/en\/how-i-celebrated-the-day-of-romanian-language-2\/"},"wordCount":691,"image":{"@id":"https:\/\/moldovacrestina.md\/en\/how-i-celebrated-the-day-of-romanian-language-2\/#primaryimage"},"thumbnailUrl":"https:\/\/moldovacrestina.md\/wp-content\/uploads\/2017\/12\/logo_oficial_twitter.png","keywords":["Children","Youth","Advice","Gospel","Man","Men","People","School","Music"],"articleSection":["Answers from the Bible"],"inLanguage":"en-US"},{"@type":"WebPage","@id":"https:\/\/moldovacrestina.md\/en\/how-i-celebrated-the-day-of-romanian-language-2\/","url":"https:\/\/moldovacrestina.md\/en\/how-i-celebrated-the-day-of-romanian-language-2\/","name":"How I celebrated The Day of Romanian Language","isPartOf":{"@id":"https:\/\/moldovacrestina.md\/en\/#website"},"primaryImageOfPage":{"@id":"https:\/\/moldovacrestina.md\/en\/how-i-celebrated-the-day-of-romanian-language-2\/#primaryimage"},"image":{"@id":"https:\/\/moldovacrestina.md\/en\/how-i-celebrated-the-day-of-romanian-language-2\/#primaryimage"},"thumbnailUrl":"https:\/\/moldovacrestina.md\/wp-content\/uploads\/2017\/12\/logo_oficial_twitter.png","datePublished":"2007-09-01T02:32:22+00:00","dateModified":"2017-05-27T07:03:59+00:00","author":{"@id":"https:\/\/moldovacrestina.md\/en\/#\/schema\/person\/04b204bbb582cc832c3d2424f5d27dc0"},"description":"Yesterday in the morning I came back from an exhausted travelling and after I slept a little, in the afternoon, me, my wife and&nbsp;our three children went&nbsp;to the Great National Assembly Square","breadcrumb":{"@id":"https:\/\/moldovacrestina.md\/en\/how-i-celebrated-the-day-of-romanian-language-2\/#breadcrumb"},"inLanguage":"en-US","potentialAction":[{"@type":"ReadAction","target":["https:\/\/moldovacrestina.md\/en\/how-i-celebrated-the-day-of-romanian-language-2\/"]}]},{"@type":"ImageObject","inLanguage":"en-US","@id":"https:\/\/moldovacrestina.md\/en\/how-i-celebrated-the-day-of-romanian-language-2\/#primaryimage","url":"https:\/\/moldovacrestina.md\/wp-content\/uploads\/2017\/12\/logo_oficial_twitter.png","contentUrl":"https:\/\/moldovacrestina.md\/wp-content\/uploads\/2017\/12\/logo_oficial_twitter.png","width":500,"height":315},{"@type":"BreadcrumbList","@id":"https:\/\/moldovacrestina.md\/en\/how-i-celebrated-the-day-of-romanian-language-2\/#breadcrumb","itemListElement":[{"@type":"ListItem","position":1,"name":"Prima pagin\u0103","item":"https:\/\/moldovacrestina.md\/en\/"},{"@type":"ListItem","position":2,"name":"Answers from the Bible","item":"https:\/\/moldovacrestina.md\/en\/answer-from-the-bible\/"},{"@type":"ListItem","position":3,"name":"How I celebrated The Day of Romanian Language"}]},{"@type":"WebSite","@id":"https:\/\/moldovacrestina.md\/en\/#website","url":"https:\/\/moldovacrestina.md\/en\/","name":"Moldova Cre\u0219tin\u0103","description":"R\u0103spunsuri relevante \u0219i actuale din Biblie","potentialAction":[{"@type":"SearchAction","target":{"@type":"EntryPoint","urlTemplate":"https:\/\/moldovacrestina.md\/en\/?s={search_term_string}"},"query-input":{"@type":"PropertyValueSpecification","valueRequired":true,"valueName":"search_term_string"}}],"inLanguage":"en-US"},{"@type":"Person","@id":"https:\/\/moldovacrestina.md\/en\/#\/schema\/person\/04b204bbb582cc832c3d2424f5d27dc0","name":"Vasile Filat","image":{"@type":"ImageObject","inLanguage":"en-US","@id":"https:\/\/secure.gravatar.com\/avatar\/2e02d082d139dd6eb634318c9cf2c3a8281db62f24f87a134adb4f2020e77ab3?s=96&d=mm&r=g","url":"https:\/\/secure.gravatar.com\/avatar\/2e02d082d139dd6eb634318c9cf2c3a8281db62f24f87a134adb4f2020e77ab3?s=96&d=mm&r=g","contentUrl":"https:\/\/secure.gravatar.com\/avatar\/2e02d082d139dd6eb634318c9cf2c3a8281db62f24f87a134adb4f2020e77ab3?s=96&d=mm&r=g","caption":"Vasile Filat"},"description":"P\u0103storesc\u00a0Biserica Bunavestire din Chi\u0219in\u0103u, predau Cuv\u00e2ntul lui Dumnezeu la\u00a0Institutul de Studiu Biblic Inductiv din Eurasia\u00a0\u0219i conduc\u00a0Asocia\u021bia \"\u00cenv\u0103\u021b\u0103tur\u0103 din Cuv\u00e2nt - Precept Ministries\" din Moldova. \u00cempreun\u0103 cu so\u021bia mea\u00a0Anastasia, avem trei copii. Din Aprilie 2007 am oferit r\u0103spunsuri din Biblie pe acest site la \u00eentreb\u0103ri adresate de cititori. Mai mult despre mine citi\u021bi\u00a0aici.","url":"https:\/\/moldovacrestina.md\/en\/author\/vasile-filat\/"}]}},"jetpack_featured_media_url":"https:\/\/moldovacrestina.md\/wp-content\/uploads\/2017\/12\/logo_oficial_twitter.png","video_meta":false,"featured_image":"https:\/\/moldovacrestina.md\/wp-content\/uploads\/2017\/12\/logo_oficial_twitter.png","wpml":{"language_code":"en","locale":"en_US","text_direction":false,"display_name":"English","native_name":"Englez\u0103","different_language":false},"jetpack-related-posts":[{"id":83594,"url":"https:\/\/moldovacrestina.md\/ru\/hto-znachit-zlosloviti-za-hrista\/","url_meta":{"origin":50437,"position":0},"title":"\u041d\u0430 \u0447\u0442\u043e \u0441\u0441\u044b\u043b\u0430\u0435\u0442\u0441\u044f \u0418\u0438\u0441\u0443\u0441 \u0425\u0440\u0438\u0441\u0442\u043e\u0441, \u0433\u043e\u0432\u043e\u0440\u044f \u201c\u043d\u0435\u043f\u0440\u0430\u0432\u0435\u0434\u043d\u043e \u0437\u043b\u043e\u0441\u043b\u043e\u0432\u0438\u0442\u044c \u0437\u0430 \u041c\u0435\u043d\u044f\u201d?","author":"Vasile Filat","date":"September 8, 2010","format":false,"excerpt":"\u0412\u043e\u043f\u0440\u043e\u0441: \u0421\u0435\u0433\u043e\u0434\u043d\u044f \u0432\u043e \u0432\u0440\u0435\u043c\u044f \u043e\u0431\u0435\u0434\u0435\u043d\u043d\u043e\u0433\u043e \u043f\u0435\u0440\u0435\u0440\u044b\u0432\u0430 \u044f \u0441\u043b\u0443\u0448\u0430\u043b \u043e \u0431\u043b\u0430\u0436\u0435\u043d\u0441\u0442\u0432\u0430\u0445, \u0441\u043a\u0430\u0437\u0430\u043d\u043d\u044b\u0445 \u0418\u0438\u0441\u0443\u0441\u043e\u043c \u0425\u0440\u0438\u0441\u0442\u043e\u043c \u0432 \u041d\u0430\u0433\u043e\u0440\u043d\u043e\u0439 \u041f\u0440\u043e\u043f\u043e\u0432\u0435\u0434\u0438, \u0438 \u0443 \u043c\u0435\u043d\u044f \u0435\u0441\u0442\u044c \u043d\u0435\u0434\u043e\u043f\u043e\u043d\u0438\u043c\u0430\u043d\u0438\u0435 \u043f\u043e \u044d\u0442\u043e\u043c\u0443 \u043f\u043e\u0432\u043e\u0434\u0443. \u042f \u043f\u043e\u043d\u0438\u043c\u0430\u044e, \u0447\u0442\u043e \u0425\u0440\u0438\u0441\u0442\u043e\u0441 \u0441\u043a\u0430\u0437\u0430\u043b \u0443\u0447\u0435\u043d\u0438\u043a\u0430\u043c, \u0447\u0442\u043e \u043e\u043d\u0438 \u0431\u0443\u0434\u0443\u0442 \u0441\u0442\u0440\u0430\u0434\u0430\u0442\u044c \u043f\u043e \u043f\u0440\u0438\u0447\u0438\u043d\u0435 \u043f\u0440\u043e\u043f\u043e\u0432\u0435\u0434\u0438 \u0421\u043b\u043e\u0432\u0430 \u0438\u043b\u0438 \u0441\u043e \u0441\u0442\u043e\u0440\u043e\u043d\u044b \u043d\u0435\u0432\u0435\u0440\u0443\u044e\u0449\u0438\u0445, \u043d\u043e \u044f \u043d\u0435 \u043f\u043e\u043d\u0438\u043c\u0430\u044e \u0432\u044b\u0440\u0430\u0436\u0435\u043d\u0438\u044f \u201c\u043d\u0435\u043f\u0440\u0430\u0432\u0435\u0434\u043d\u043e \u0437\u043b\u043e\u0441\u043b\u043e\u0432\u0438\u0442\u044c \u0437\u0430\u2026","rel":"","context":"<span class=\"jp-relatedposts-post-author\">Vasile Filat<\/span>","block_context":{"text":"\u0414\u043e\u043a\u0442\u0440\u0438\u043d\u044b","link":"https:\/\/moldovacrestina.md\/ru\/otvety-iz-biblii\/doktriny-ru\/"},"img":{"alt_text":"","src":"","width":0,"height":0},"classes":[]},{"id":84641,"url":"https:\/\/moldovacrestina.md\/ru\/test-homofobia\/","url_meta":{"origin":50437,"position":1},"title":"\u0421\u0434\u0435\u043b\u0430\u0442\u044c \u0442\u0435\u0441\u0442, \u0447\u0442\u043e\u0431\u044b \u0443\u0437\u043d\u0430\u0442\u044c, \u044f\u0432\u043b\u044f\u0435\u0448\u044c\u0441\u044f \u043b\u0438 \u0442\u044b \u0413\u041e\u041c\u041e\u0424\u041e\u0411\u041e\u041c?","author":"Vasile Filat","date":"January 14, 2011","format":false,"excerpt":"\u041f\u043e\u0441\u043a\u043e\u043b\u044c\u043a\u0443 \u044f \u043c\u043d\u043e\u0433\u043e \u0440\u0430\u0437 \u0434\u0435\u043b\u0430\u043b \u0437\u0430\u044f\u0432\u043b\u0435\u043d\u0438\u044f \u043f\u043e \u043f\u043e\u0432\u043e\u0434\u0443 \u043d\u0430\u0441\u0438\u043b\u0438\u044f, \u043d\u0430 \u043a\u043e\u0442\u043e\u0440\u043e\u043c \u043d\u0430\u0441\u0442\u0430\u0438\u0432\u0430\u0435\u0442 \u043e\u0440\u0433\u0430\u043d\u0438\u0437\u0430\u0446\u0438\u044f \u0433\u043e\u043c\u043e\u0441\u0435\u043a\u0441\u0443\u0430\u043b\u0438\u0441\u0442\u043e\u0432 \u0438\u0437 \u041c\u043e\u043b\u0434\u043e\u0432\u044b \u0438 \u0434\u0440\u0443\u0433\u0438\u0435 \u043e\u0440\u0433\u0430\u043d\u0438\u0437\u0430\u0446\u0438\u0438, \u043a\u043e\u0442\u043e\u0440\u044b\u0435 \u043f\u0440\u043e\u043f\u0430\u0433\u0430\u043d\u0434\u0438\u0440\u0443\u044e\u0442\u00a0 \u0442\u0430\u043a \u043d\u0430\u0437\u044b\u0432\u0430\u0435\u043c\u044b\u0435 \u201c\u043f\u0440\u0430\u0432\u0430 \u0441\u0435\u043a\u0441\u0443\u0430\u043b\u044c\u043d\u044b\u0445 \u043c\u0435\u043d\u044c\u0448\u0438\u043d\u0441\u0442\u0432\u201d, \u043c\u0435\u043d\u044f \u0447\u0430\u0441\u0442\u043e \u0441\u0442\u0430\u043b\u0438 \u043d\u0430\u0437\u044b\u0432\u0430\u0442\u044c \u201c\u0433\u043e\u043c\u043e\u0444\u043e\u0431\u201d, \u0442\u043e\u0447\u043d\u043e \u0442\u0430\u043a\u0436\u0435, \u043a\u0430\u043a \u043e\u043d\u0438 \u043d\u0430\u0437\u044b\u0432\u0430\u044e\u0442 \u043b\u044e\u0431\u043e\u0433\u043e, \u043a\u0442\u043e \u043d\u0435 \u0440\u0430\u0437\u0434\u0435\u043b\u044f\u0435\u0442 \u0438\u0445 \u043c\u043d\u0435\u043d\u0438\u044f. \u0421\u0435\u0433\u043e\u0434\u043d\u044f \u044f \u043f\u043e\u043b\u0443\u0447\u0438\u043b \u043f\u043e email \u043f\u0440\u0438\u0433\u043b\u0430\u0448\u0435\u043d\u0438\u0435 \u0441\u0434\u0435\u043b\u0430\u0442\u044c \u0442\u0435\u0441\u0442,\u2026","rel":"","context":"<span class=\"jp-relatedposts-post-author\">Vasile Filat<\/span>","block_context":{"text":"\u041e\u0431\u0449\u0435\u0441\u0442\u0432\u043e","link":"https:\/\/moldovacrestina.md\/ru\/otvety-iz-biblii\/obshhestvo\/"},"img":{"alt_text":"","src":"https:\/\/i0.wp.com\/americansfortruth.com\/uploads\/2011\/01\/Homophobia_Quiz-300x148.png?resize=350%2C200","width":350,"height":200},"classes":[]},{"id":86012,"url":"https:\/\/moldovacrestina.md\/en\/doris-van-stone-devochka-kotoryiu-nikto-ne-liubil\/","url_meta":{"origin":50437,"position":2},"title":"\u0414\u043e\u0440\u0438\u0441 \u0412\u0430\u043d \u0421\u0442\u043e\u0443\u043d &ndash; \u0434\u0435\u0432\u043e\u0447\u043a\u0430 \u043a\u043e\u0442\u043e\u0440\u0443\u044e \u043d\u0438\u043a\u0442\u043e \u043d\u0435 \u043b\u044e\u0431\u0438\u043b","author":"Vasile Filat","date":"February 23, 2012","format":false,"excerpt":"\u0412\u0447\u0435\u0440\u0430 \u0432\u0435\u0447\u0435\u0440\u043e\u043c \u0443 \u043c\u0435\u043d\u044f \u0431\u044b\u043b\u0430 \u0431\u043b\u0430\u0433\u043e\u0441\u043b\u043e\u0432\u0435\u043d\u043d\u0430\u044f \u0432\u0441\u0442\u0440\u0435\u0447\u0430 \u0441\u00a0 \u0414\u043e\u0440\u0438\u0441 \u0412\u0430\u043d \u0421\u0442\u043e\u0443\u043d, \u0430\u0432\u0442\u043e\u0440\u043e\u043c \u0445\u043e\u0440\u043e\u0448\u043e \u0438\u0437\u0432\u0435\u0441\u0442\u043d\u043e\u0439 \u043a\u043d\u0438\u0433\u0438 \u201c\u0414\u043e\u0440\u0438, \u0434\u0435\u0432\u043e\u0447\u043a\u0430 \u043a\u043e\u0442\u043e\u0440\u0443\u044e \u043d\u0438\u043a\u0442\u043e \u043d\u0435 \u043b\u044e\u0431\u0438\u043b\u201d \u0438 \u0434\u0432\u0443\u0445 \u0434\u0440\u0443\u0433\u0438\u0445 \u043a\u043d\u0438\u0433 \"No Place To Cry: The Hurt and Healing of Sexual Abuse\" \u0438 \"The secrets of the heart\". \u0412 \u0432\u043e\u0437\u0440\u0430\u0441\u0442\u0435 90 \u043b\u0435\u0442 \u0441\u0435\u0441\u0442\u0440\u0430 \u0414\u043e\u0440\u0438\u0441 \u043f\u043e\u043b\u043d\u0430 \u0436\u0438\u0437\u043d\u0438,\u2026","rel":"","context":"<span class=\"jp-relatedposts-post-author\">Vasile Filat<\/span>","block_context":{"text":"\u041e\u0431\u0449\u0435\u0441\u0442\u0432\u043e","link":"https:\/\/moldovacrestina.md\/ru\/otvety-iz-biblii\/obshhestvo\/"},"img":{"alt_text":"","src":"","width":0,"height":0},"classes":[]},{"id":112659,"url":"https:\/\/moldovacrestina.md\/ru\/kogda-opravdanie-nechestivogo-yavlyaet\/","url_meta":{"origin":50437,"position":3},"title":"\u041a\u043e\u0433\u0434\u0430 \u043e\u043f\u0440\u0430\u0432\u0434\u0430\u043d\u0438\u0435 \u043d\u0435\u0447\u0435\u0441\u0442\u0438\u0432\u043e\u0433\u043e \u044f\u0432\u043b\u044f\u0435\u0442\u0441\u044f \u043c\u0435\u0440\u0437\u043e\u0441\u0442\u044c\u044e \u043f\u0435\u0440\u0435\u0434 \u0411\u043e\u0433\u043e\u043c? (\u041f\u0440\u0438\u0442\u0447\u0438 17:15)","author":"Vasile Filat","date":"January 16, 2017","format":false,"excerpt":"\u0412\u0441\u0435 \u043c\u044b \u0436\u0435\u043b\u0430\u0435\u043c \u043f\u0440\u043e\u0449\u0435\u043d\u0438\u044f \u043e\u0442 \u0411\u043e\u0433\u0430, \u0438 \u0411\u043e\u0433 \u0443\u0447\u0438\u0442 \u043d\u0430\u0441 \u043f\u0440\u043e\u0449\u0430\u0442\u044c \u0442\u0435\u0445, \u043a\u0442\u043e \u0441\u0434\u0435\u043b\u0430\u043b\u0441\u044f \u0432\u0438\u043d\u043e\u0432\u0430\u0442\u044b\u043c \u043f\u0435\u0440\u0435\u0434 \u043d\u0430\u043c\u0438. \u0412\u0441\u0451-\u0442\u0430\u043a\u0438, \u0441\u0443\u0449\u0435\u0441\u0442\u0432\u0443\u0435\u0442 \u0441\u0442\u0438\u0445 \u0438\u0437 \u0411\u0438\u0431\u043b\u0438\u0438, \u0432 \u043a\u043e\u0442\u043e\u0440\u043e\u043c \u043d\u0430\u043f\u0438\u0441\u0430\u043d\u043e, \u0447\u0442\u043e \u043e\u043f\u0440\u0430\u0432\u0434\u044b\u0432\u0430\u0442\u044c \u0438\u043b\u0438\u00a0\u043f\u0440\u043e\u0449\u0430\u0442\u044c \u043d\u0435\u0447\u0435\u0441\u0442\u0438\u0432\u043e\u0433\u043e\u00a0- \u044d\u0442\u043e \u043c\u0435\u0440\u0437\u043e\u0441\u0442\u044c \u043f\u0435\u0440\u0435\u0434 \u0411\u043e\u0433\u043e\u043c. \u0422\u0430\u043a\u0438\u0435 \u0441\u0438\u0442\u0443\u0430\u0446\u0438\u0438 \u0438\u043c\u0435\u044e\u0442\u0441\u044f \u0432 \u0432\u0438\u0434\u0443 \u0432 \u0441\u043b\u0435\u0434\u0443\u044e\u0449\u0435\u043c \u0432\u043e\u043f\u0440\u043e\u0441\u0435, \u043a\u043e\u0442\u043e\u0440\u044b\u0439 \u0431\u044b\u043b \u0437\u0430\u0434\u0430\u043d \u043c\u043d\u0435: \u041c\u0438\u0440 \u0432\u0430\u043c, \u043f\u0430\u0441\u0442\u043e\u0440 \u0412\u0430\u0441\u0438\u043b\u0438\u0439. \u042f\u2026","rel":"","context":"<span class=\"jp-relatedposts-post-author\">Vasile Filat<\/span>","block_context":{"text":"\u041e\u0442\u0432\u0435\u0442\u044b \u0438\u0437 \u0411\u0438\u0431\u043b\u0438\u0438","link":"https:\/\/moldovacrestina.md\/ru\/otvety-iz-biblii\/"},"img":{"alt_text":"","src":"https:\/\/i0.wp.com\/moldovacrestina.md\/wp-content\/uploads\/2017\/01\/o-forgiveness-facebook-1024x512-2.jpg?resize=350%2C200&ssl=1","width":350,"height":200,"srcset":"https:\/\/i0.wp.com\/moldovacrestina.md\/wp-content\/uploads\/2017\/01\/o-forgiveness-facebook-1024x512-2.jpg?resize=350%2C200&ssl=1 1x, https:\/\/i0.wp.com\/moldovacrestina.md\/wp-content\/uploads\/2017\/01\/o-forgiveness-facebook-1024x512-2.jpg?resize=525%2C300&ssl=1 1.5x, https:\/\/i0.wp.com\/moldovacrestina.md\/wp-content\/uploads\/2017\/01\/o-forgiveness-facebook-1024x512-2.jpg?resize=700%2C400&ssl=1 2x"},"classes":[]},{"id":326146,"url":"https:\/\/moldovacrestina.md\/ru\/paren-izmenil-i-ostavil-kak-postupit-devushke-chtoby-ne-vpast-v-razocharovanie\/","url_meta":{"origin":50437,"position":4},"title":"\u041f\u0430\u0440\u0435\u043d\u044c \u0438\u0437\u043c\u0435\u043d\u0438\u043b \u0438 \u043e\u0441\u0442\u0430\u0432\u0438\u043b. \u041a\u0430\u043a \u043f\u043e\u0441\u0442\u0443\u043f\u0438\u0442\u044c \u0434\u0435\u0432\u0443\u0448\u043a\u0435 \u0447\u0442\u043e\u0431\u044b \u043d\u0435 \u0432\u043f\u0430\u0441\u0442\u044c \u0432 \u0440\u0430\u0437\u043e\u0447\u0430\u0440\u043e\u0432\u0430\u043d\u0438\u0435?","author":"Vasile Filat","date":"April 21, 2021","format":false,"excerpt":"\u0418\u0441\u0442\u0438\u043d\u043d\u044b\u0435 \u0432\u0437\u0430\u0438\u043c\u043e\u043e\u0442\u043d\u043e\u0448\u0435\u043d\u0438\u044f \u0441 \u0411\u043e\u0433\u043e\u043c: https:\/\/shop.eurasiaprecept.org\/ru\/product\/istinnye-vzaimootnosheniya-s-bogom\/ \u0411\u0438\u0431\u043b\u0435\u0439\u0441\u043a\u043e\u0435 \u043d\u0430\u0441\u0442\u0430\u0432\u043b\u0435\u043d\u0438\u0435 \u0434\u043b\u044f \u043c\u043e\u043b\u043e\u0434\u0451\u0436\u0438: https:\/\/shop.eurasiaprecept.org\/ru\/pr...\u200b \u041f\u041e\u0416\u0415\u0420\u0422\u0412\u041e\u0412\u0410\u041d\u0418\u042f \u0434\u043b\u044f \u0441\u0442\u0440\u043e\u0438\u0442\u0435\u043b\u044c\u0441\u0442\u0432\u0430 \u0437\u0430\u043b\u0430 \u043f\u043e \u0442\u0445\u044d\u043a\u0432\u043e\u043d\u0434\u043e \u043c\u043e\u0433\u0443\u0442 \u0431\u044b\u0442\u044c \u043e\u0442\u043f\u0440\u0430\u0432\u043b\u0435\u043d\u044b \u043d\u0430 \u0441\u043b\u0435\u0434\u0443\u044e\u0449\u0438\u0435 \u0441\u0447\u0435\u0442\u0430: \u0411\u0430\u043d\u043a\u043e\u0432\u0441\u043a\u0438\u0435 \u0440\u0435\u043a\u0432\u0438\u0437\u0438\u0442\u044b \u0434\u043b\u044f \u043f\u0435\u0440\u0435\u0432\u043e\u0434\u0430 \u0432 \u043b\u0435\u044f\u0445 \u0411\u0430\u043d\u043a \u043f\u043e\u043b\u0443\u0447\u0430\u0442\u0435\u043b\u044f: BC Victoriabank SA SWIFT \u0431\u0430\u043d\u043a\u0430: VICBMD2X \u041f\u043e\u043b\u0443\u0447\u0430\u0442\u0435\u043b\u044c: ILESCU MARIA IBAN: MD61VI022330700004048MDL \u0420\u0435\u043a\u0432\u0438\u0437\u0438\u0442\u044b \u0434\u043b\u044f \u043f\u0435\u0440\u0435\u0432\u043e\u0434\u0430 \u0432 \u0415\u0412\u0420\u041e \u0411\u0430\u043d\u043a \u043f\u043e\u043b\u0443\u0447\u0430\u0442\u0435\u043b\u044f: BC Victoriabank\u2026","rel":"","context":"<span class=\"jp-relatedposts-post-author\">Vasile Filat<\/span>","block_context":{"text":"\u041e\u0442\u0432\u0435\u0442\u044b \u0438\u0437 \u0411\u0438\u0431\u043b\u0438\u0438","link":"https:\/\/moldovacrestina.md\/ru\/otvety-iz-biblii\/"},"img":{"alt_text":"","src":"","width":0,"height":0},"classes":[]},{"id":319647,"url":"https:\/\/moldovacrestina.md\/ru\/mozhem-li-my-povelevat-i-provozglashat-v-molitve-pastor-vasile-filat\/","url_meta":{"origin":50437,"position":5},"title":"\u041c\u043e\u0436\u0435\u043c \u043b\u0438 \u043c\u044b \u043f\u043e\u0432\u0435\u043b\u0435\u0432\u0430\u0442\u044c \u0438 \u043f\u0440\u043e\u0432\u043e\u0437\u0433\u043b\u0430\u0448\u0430\u0442\u044c \u0432 \u043c\u043e\u043b\u0438\u0442\u0432\u0435? | \u041f\u0430\u0441\u0442\u043e\u0440 \u0412\u0430\u0441\u0438\u043b\u0435 \u0424\u0438\u043b\u0430\u0442","author":"Vasile Filat","date":"December 30, 2020","format":false,"excerpt":"\u041c\u043e\u0436\u0435\u043c \u043b\u0438 \u043c\u044b \u043f\u043e\u0432\u0435\u043b\u0435\u0432\u0430\u0442\u044c \u0438 \u043f\u0440\u043e\u0432\u043e\u0437\u0433\u043b\u0430\u0448\u0430\u0442\u044c \u0432 \u043c\u043e\u043b\u0438\u0442\u0432\u0435? \u041c\u043e\u0436\u0435\u0442 \u043b\u0438 \u0445\u0440\u0438\u0441\u0442\u0438\u0430\u043d\u0438\u043d \u043f\u043e\u0432\u0435\u043b\u0435\u0432\u0430\u0442\u044c, \u043f\u0440\u0438\u043a\u0430\u0437\u044b\u0432\u0430\u0442\u044c, \u0440\u0430\u0437\u0440\u0443\u0448\u0430\u0442\u044c \u0438\u043b\u0438 \u0441\u0432\u044f\u0437\u044b\u0432\u0430\u0442\u044c \u0432 \u043c\u043e\u043b\u0438\u0442\u0432\u0435? \u041c\u043e\u0436\u0435\u0442 \u043b\u0438 \u043e\u0442\u0441\u0443\u0442\u0441\u0442\u0432\u0438\u0435 \u044d\u0442\u0438\u0445 \u0441\u043b\u043e\u0432 \u0432 \u043c\u043e\u043b\u0438\u0442\u0432\u0435 \u0431\u044b\u0442\u044c \u043f\u0440\u0438\u0447\u0438\u043d\u043e\u0439 \u043f\u043e\u0447\u0435\u043c\u0443 \u0411\u043e\u0433 \u043d\u0435 \u043e\u0442\u0432\u0435\u0447\u0430\u0435\u0442 \u043d\u0430 \u043c\u043e\u043b\u0438\u0442\u0432\u044b? \u0415\u0441\u0442\u044c \u043b\u0438 \u044d\u0442\u043e\u043c\u0443 \u0431\u0438\u0431\u043b\u0435\u0439\u0441\u043a\u043e\u0435 \u043e\u0441\u043d\u043e\u0432\u0430\u043d\u0438\u0435? \u041a\u0430\u043a\u043e\u0439 \u0434\u043e\u043b\u0436\u043d\u0430 \u0431\u044b\u0442\u044c \u043d\u0430\u0448\u0430 \u043c\u043e\u043b\u0438\u0442\u0432\u0430? \u0412 \u044d\u0442\u043e\u043c \u0432\u0438\u0434\u0435\u043e \u043e\u0442\u0432\u0435\u0447\u0430\u044e \u043d\u0430 \u044d\u0442\u0438 \u0432\u043e\u043f\u0440\u043e\u0441\u044b,\u2026","rel":"","context":"<span class=\"jp-relatedposts-post-author\">Vasile Filat<\/span>","block_context":{"text":"\u041e\u0442\u0432\u0435\u0442\u044b \u0438\u0437 \u0411\u0438\u0431\u043b\u0438\u0438","link":"https:\/\/moldovacrestina.md\/ru\/otvety-iz-biblii\/"},"img":{"alt_text":"","src":"","width":0,"height":0},"classes":[]}],"jetpack_sharing_enabled":true,"_links":{"self":[{"href":"https:\/\/moldovacrestina.md\/en\/wp-json\/wp\/v2\/posts\/50437","targetHints":{"allow":["GET"]}}],"collection":[{"href":"https:\/\/moldovacrestina.md\/en\/wp-json\/wp\/v2\/posts"}],"about":[{"href":"https:\/\/moldovacrestina.md\/en\/wp-json\/wp\/v2\/types\/post"}],"author":[{"embeddable":true,"href":"https:\/\/moldovacrestina.md\/en\/wp-json\/wp\/v2\/users\/46"}],"replies":[{"embeddable":true,"href":"https:\/\/moldovacrestina.md\/en\/wp-json\/wp\/v2\/comments?post=50437"}],"version-history":[{"count":0,"href":"https:\/\/moldovacrestina.md\/en\/wp-json\/wp\/v2\/posts\/50437\/revisions"}],"wp:featuredmedia":[{"embeddable":true,"href":"https:\/\/moldovacrestina.md\/en\/wp-json\/wp\/v2\/media\/49675"}],"wp:attachment":[{"href":"https:\/\/moldovacrestina.md\/en\/wp-json\/wp\/v2\/media?parent=50437"}],"wp:term":[{"taxonomy":"category","embeddable":true,"href":"https:\/\/moldovacrestina.md\/en\/wp-json\/wp\/v2\/categories?post=50437"},{"taxonomy":"post_tag","embeddable":true,"href":"https:\/\/moldovacrestina.md\/en\/wp-json\/wp\/v2\/tags?post=50437"}],"curies":[{"name":"wp","href":"https:\/\/api.w.org\/{rel}","templated":true}]}}