{"id":344275,"date":"2016-07-29T14:53:46","date_gmt":"2016-07-29T11:53:46","guid":{"rendered":"https:\/\/moldovacrestina.md\/?p=344275"},"modified":"2023-09-11T14:56:05","modified_gmt":"2023-09-11T11:56:05","slug":"day-camp-in-the-north-of-moldova","status":"publish","type":"post","link":"https:\/\/moldovacrestina.md\/en\/day-camp-in-the-north-of-moldova\/","title":{"rendered":"Day camp in the north of Moldova"},"content":{"rendered":"<p><span style=\"font-weight: 400\">Last week, the students of the International Mission School &#8211; Precept Ministries Eurasia organized day camps in 12 localities.<\/span><\/p>\n<p><span style=\"font-weight: 400\">Our team, consisting of 5 students from the Faculty of Taekwon-Do and Journalism, went to the north of Moldova. The camp was organized in Cotiujeni village, Briceni district.<\/span><\/p>\n<p><img loading=\"lazy\" decoding=\"async\" class=\"aligncenter size-full wp-image-100833\" src=\"https:\/\/moldovacrestina.md\/stateless-moldovacrestina-md\/2023\/09\/d697048a-13728902_1908442776049250_8557047061384099967_n.jpg\" alt=\"Tab\u0103r\u0103 de zi Cotiujeni\" width=\"640\" height=\"480\" \/><\/p>\n<p><span style=\"font-weight: 400\">Together with the children I studied the course, &#8220;Lord, teach me how to pray&#8221;. I was amazed when I saw children diligently completing the textbook. One boy stayed after school to make up for what he had lost in the previous days, while the other children played outside.<\/span><\/p>\n<p><img loading=\"lazy\" decoding=\"async\" class=\"aligncenter size-full wp-image-100834\" src=\"https:\/\/moldovacrestina.md\/stateless-moldovacrestina-md\/2023\/09\/d7caf564-img_1991.jpg\" alt=\"Doamne, \u00eenva\u021b\u0103-m\u0103 s\u0103 m\u0103 rog\" width=\"640\" height=\"480\" \/><\/p>\n<p><span style=\"font-weight: 400\">After Bible study, the camp program included sports games, Taekwon-Do training led by first year students, songs, and gifts. The children were actively involved in these activities.<\/span><\/p>\n<p><img loading=\"lazy\" decoding=\"async\" class=\"aligncenter size-full wp-image-100835\" src=\"https:\/\/moldovacrestina.md\/stateless-moldovacrestina-md\/2023\/09\/d970ebef-13718714_1910436022516592_7665331922510770491_n.jpg\" alt=\"Tabara de zi Cotiujeni\" width=\"960\" height=\"539\" \/><\/p>\n<p><span style=\"font-weight: 400\">On the last day, the children were urged to repent, and for the most part they said the prayer of repentance.<\/span><\/p>\n<p><img loading=\"lazy\" decoding=\"async\" class=\"aligncenter size-full wp-image-100838\" src=\"https:\/\/moldovacrestina.md\/stateless-moldovacrestina-md\/2023\/09\/396ffe50-13754267_1908447146048813_5572955059074490506_n.jpg\" alt=\"Tab\u0103r\u0103 de zi Cotiujeni\" width=\"494\" height=\"384\" \/><\/p>\n<p><span style=\"font-weight: 400\">A grandfather from the village of Cotiujeni expressed his gratitude for organizing the camp:<\/span><\/p>\n<blockquote><p><span style=\"font-weight: 400\">&#8220;Thank you very much for organizing camps for children and teaching them.&#8221;<\/span><\/p><\/blockquote>\n<p><span style=\"font-weight: 400\">At the end, the children shared their impressions:<\/span><\/p>\n<blockquote><p><span style=\"font-weight: 400\">\u201cAt this camp we learned how to pray, following the example of the &#8220;Our Father in heaven&#8221; prayer. I really enjoyed coming to this camp. \u201d<\/span><\/p>\n<p><span style=\"font-weight: 400\">&#8220;I&#8217;m glad we came to this camp and got to know our leaders who taught us about God.&#8221;<\/span><\/p>\n<p><img loading=\"lazy\" decoding=\"async\" class=\"aligncenter size-full wp-image-100839\" src=\"https:\/\/moldovacrestina.md\/stateless-moldovacrestina-md\/2023\/09\/377b2ffb-img_2002.jpg\" alt=\"Tabara de zi Cotiujeni\" width=\"640\" height=\"480\" \/><\/p><\/blockquote>\n<p><span style=\"font-weight: 400\">Every day, 40 to 60 children came, aged between 6 and 14.<\/span><\/p>\n<p>Translated by Didina Cravcenco<\/p>\n","protected":false},"excerpt":{"rendered":"<p>Last week, the students of the International Mission School &#8211; Precept Ministries Eurasia organized day camps in 12 localities. Our team, consisting of 5 students from the Faculty of Taekwon-Do and Journalism, went to the north of Moldova. The camp was organized in Cotiujeni village, Briceni district. Together with the children I studied the course, [&hellip;]<\/p>\n","protected":false},"author":140,"featured_media":344276,"comment_status":"closed","ping_status":"closed","sticky":false,"template":"","format":"standard","meta":{"_acf_changed":false,"inline_featured_image":false,"_monsterinsights_skip_tracking":false,"_monsterinsights_sitenote_active":false,"_monsterinsights_sitenote_note":"","_monsterinsights_sitenote_category":0,"_genesis_hide_title":false,"_genesis_hide_breadcrumbs":false,"_genesis_hide_singular_image":false,"_genesis_hide_footer_widgets":false,"_genesis_custom_body_class":"","_genesis_custom_post_class":"","_genesis_layout":"","ep_exclude_from_search":false,"_jetpack_memberships_contains_paid_content":false,"footnotes":""},"categories":[],"tags":[65726,65743],"class_list":{"0":"post-344275","1":"post","2":"type-post","3":"status-publish","4":"format-standard","5":"has-post-thumbnail","7":"tag-childrens-camp","8":"tag-camp-en","9":"entry"},"acf":[],"yoast_head":"<!-- This site is optimized with the Yoast SEO Premium plugin v26.5 (Yoast SEO v27.4) - https:\/\/yoast.com\/product\/yoast-seo-premium-wordpress\/ -->\n<title>Day camp in the north of Moldova &#8226; Moldova Cre\u0219tin\u0103<\/title>\n<meta name=\"robots\" content=\"index, follow, max-snippet:-1, max-image-preview:large, max-video-preview:-1\" \/>\n<link rel=\"canonical\" href=\"https:\/\/moldovacrestina.md\/en\/day-camp-in-the-north-of-moldova\/\" \/>\n<meta property=\"og:locale\" content=\"en_US\" \/>\n<meta property=\"og:type\" content=\"article\" \/>\n<meta property=\"og:title\" content=\"Day camp in the north of Moldova\" \/>\n<meta property=\"og:description\" content=\"Last week, the students of the International Mission School &#8211; Precept Ministries Eurasia organized day camps in 12 localities. Our team, consisting of 5 students from the Faculty of Taekwon-Do and Journalism, went to the north of Moldova. The camp was organized in Cotiujeni village, Briceni district. Together with the children I studied the course, [&hellip;]\" \/>\n<meta property=\"og:url\" content=\"https:\/\/moldovacrestina.md\/en\/day-camp-in-the-north-of-moldova\/\" \/>\n<meta property=\"og:site_name\" content=\"Moldova Cre\u0219tin\u0103\" \/>\n<meta property=\"article:publisher\" content=\"https:\/\/www.facebook.com\/moldovacrestina\/\" \/>\n<meta property=\"article:published_time\" content=\"2016-07-29T11:53:46+00:00\" \/>\n<meta property=\"article:modified_time\" content=\"2023-09-11T11:56:05+00:00\" \/>\n<meta property=\"og:image\" content=\"https:\/\/moldovacrestina.md\/wp-content\/uploads\/2016\/07\/13728902_1908442776049250_8557047061384099967_n.jpg\" \/>\n\t<meta property=\"og:image:width\" content=\"640\" \/>\n\t<meta property=\"og:image:height\" content=\"480\" \/>\n\t<meta property=\"og:image:type\" content=\"image\/jpeg\" \/>\n<meta name=\"author\" content=\"Bostan Nadejda\" \/>\n<meta name=\"twitter:card\" content=\"summary_large_image\" \/>\n<meta name=\"twitter:creator\" content=\"@moldovacrestina\" \/>\n<meta name=\"twitter:site\" content=\"@moldovacrestina\" \/>\n<meta name=\"twitter:label1\" content=\"Written by\" \/>\n\t<meta name=\"twitter:data1\" content=\"Bostan Nadejda\" \/>\n\t<meta name=\"twitter:label2\" content=\"Est. reading time\" \/>\n\t<meta name=\"twitter:data2\" content=\"2 minutes\" \/>\n<script type=\"application\/ld+json\" class=\"yoast-schema-graph\">{\"@context\":\"https:\\\/\\\/schema.org\",\"@graph\":[{\"@type\":\"Article\",\"@id\":\"https:\\\/\\\/moldovacrestina.md\\\/en\\\/day-camp-in-the-north-of-moldova\\\/#article\",\"isPartOf\":{\"@id\":\"https:\\\/\\\/moldovacrestina.md\\\/en\\\/day-camp-in-the-north-of-moldova\\\/\"},\"author\":{\"name\":\"Bostan Nadejda\",\"@id\":\"https:\\\/\\\/moldovacrestina.md\\\/en\\\/#\\\/schema\\\/person\\\/dd5c2b232ef61278e8ecc0d7f7e46541\"},\"headline\":\"Day camp in the north of Moldova\",\"datePublished\":\"2016-07-29T11:53:46+00:00\",\"dateModified\":\"2023-09-11T11:56:05+00:00\",\"mainEntityOfPage\":{\"@id\":\"https:\\\/\\\/moldovacrestina.md\\\/en\\\/day-camp-in-the-north-of-moldova\\\/\"},\"wordCount\":238,\"image\":{\"@id\":\"https:\\\/\\\/moldovacrestina.md\\\/en\\\/day-camp-in-the-north-of-moldova\\\/#primaryimage\"},\"thumbnailUrl\":\"https:\\\/\\\/moldovacrestina.md\\\/wp-content\\\/uploads\\\/2016\\\/07\\\/13728902_1908442776049250_8557047061384099967_n.jpg\",\"keywords\":[\"children's camp\",\"Camp\"],\"inLanguage\":\"en-US\"},{\"@type\":\"WebPage\",\"@id\":\"https:\\\/\\\/moldovacrestina.md\\\/en\\\/day-camp-in-the-north-of-moldova\\\/\",\"url\":\"https:\\\/\\\/moldovacrestina.md\\\/en\\\/day-camp-in-the-north-of-moldova\\\/\",\"name\":\"Day camp in the north of Moldova &#8226; Moldova Cre\u0219tin\u0103\",\"isPartOf\":{\"@id\":\"https:\\\/\\\/moldovacrestina.md\\\/en\\\/#website\"},\"primaryImageOfPage\":{\"@id\":\"https:\\\/\\\/moldovacrestina.md\\\/en\\\/day-camp-in-the-north-of-moldova\\\/#primaryimage\"},\"image\":{\"@id\":\"https:\\\/\\\/moldovacrestina.md\\\/en\\\/day-camp-in-the-north-of-moldova\\\/#primaryimage\"},\"thumbnailUrl\":\"https:\\\/\\\/moldovacrestina.md\\\/wp-content\\\/uploads\\\/2016\\\/07\\\/13728902_1908442776049250_8557047061384099967_n.jpg\",\"datePublished\":\"2016-07-29T11:53:46+00:00\",\"dateModified\":\"2023-09-11T11:56:05+00:00\",\"author\":{\"@id\":\"https:\\\/\\\/moldovacrestina.md\\\/en\\\/#\\\/schema\\\/person\\\/dd5c2b232ef61278e8ecc0d7f7e46541\"},\"breadcrumb\":{\"@id\":\"https:\\\/\\\/moldovacrestina.md\\\/en\\\/day-camp-in-the-north-of-moldova\\\/#breadcrumb\"},\"inLanguage\":\"en-US\",\"potentialAction\":[{\"@type\":\"ReadAction\",\"target\":[\"https:\\\/\\\/moldovacrestina.md\\\/en\\\/day-camp-in-the-north-of-moldova\\\/\"]}]},{\"@type\":\"ImageObject\",\"inLanguage\":\"en-US\",\"@id\":\"https:\\\/\\\/moldovacrestina.md\\\/en\\\/day-camp-in-the-north-of-moldova\\\/#primaryimage\",\"url\":\"https:\\\/\\\/moldovacrestina.md\\\/wp-content\\\/uploads\\\/2016\\\/07\\\/13728902_1908442776049250_8557047061384099967_n.jpg\",\"contentUrl\":\"https:\\\/\\\/moldovacrestina.md\\\/wp-content\\\/uploads\\\/2016\\\/07\\\/13728902_1908442776049250_8557047061384099967_n.jpg\",\"width\":640,\"height\":480},{\"@type\":\"BreadcrumbList\",\"@id\":\"https:\\\/\\\/moldovacrestina.md\\\/en\\\/day-camp-in-the-north-of-moldova\\\/#breadcrumb\",\"itemListElement\":[{\"@type\":\"ListItem\",\"position\":1,\"name\":\"Prima pagin\u0103\",\"item\":\"https:\\\/\\\/moldovacrestina.md\\\/en\\\/\"},{\"@type\":\"ListItem\",\"position\":2,\"name\":\"Day camp in the north of Moldova\"}]},{\"@type\":\"WebSite\",\"@id\":\"https:\\\/\\\/moldovacrestina.md\\\/en\\\/#website\",\"url\":\"https:\\\/\\\/moldovacrestina.md\\\/en\\\/\",\"name\":\"Moldova Cre\u0219tin\u0103\",\"description\":\"R\u0103spunsuri relevante \u0219i actuale din Biblie\",\"potentialAction\":[{\"@type\":\"SearchAction\",\"target\":{\"@type\":\"EntryPoint\",\"urlTemplate\":\"https:\\\/\\\/moldovacrestina.md\\\/en\\\/?s={search_term_string}\"},\"query-input\":{\"@type\":\"PropertyValueSpecification\",\"valueRequired\":true,\"valueName\":\"search_term_string\"}}],\"inLanguage\":\"en-US\"},{\"@type\":\"Person\",\"@id\":\"https:\\\/\\\/moldovacrestina.md\\\/en\\\/#\\\/schema\\\/person\\\/dd5c2b232ef61278e8ecc0d7f7e46541\",\"name\":\"Bostan Nadejda\",\"image\":{\"@type\":\"ImageObject\",\"inLanguage\":\"en-US\",\"@id\":\"https:\\\/\\\/secure.gravatar.com\\\/avatar\\\/9faa2e20e606d4bdd10f18c95b4a5a34bc3ea400779495420a65cea926309e25?s=96&d=mm&r=g\",\"url\":\"https:\\\/\\\/secure.gravatar.com\\\/avatar\\\/9faa2e20e606d4bdd10f18c95b4a5a34bc3ea400779495420a65cea926309e25?s=96&d=mm&r=g\",\"contentUrl\":\"https:\\\/\\\/secure.gravatar.com\\\/avatar\\\/9faa2e20e606d4bdd10f18c95b4a5a34bc3ea400779495420a65cea926309e25?s=96&d=mm&r=g\",\"caption\":\"Bostan Nadejda\"},\"description\":\"Locuiesc \u00een satul Larga, r-ul Briceni. Sunt absolventa \u0218colii Interna\u021bional\u0103 de Misiune, facultatea de Jurnalism. De asemenea, sunt elev\u0103 \u00een clasa a 11. Vreau ca prin \u00eentreaga via\u021ba mea s\u0103 \u00cei slujesc Domnului \u0219i s\u0103 \u00eemplinesc marea trimitere a Domnului Isus.\",\"url\":\"https:\\\/\\\/moldovacrestina.md\\\/en\\\/author\\\/nadya_boss\\\/\"}]}<\/script>\n<!-- \/ Yoast SEO Premium plugin. -->","yoast_head_json":{"title":"Day camp in the north of Moldova &#8226; Moldova Cre\u0219tin\u0103","robots":{"index":"index","follow":"follow","max-snippet":"max-snippet:-1","max-image-preview":"max-image-preview:large","max-video-preview":"max-video-preview:-1"},"canonical":"https:\/\/moldovacrestina.md\/en\/day-camp-in-the-north-of-moldova\/","og_locale":"en_US","og_type":"article","og_title":"Day camp in the north of Moldova","og_description":"Last week, the students of the International Mission School &#8211; Precept Ministries Eurasia organized day camps in 12 localities. Our team, consisting of 5 students from the Faculty of Taekwon-Do and Journalism, went to the north of Moldova. The camp was organized in Cotiujeni village, Briceni district. Together with the children I studied the course, [&hellip;]","og_url":"https:\/\/moldovacrestina.md\/en\/day-camp-in-the-north-of-moldova\/","og_site_name":"Moldova Cre\u0219tin\u0103","article_publisher":"https:\/\/www.facebook.com\/moldovacrestina\/","article_published_time":"2016-07-29T11:53:46+00:00","article_modified_time":"2023-09-11T11:56:05+00:00","og_image":[{"width":640,"height":480,"url":"https:\/\/moldovacrestina.md\/wp-content\/uploads\/2016\/07\/13728902_1908442776049250_8557047061384099967_n.jpg","type":"image\/jpeg"}],"author":"Bostan Nadejda","twitter_card":"summary_large_image","twitter_creator":"@moldovacrestina","twitter_site":"@moldovacrestina","twitter_misc":{"Written by":"Bostan Nadejda","Est. reading time":"2 minutes"},"schema":{"@context":"https:\/\/schema.org","@graph":[{"@type":"Article","@id":"https:\/\/moldovacrestina.md\/en\/day-camp-in-the-north-of-moldova\/#article","isPartOf":{"@id":"https:\/\/moldovacrestina.md\/en\/day-camp-in-the-north-of-moldova\/"},"author":{"name":"Bostan Nadejda","@id":"https:\/\/moldovacrestina.md\/en\/#\/schema\/person\/dd5c2b232ef61278e8ecc0d7f7e46541"},"headline":"Day camp in the north of Moldova","datePublished":"2016-07-29T11:53:46+00:00","dateModified":"2023-09-11T11:56:05+00:00","mainEntityOfPage":{"@id":"https:\/\/moldovacrestina.md\/en\/day-camp-in-the-north-of-moldova\/"},"wordCount":238,"image":{"@id":"https:\/\/moldovacrestina.md\/en\/day-camp-in-the-north-of-moldova\/#primaryimage"},"thumbnailUrl":"https:\/\/moldovacrestina.md\/wp-content\/uploads\/2016\/07\/13728902_1908442776049250_8557047061384099967_n.jpg","keywords":["children's camp","Camp"],"inLanguage":"en-US"},{"@type":"WebPage","@id":"https:\/\/moldovacrestina.md\/en\/day-camp-in-the-north-of-moldova\/","url":"https:\/\/moldovacrestina.md\/en\/day-camp-in-the-north-of-moldova\/","name":"Day camp in the north of Moldova &#8226; Moldova Cre\u0219tin\u0103","isPartOf":{"@id":"https:\/\/moldovacrestina.md\/en\/#website"},"primaryImageOfPage":{"@id":"https:\/\/moldovacrestina.md\/en\/day-camp-in-the-north-of-moldova\/#primaryimage"},"image":{"@id":"https:\/\/moldovacrestina.md\/en\/day-camp-in-the-north-of-moldova\/#primaryimage"},"thumbnailUrl":"https:\/\/moldovacrestina.md\/wp-content\/uploads\/2016\/07\/13728902_1908442776049250_8557047061384099967_n.jpg","datePublished":"2016-07-29T11:53:46+00:00","dateModified":"2023-09-11T11:56:05+00:00","author":{"@id":"https:\/\/moldovacrestina.md\/en\/#\/schema\/person\/dd5c2b232ef61278e8ecc0d7f7e46541"},"breadcrumb":{"@id":"https:\/\/moldovacrestina.md\/en\/day-camp-in-the-north-of-moldova\/#breadcrumb"},"inLanguage":"en-US","potentialAction":[{"@type":"ReadAction","target":["https:\/\/moldovacrestina.md\/en\/day-camp-in-the-north-of-moldova\/"]}]},{"@type":"ImageObject","inLanguage":"en-US","@id":"https:\/\/moldovacrestina.md\/en\/day-camp-in-the-north-of-moldova\/#primaryimage","url":"https:\/\/moldovacrestina.md\/wp-content\/uploads\/2016\/07\/13728902_1908442776049250_8557047061384099967_n.jpg","contentUrl":"https:\/\/moldovacrestina.md\/wp-content\/uploads\/2016\/07\/13728902_1908442776049250_8557047061384099967_n.jpg","width":640,"height":480},{"@type":"BreadcrumbList","@id":"https:\/\/moldovacrestina.md\/en\/day-camp-in-the-north-of-moldova\/#breadcrumb","itemListElement":[{"@type":"ListItem","position":1,"name":"Prima pagin\u0103","item":"https:\/\/moldovacrestina.md\/en\/"},{"@type":"ListItem","position":2,"name":"Day camp in the north of Moldova"}]},{"@type":"WebSite","@id":"https:\/\/moldovacrestina.md\/en\/#website","url":"https:\/\/moldovacrestina.md\/en\/","name":"Moldova Cre\u0219tin\u0103","description":"R\u0103spunsuri relevante \u0219i actuale din Biblie","potentialAction":[{"@type":"SearchAction","target":{"@type":"EntryPoint","urlTemplate":"https:\/\/moldovacrestina.md\/en\/?s={search_term_string}"},"query-input":{"@type":"PropertyValueSpecification","valueRequired":true,"valueName":"search_term_string"}}],"inLanguage":"en-US"},{"@type":"Person","@id":"https:\/\/moldovacrestina.md\/en\/#\/schema\/person\/dd5c2b232ef61278e8ecc0d7f7e46541","name":"Bostan Nadejda","image":{"@type":"ImageObject","inLanguage":"en-US","@id":"https:\/\/secure.gravatar.com\/avatar\/9faa2e20e606d4bdd10f18c95b4a5a34bc3ea400779495420a65cea926309e25?s=96&d=mm&r=g","url":"https:\/\/secure.gravatar.com\/avatar\/9faa2e20e606d4bdd10f18c95b4a5a34bc3ea400779495420a65cea926309e25?s=96&d=mm&r=g","contentUrl":"https:\/\/secure.gravatar.com\/avatar\/9faa2e20e606d4bdd10f18c95b4a5a34bc3ea400779495420a65cea926309e25?s=96&d=mm&r=g","caption":"Bostan Nadejda"},"description":"Locuiesc \u00een satul Larga, r-ul Briceni. Sunt absolventa \u0218colii Interna\u021bional\u0103 de Misiune, facultatea de Jurnalism. De asemenea, sunt elev\u0103 \u00een clasa a 11. Vreau ca prin \u00eentreaga via\u021ba mea s\u0103 \u00cei slujesc Domnului \u0219i s\u0103 \u00eemplinesc marea trimitere a Domnului Isus.","url":"https:\/\/moldovacrestina.md\/en\/author\/nadya_boss\/"}]}},"jetpack_featured_media_url":"https:\/\/moldovacrestina.md\/wp-content\/uploads\/2016\/07\/13728902_1908442776049250_8557047061384099967_n.jpg","video_meta":false,"featured_image":"https:\/\/moldovacrestina.md\/wp-content\/uploads\/2016\/07\/13728902_1908442776049250_8557047061384099967_n.jpg","wpml":{"language_code":"en","locale":"en_US","text_direction":false,"display_name":"English","native_name":"Englez\u0103","different_language":false},"jetpack-related-posts":[{"id":84641,"url":"https:\/\/moldovacrestina.md\/ru\/test-homofobia\/","url_meta":{"origin":344275,"position":0},"title":"\u0421\u0434\u0435\u043b\u0430\u0442\u044c \u0442\u0435\u0441\u0442, \u0447\u0442\u043e\u0431\u044b \u0443\u0437\u043d\u0430\u0442\u044c, \u044f\u0432\u043b\u044f\u0435\u0448\u044c\u0441\u044f \u043b\u0438 \u0442\u044b \u0413\u041e\u041c\u041e\u0424\u041e\u0411\u041e\u041c?","author":"Vasile Filat","date":"January 14, 2011","format":false,"excerpt":"\u041f\u043e\u0441\u043a\u043e\u043b\u044c\u043a\u0443 \u044f \u043c\u043d\u043e\u0433\u043e \u0440\u0430\u0437 \u0434\u0435\u043b\u0430\u043b \u0437\u0430\u044f\u0432\u043b\u0435\u043d\u0438\u044f \u043f\u043e \u043f\u043e\u0432\u043e\u0434\u0443 \u043d\u0430\u0441\u0438\u043b\u0438\u044f, \u043d\u0430 \u043a\u043e\u0442\u043e\u0440\u043e\u043c \u043d\u0430\u0441\u0442\u0430\u0438\u0432\u0430\u0435\u0442 \u043e\u0440\u0433\u0430\u043d\u0438\u0437\u0430\u0446\u0438\u044f \u0433\u043e\u043c\u043e\u0441\u0435\u043a\u0441\u0443\u0430\u043b\u0438\u0441\u0442\u043e\u0432 \u0438\u0437 \u041c\u043e\u043b\u0434\u043e\u0432\u044b \u0438 \u0434\u0440\u0443\u0433\u0438\u0435 \u043e\u0440\u0433\u0430\u043d\u0438\u0437\u0430\u0446\u0438\u0438, \u043a\u043e\u0442\u043e\u0440\u044b\u0435 \u043f\u0440\u043e\u043f\u0430\u0433\u0430\u043d\u0434\u0438\u0440\u0443\u044e\u0442\u00a0 \u0442\u0430\u043a \u043d\u0430\u0437\u044b\u0432\u0430\u0435\u043c\u044b\u0435 \u201c\u043f\u0440\u0430\u0432\u0430 \u0441\u0435\u043a\u0441\u0443\u0430\u043b\u044c\u043d\u044b\u0445 \u043c\u0435\u043d\u044c\u0448\u0438\u043d\u0441\u0442\u0432\u201d, \u043c\u0435\u043d\u044f \u0447\u0430\u0441\u0442\u043e \u0441\u0442\u0430\u043b\u0438 \u043d\u0430\u0437\u044b\u0432\u0430\u0442\u044c \u201c\u0433\u043e\u043c\u043e\u0444\u043e\u0431\u201d, \u0442\u043e\u0447\u043d\u043e \u0442\u0430\u043a\u0436\u0435, \u043a\u0430\u043a \u043e\u043d\u0438 \u043d\u0430\u0437\u044b\u0432\u0430\u044e\u0442 \u043b\u044e\u0431\u043e\u0433\u043e, \u043a\u0442\u043e \u043d\u0435 \u0440\u0430\u0437\u0434\u0435\u043b\u044f\u0435\u0442 \u0438\u0445 \u043c\u043d\u0435\u043d\u0438\u044f. \u0421\u0435\u0433\u043e\u0434\u043d\u044f \u044f \u043f\u043e\u043b\u0443\u0447\u0438\u043b \u043f\u043e email \u043f\u0440\u0438\u0433\u043b\u0430\u0448\u0435\u043d\u0438\u0435 \u0441\u0434\u0435\u043b\u0430\u0442\u044c \u0442\u0435\u0441\u0442,\u2026","rel":"","context":"<span class=\"jp-relatedposts-post-author\">Vasile Filat<\/span>","block_context":{"text":"\u041e\u0431\u0449\u0435\u0441\u0442\u0432\u043e","link":"https:\/\/moldovacrestina.md\/ru\/otvety-iz-biblii\/obshhestvo\/"},"img":{"alt_text":"","src":"https:\/\/i0.wp.com\/americansfortruth.com\/uploads\/2011\/01\/Homophobia_Quiz-300x148.png?resize=350%2C200","width":350,"height":200},"classes":[]},{"id":319647,"url":"https:\/\/moldovacrestina.md\/ru\/mozhem-li-my-povelevat-i-provozglashat-v-molitve-pastor-vasile-filat\/","url_meta":{"origin":344275,"position":1},"title":"\u041c\u043e\u0436\u0435\u043c \u043b\u0438 \u043c\u044b \u043f\u043e\u0432\u0435\u043b\u0435\u0432\u0430\u0442\u044c \u0438 \u043f\u0440\u043e\u0432\u043e\u0437\u0433\u043b\u0430\u0448\u0430\u0442\u044c \u0432 \u043c\u043e\u043b\u0438\u0442\u0432\u0435? | \u041f\u0430\u0441\u0442\u043e\u0440 \u0412\u0430\u0441\u0438\u043b\u0435 \u0424\u0438\u043b\u0430\u0442","author":"Vasile Filat","date":"December 30, 2020","format":false,"excerpt":"\u041c\u043e\u0436\u0435\u043c \u043b\u0438 \u043c\u044b \u043f\u043e\u0432\u0435\u043b\u0435\u0432\u0430\u0442\u044c \u0438 \u043f\u0440\u043e\u0432\u043e\u0437\u0433\u043b\u0430\u0448\u0430\u0442\u044c \u0432 \u043c\u043e\u043b\u0438\u0442\u0432\u0435? \u041c\u043e\u0436\u0435\u0442 \u043b\u0438 \u0445\u0440\u0438\u0441\u0442\u0438\u0430\u043d\u0438\u043d \u043f\u043e\u0432\u0435\u043b\u0435\u0432\u0430\u0442\u044c, \u043f\u0440\u0438\u043a\u0430\u0437\u044b\u0432\u0430\u0442\u044c, \u0440\u0430\u0437\u0440\u0443\u0448\u0430\u0442\u044c \u0438\u043b\u0438 \u0441\u0432\u044f\u0437\u044b\u0432\u0430\u0442\u044c \u0432 \u043c\u043e\u043b\u0438\u0442\u0432\u0435? \u041c\u043e\u0436\u0435\u0442 \u043b\u0438 \u043e\u0442\u0441\u0443\u0442\u0441\u0442\u0432\u0438\u0435 \u044d\u0442\u0438\u0445 \u0441\u043b\u043e\u0432 \u0432 \u043c\u043e\u043b\u0438\u0442\u0432\u0435 \u0431\u044b\u0442\u044c \u043f\u0440\u0438\u0447\u0438\u043d\u043e\u0439 \u043f\u043e\u0447\u0435\u043c\u0443 \u0411\u043e\u0433 \u043d\u0435 \u043e\u0442\u0432\u0435\u0447\u0430\u0435\u0442 \u043d\u0430 \u043c\u043e\u043b\u0438\u0442\u0432\u044b? \u0415\u0441\u0442\u044c \u043b\u0438 \u044d\u0442\u043e\u043c\u0443 \u0431\u0438\u0431\u043b\u0435\u0439\u0441\u043a\u043e\u0435 \u043e\u0441\u043d\u043e\u0432\u0430\u043d\u0438\u0435? \u041a\u0430\u043a\u043e\u0439 \u0434\u043e\u043b\u0436\u043d\u0430 \u0431\u044b\u0442\u044c \u043d\u0430\u0448\u0430 \u043c\u043e\u043b\u0438\u0442\u0432\u0430? \u0412 \u044d\u0442\u043e\u043c \u0432\u0438\u0434\u0435\u043e \u043e\u0442\u0432\u0435\u0447\u0430\u044e \u043d\u0430 \u044d\u0442\u0438 \u0432\u043e\u043f\u0440\u043e\u0441\u044b,\u2026","rel":"","context":"<span class=\"jp-relatedposts-post-author\">Vasile Filat<\/span>","block_context":{"text":"\u041e\u0442\u0432\u0435\u0442\u044b \u0438\u0437 \u0411\u0438\u0431\u043b\u0438\u0438","link":"https:\/\/moldovacrestina.md\/ru\/otvety-iz-biblii\/"},"img":{"alt_text":"","src":"","width":0,"height":0},"classes":[]},{"id":83594,"url":"https:\/\/moldovacrestina.md\/ru\/hto-znachit-zlosloviti-za-hrista\/","url_meta":{"origin":344275,"position":2},"title":"\u041d\u0430 \u0447\u0442\u043e \u0441\u0441\u044b\u043b\u0430\u0435\u0442\u0441\u044f \u0418\u0438\u0441\u0443\u0441 \u0425\u0440\u0438\u0441\u0442\u043e\u0441, \u0433\u043e\u0432\u043e\u0440\u044f \u201c\u043d\u0435\u043f\u0440\u0430\u0432\u0435\u0434\u043d\u043e \u0437\u043b\u043e\u0441\u043b\u043e\u0432\u0438\u0442\u044c \u0437\u0430 \u041c\u0435\u043d\u044f\u201d?","author":"Vasile Filat","date":"September 8, 2010","format":false,"excerpt":"\u0412\u043e\u043f\u0440\u043e\u0441: \u0421\u0435\u0433\u043e\u0434\u043d\u044f \u0432\u043e \u0432\u0440\u0435\u043c\u044f \u043e\u0431\u0435\u0434\u0435\u043d\u043d\u043e\u0433\u043e \u043f\u0435\u0440\u0435\u0440\u044b\u0432\u0430 \u044f \u0441\u043b\u0443\u0448\u0430\u043b \u043e \u0431\u043b\u0430\u0436\u0435\u043d\u0441\u0442\u0432\u0430\u0445, \u0441\u043a\u0430\u0437\u0430\u043d\u043d\u044b\u0445 \u0418\u0438\u0441\u0443\u0441\u043e\u043c \u0425\u0440\u0438\u0441\u0442\u043e\u043c \u0432 \u041d\u0430\u0433\u043e\u0440\u043d\u043e\u0439 \u041f\u0440\u043e\u043f\u043e\u0432\u0435\u0434\u0438, \u0438 \u0443 \u043c\u0435\u043d\u044f \u0435\u0441\u0442\u044c \u043d\u0435\u0434\u043e\u043f\u043e\u043d\u0438\u043c\u0430\u043d\u0438\u0435 \u043f\u043e \u044d\u0442\u043e\u043c\u0443 \u043f\u043e\u0432\u043e\u0434\u0443. \u042f \u043f\u043e\u043d\u0438\u043c\u0430\u044e, \u0447\u0442\u043e \u0425\u0440\u0438\u0441\u0442\u043e\u0441 \u0441\u043a\u0430\u0437\u0430\u043b \u0443\u0447\u0435\u043d\u0438\u043a\u0430\u043c, \u0447\u0442\u043e \u043e\u043d\u0438 \u0431\u0443\u0434\u0443\u0442 \u0441\u0442\u0440\u0430\u0434\u0430\u0442\u044c \u043f\u043e \u043f\u0440\u0438\u0447\u0438\u043d\u0435 \u043f\u0440\u043e\u043f\u043e\u0432\u0435\u0434\u0438 \u0421\u043b\u043e\u0432\u0430 \u0438\u043b\u0438 \u0441\u043e \u0441\u0442\u043e\u0440\u043e\u043d\u044b \u043d\u0435\u0432\u0435\u0440\u0443\u044e\u0449\u0438\u0445, \u043d\u043e \u044f \u043d\u0435 \u043f\u043e\u043d\u0438\u043c\u0430\u044e \u0432\u044b\u0440\u0430\u0436\u0435\u043d\u0438\u044f \u201c\u043d\u0435\u043f\u0440\u0430\u0432\u0435\u0434\u043d\u043e \u0437\u043b\u043e\u0441\u043b\u043e\u0432\u0438\u0442\u044c \u0437\u0430\u2026","rel":"","context":"<span class=\"jp-relatedposts-post-author\">Vasile Filat<\/span>","block_context":{"text":"\u0414\u043e\u043a\u0442\u0440\u0438\u043d\u044b","link":"https:\/\/moldovacrestina.md\/ru\/otvety-iz-biblii\/doktriny-ru\/"},"img":{"alt_text":"","src":"","width":0,"height":0},"classes":[]},{"id":86012,"url":"https:\/\/moldovacrestina.md\/en\/doris-van-stone-devochka-kotoryiu-nikto-ne-liubil\/","url_meta":{"origin":344275,"position":3},"title":"\u0414\u043e\u0440\u0438\u0441 \u0412\u0430\u043d \u0421\u0442\u043e\u0443\u043d &ndash; \u0434\u0435\u0432\u043e\u0447\u043a\u0430 \u043a\u043e\u0442\u043e\u0440\u0443\u044e \u043d\u0438\u043a\u0442\u043e \u043d\u0435 \u043b\u044e\u0431\u0438\u043b","author":"Vasile Filat","date":"February 23, 2012","format":false,"excerpt":"\u0412\u0447\u0435\u0440\u0430 \u0432\u0435\u0447\u0435\u0440\u043e\u043c \u0443 \u043c\u0435\u043d\u044f \u0431\u044b\u043b\u0430 \u0431\u043b\u0430\u0433\u043e\u0441\u043b\u043e\u0432\u0435\u043d\u043d\u0430\u044f \u0432\u0441\u0442\u0440\u0435\u0447\u0430 \u0441\u00a0 \u0414\u043e\u0440\u0438\u0441 \u0412\u0430\u043d \u0421\u0442\u043e\u0443\u043d, \u0430\u0432\u0442\u043e\u0440\u043e\u043c \u0445\u043e\u0440\u043e\u0448\u043e \u0438\u0437\u0432\u0435\u0441\u0442\u043d\u043e\u0439 \u043a\u043d\u0438\u0433\u0438 \u201c\u0414\u043e\u0440\u0438, \u0434\u0435\u0432\u043e\u0447\u043a\u0430 \u043a\u043e\u0442\u043e\u0440\u0443\u044e \u043d\u0438\u043a\u0442\u043e \u043d\u0435 \u043b\u044e\u0431\u0438\u043b\u201d \u0438 \u0434\u0432\u0443\u0445 \u0434\u0440\u0443\u0433\u0438\u0445 \u043a\u043d\u0438\u0433 \"No Place To Cry: The Hurt and Healing of Sexual Abuse\" \u0438 \"The secrets of the heart\". \u0412 \u0432\u043e\u0437\u0440\u0430\u0441\u0442\u0435 90 \u043b\u0435\u0442 \u0441\u0435\u0441\u0442\u0440\u0430 \u0414\u043e\u0440\u0438\u0441 \u043f\u043e\u043b\u043d\u0430 \u0436\u0438\u0437\u043d\u0438,\u2026","rel":"","context":"<span class=\"jp-relatedposts-post-author\">Vasile Filat<\/span>","block_context":{"text":"\u041e\u0431\u0449\u0435\u0441\u0442\u0432\u043e","link":"https:\/\/moldovacrestina.md\/ru\/otvety-iz-biblii\/obshhestvo\/"},"img":{"alt_text":"","src":"","width":0,"height":0},"classes":[]},{"id":249073,"url":"https:\/\/moldovacrestina.md\/ru\/priglashenie-v-ecpyouth-international-summer-school-2019-gleote-vlog\/","url_meta":{"origin":344275,"position":4},"title":"\u041f\u0440\u0438\u0433\u043b\u0430\u0448\u0435\u043d\u0438\u0435 \u0432 ECPYouth International Summer School 2019","author":"Moldova Cre\u0219tin\u0103","date":"June 9, 2019","format":false,"excerpt":"ecpyouth.eu\/iss2019 \u041f\u041e\u041b\u0423\u0427\u0418 \u041e\u0422\u0412\u0415\u0422 \u0418\u0417 \u0411\u0418\u0411\u041b\u0418\u0418: https:\/\/moldovacrestina.md \ud83d\ude00 Gleot\u00e9 VLOG \u044d\u0442\u043e \u043d\u0435\u0441\u043a\u0443\u0447\u043d\u044b\u0435 \u0432\u0438\u0434\u0435\u043e \u043e \u0431\u0438\u0431\u043b\u0435\u0439\u0441\u043a\u043e\u0439 \u043f\u0435\u0440\u0441\u043f\u0435\u043a\u0442\u0438\u0432\u0435 \u043d\u0430 \u0432\u0441\u0435 \u0432\u043e\u043f\u0440\u043e\u0441\u044b, \u043a\u043e\u0442\u043e\u0440\u044b\u0435 \u0432\u043e\u043b\u043d\u0443\u044e\u0442 \u043c\u043e\u043b\u043e\u0434\u0451\u0436\u044c. Gleot\u00e9 - God loves everyone on the earth\/ \u0411\u043e\u0433 \u043b\u044e\u0431\u0438\u0442 \u043a\u0430\u0436\u0434\u043e\u0433\u043e \u043d\u0430 \u0437\u0435\u043c\u043b\u0435.","rel":"","context":"<span class=\"jp-relatedposts-post-author\">Moldova Cre\u0219tin\u0103<\/span>","block_context":{"text":"Gleot\u00e9 VLOG","link":"https:\/\/moldovacrestina.md\/ru\/gleote-vlog\/"},"img":{"alt_text":"","src":"https:\/\/i0.wp.com\/cdn.moldovacrestina.md\/2019\/06\/d8ef3858-urv3jfgwrh4.jpg?resize=350%2C200&ssl=1","width":350,"height":200,"srcset":"https:\/\/i0.wp.com\/cdn.moldovacrestina.md\/2019\/06\/d8ef3858-urv3jfgwrh4.jpg?resize=350%2C200&ssl=1 1x, https:\/\/i0.wp.com\/cdn.moldovacrestina.md\/2019\/06\/d8ef3858-urv3jfgwrh4.jpg?resize=525%2C300&ssl=1 1.5x, https:\/\/i0.wp.com\/cdn.moldovacrestina.md\/2019\/06\/d8ef3858-urv3jfgwrh4.jpg?resize=700%2C400&ssl=1 2x, https:\/\/i0.wp.com\/cdn.moldovacrestina.md\/2019\/06\/d8ef3858-urv3jfgwrh4.jpg?resize=1050%2C600&ssl=1 3x"},"classes":[]},{"id":123833,"url":"https:\/\/moldovacrestina.md\/ru\/s-dnyom-rozhdeniya-moldova-crestina-gleote-vlog\/","url_meta":{"origin":344275,"position":5},"title":"\u0421 \u0414\u041d\u0401\u041c \u0420\u041e\u0416\u0414\u0415\u041d\u0418\u042f MOLDOVA CRE\u0218TIN\u0102 | Gleot\u00e9 VLOG","author":"\u0410\u043d\u0434\u0440\u0435\u0435\u0432 \u042d\u0434\u0443\u0430\u0440\u0434","date":"April 26, 2017","format":"video","excerpt":"\u0414\u0440\u0443\u0437\u044c\u044f! \u0412\u043e\u0442 \u0438 \u043d\u043e\u0432\u044b\u0439 \u0432\u0438\u0434\u0435\u043e-\u0431\u043b\u043e\u0433! 22 \u0430\u043f\u0440\u0435\u043b\u044f Moldova Cre\u0219tin\u0103\u00a0\u0438\u0441\u043f\u043e\u043b\u043d\u0438\u043b\u043e\u0441\u044c 10 \u043b\u0435\u0442!\u00a0\ud83c\udf82 \u041d\u0435 \u0441\u0442\u0435\u0441\u043d\u044f\u0439\u0442\u0435\u0441\u044c! \u041f\u0440\u0438\u0441\u043e\u0435\u0434\u0438\u043d\u044f\u0439\u0442\u0435\u0441\u044c \u043a \u043f\u0440\u0430\u0437\u0434\u043d\u0438\u043a\u0443! \u0414\u043b\u044f \u043c\u0435\u043d\u044f \u043e\u0433\u0440\u043e\u043c\u043d\u043e\u0435 \u0431\u043b\u0430\u0433\u043e\u0441\u043b\u043e\u0432\u0435\u043d\u0438\u0435 \u0438 \u043f\u0440\u0438\u0432\u0438\u043b\u0435\u0433\u0438\u044f \u0431\u044b\u0442\u044c \u0447\u0430\u0441\u0442\u044c\u044e \u044d\u0442\u043e\u0439 \u043a\u043e\u043c\u0430\u043d\u0434\u044b! \u041f\u0443\u0441\u0442\u044c \u0413\u043e\u0441\u043f\u043e\u0434\u044c \u0443\u043c\u043d\u043e\u0436\u0438\u0442 \u044d\u0442\u043e \u0441\u043b\u0443\u0436\u0435\u043d\u0438\u0435 \u0438 \u043f\u043e\u043c\u043e\u0436\u0435\u0442 \u043f\u0440\u0438\u043d\u0435\u0441\u0442\u0438 \u0435\u0449\u0451 \u0431\u043e\u043b\u044c\u0448\u0435 \u043f\u043b\u043e\u0434\u043e\u0432 \u0432\u043e \u0441\u043b\u0430\u0432\u0443 \u0413\u043e\u0441\u043f\u043e\u0434\u0430 \u043d\u0430\u0448\u0435\u0433\u043e \u0418\u0438\u0441\u0443\u0441\u0430 \u0425\u0440\u0438\u0441\u0442\u0430! \u0411\u043e\u043b\u044c\u0448\u043e\u0435 \u0441\u043f\u0430\u0441\u0438\u0431\u043e \u0432\u0441\u0435\u043c \u043c\u043e\u0438\u043c \u043d\u0430\u0441\u0442\u0430\u0432\u043d\u0438\u043a\u0430\u043c \u0438 \u0434\u0440\u0443\u0437\u044c\u044f\u043c\u2026","rel":"","context":"<span class=\"jp-relatedposts-post-author\">\u0410\u043d\u0434\u0440\u0435\u0435\u0432 \u042d\u0434\u0443\u0430\u0440\u0434<\/span>","block_context":{"text":"\u0411\u043b\u043e\u0433\u043e\u0441\u0444\u0435\u0440\u0430","link":"https:\/\/moldovacrestina.md\/ru\/vospitanie-ru\/blogosfera-ru\/"},"img":{"alt_text":"","src":"https:\/\/i0.wp.com\/moldovacrestina.md\/wp-content\/uploads\/2017\/04\/moldovacrestina.md---1.jpg?resize=350%2C200&ssl=1","width":350,"height":200,"srcset":"https:\/\/i0.wp.com\/moldovacrestina.md\/wp-content\/uploads\/2017\/04\/moldovacrestina.md---1.jpg?resize=350%2C200&ssl=1 1x, https:\/\/i0.wp.com\/moldovacrestina.md\/wp-content\/uploads\/2017\/04\/moldovacrestina.md---1.jpg?resize=525%2C300&ssl=1 1.5x, https:\/\/i0.wp.com\/moldovacrestina.md\/wp-content\/uploads\/2017\/04\/moldovacrestina.md---1.jpg?resize=700%2C400&ssl=1 2x, https:\/\/i0.wp.com\/moldovacrestina.md\/wp-content\/uploads\/2017\/04\/moldovacrestina.md---1.jpg?resize=1050%2C600&ssl=1 3x"},"classes":[]}],"jetpack_sharing_enabled":true,"_links":{"self":[{"href":"https:\/\/moldovacrestina.md\/en\/wp-json\/wp\/v2\/posts\/344275","targetHints":{"allow":["GET"]}}],"collection":[{"href":"https:\/\/moldovacrestina.md\/en\/wp-json\/wp\/v2\/posts"}],"about":[{"href":"https:\/\/moldovacrestina.md\/en\/wp-json\/wp\/v2\/types\/post"}],"author":[{"embeddable":true,"href":"https:\/\/moldovacrestina.md\/en\/wp-json\/wp\/v2\/users\/140"}],"replies":[{"embeddable":true,"href":"https:\/\/moldovacrestina.md\/en\/wp-json\/wp\/v2\/comments?post=344275"}],"version-history":[{"count":0,"href":"https:\/\/moldovacrestina.md\/en\/wp-json\/wp\/v2\/posts\/344275\/revisions"}],"wp:featuredmedia":[{"embeddable":true,"href":"https:\/\/moldovacrestina.md\/en\/wp-json\/wp\/v2\/media\/344276"}],"wp:attachment":[{"href":"https:\/\/moldovacrestina.md\/en\/wp-json\/wp\/v2\/media?parent=344275"}],"wp:term":[{"taxonomy":"category","embeddable":true,"href":"https:\/\/moldovacrestina.md\/en\/wp-json\/wp\/v2\/categories?post=344275"},{"taxonomy":"post_tag","embeddable":true,"href":"https:\/\/moldovacrestina.md\/en\/wp-json\/wp\/v2\/tags?post=344275"}],"curies":[{"name":"wp","href":"https:\/\/api.w.org\/{rel}","templated":true}]}}