{"id":338727,"date":"2022-08-31T14:30:52","date_gmt":"2022-08-31T11:30:52","guid":{"rendered":"https:\/\/moldovacrestina.md\/?p=338727"},"modified":"2022-11-03T14:31:29","modified_gmt":"2022-11-03T12:31:29","slug":"how-do-we-prepare-for-the-1st-of-september","status":"publish","type":"post","link":"https:\/\/moldovacrestina.md\/en\/how-do-we-prepare-for-the-1st-of-september\/","title":{"rendered":"How do we prepare for the 1st of September?"},"content":{"rendered":"<p><strong>Question:<\/strong><\/p>\n<p><i><span style=\"font-weight: 400\">September 1st is a beautiful day, but also a very hard one. It&#8217;s usually a big rush. Can we somehow prepare with less headache?<\/span><\/i><\/p>\n<p><img loading=\"lazy\" decoding=\"async\" class=\"wp-image-102783 aligncenter\" src=\"https:\/\/moldovacrestina.md\/wp-content\/uploads\/2022\/11\/8b5fb742-pic113.jpg\" alt=\"Cum ne preg\u0103tim de unu septembrie?\" width=\"593\" height=\"830\" \/><\/p>\n<p><span style=\"font-weight: 400\">It&#8217;s over this summer too&#8230; The start of school is just around the corner and summer wants to come on fast. We must be ready for such a guest! How? First&#8230;<\/span><\/p>\n<p><strong>Buy flowers early<\/strong><\/p>\n<p><span style=\"font-weight: 400\">In the morning you&#8217;ll have little time to go for flowers, so you&#8217;d better get them today. You might want to opt for potted flowers. That way you&#8217;ll be sure to make a longer lasting memory.<\/span><\/p>\n<p><strong>Think of a teacher appreciation gift<\/strong><\/p>\n<p><span style=\"font-weight: 400\">It would also be nice to <a href=\"https:\/\/moldovacrestina.md\/en\/how-to-make-greeting-cards-for-the-teacher-day\/\">prepare an appreciation card for the teacher<\/a>. Don&#8217;t miss any opportunity to thank the teacher. It&#8217;s nice to encourage teachers for the enormous effort and work they put in.<\/span><\/p>\n<p><strong>Pack your backpack and clothes the evening before<\/strong><\/p>\n<p><span style=\"font-weight: 400\">It&#8217;s a habit that should become routine. Children are tempted to pack their backpack in the morning in a hurry. Form a different habit. You will only gain from it.<\/span><\/p>\n<p><strong>Put the child to bed early<\/strong><\/p>\n<p><span style=\"font-weight: 400\">Because of the different sleep patterns in summer, children will find it harder to wake up in the morning, but if you let them go to bed earlier, they&#8217;ll wake up easier tomorrow. So you will be able to say with the psalmist:<\/span><\/p>\n<blockquote><p><span style=\"font-weight: 400\">,,<\/span><span style=\"font-weight: 400\">Let me hear Your lovingkindness in the morning; for I trust in You. Teach me the way in which I should walk for to You I lift up my soul.,, (Psalm 143:8 NASB)<\/span><\/p><\/blockquote>\n<p><span style=\"font-weight: 400\">Have a blessed start of the school year!<\/span><\/p>\n<p>Translated by Aliona Soltan<\/p>\n","protected":false},"excerpt":{"rendered":"<p>Question: September 1st is a beautiful day, but also a very hard one. It&#8217;s usually a big rush. Can we somehow prepare with less headache? It&#8217;s over this summer too&#8230; The start of school is just around the corner and summer wants to come on fast. We must be ready for such a guest! How? [&hellip;]<\/p>\n","protected":false},"author":111,"featured_media":102783,"comment_status":"closed","ping_status":"closed","sticky":false,"template":"","format":"standard","meta":{"_acf_changed":false,"inline_featured_image":false,"_monsterinsights_skip_tracking":false,"_monsterinsights_sitenote_active":false,"_monsterinsights_sitenote_note":"","_monsterinsights_sitenote_category":0,"_genesis_hide_title":false,"_genesis_hide_breadcrumbs":false,"_genesis_hide_singular_image":false,"_genesis_hide_footer_widgets":false,"_genesis_custom_body_class":"","_genesis_custom_post_class":"","_genesis_layout":"","ep_exclude_from_search":false,"_jetpack_memberships_contains_paid_content":false,"footnotes":""},"categories":[30913],"tags":[66369,66370],"class_list":{"0":"post-338727","1":"post","2":"type-post","3":"status-publish","4":"format-standard","5":"has-post-thumbnail","7":"category-education-en","8":"tag-first-day-of-school","9":"tag-school-preparations","10":"entry"},"acf":[],"yoast_head":"<!-- This site is optimized with the Yoast SEO Premium plugin v26.5 (Yoast SEO v27.4) - https:\/\/yoast.com\/product\/yoast-seo-premium-wordpress\/ -->\n<title>How do we prepare for the 1st of September?<\/title>\n<meta name=\"robots\" content=\"index, follow, max-snippet:-1, max-image-preview:large, max-video-preview:-1\" \/>\n<link rel=\"canonical\" href=\"https:\/\/moldovacrestina.md\/en\/how-do-we-prepare-for-the-1st-of-september\/\" \/>\n<meta property=\"og:locale\" content=\"en_US\" \/>\n<meta property=\"og:type\" content=\"article\" \/>\n<meta property=\"og:title\" content=\"How do we prepare for the 1st of September?\" \/>\n<meta property=\"og:description\" content=\"Question: September 1st is a beautiful day, but also a very hard one. It&#8217;s usually a big rush. Can we somehow prepare with less headache? It&#8217;s over this summer too&#8230; The start of school is just around the corner and summer wants to come on fast. We must be ready for such a guest! How? [&hellip;]\" \/>\n<meta property=\"og:url\" content=\"https:\/\/moldovacrestina.md\/en\/how-do-we-prepare-for-the-1st-of-september\/\" \/>\n<meta property=\"og:site_name\" content=\"Moldova Cre\u0219tin\u0103\" \/>\n<meta property=\"article:publisher\" content=\"https:\/\/www.facebook.com\/moldovacrestina\/\" \/>\n<meta property=\"article:published_time\" content=\"2022-08-31T11:30:52+00:00\" \/>\n<meta property=\"article:modified_time\" content=\"2022-11-03T12:31:29+00:00\" \/>\n<meta property=\"og:image\" content=\"https:\/\/cdn.moldovacrestina.md\/2016\/08\/pic113.jpg\" \/>\n\t<meta property=\"og:image:width\" content=\"293\" \/>\n\t<meta property=\"og:image:height\" content=\"410\" \/>\n\t<meta property=\"og:image:type\" content=\"image\/jpeg\" \/>\n<meta name=\"author\" content=\"Oxana Tentiuc\" \/>\n<meta name=\"twitter:card\" content=\"summary_large_image\" \/>\n<meta name=\"twitter:creator\" content=\"@moldovacrestina\" \/>\n<meta name=\"twitter:site\" content=\"@moldovacrestina\" \/>\n<meta name=\"twitter:label1\" content=\"Written by\" \/>\n\t<meta name=\"twitter:data1\" content=\"Oxana Tentiuc\" \/>\n\t<meta name=\"twitter:label2\" content=\"Est. reading time\" \/>\n\t<meta name=\"twitter:data2\" content=\"1 minute\" \/>\n<script type=\"application\/ld+json\" class=\"yoast-schema-graph\">{\"@context\":\"https:\\\/\\\/schema.org\",\"@graph\":[{\"@type\":\"Article\",\"@id\":\"https:\\\/\\\/moldovacrestina.md\\\/en\\\/how-do-we-prepare-for-the-1st-of-september\\\/#article\",\"isPartOf\":{\"@id\":\"https:\\\/\\\/moldovacrestina.md\\\/en\\\/how-do-we-prepare-for-the-1st-of-september\\\/\"},\"author\":{\"name\":\"Oxana Tentiuc\",\"@id\":\"https:\\\/\\\/moldovacrestina.md\\\/en\\\/#\\\/schema\\\/person\\\/5c800586f6dbec668fe58f54f9fa18f7\"},\"headline\":\"How do we prepare for the 1st of September?\",\"datePublished\":\"2022-08-31T11:30:52+00:00\",\"dateModified\":\"2022-11-03T12:31:29+00:00\",\"mainEntityOfPage\":{\"@id\":\"https:\\\/\\\/moldovacrestina.md\\\/en\\\/how-do-we-prepare-for-the-1st-of-september\\\/\"},\"wordCount\":285,\"image\":{\"@id\":\"https:\\\/\\\/moldovacrestina.md\\\/en\\\/how-do-we-prepare-for-the-1st-of-september\\\/#primaryimage\"},\"thumbnailUrl\":\"https:\\\/\\\/moldovacrestina.md\\\/wp-content\\\/uploads\\\/2016\\\/08\\\/pic113.jpg\",\"keywords\":[\"first day of school\",\"school preparations\"],\"articleSection\":[\"Education\"],\"inLanguage\":\"en-US\"},{\"@type\":\"WebPage\",\"@id\":\"https:\\\/\\\/moldovacrestina.md\\\/en\\\/how-do-we-prepare-for-the-1st-of-september\\\/\",\"url\":\"https:\\\/\\\/moldovacrestina.md\\\/en\\\/how-do-we-prepare-for-the-1st-of-september\\\/\",\"name\":\"How do we prepare for the 1st of September?\",\"isPartOf\":{\"@id\":\"https:\\\/\\\/moldovacrestina.md\\\/en\\\/#website\"},\"primaryImageOfPage\":{\"@id\":\"https:\\\/\\\/moldovacrestina.md\\\/en\\\/how-do-we-prepare-for-the-1st-of-september\\\/#primaryimage\"},\"image\":{\"@id\":\"https:\\\/\\\/moldovacrestina.md\\\/en\\\/how-do-we-prepare-for-the-1st-of-september\\\/#primaryimage\"},\"thumbnailUrl\":\"https:\\\/\\\/moldovacrestina.md\\\/wp-content\\\/uploads\\\/2016\\\/08\\\/pic113.jpg\",\"datePublished\":\"2022-08-31T11:30:52+00:00\",\"dateModified\":\"2022-11-03T12:31:29+00:00\",\"author\":{\"@id\":\"https:\\\/\\\/moldovacrestina.md\\\/en\\\/#\\\/schema\\\/person\\\/5c800586f6dbec668fe58f54f9fa18f7\"},\"breadcrumb\":{\"@id\":\"https:\\\/\\\/moldovacrestina.md\\\/en\\\/how-do-we-prepare-for-the-1st-of-september\\\/#breadcrumb\"},\"inLanguage\":\"en-US\",\"potentialAction\":[{\"@type\":\"ReadAction\",\"target\":[\"https:\\\/\\\/moldovacrestina.md\\\/en\\\/how-do-we-prepare-for-the-1st-of-september\\\/\"]}]},{\"@type\":\"ImageObject\",\"inLanguage\":\"en-US\",\"@id\":\"https:\\\/\\\/moldovacrestina.md\\\/en\\\/how-do-we-prepare-for-the-1st-of-september\\\/#primaryimage\",\"url\":\"https:\\\/\\\/moldovacrestina.md\\\/wp-content\\\/uploads\\\/2016\\\/08\\\/pic113.jpg\",\"contentUrl\":\"https:\\\/\\\/moldovacrestina.md\\\/wp-content\\\/uploads\\\/2016\\\/08\\\/pic113.jpg\",\"width\":293,\"height\":410},{\"@type\":\"BreadcrumbList\",\"@id\":\"https:\\\/\\\/moldovacrestina.md\\\/en\\\/how-do-we-prepare-for-the-1st-of-september\\\/#breadcrumb\",\"itemListElement\":[{\"@type\":\"ListItem\",\"position\":1,\"name\":\"Prima pagin\u0103\",\"item\":\"https:\\\/\\\/moldovacrestina.md\\\/en\\\/\"},{\"@type\":\"ListItem\",\"position\":2,\"name\":\"Education\",\"item\":\"https:\\\/\\\/moldovacrestina.md\\\/en\\\/education-en\\\/\"},{\"@type\":\"ListItem\",\"position\":3,\"name\":\"How do we prepare for the 1st of September?\"}]},{\"@type\":\"WebSite\",\"@id\":\"https:\\\/\\\/moldovacrestina.md\\\/en\\\/#website\",\"url\":\"https:\\\/\\\/moldovacrestina.md\\\/en\\\/\",\"name\":\"Moldova Cre\u0219tin\u0103\",\"description\":\"R\u0103spunsuri relevante \u0219i actuale din Biblie\",\"potentialAction\":[{\"@type\":\"SearchAction\",\"target\":{\"@type\":\"EntryPoint\",\"urlTemplate\":\"https:\\\/\\\/moldovacrestina.md\\\/en\\\/?s={search_term_string}\"},\"query-input\":{\"@type\":\"PropertyValueSpecification\",\"valueRequired\":true,\"valueName\":\"search_term_string\"}}],\"inLanguage\":\"en-US\"},{\"@type\":\"Person\",\"@id\":\"https:\\\/\\\/moldovacrestina.md\\\/en\\\/#\\\/schema\\\/person\\\/5c800586f6dbec668fe58f54f9fa18f7\",\"name\":\"Oxana Tentiuc\",\"image\":{\"@type\":\"ImageObject\",\"inLanguage\":\"en-US\",\"@id\":\"https:\\\/\\\/secure.gravatar.com\\\/avatar\\\/c5ceb166911f9c18b800be902363c6e7edbfd5adf47b8bf5eaff385785df42c5?s=96&d=mm&r=g\",\"url\":\"https:\\\/\\\/secure.gravatar.com\\\/avatar\\\/c5ceb166911f9c18b800be902363c6e7edbfd5adf47b8bf5eaff385785df42c5?s=96&d=mm&r=g\",\"contentUrl\":\"https:\\\/\\\/secure.gravatar.com\\\/avatar\\\/c5ceb166911f9c18b800be902363c6e7edbfd5adf47b8bf5eaff385785df42c5?s=96&d=mm&r=g\",\"caption\":\"Oxana Tentiuc\"},\"description\":\"Sunt c\u0103s\u0103torit\u0103 \u0219i mam\u0103 a 2 copii. Slujesc lui Dumnezeu ca \u0219i profesoar\u0103 &icirc;n cadrul Institutului de studii Biblice Inductiv. &Icirc;mpreun\u0103 cu so\u021bul \u0219i copii suntem membri ai Bisericii Buna Vestirea din Chisinau.\",\"url\":\"https:\\\/\\\/moldovacrestina.md\\\/en\\\/author\\\/oxana.tentiuc\"}]}<\/script>\n<!-- \/ Yoast SEO Premium plugin. -->","yoast_head_json":{"title":"How do we prepare for the 1st of September?","robots":{"index":"index","follow":"follow","max-snippet":"max-snippet:-1","max-image-preview":"max-image-preview:large","max-video-preview":"max-video-preview:-1"},"canonical":"https:\/\/moldovacrestina.md\/en\/how-do-we-prepare-for-the-1st-of-september\/","og_locale":"en_US","og_type":"article","og_title":"How do we prepare for the 1st of September?","og_description":"Question: September 1st is a beautiful day, but also a very hard one. It&#8217;s usually a big rush. Can we somehow prepare with less headache? It&#8217;s over this summer too&#8230; The start of school is just around the corner and summer wants to come on fast. We must be ready for such a guest! How? [&hellip;]","og_url":"https:\/\/moldovacrestina.md\/en\/how-do-we-prepare-for-the-1st-of-september\/","og_site_name":"Moldova Cre\u0219tin\u0103","article_publisher":"https:\/\/www.facebook.com\/moldovacrestina\/","article_published_time":"2022-08-31T11:30:52+00:00","article_modified_time":"2022-11-03T12:31:29+00:00","og_image":[{"width":293,"height":410,"url":"https:\/\/cdn.moldovacrestina.md\/2016\/08\/pic113.jpg","type":"image\/jpeg"}],"author":"Oxana Tentiuc","twitter_card":"summary_large_image","twitter_creator":"@moldovacrestina","twitter_site":"@moldovacrestina","twitter_misc":{"Written by":"Oxana Tentiuc","Est. reading time":"1 minute"},"schema":{"@context":"https:\/\/schema.org","@graph":[{"@type":"Article","@id":"https:\/\/moldovacrestina.md\/en\/how-do-we-prepare-for-the-1st-of-september\/#article","isPartOf":{"@id":"https:\/\/moldovacrestina.md\/en\/how-do-we-prepare-for-the-1st-of-september\/"},"author":{"name":"Oxana Tentiuc","@id":"https:\/\/moldovacrestina.md\/en\/#\/schema\/person\/5c800586f6dbec668fe58f54f9fa18f7"},"headline":"How do we prepare for the 1st of September?","datePublished":"2022-08-31T11:30:52+00:00","dateModified":"2022-11-03T12:31:29+00:00","mainEntityOfPage":{"@id":"https:\/\/moldovacrestina.md\/en\/how-do-we-prepare-for-the-1st-of-september\/"},"wordCount":285,"image":{"@id":"https:\/\/moldovacrestina.md\/en\/how-do-we-prepare-for-the-1st-of-september\/#primaryimage"},"thumbnailUrl":"https:\/\/moldovacrestina.md\/wp-content\/uploads\/2016\/08\/pic113.jpg","keywords":["first day of school","school preparations"],"articleSection":["Education"],"inLanguage":"en-US"},{"@type":"WebPage","@id":"https:\/\/moldovacrestina.md\/en\/how-do-we-prepare-for-the-1st-of-september\/","url":"https:\/\/moldovacrestina.md\/en\/how-do-we-prepare-for-the-1st-of-september\/","name":"How do we prepare for the 1st of September?","isPartOf":{"@id":"https:\/\/moldovacrestina.md\/en\/#website"},"primaryImageOfPage":{"@id":"https:\/\/moldovacrestina.md\/en\/how-do-we-prepare-for-the-1st-of-september\/#primaryimage"},"image":{"@id":"https:\/\/moldovacrestina.md\/en\/how-do-we-prepare-for-the-1st-of-september\/#primaryimage"},"thumbnailUrl":"https:\/\/moldovacrestina.md\/wp-content\/uploads\/2016\/08\/pic113.jpg","datePublished":"2022-08-31T11:30:52+00:00","dateModified":"2022-11-03T12:31:29+00:00","author":{"@id":"https:\/\/moldovacrestina.md\/en\/#\/schema\/person\/5c800586f6dbec668fe58f54f9fa18f7"},"breadcrumb":{"@id":"https:\/\/moldovacrestina.md\/en\/how-do-we-prepare-for-the-1st-of-september\/#breadcrumb"},"inLanguage":"en-US","potentialAction":[{"@type":"ReadAction","target":["https:\/\/moldovacrestina.md\/en\/how-do-we-prepare-for-the-1st-of-september\/"]}]},{"@type":"ImageObject","inLanguage":"en-US","@id":"https:\/\/moldovacrestina.md\/en\/how-do-we-prepare-for-the-1st-of-september\/#primaryimage","url":"https:\/\/moldovacrestina.md\/wp-content\/uploads\/2016\/08\/pic113.jpg","contentUrl":"https:\/\/moldovacrestina.md\/wp-content\/uploads\/2016\/08\/pic113.jpg","width":293,"height":410},{"@type":"BreadcrumbList","@id":"https:\/\/moldovacrestina.md\/en\/how-do-we-prepare-for-the-1st-of-september\/#breadcrumb","itemListElement":[{"@type":"ListItem","position":1,"name":"Prima pagin\u0103","item":"https:\/\/moldovacrestina.md\/en\/"},{"@type":"ListItem","position":2,"name":"Education","item":"https:\/\/moldovacrestina.md\/en\/education-en\/"},{"@type":"ListItem","position":3,"name":"How do we prepare for the 1st of September?"}]},{"@type":"WebSite","@id":"https:\/\/moldovacrestina.md\/en\/#website","url":"https:\/\/moldovacrestina.md\/en\/","name":"Moldova Cre\u0219tin\u0103","description":"R\u0103spunsuri relevante \u0219i actuale din Biblie","potentialAction":[{"@type":"SearchAction","target":{"@type":"EntryPoint","urlTemplate":"https:\/\/moldovacrestina.md\/en\/?s={search_term_string}"},"query-input":{"@type":"PropertyValueSpecification","valueRequired":true,"valueName":"search_term_string"}}],"inLanguage":"en-US"},{"@type":"Person","@id":"https:\/\/moldovacrestina.md\/en\/#\/schema\/person\/5c800586f6dbec668fe58f54f9fa18f7","name":"Oxana Tentiuc","image":{"@type":"ImageObject","inLanguage":"en-US","@id":"https:\/\/secure.gravatar.com\/avatar\/c5ceb166911f9c18b800be902363c6e7edbfd5adf47b8bf5eaff385785df42c5?s=96&d=mm&r=g","url":"https:\/\/secure.gravatar.com\/avatar\/c5ceb166911f9c18b800be902363c6e7edbfd5adf47b8bf5eaff385785df42c5?s=96&d=mm&r=g","contentUrl":"https:\/\/secure.gravatar.com\/avatar\/c5ceb166911f9c18b800be902363c6e7edbfd5adf47b8bf5eaff385785df42c5?s=96&d=mm&r=g","caption":"Oxana Tentiuc"},"description":"Sunt c\u0103s\u0103torit\u0103 \u0219i mam\u0103 a 2 copii. Slujesc lui Dumnezeu ca \u0219i profesoar\u0103 &icirc;n cadrul Institutului de studii Biblice Inductiv. &Icirc;mpreun\u0103 cu so\u021bul \u0219i copii suntem membri ai Bisericii Buna Vestirea din Chisinau.","url":"https:\/\/moldovacrestina.md\/en\/author\/oxana.tentiuc"}]}},"jetpack_featured_media_url":"https:\/\/moldovacrestina.md\/wp-content\/uploads\/2016\/08\/pic113.jpg","video_meta":false,"featured_image":"https:\/\/moldovacrestina.md\/wp-content\/uploads\/2016\/08\/pic113.jpg","wpml":{"language_code":"en","locale":"en_US","text_direction":false,"display_name":"English","native_name":"Englez\u0103","different_language":false},"jetpack-related-posts":[{"id":249073,"url":"https:\/\/moldovacrestina.md\/ru\/priglashenie-v-ecpyouth-international-summer-school-2019-gleote-vlog\/","url_meta":{"origin":338727,"position":0},"title":"\u041f\u0440\u0438\u0433\u043b\u0430\u0448\u0435\u043d\u0438\u0435 \u0432 ECPYouth International Summer School 2019","author":"Moldova Cre\u0219tin\u0103","date":"June 9, 2019","format":false,"excerpt":"ecpyouth.eu\/iss2019 \u041f\u041e\u041b\u0423\u0427\u0418 \u041e\u0422\u0412\u0415\u0422 \u0418\u0417 \u0411\u0418\u0411\u041b\u0418\u0418: https:\/\/moldovacrestina.md \ud83d\ude00 Gleot\u00e9 VLOG \u044d\u0442\u043e \u043d\u0435\u0441\u043a\u0443\u0447\u043d\u044b\u0435 \u0432\u0438\u0434\u0435\u043e \u043e \u0431\u0438\u0431\u043b\u0435\u0439\u0441\u043a\u043e\u0439 \u043f\u0435\u0440\u0441\u043f\u0435\u043a\u0442\u0438\u0432\u0435 \u043d\u0430 \u0432\u0441\u0435 \u0432\u043e\u043f\u0440\u043e\u0441\u044b, \u043a\u043e\u0442\u043e\u0440\u044b\u0435 \u0432\u043e\u043b\u043d\u0443\u044e\u0442 \u043c\u043e\u043b\u043e\u0434\u0451\u0436\u044c. Gleot\u00e9 - God loves everyone on the earth\/ \u0411\u043e\u0433 \u043b\u044e\u0431\u0438\u0442 \u043a\u0430\u0436\u0434\u043e\u0433\u043e \u043d\u0430 \u0437\u0435\u043c\u043b\u0435.","rel":"","context":"<span class=\"jp-relatedposts-post-author\">Moldova Cre\u0219tin\u0103<\/span>","block_context":{"text":"Gleot\u00e9 VLOG","link":"https:\/\/moldovacrestina.md\/ru\/gleote-vlog\/"},"img":{"alt_text":"","src":"https:\/\/i0.wp.com\/cdn.moldovacrestina.md\/2019\/06\/d8ef3858-urv3jfgwrh4.jpg?resize=350%2C200&ssl=1","width":350,"height":200,"srcset":"https:\/\/i0.wp.com\/cdn.moldovacrestina.md\/2019\/06\/d8ef3858-urv3jfgwrh4.jpg?resize=350%2C200&ssl=1 1x, https:\/\/i0.wp.com\/cdn.moldovacrestina.md\/2019\/06\/d8ef3858-urv3jfgwrh4.jpg?resize=525%2C300&ssl=1 1.5x, https:\/\/i0.wp.com\/cdn.moldovacrestina.md\/2019\/06\/d8ef3858-urv3jfgwrh4.jpg?resize=700%2C400&ssl=1 2x, https:\/\/i0.wp.com\/cdn.moldovacrestina.md\/2019\/06\/d8ef3858-urv3jfgwrh4.jpg?resize=1050%2C600&ssl=1 3x"},"classes":[]},{"id":83594,"url":"https:\/\/moldovacrestina.md\/ru\/hto-znachit-zlosloviti-za-hrista\/","url_meta":{"origin":338727,"position":1},"title":"\u041d\u0430 \u0447\u0442\u043e \u0441\u0441\u044b\u043b\u0430\u0435\u0442\u0441\u044f \u0418\u0438\u0441\u0443\u0441 \u0425\u0440\u0438\u0441\u0442\u043e\u0441, \u0433\u043e\u0432\u043e\u0440\u044f \u201c\u043d\u0435\u043f\u0440\u0430\u0432\u0435\u0434\u043d\u043e \u0437\u043b\u043e\u0441\u043b\u043e\u0432\u0438\u0442\u044c \u0437\u0430 \u041c\u0435\u043d\u044f\u201d?","author":"Vasile Filat","date":"September 8, 2010","format":false,"excerpt":"\u0412\u043e\u043f\u0440\u043e\u0441: \u0421\u0435\u0433\u043e\u0434\u043d\u044f \u0432\u043e \u0432\u0440\u0435\u043c\u044f \u043e\u0431\u0435\u0434\u0435\u043d\u043d\u043e\u0433\u043e \u043f\u0435\u0440\u0435\u0440\u044b\u0432\u0430 \u044f \u0441\u043b\u0443\u0448\u0430\u043b \u043e \u0431\u043b\u0430\u0436\u0435\u043d\u0441\u0442\u0432\u0430\u0445, \u0441\u043a\u0430\u0437\u0430\u043d\u043d\u044b\u0445 \u0418\u0438\u0441\u0443\u0441\u043e\u043c \u0425\u0440\u0438\u0441\u0442\u043e\u043c \u0432 \u041d\u0430\u0433\u043e\u0440\u043d\u043e\u0439 \u041f\u0440\u043e\u043f\u043e\u0432\u0435\u0434\u0438, \u0438 \u0443 \u043c\u0435\u043d\u044f \u0435\u0441\u0442\u044c \u043d\u0435\u0434\u043e\u043f\u043e\u043d\u0438\u043c\u0430\u043d\u0438\u0435 \u043f\u043e \u044d\u0442\u043e\u043c\u0443 \u043f\u043e\u0432\u043e\u0434\u0443. \u042f \u043f\u043e\u043d\u0438\u043c\u0430\u044e, \u0447\u0442\u043e \u0425\u0440\u0438\u0441\u0442\u043e\u0441 \u0441\u043a\u0430\u0437\u0430\u043b \u0443\u0447\u0435\u043d\u0438\u043a\u0430\u043c, \u0447\u0442\u043e \u043e\u043d\u0438 \u0431\u0443\u0434\u0443\u0442 \u0441\u0442\u0440\u0430\u0434\u0430\u0442\u044c \u043f\u043e \u043f\u0440\u0438\u0447\u0438\u043d\u0435 \u043f\u0440\u043e\u043f\u043e\u0432\u0435\u0434\u0438 \u0421\u043b\u043e\u0432\u0430 \u0438\u043b\u0438 \u0441\u043e \u0441\u0442\u043e\u0440\u043e\u043d\u044b \u043d\u0435\u0432\u0435\u0440\u0443\u044e\u0449\u0438\u0445, \u043d\u043e \u044f \u043d\u0435 \u043f\u043e\u043d\u0438\u043c\u0430\u044e \u0432\u044b\u0440\u0430\u0436\u0435\u043d\u0438\u044f \u201c\u043d\u0435\u043f\u0440\u0430\u0432\u0435\u0434\u043d\u043e \u0437\u043b\u043e\u0441\u043b\u043e\u0432\u0438\u0442\u044c \u0437\u0430\u2026","rel":"","context":"<span class=\"jp-relatedposts-post-author\">Vasile Filat<\/span>","block_context":{"text":"\u0414\u043e\u043a\u0442\u0440\u0438\u043d\u044b","link":"https:\/\/moldovacrestina.md\/ru\/otvety-iz-biblii\/doktriny-ru\/"},"img":{"alt_text":"","src":"","width":0,"height":0},"classes":[]},{"id":362955,"url":"https:\/\/moldovacrestina.md\/de-ce-femeia-din-soroca-a-aruncat-in-fantana-bebelusul-avortat\/","url_meta":{"origin":338727,"position":2},"title":"De ce femeia din Soroca a aruncat \u00een f\u00e2nt\u0103n\u0103 bebelu\u0219ul avortat?","author":"Moldova Cre\u0219tin\u0103","date":"June 23, 2025","format":false,"excerpt":"Nu este doar o tragedie social\u0103, ci o dram\u0103 spiritual\u0103 profund\u0103. Ce se afl\u0103 \u00een spatele unui astfel de gest \u0219i ce spune Biblia despre valoarea vie\u021bii? \u0218tirea preluat\u0103 de pe canalul ProTV https:\/\/protv.md\/ \u00cenregistreaz\u0103-te acum la Summer English Academy 5-12 iulie https:\/\/bit.ly\/3TmxXvF Aplic\u0103 promo codul VasileFilat10 pentru o reducere\u2026","rel":"","context":"<span class=\"jp-relatedposts-post-author\">Moldova Cre\u0219tin\u0103<\/span>","block_context":{"text":"MCTV","link":"https:\/\/moldovacrestina.md\/mctv\/"},"img":{"alt_text":"","src":"https:\/\/i0.wp.com\/cdn.moldovacrestina.md\/2025\/06\/bc398eb7-9wldzuigdbq.jpg?resize=350%2C200&ssl=1","width":350,"height":200,"srcset":"https:\/\/i0.wp.com\/cdn.moldovacrestina.md\/2025\/06\/bc398eb7-9wldzuigdbq.jpg?resize=350%2C200&ssl=1 1x, https:\/\/i0.wp.com\/cdn.moldovacrestina.md\/2025\/06\/bc398eb7-9wldzuigdbq.jpg?resize=525%2C300&ssl=1 1.5x, https:\/\/i0.wp.com\/cdn.moldovacrestina.md\/2025\/06\/bc398eb7-9wldzuigdbq.jpg?resize=700%2C400&ssl=1 2x, https:\/\/i0.wp.com\/cdn.moldovacrestina.md\/2025\/06\/bc398eb7-9wldzuigdbq.jpg?resize=1050%2C600&ssl=1 3x"},"classes":[]},{"id":363140,"url":"https:\/\/moldovacrestina.md\/de-ce-cartera-lui-enoh-a-fost-exclusa-din-bible\/","url_meta":{"origin":338727,"position":3},"title":"De ce cartera lui ENOH a fost exclus\u0103 din Bible?","author":"Moldova Cre\u0219tin\u0103","date":"July 7, 2025","format":false,"excerpt":"Cartea lui Enoh a fost cunoscut\u0103 de primii cre\u0219tini, dar totu\u0219i a fost l\u0103sat\u0103 \u00een afara Scripturii. Este cartea lui Enoh inspirat\u0103 sau doar o scriere religioas\u0103 veche? Descoper\u0103 de ce nu a fost inclus\u0103 \u00een canonul biblic. \u2753Pune o \u00eentrebare: https:\/\/moldovacrestina.md\/ask-the-pastor sau la email contact@moldovacrestina.md \ud83c\udf81 Devino membru \u0219i\u2026","rel":"","context":"<span class=\"jp-relatedposts-post-author\">Moldova Cre\u0219tin\u0103<\/span>","block_context":{"text":"MCTV","link":"https:\/\/moldovacrestina.md\/mctv\/"},"img":{"alt_text":"","src":"https:\/\/i0.wp.com\/cdn.moldovacrestina.md\/2025\/07\/9bcc5a04-hfi3d3ej7qu.jpg?resize=350%2C200&ssl=1","width":350,"height":200,"srcset":"https:\/\/i0.wp.com\/cdn.moldovacrestina.md\/2025\/07\/9bcc5a04-hfi3d3ej7qu.jpg?resize=350%2C200&ssl=1 1x, https:\/\/i0.wp.com\/cdn.moldovacrestina.md\/2025\/07\/9bcc5a04-hfi3d3ej7qu.jpg?resize=525%2C300&ssl=1 1.5x, https:\/\/i0.wp.com\/cdn.moldovacrestina.md\/2025\/07\/9bcc5a04-hfi3d3ej7qu.jpg?resize=700%2C400&ssl=1 2x, https:\/\/i0.wp.com\/cdn.moldovacrestina.md\/2025\/07\/9bcc5a04-hfi3d3ej7qu.jpg?resize=1050%2C600&ssl=1 3x"},"classes":[]},{"id":84641,"url":"https:\/\/moldovacrestina.md\/ru\/test-homofobia\/","url_meta":{"origin":338727,"position":4},"title":"\u0421\u0434\u0435\u043b\u0430\u0442\u044c \u0442\u0435\u0441\u0442, \u0447\u0442\u043e\u0431\u044b \u0443\u0437\u043d\u0430\u0442\u044c, \u044f\u0432\u043b\u044f\u0435\u0448\u044c\u0441\u044f \u043b\u0438 \u0442\u044b \u0413\u041e\u041c\u041e\u0424\u041e\u0411\u041e\u041c?","author":"Vasile Filat","date":"January 14, 2011","format":false,"excerpt":"\u041f\u043e\u0441\u043a\u043e\u043b\u044c\u043a\u0443 \u044f \u043c\u043d\u043e\u0433\u043e \u0440\u0430\u0437 \u0434\u0435\u043b\u0430\u043b \u0437\u0430\u044f\u0432\u043b\u0435\u043d\u0438\u044f \u043f\u043e \u043f\u043e\u0432\u043e\u0434\u0443 \u043d\u0430\u0441\u0438\u043b\u0438\u044f, \u043d\u0430 \u043a\u043e\u0442\u043e\u0440\u043e\u043c \u043d\u0430\u0441\u0442\u0430\u0438\u0432\u0430\u0435\u0442 \u043e\u0440\u0433\u0430\u043d\u0438\u0437\u0430\u0446\u0438\u044f \u0433\u043e\u043c\u043e\u0441\u0435\u043a\u0441\u0443\u0430\u043b\u0438\u0441\u0442\u043e\u0432 \u0438\u0437 \u041c\u043e\u043b\u0434\u043e\u0432\u044b \u0438 \u0434\u0440\u0443\u0433\u0438\u0435 \u043e\u0440\u0433\u0430\u043d\u0438\u0437\u0430\u0446\u0438\u0438, \u043a\u043e\u0442\u043e\u0440\u044b\u0435 \u043f\u0440\u043e\u043f\u0430\u0433\u0430\u043d\u0434\u0438\u0440\u0443\u044e\u0442\u00a0 \u0442\u0430\u043a \u043d\u0430\u0437\u044b\u0432\u0430\u0435\u043c\u044b\u0435 \u201c\u043f\u0440\u0430\u0432\u0430 \u0441\u0435\u043a\u0441\u0443\u0430\u043b\u044c\u043d\u044b\u0445 \u043c\u0435\u043d\u044c\u0448\u0438\u043d\u0441\u0442\u0432\u201d, \u043c\u0435\u043d\u044f \u0447\u0430\u0441\u0442\u043e \u0441\u0442\u0430\u043b\u0438 \u043d\u0430\u0437\u044b\u0432\u0430\u0442\u044c \u201c\u0433\u043e\u043c\u043e\u0444\u043e\u0431\u201d, \u0442\u043e\u0447\u043d\u043e \u0442\u0430\u043a\u0436\u0435, \u043a\u0430\u043a \u043e\u043d\u0438 \u043d\u0430\u0437\u044b\u0432\u0430\u044e\u0442 \u043b\u044e\u0431\u043e\u0433\u043e, \u043a\u0442\u043e \u043d\u0435 \u0440\u0430\u0437\u0434\u0435\u043b\u044f\u0435\u0442 \u0438\u0445 \u043c\u043d\u0435\u043d\u0438\u044f. \u0421\u0435\u0433\u043e\u0434\u043d\u044f \u044f \u043f\u043e\u043b\u0443\u0447\u0438\u043b \u043f\u043e email \u043f\u0440\u0438\u0433\u043b\u0430\u0448\u0435\u043d\u0438\u0435 \u0441\u0434\u0435\u043b\u0430\u0442\u044c \u0442\u0435\u0441\u0442,\u2026","rel":"","context":"<span class=\"jp-relatedposts-post-author\">Vasile Filat<\/span>","block_context":{"text":"\u041e\u0431\u0449\u0435\u0441\u0442\u0432\u043e","link":"https:\/\/moldovacrestina.md\/ru\/otvety-iz-biblii\/obshhestvo\/"},"img":{"alt_text":"","src":"https:\/\/i0.wp.com\/americansfortruth.com\/uploads\/2011\/01\/Homophobia_Quiz-300x148.png?resize=350%2C200","width":350,"height":200},"classes":[]},{"id":86012,"url":"https:\/\/moldovacrestina.md\/en\/doris-van-stone-devochka-kotoryiu-nikto-ne-liubil\/","url_meta":{"origin":338727,"position":5},"title":"\u0414\u043e\u0440\u0438\u0441 \u0412\u0430\u043d \u0421\u0442\u043e\u0443\u043d &ndash; \u0434\u0435\u0432\u043e\u0447\u043a\u0430 \u043a\u043e\u0442\u043e\u0440\u0443\u044e \u043d\u0438\u043a\u0442\u043e \u043d\u0435 \u043b\u044e\u0431\u0438\u043b","author":"Vasile Filat","date":"February 23, 2012","format":false,"excerpt":"\u0412\u0447\u0435\u0440\u0430 \u0432\u0435\u0447\u0435\u0440\u043e\u043c \u0443 \u043c\u0435\u043d\u044f \u0431\u044b\u043b\u0430 \u0431\u043b\u0430\u0433\u043e\u0441\u043b\u043e\u0432\u0435\u043d\u043d\u0430\u044f \u0432\u0441\u0442\u0440\u0435\u0447\u0430 \u0441\u00a0 \u0414\u043e\u0440\u0438\u0441 \u0412\u0430\u043d \u0421\u0442\u043e\u0443\u043d, \u0430\u0432\u0442\u043e\u0440\u043e\u043c \u0445\u043e\u0440\u043e\u0448\u043e \u0438\u0437\u0432\u0435\u0441\u0442\u043d\u043e\u0439 \u043a\u043d\u0438\u0433\u0438 \u201c\u0414\u043e\u0440\u0438, \u0434\u0435\u0432\u043e\u0447\u043a\u0430 \u043a\u043e\u0442\u043e\u0440\u0443\u044e \u043d\u0438\u043a\u0442\u043e \u043d\u0435 \u043b\u044e\u0431\u0438\u043b\u201d \u0438 \u0434\u0432\u0443\u0445 \u0434\u0440\u0443\u0433\u0438\u0445 \u043a\u043d\u0438\u0433 \"No Place To Cry: The Hurt and Healing of Sexual Abuse\" \u0438 \"The secrets of the heart\". \u0412 \u0432\u043e\u0437\u0440\u0430\u0441\u0442\u0435 90 \u043b\u0435\u0442 \u0441\u0435\u0441\u0442\u0440\u0430 \u0414\u043e\u0440\u0438\u0441 \u043f\u043e\u043b\u043d\u0430 \u0436\u0438\u0437\u043d\u0438,\u2026","rel":"","context":"<span class=\"jp-relatedposts-post-author\">Vasile Filat<\/span>","block_context":{"text":"\u041e\u0431\u0449\u0435\u0441\u0442\u0432\u043e","link":"https:\/\/moldovacrestina.md\/ru\/otvety-iz-biblii\/obshhestvo\/"},"img":{"alt_text":"","src":"","width":0,"height":0},"classes":[]}],"jetpack_sharing_enabled":true,"_links":{"self":[{"href":"https:\/\/moldovacrestina.md\/en\/wp-json\/wp\/v2\/posts\/338727","targetHints":{"allow":["GET"]}}],"collection":[{"href":"https:\/\/moldovacrestina.md\/en\/wp-json\/wp\/v2\/posts"}],"about":[{"href":"https:\/\/moldovacrestina.md\/en\/wp-json\/wp\/v2\/types\/post"}],"author":[{"embeddable":true,"href":"https:\/\/moldovacrestina.md\/en\/wp-json\/wp\/v2\/users\/111"}],"replies":[{"embeddable":true,"href":"https:\/\/moldovacrestina.md\/en\/wp-json\/wp\/v2\/comments?post=338727"}],"version-history":[{"count":0,"href":"https:\/\/moldovacrestina.md\/en\/wp-json\/wp\/v2\/posts\/338727\/revisions"}],"wp:featuredmedia":[{"embeddable":true,"href":"https:\/\/moldovacrestina.md\/en\/wp-json\/wp\/v2\/media\/102783"}],"wp:attachment":[{"href":"https:\/\/moldovacrestina.md\/en\/wp-json\/wp\/v2\/media?parent=338727"}],"wp:term":[{"taxonomy":"category","embeddable":true,"href":"https:\/\/moldovacrestina.md\/en\/wp-json\/wp\/v2\/categories?post=338727"},{"taxonomy":"post_tag","embeddable":true,"href":"https:\/\/moldovacrestina.md\/en\/wp-json\/wp\/v2\/tags?post=338727"}],"curies":[{"name":"wp","href":"https:\/\/api.w.org\/{rel}","templated":true}]}}