{"id":337067,"date":"2022-07-16T05:00:12","date_gmt":"2022-07-16T02:00:12","guid":{"rendered":"https:\/\/moldovacrestina.md\/festival-precept-moldova-2022\/"},"modified":"2024-08-23T07:55:58","modified_gmt":"2024-08-23T04:55:58","slug":"festival-precept-moldova-2022","status":"publish","type":"post","link":"https:\/\/moldovacrestina.md\/en\/festival-precept-moldova-2022\/","title":{"rendered":"Festival Precept Moldova 2022"},"content":{"rendered":"<p>Un timp unic \u00een studierea intensiv\u0103 a Cuv\u00e2ntului lui Dumnezeu al\u0103turi de vice-pre\u0219edin\u021bii pentru Misiune Global\u0103 Precept, Mia \u0219i Costel <!--more--> Oglice \u0219i de coordonatorul Precept Eurasia, Vasile Filat.<br \/>\n\u00cen acest an vom studia cursul de studiu biblic devo\u021bional: \u201dDoamne, unde e\u0219ti c\u00e2nd se \u00eent\u00e2mpl\u0103 lucruri rele?\u201d<br \/>\n\u00cen contextul vremurilor pe care le parcurgem, acest curs este foarte actual \u0219i necesar:<br \/>\n<a href=\"https:\/\/shop.eurasiaprecept.org\/produs\/doamne-unde-esti\" target=\"_blank\" rel=\"nofollow noopener\">https:\/\/shop.eurasiaprecept.org\/produs\/doamne-unde-esti<\/a><br \/>\nLa Festival sunt a\u0219tepta\u021bi \u0219i invita\u021bi cre\u0219tini din \u00eentreaga \u021bar\u0103, vorbitori de rom\u00e2n\u0103, rus\u0103 \u0219i englez\u0103, care doresc s\u0103 aib\u0103 un timp calitativ de p\u0103rt\u0103\u0219ie \u00een Cuv\u00e2ntul lui Dumnezeu \u0219i cu al\u021bi cre\u0219tini \u0219i lideri spirituali.<br \/>\nPentru participare v\u0103 rug\u0103m s\u0103 completa\u021bi formularul de \u00eenregistrare:<br \/>\n<a href=\"https:\/\/forms.gle\/osXv4iXbS9Mkhhww7\" target=\"_blank\" rel=\"nofollow noopener\">https:\/\/forms.gle\/osXv4iXbS9Mkhhww7<\/a><\/p>\n<p>Pentru informa\u021bii \u0219i detalii: 068044486, info@precept.md<\/p>\n","protected":false},"excerpt":{"rendered":"<p>Un timp unic \u00een studierea intensiv\u0103 a Cuv\u00e2ntului lui Dumnezeu al\u0103turi de vice-pre\u0219edin\u021bii pentru Misiune Global\u0103 Precept, Mia \u0219i Costel<\/p>\n","protected":false},"author":154,"featured_media":337068,"comment_status":"closed","ping_status":"closed","sticky":false,"template":"","format":"standard","meta":{"_acf_changed":false,"inline_featured_image":false,"_monsterinsights_skip_tracking":false,"_monsterinsights_sitenote_active":false,"_monsterinsights_sitenote_note":"","_monsterinsights_sitenote_category":0,"_genesis_hide_title":false,"_genesis_hide_breadcrumbs":false,"_genesis_hide_singular_image":false,"_genesis_hide_footer_widgets":false,"_genesis_custom_body_class":"","_genesis_custom_post_class":"","_genesis_layout":"","ep_exclude_from_search":false,"_jetpack_memberships_contains_paid_content":false,"footnotes":""},"categories":[23555],"tags":[],"class_list":{"0":"post-337067","1":"post","2":"type-post","3":"status-publish","4":"format-standard","5":"has-post-thumbnail","7":"category-mctv","8":"entry"},"acf":[],"yoast_head":"<!-- This site is optimized with the Yoast SEO Premium plugin v26.5 (Yoast SEO v27.4) - https:\/\/yoast.com\/product\/yoast-seo-premium-wordpress\/ -->\n<title>Festival Precept Moldova 2022 &#8226; Moldova Cre\u0219tin\u0103<\/title>\n<meta name=\"robots\" content=\"index, follow, max-snippet:-1, max-image-preview:large, max-video-preview:-1\" \/>\n<link rel=\"canonical\" href=\"https:\/\/moldovacrestina.md\/en\/festival-precept-moldova-2022\/\" \/>\n<meta property=\"og:locale\" content=\"en_US\" \/>\n<meta property=\"og:type\" content=\"article\" \/>\n<meta property=\"og:title\" content=\"Festival Precept Moldova 2022\" \/>\n<meta property=\"og:description\" content=\"Un timp unic \u00een studierea intensiv\u0103 a Cuv\u00e2ntului lui Dumnezeu al\u0103turi de vice-pre\u0219edin\u021bii pentru Misiune Global\u0103 Precept, Mia \u0219i Costel\" \/>\n<meta property=\"og:url\" content=\"https:\/\/moldovacrestina.md\/en\/festival-precept-moldova-2022\/\" \/>\n<meta property=\"og:site_name\" content=\"Moldova Cre\u0219tin\u0103\" \/>\n<meta property=\"article:publisher\" content=\"https:\/\/www.facebook.com\/moldovacrestina\/\" \/>\n<meta property=\"article:published_time\" content=\"2022-07-16T02:00:12+00:00\" \/>\n<meta property=\"article:modified_time\" content=\"2024-08-23T04:55:58+00:00\" \/>\n<meta property=\"og:image\" content=\"https:\/\/cdn.moldovacrestina.md\/2022\/07\/28cb05de-ia-54fy6kvw.jpg\" \/>\n\t<meta property=\"og:image:width\" content=\"1280\" \/>\n\t<meta property=\"og:image:height\" content=\"720\" \/>\n\t<meta property=\"og:image:type\" content=\"image\/jpeg\" \/>\n<meta name=\"author\" content=\"Moldova Cre\u0219tin\u0103\" \/>\n<meta name=\"twitter:card\" content=\"summary_large_image\" \/>\n<meta name=\"twitter:creator\" content=\"@moldovacrestina\" \/>\n<meta name=\"twitter:site\" content=\"@moldovacrestina\" \/>\n<meta name=\"twitter:label1\" content=\"Written by\" \/>\n\t<meta name=\"twitter:data1\" content=\"Moldova Cre\u0219tin\u0103\" \/>\n\t<meta name=\"twitter:label2\" content=\"Est. reading time\" \/>\n\t<meta name=\"twitter:data2\" content=\"1 minute\" \/>\n<script type=\"application\/ld+json\" class=\"yoast-schema-graph\">{\"@context\":\"https:\\\/\\\/schema.org\",\"@graph\":[{\"@type\":\"Article\",\"@id\":\"https:\\\/\\\/moldovacrestina.md\\\/en\\\/festival-precept-moldova-2022\\\/#article\",\"isPartOf\":{\"@id\":\"https:\\\/\\\/moldovacrestina.md\\\/en\\\/festival-precept-moldova-2022\\\/\"},\"author\":{\"name\":\"Moldova Cre\u0219tin\u0103\",\"@id\":\"https:\\\/\\\/moldovacrestina.md\\\/en\\\/#\\\/schema\\\/person\\\/2c1229137b9158f7d3ac74b6ce4db55b\"},\"headline\":\"Festival Precept Moldova 2022\",\"datePublished\":\"2022-07-16T02:00:12+00:00\",\"dateModified\":\"2024-08-23T04:55:58+00:00\",\"mainEntityOfPage\":{\"@id\":\"https:\\\/\\\/moldovacrestina.md\\\/en\\\/festival-precept-moldova-2022\\\/\"},\"wordCount\":148,\"image\":{\"@id\":\"https:\\\/\\\/moldovacrestina.md\\\/en\\\/festival-precept-moldova-2022\\\/#primaryimage\"},\"thumbnailUrl\":\"https:\\\/\\\/cdn.moldovacrestina.md\\\/2022\\\/07\\\/28cb05de-ia-54fy6kvw.jpg\",\"articleSection\":[\"MCTV\"],\"inLanguage\":\"en-US\"},{\"@type\":\"WebPage\",\"@id\":\"https:\\\/\\\/moldovacrestina.md\\\/en\\\/festival-precept-moldova-2022\\\/\",\"url\":\"https:\\\/\\\/moldovacrestina.md\\\/en\\\/festival-precept-moldova-2022\\\/\",\"name\":\"Festival Precept Moldova 2022 &#8226; Moldova Cre\u0219tin\u0103\",\"isPartOf\":{\"@id\":\"https:\\\/\\\/moldovacrestina.md\\\/en\\\/#website\"},\"primaryImageOfPage\":{\"@id\":\"https:\\\/\\\/moldovacrestina.md\\\/en\\\/festival-precept-moldova-2022\\\/#primaryimage\"},\"image\":{\"@id\":\"https:\\\/\\\/moldovacrestina.md\\\/en\\\/festival-precept-moldova-2022\\\/#primaryimage\"},\"thumbnailUrl\":\"https:\\\/\\\/cdn.moldovacrestina.md\\\/2022\\\/07\\\/28cb05de-ia-54fy6kvw.jpg\",\"datePublished\":\"2022-07-16T02:00:12+00:00\",\"dateModified\":\"2024-08-23T04:55:58+00:00\",\"author\":{\"@id\":\"https:\\\/\\\/moldovacrestina.md\\\/en\\\/#\\\/schema\\\/person\\\/2c1229137b9158f7d3ac74b6ce4db55b\"},\"breadcrumb\":{\"@id\":\"https:\\\/\\\/moldovacrestina.md\\\/en\\\/festival-precept-moldova-2022\\\/#breadcrumb\"},\"inLanguage\":\"en-US\",\"potentialAction\":[{\"@type\":\"ReadAction\",\"target\":[\"https:\\\/\\\/moldovacrestina.md\\\/en\\\/festival-precept-moldova-2022\\\/\"]}]},{\"@type\":\"ImageObject\",\"inLanguage\":\"en-US\",\"@id\":\"https:\\\/\\\/moldovacrestina.md\\\/en\\\/festival-precept-moldova-2022\\\/#primaryimage\",\"url\":\"https:\\\/\\\/cdn.moldovacrestina.md\\\/2022\\\/07\\\/28cb05de-ia-54fy6kvw.jpg\",\"contentUrl\":\"https:\\\/\\\/cdn.moldovacrestina.md\\\/2022\\\/07\\\/28cb05de-ia-54fy6kvw.jpg\",\"width\":1280,\"height\":720},{\"@type\":\"BreadcrumbList\",\"@id\":\"https:\\\/\\\/moldovacrestina.md\\\/en\\\/festival-precept-moldova-2022\\\/#breadcrumb\",\"itemListElement\":[{\"@type\":\"ListItem\",\"position\":1,\"name\":\"Prima pagin\u0103\",\"item\":\"https:\\\/\\\/moldovacrestina.md\\\/en\\\/\"},{\"@type\":\"ListItem\",\"position\":2,\"name\":\"MCTV\",\"item\":\"https:\\\/\\\/moldovacrestina.md\\\/mctv\\\/\"},{\"@type\":\"ListItem\",\"position\":3,\"name\":\"Festival Precept Moldova 2022\"}]},{\"@type\":\"WebSite\",\"@id\":\"https:\\\/\\\/moldovacrestina.md\\\/en\\\/#website\",\"url\":\"https:\\\/\\\/moldovacrestina.md\\\/en\\\/\",\"name\":\"Moldova Cre\u0219tin\u0103\",\"description\":\"R\u0103spunsuri relevante \u0219i actuale din Biblie\",\"potentialAction\":[{\"@type\":\"SearchAction\",\"target\":{\"@type\":\"EntryPoint\",\"urlTemplate\":\"https:\\\/\\\/moldovacrestina.md\\\/en\\\/?s={search_term_string}\"},\"query-input\":{\"@type\":\"PropertyValueSpecification\",\"valueRequired\":true,\"valueName\":\"search_term_string\"}}],\"inLanguage\":\"en-US\"},{\"@type\":\"Person\",\"@id\":\"https:\\\/\\\/moldovacrestina.md\\\/en\\\/#\\\/schema\\\/person\\\/2c1229137b9158f7d3ac74b6ce4db55b\",\"name\":\"Moldova Cre\u0219tin\u0103\",\"image\":{\"@type\":\"ImageObject\",\"inLanguage\":\"en-US\",\"@id\":\"https:\\\/\\\/secure.gravatar.com\\\/avatar\\\/7ee4a23b83cf7f880340161f8b5b00737ec379bc519884a0d2c05abcf15bd586?s=96&d=mm&r=g\",\"url\":\"https:\\\/\\\/secure.gravatar.com\\\/avatar\\\/7ee4a23b83cf7f880340161f8b5b00737ec379bc519884a0d2c05abcf15bd586?s=96&d=mm&r=g\",\"contentUrl\":\"https:\\\/\\\/secure.gravatar.com\\\/avatar\\\/7ee4a23b83cf7f880340161f8b5b00737ec379bc519884a0d2c05abcf15bd586?s=96&d=mm&r=g\",\"caption\":\"Moldova Cre\u0219tin\u0103\"},\"url\":\"https:\\\/\\\/moldovacrestina.md\\\/en\\\/author\\\/moldovacrestinatv\\\/\"}]}<\/script>\n<!-- \/ Yoast SEO Premium plugin. -->","yoast_head_json":{"title":"Festival Precept Moldova 2022 &#8226; Moldova Cre\u0219tin\u0103","robots":{"index":"index","follow":"follow","max-snippet":"max-snippet:-1","max-image-preview":"max-image-preview:large","max-video-preview":"max-video-preview:-1"},"canonical":"https:\/\/moldovacrestina.md\/en\/festival-precept-moldova-2022\/","og_locale":"en_US","og_type":"article","og_title":"Festival Precept Moldova 2022","og_description":"Un timp unic \u00een studierea intensiv\u0103 a Cuv\u00e2ntului lui Dumnezeu al\u0103turi de vice-pre\u0219edin\u021bii pentru Misiune Global\u0103 Precept, Mia \u0219i Costel","og_url":"https:\/\/moldovacrestina.md\/en\/festival-precept-moldova-2022\/","og_site_name":"Moldova Cre\u0219tin\u0103","article_publisher":"https:\/\/www.facebook.com\/moldovacrestina\/","article_published_time":"2022-07-16T02:00:12+00:00","article_modified_time":"2024-08-23T04:55:58+00:00","og_image":[{"width":1280,"height":720,"url":"https:\/\/cdn.moldovacrestina.md\/2022\/07\/28cb05de-ia-54fy6kvw.jpg","type":"image\/jpeg"}],"author":"Moldova Cre\u0219tin\u0103","twitter_card":"summary_large_image","twitter_creator":"@moldovacrestina","twitter_site":"@moldovacrestina","twitter_misc":{"Written by":"Moldova Cre\u0219tin\u0103","Est. reading time":"1 minute"},"schema":{"@context":"https:\/\/schema.org","@graph":[{"@type":"Article","@id":"https:\/\/moldovacrestina.md\/en\/festival-precept-moldova-2022\/#article","isPartOf":{"@id":"https:\/\/moldovacrestina.md\/en\/festival-precept-moldova-2022\/"},"author":{"name":"Moldova Cre\u0219tin\u0103","@id":"https:\/\/moldovacrestina.md\/en\/#\/schema\/person\/2c1229137b9158f7d3ac74b6ce4db55b"},"headline":"Festival Precept Moldova 2022","datePublished":"2022-07-16T02:00:12+00:00","dateModified":"2024-08-23T04:55:58+00:00","mainEntityOfPage":{"@id":"https:\/\/moldovacrestina.md\/en\/festival-precept-moldova-2022\/"},"wordCount":148,"image":{"@id":"https:\/\/moldovacrestina.md\/en\/festival-precept-moldova-2022\/#primaryimage"},"thumbnailUrl":"https:\/\/cdn.moldovacrestina.md\/2022\/07\/28cb05de-ia-54fy6kvw.jpg","articleSection":["MCTV"],"inLanguage":"en-US"},{"@type":"WebPage","@id":"https:\/\/moldovacrestina.md\/en\/festival-precept-moldova-2022\/","url":"https:\/\/moldovacrestina.md\/en\/festival-precept-moldova-2022\/","name":"Festival Precept Moldova 2022 &#8226; Moldova Cre\u0219tin\u0103","isPartOf":{"@id":"https:\/\/moldovacrestina.md\/en\/#website"},"primaryImageOfPage":{"@id":"https:\/\/moldovacrestina.md\/en\/festival-precept-moldova-2022\/#primaryimage"},"image":{"@id":"https:\/\/moldovacrestina.md\/en\/festival-precept-moldova-2022\/#primaryimage"},"thumbnailUrl":"https:\/\/cdn.moldovacrestina.md\/2022\/07\/28cb05de-ia-54fy6kvw.jpg","datePublished":"2022-07-16T02:00:12+00:00","dateModified":"2024-08-23T04:55:58+00:00","author":{"@id":"https:\/\/moldovacrestina.md\/en\/#\/schema\/person\/2c1229137b9158f7d3ac74b6ce4db55b"},"breadcrumb":{"@id":"https:\/\/moldovacrestina.md\/en\/festival-precept-moldova-2022\/#breadcrumb"},"inLanguage":"en-US","potentialAction":[{"@type":"ReadAction","target":["https:\/\/moldovacrestina.md\/en\/festival-precept-moldova-2022\/"]}]},{"@type":"ImageObject","inLanguage":"en-US","@id":"https:\/\/moldovacrestina.md\/en\/festival-precept-moldova-2022\/#primaryimage","url":"https:\/\/cdn.moldovacrestina.md\/2022\/07\/28cb05de-ia-54fy6kvw.jpg","contentUrl":"https:\/\/cdn.moldovacrestina.md\/2022\/07\/28cb05de-ia-54fy6kvw.jpg","width":1280,"height":720},{"@type":"BreadcrumbList","@id":"https:\/\/moldovacrestina.md\/en\/festival-precept-moldova-2022\/#breadcrumb","itemListElement":[{"@type":"ListItem","position":1,"name":"Prima pagin\u0103","item":"https:\/\/moldovacrestina.md\/en\/"},{"@type":"ListItem","position":2,"name":"MCTV","item":"https:\/\/moldovacrestina.md\/mctv\/"},{"@type":"ListItem","position":3,"name":"Festival Precept Moldova 2022"}]},{"@type":"WebSite","@id":"https:\/\/moldovacrestina.md\/en\/#website","url":"https:\/\/moldovacrestina.md\/en\/","name":"Moldova Cre\u0219tin\u0103","description":"R\u0103spunsuri relevante \u0219i actuale din Biblie","potentialAction":[{"@type":"SearchAction","target":{"@type":"EntryPoint","urlTemplate":"https:\/\/moldovacrestina.md\/en\/?s={search_term_string}"},"query-input":{"@type":"PropertyValueSpecification","valueRequired":true,"valueName":"search_term_string"}}],"inLanguage":"en-US"},{"@type":"Person","@id":"https:\/\/moldovacrestina.md\/en\/#\/schema\/person\/2c1229137b9158f7d3ac74b6ce4db55b","name":"Moldova Cre\u0219tin\u0103","image":{"@type":"ImageObject","inLanguage":"en-US","@id":"https:\/\/secure.gravatar.com\/avatar\/7ee4a23b83cf7f880340161f8b5b00737ec379bc519884a0d2c05abcf15bd586?s=96&d=mm&r=g","url":"https:\/\/secure.gravatar.com\/avatar\/7ee4a23b83cf7f880340161f8b5b00737ec379bc519884a0d2c05abcf15bd586?s=96&d=mm&r=g","contentUrl":"https:\/\/secure.gravatar.com\/avatar\/7ee4a23b83cf7f880340161f8b5b00737ec379bc519884a0d2c05abcf15bd586?s=96&d=mm&r=g","caption":"Moldova Cre\u0219tin\u0103"},"url":"https:\/\/moldovacrestina.md\/en\/author\/moldovacrestinatv\/"}]}},"jetpack_featured_media_url":"https:\/\/cdn.moldovacrestina.md\/2022\/07\/28cb05de-ia-54fy6kvw.jpg","video_meta":{"_ayvpp_video":"ia-54fy6kVw","_ayvpp_video_id":"VVVlVzNIelJUQTdYTnVxNXdfSlJYMG93LmlhLTU0Znk2a1Z3","_ayvpp_published":"2022-07-16T05:00:12Z","_ayvpp_author":"Moldova Cre\u0219tin\u0103 TV","_ayvpp_channel":"UCeW3HzRTA7XNuq5w_JRX0ow","_ayvpp_thumbs":{"default":"https:\/\/i.ytimg.com\/vi\/ia-54fy6kVw\/default.jpg","medium":"https:\/\/i.ytimg.com\/vi\/ia-54fy6kVw\/mqdefault.jpg","high":"https:\/\/i.ytimg.com\/vi\/ia-54fy6kVw\/hqdefault.jpg","standard":"https:\/\/i.ytimg.com\/vi\/ia-54fy6kVw\/sddefault.jpg","maxres":"https:\/\/i.ytimg.com\/vi\/ia-54fy6kVw\/maxresdefault.jpg"},"_ayvpp_auto_play":"0","_ayvpp_related_show":"","_ayvpp_playlist_name":""},"featured_image":"https:\/\/cdn.moldovacrestina.md\/2022\/07\/28cb05de-ia-54fy6kvw.jpg","wpml":{"language_code":"en","locale":"en_US","text_direction":false,"display_name":"English","native_name":"Englez\u0103","different_language":false},"jetpack-related-posts":[{"id":337213,"url":"https:\/\/moldovacrestina.md\/lectia-6-vesteste-cuvantul-sau-doamne-unde-esti-cand-se-intampla-lucruri-rele\/","url_meta":{"origin":337067,"position":0},"title":"Lec\u021bia 6 &#8211; Veste\u0219te Cuv\u00e2ntul S\u0103u | Doamne, unde e\u0219ti c\u00e2nd se \u00eent\u00e2mpl\u0103 lucruri rele","author":"Moldova Cre\u0219tin\u0103","date":"July 29, 2022","format":false,"excerpt":"\"El este prezent - nu te ru\u0219ina \u0219i veste\u0219te Cuv\u00e2ntul S\u0103u\" este titlul lec\u021biei 6 din cadrul cursului de studiu biblic \"Doamne, unde e\u0219ti c\u00e2nd se \u00eent\u00e2mpl\u0103 lucruri rele\", predat de Mia Oglice \u00een cadrul festivalului Precept Moldova din 25-29 iulie.","rel":"","context":"<span class=\"jp-relatedposts-post-author\">Moldova Cre\u0219tin\u0103<\/span>","block_context":{"text":"MCTV","link":"https:\/\/moldovacrestina.md\/mctv\/"},"img":{"alt_text":"","src":"https:\/\/i0.wp.com\/cdn.moldovacrestina.md\/2022\/07\/e4702dde-tvq9ty2qhv4.jpg?resize=350%2C200&ssl=1","width":350,"height":200},"classes":[]},{"id":134567,"url":"https:\/\/moldovacrestina.md\/10-motive-ca-sa-participati-la-festivalul-precept-ministries-moldova-2017\/","url_meta":{"origin":337067,"position":1},"title":"10 motive ca s\u0103 participa\u021bi la Festivalul Precept Ministries Moldova 2017","author":"Vasile Filat","date":"July 13, 2017","format":false,"excerpt":"De la 31 iulie p\u00e2n\u0103 la 5 august, \u00een Republica Moldova va avea loc Festivalul de Studiu Biblic Inductiv Precept Ministries Moldova. V\u0103 prezint \u00een acest articol 10 motive pentru care ve\u021bi dori s\u0103 participa\u021bi la acest festival \u0219i s\u0103 beneficia\u021bi de ceea ce v\u0103 vom oferi. Pentru prima dat\u0103\u2026","rel":"","context":"<span class=\"jp-relatedposts-post-author\">Vasile Filat<\/span>","block_context":{"text":"Blogosfera","link":"https:\/\/moldovacrestina.md\/familie-si-societate\/blogosfera\/"},"img":{"alt_text":"Kay Arthur va preda la Festivalul Precept Ministries Moldova 2017","src":"https:\/\/i0.wp.com\/moldovacrestina.md\/wp-content\/uploads\/2017\/04\/moldovacrestina.md_kay.jpg?resize=350%2C200&ssl=1","width":350,"height":200,"srcset":"https:\/\/i0.wp.com\/moldovacrestina.md\/wp-content\/uploads\/2017\/04\/moldovacrestina.md_kay.jpg?resize=350%2C200&ssl=1 1x, https:\/\/i0.wp.com\/moldovacrestina.md\/wp-content\/uploads\/2017\/04\/moldovacrestina.md_kay.jpg?resize=525%2C300&ssl=1 1.5x, https:\/\/i0.wp.com\/moldovacrestina.md\/wp-content\/uploads\/2017\/04\/moldovacrestina.md_kay.jpg?resize=700%2C400&ssl=1 2x, https:\/\/i0.wp.com\/moldovacrestina.md\/wp-content\/uploads\/2017\/04\/moldovacrestina.md_kay.jpg?resize=1050%2C600&ssl=1 3x"},"classes":[]},{"id":250801,"url":"https:\/\/moldovacrestina.md\/festivalul-precept-ministries-2019\/","url_meta":{"origin":337067,"position":2},"title":"Festivalul Precept Ministries 2019","author":"Moldova Cre\u0219tin\u0103","date":"May 22, 2019","format":false,"excerpt":"Un timp unic \u00een studierea intensiv\u0103 a Cuv\u00e2ntului lui Dumnezeu al\u0103turi de David Arthur, director general al Misiunii Precept Ministries International. De asemenea, vice-directorii Misiunii Globale Precept Ministries International, Mia \u0219i Costel Oglice, vor veni la acest Festival. \u00cen acest an, \u00een perioada 10-15 iulie, ne propunem s\u0103 studiem cursul\u2026","rel":"","context":"<span class=\"jp-relatedposts-post-author\">Moldova Cre\u0219tin\u0103<\/span>","block_context":{"text":"MCTV","link":"https:\/\/moldovacrestina.md\/mctv\/"},"img":{"alt_text":"","src":"https:\/\/i0.wp.com\/cdn.moldovacrestina.md\/2019\/08\/cf1f1183-hlzpyp6qxcg.jpg?resize=350%2C200&ssl=1","width":350,"height":200,"srcset":"https:\/\/i0.wp.com\/cdn.moldovacrestina.md\/2019\/08\/cf1f1183-hlzpyp6qxcg.jpg?resize=350%2C200&ssl=1 1x, https:\/\/i0.wp.com\/cdn.moldovacrestina.md\/2019\/08\/cf1f1183-hlzpyp6qxcg.jpg?resize=525%2C300&ssl=1 1.5x, https:\/\/i0.wp.com\/cdn.moldovacrestina.md\/2019\/08\/cf1f1183-hlzpyp6qxcg.jpg?resize=700%2C400&ssl=1 2x, https:\/\/i0.wp.com\/cdn.moldovacrestina.md\/2019\/08\/cf1f1183-hlzpyp6qxcg.jpg?resize=1050%2C600&ssl=1 3x"},"classes":[]},{"id":337123,"url":"https:\/\/moldovacrestina.md\/lectia-1-doamne-unde-esti-cand-se-intampla-lucruri-rele\/","url_meta":{"origin":337067,"position":3},"title":"Lec\u021bia 1 | Doamne, unde e\u0219ti c\u00e2nd se \u00eent\u00e2mpl\u0103 lucruri rele","author":"Moldova Cre\u0219tin\u0103","date":"July 26, 2022","format":false,"excerpt":"\"El este prezent \u0219i ascult\u0103 strig\u0103tul inimii tale\" este titlul lec\u021biei 1 din cadrul cursului de studiu biblic \"Doamne, unde e\u0219ti c\u00e2nd se \u00eent\u00e2mpl\u0103 lucruri rele\", predat de Mia Oglice \u00een cadrul festivalului Precept Moldova din 25-28 iulie.","rel":"","context":"<span class=\"jp-relatedposts-post-author\">Moldova Cre\u0219tin\u0103<\/span>","block_context":{"text":"MCTV","link":"https:\/\/moldovacrestina.md\/mctv\/"},"img":{"alt_text":"","src":"https:\/\/i0.wp.com\/cdn.moldovacrestina.md\/2022\/07\/3d6db353-mmwkfbfmgj4.jpg?resize=350%2C200&ssl=1","width":350,"height":200},"classes":[]},{"id":337135,"url":"https:\/\/moldovacrestina.md\/lectia-2-doamne-unde-esti-cand-se-intampla-lucruri-rele\/","url_meta":{"origin":337067,"position":4},"title":"Lec\u021bia 2 | Doamne, unde e\u0219ti c\u00e2nd se \u00eent\u00e2mpl\u0103 lucruri rele","author":"Moldova Cre\u0219tin\u0103","date":"July 26, 2022","format":false,"excerpt":"\"El este prezent - recunoa\u0219te-\u021bi p\u0103catul \u0219i \u00eembr\u0103\u021bi\u0219eaz\u0103-L pe Domnul\" este titlul lec\u021biei 2 din cadrul cursului de studiu biblic \"Doamne, unde e\u0219ti c\u00e2nd se \u00eent\u00e2mpl\u0103 lucruri rele\", predat de Mia Oglice \u00een cadrul festivalului Precept Moldova din 25-28 iulie.","rel":"","context":"<span class=\"jp-relatedposts-post-author\">Moldova Cre\u0219tin\u0103<\/span>","block_context":{"text":"MCTV","link":"https:\/\/moldovacrestina.md\/mctv\/"},"img":{"alt_text":"","src":"https:\/\/i0.wp.com\/cdn.moldovacrestina.md\/2022\/07\/5d60266b-tbotqt-efy4.jpg?resize=350%2C200&ssl=1","width":350,"height":200},"classes":[]},{"id":337147,"url":"https:\/\/moldovacrestina.md\/lectia-3-doamne-unde-esti-cand-se-intampla-lucruri-rele\/","url_meta":{"origin":337067,"position":5},"title":"Lec\u021bia 3 | Doamne, unde e\u0219ti c\u00e2nd se \u00eent\u00e2mpl\u0103 lucruri rele","author":"Moldova Cre\u0219tin\u0103","date":"July 27, 2022","format":false,"excerpt":"\"El este prezent - El nu \u0219i-a p\u0103r\u0103sit tronul suveran\" este titlul lec\u021biei 2 din cadrul cursului de studiu biblic \"Doamne, unde e\u0219ti c\u00e2nd se \u00eent\u00e2mpl\u0103 lucruri rele\", predat de Mia Oglice \u00een cadrul festivalului Precept Moldova din 25-28 iulie.","rel":"","context":"<span class=\"jp-relatedposts-post-author\">Moldova Cre\u0219tin\u0103<\/span>","block_context":{"text":"MCTV","link":"https:\/\/moldovacrestina.md\/mctv\/"},"img":{"alt_text":"","src":"https:\/\/i0.wp.com\/cdn.moldovacrestina.md\/2022\/07\/f2899756-80x4depcebo.jpg?resize=350%2C200&ssl=1","width":350,"height":200},"classes":[]}],"jetpack_sharing_enabled":true,"_links":{"self":[{"href":"https:\/\/moldovacrestina.md\/en\/wp-json\/wp\/v2\/posts\/337067","targetHints":{"allow":["GET"]}}],"collection":[{"href":"https:\/\/moldovacrestina.md\/en\/wp-json\/wp\/v2\/posts"}],"about":[{"href":"https:\/\/moldovacrestina.md\/en\/wp-json\/wp\/v2\/types\/post"}],"author":[{"embeddable":true,"href":"https:\/\/moldovacrestina.md\/en\/wp-json\/wp\/v2\/users\/154"}],"replies":[{"embeddable":true,"href":"https:\/\/moldovacrestina.md\/en\/wp-json\/wp\/v2\/comments?post=337067"}],"version-history":[{"count":0,"href":"https:\/\/moldovacrestina.md\/en\/wp-json\/wp\/v2\/posts\/337067\/revisions"}],"wp:featuredmedia":[{"embeddable":true,"href":"https:\/\/moldovacrestina.md\/en\/wp-json\/wp\/v2\/media\/337068"}],"wp:attachment":[{"href":"https:\/\/moldovacrestina.md\/en\/wp-json\/wp\/v2\/media?parent=337067"}],"wp:term":[{"taxonomy":"category","embeddable":true,"href":"https:\/\/moldovacrestina.md\/en\/wp-json\/wp\/v2\/categories?post=337067"},{"taxonomy":"post_tag","embeddable":true,"href":"https:\/\/moldovacrestina.md\/en\/wp-json\/wp\/v2\/tags?post=337067"}],"curies":[{"name":"wp","href":"https:\/\/api.w.org\/{rel}","templated":true}]}}