{"id":335768,"date":"2022-05-09T18:02:18","date_gmt":"2022-05-09T15:02:18","guid":{"rendered":"https:\/\/moldovacrestina.md\/?p=335768"},"modified":"2022-05-09T18:02:18","modified_gmt":"2022-05-09T15:02:18","slug":"what-is-the-sin-that-entered-the-world-through-adam","status":"publish","type":"post","link":"https:\/\/moldovacrestina.md\/en\/what-is-the-sin-that-entered-the-world-through-adam\/","title":{"rendered":"What is the sin that entered the world through Adam?"},"content":{"rendered":"<p><span style=\"font-weight: 400\">Question:<\/span><\/p>\n<blockquote><p><i><span style=\"font-weight: 400\">What is the sin that entered the world through Adam?<\/span><\/i><\/p>\n<p><img loading=\"lazy\" decoding=\"async\" class=\"size-medium aligncenter\" src=\"https:\/\/moldovacrestina.md\/wp-content\/uploads\/2022\/05\/04be856c-145029_pacatul-lui-adam-vina-noastra-1.jpg\" alt=\"\" width=\"640\" height=\"442\" \/><\/p><\/blockquote>\n<p><span style=\"font-weight: 400\">Some Christians believe that the sin that entered through Adam is sexual sin. Without studying and knowing the Scriptures, these Christians believe that sexual intercourse is a sin. In the article &#8220;Why Did God Create Sex?&#8221; it is clearly argued that sexual intercourse is not a consequence of Adam&#8217;s sin. If sexual intercourse is not a sin, what is the sin that entered the world through Adam.<\/span><\/p>\n<p><span style=\"font-weight: 400\">In the Epistle to Romans 5:11-21, the apostle Paul explains in contrast and by comparison the sin of Adam and the grace of God through Jesus Christ, as well as their effects on mankind, so he explains the history of redemption.<\/span><\/p>\n<blockquote><p><span style=\"font-weight: 400\">Therefore, just as through one man sin entered into the world, and death through sin, and so death spread to all mankind, because all sinned\u2014 for until the Law sin was in the world, but sin is not counted against anyone when there is no law. Nevertheless death reigned from Adam until Moses, even over those who had not sinned in the likeness of the violation committed by Adam, who is a type of Him who was to come. But the gracious gift is not like the offense. For if by the offense of the one the many died, much more did the grace of God and the gift by the grace of the one Man, Jesus Christ, overflow to the many. The gift is not like that which came through the one who sinned; for on the one hand the judgment arose from one offense, resulting in condemnation, but on the other hand the gracious gift arose from many offenses, resulting in justification. For if by the offense of the one, death reigned through the one, much more will those who receive the abundance of grace and of the gift of righteousness reign in life through the One, Jesus Christ. So then, as through one offense the result was condemnation to all mankind, so also through one act of righteousness the result was justification of life to all mankind. For as through the one man\u2019s disobedience the many were made sinners, so also through the obedience of the One the many will be made righteous. The Law came in so that the offense would increase; but where sin increased, grace abounded all the more, so that, as sin reigned in death, so also grace would reign through righteousness to eternal life through Jesus Christ our Lord. (Romans 5:12-21 NASB)<\/span><\/p><\/blockquote>\n<p><span style=\"font-weight: 400\">The apostle Paul teaches us that all men are in a relationship with one of the two men, whose action determines the eternal destiny of all who belong to them. Either you belong to Adam and you are condemned to death because of his sin and disobedience, or you belong to Christ and have the gift of forgiveness and eternal life, because you obey Him.<\/span><\/p>\n<p><span style=\"font-weight: 400\">Man is born with sin, with a sinful nature that has been blamed on us because of our position in Adam. The book of Genesis 3 tells us of the event of the fall into sin by man, who was created to obey and glorify God.<\/span><\/p>\n<blockquote><p><span style=\"font-weight: 400\">In the beginning God created the heavens and the earth. And the earth was a formless and desolate emptiness, and darkness was over the surface of the deep, and the Spirit of God was hovering over the surface of the waters. Then God said, \u201cLet there be light\u201d; and there was light. God saw that the light was good; and God separated the light from the darkness. God called the light \u201cday,\u201d and the darkness He called \u201cnight.\u201d And there was evening and there was morning, one day. Then God said, \u201cLet there be an expanse in the midst of the waters, and let it separate the waters from the waters.\u201d God made the expanse, and separated the waters that were below the expanse from the waters that were above the expanse; and it was so. God called the expanse \u201cheaven.\u201d And there was evening and there was morning, a second day. (Genesis 1:1-8 NASB)<\/span><\/p><\/blockquote>\n<p><span style=\"font-weight: 400\">When Adam and Eve ate from the tree of good and evil, disobeyed their Creator, and died spiritually, sin entered the world, and with it the death that befell all mankind, for all men come from Adam and Eve.<\/span><\/p>\n<blockquote><p><span style=\"font-weight: 400\">and He made from one man every nation of mankind to live on all the face of the earth, having determined their appointed times and the boundaries of their habitation. (Acts 17:26 NASB)<\/span><\/p><\/blockquote>\n<p><span style=\"font-weight: 400\">Thus, the sinful nature of Adam and Eve was imputed to us, to all people who came out of Adam alone. So, Adam&#8217;s sin corrupted human nature and made it inevitable for man not to sin, and so no one escapes the reign of death, because no one can escape the power of sin through personal effort. Therefore, man&#8217;s reluctance to obey God&#8217;s will is also due to the sinful nature inherited from Adam. Paul continues, &#8220;By one mistake came condemnation \/ death&#8221; (Romans 5:18). All are condemned in Adam, because all have sinned in him.<\/span><\/p>\n<p><span style=\"font-weight: 400\">But the word of God does not leave us without hope, but encourages us by the grace of God brought by the death and resurrection of the Lord Jesus Christ. The grace of God has brought a decision of forgiveness and the gift of righteousness that reigns in the life of the righteous through Jesus Christ. I belong to Christ, but to whom do you belong?<\/span><\/p>\n<p><span style=\"font-weight: 400\">I recommend that you study the courses &#8220;Precept Upon Precept Inductive Studies about the Book of <\/span><a href=\"https:\/\/shop.precept.org\/products\/romans-part-1-precept-workbook-nasb-1?_pos=14&amp;_sid=89fdee187&amp;_ss=r\"><span style=\"font-weight: 400\">Romans Part I<\/span><\/a><span style=\"font-weight: 400\">, II, and III.&#8221;<\/span><\/p>\n<p><span style=\"font-weight: 400\">I recommend that you watch Lesson 8 of Romans, which deals with &#8220;Man in Adam and Man in Christ,&#8221; taught by Mia and Costel Oglice.<\/span><\/p>\n<p>Translated by Didina Vicliuc<\/p>\n","protected":false},"excerpt":{"rendered":"<p>Question: What is the sin that entered the world through Adam? Some Christians believe that the sin that entered through Adam is sexual sin. Without studying and knowing the Scriptures, these Christians believe that sexual intercourse is a sin. In the article &#8220;Why Did God Create Sex?&#8221; it is clearly argued that sexual intercourse is [&hellip;]<\/p>\n","protected":false},"author":66,"featured_media":335777,"comment_status":"closed","ping_status":"closed","sticky":false,"template":"","format":"standard","meta":{"_acf_changed":false,"inline_featured_image":false,"_monsterinsights_skip_tracking":false,"_monsterinsights_sitenote_active":false,"_monsterinsights_sitenote_note":"","_monsterinsights_sitenote_category":0,"_genesis_hide_title":false,"_genesis_hide_breadcrumbs":false,"_genesis_hide_singular_image":false,"_genesis_hide_footer_widgets":false,"_genesis_custom_body_class":"","_genesis_custom_post_class":"","_genesis_layout":"","ep_exclude_from_search":false,"_jetpack_memberships_contains_paid_content":false,"footnotes":""},"categories":[29951],"tags":[32684,66323,66324],"class_list":{"0":"post-335768","1":"post","2":"type-post","3":"status-publish","4":"format-standard","5":"has-post-thumbnail","7":"category-doctrine-en","8":"tag-sin-en","9":"tag-sin-of-adam","10":"tag-first-sin","11":"entry"},"acf":[],"yoast_head":"<!-- This site is optimized with the Yoast SEO Premium plugin v26.5 (Yoast SEO v27.4) - https:\/\/yoast.com\/product\/yoast-seo-premium-wordpress\/ -->\n<title>What is the sin that entered the world through Adam? &#8226; Moldova Cre\u0219tin\u0103<\/title>\n<meta name=\"robots\" content=\"index, follow, max-snippet:-1, max-image-preview:large, max-video-preview:-1\" \/>\n<link rel=\"canonical\" href=\"https:\/\/moldovacrestina.md\/en\/what-is-the-sin-that-entered-the-world-through-adam\/\" \/>\n<meta property=\"og:locale\" content=\"en_US\" \/>\n<meta property=\"og:type\" content=\"article\" \/>\n<meta property=\"og:title\" content=\"What is the sin that entered the world through Adam?\" \/>\n<meta property=\"og:description\" content=\"Question: What is the sin that entered the world through Adam? Some Christians believe that the sin that entered through Adam is sexual sin. Without studying and knowing the Scriptures, these Christians believe that sexual intercourse is a sin. In the article &#8220;Why Did God Create Sex?&#8221; it is clearly argued that sexual intercourse is [&hellip;]\" \/>\n<meta property=\"og:url\" content=\"https:\/\/moldovacrestina.md\/en\/what-is-the-sin-that-entered-the-world-through-adam\/\" \/>\n<meta property=\"og:site_name\" content=\"Moldova Cre\u0219tin\u0103\" \/>\n<meta property=\"article:publisher\" content=\"https:\/\/www.facebook.com\/moldovacrestina\/\" \/>\n<meta property=\"article:author\" content=\"https:\/\/www.facebook.com\/filatsergiu?ref=bookmarks\" \/>\n<meta property=\"article:published_time\" content=\"2022-05-09T15:02:18+00:00\" \/>\n<meta property=\"og:image\" content=\"https:\/\/cdn.moldovacrestina.md\/2022\/05\/04be856c-145029_pacatul-lui-adam-vina-noastra-1.jpg\" \/>\n\t<meta property=\"og:image:width\" content=\"1\" \/>\n\t<meta property=\"og:image:height\" content=\"1\" \/>\n\t<meta property=\"og:image:type\" content=\"image\/jpeg\" \/>\n<meta name=\"author\" content=\"Sergiu Filat\u00a0\" \/>\n<meta name=\"twitter:card\" content=\"summary_large_image\" \/>\n<meta name=\"twitter:creator\" content=\"@moldovacrestina\" \/>\n<meta name=\"twitter:site\" content=\"@moldovacrestina\" \/>\n<meta name=\"twitter:label1\" content=\"Written by\" \/>\n\t<meta name=\"twitter:data1\" content=\"Sergiu Filat\u00a0\" \/>\n\t<meta name=\"twitter:label2\" content=\"Est. reading time\" \/>\n\t<meta name=\"twitter:data2\" content=\"5 minutes\" \/>\n<script type=\"application\/ld+json\" class=\"yoast-schema-graph\">{\"@context\":\"https:\\\/\\\/schema.org\",\"@graph\":[{\"@type\":\"Article\",\"@id\":\"https:\\\/\\\/moldovacrestina.md\\\/en\\\/what-is-the-sin-that-entered-the-world-through-adam\\\/#article\",\"isPartOf\":{\"@id\":\"https:\\\/\\\/moldovacrestina.md\\\/en\\\/what-is-the-sin-that-entered-the-world-through-adam\\\/\"},\"author\":{\"name\":\"Sergiu Filat\u00a0\",\"@id\":\"https:\\\/\\\/moldovacrestina.md\\\/en\\\/#\\\/schema\\\/person\\\/cc26ac55ee5da9b0af1467e8340570d5\"},\"headline\":\"What is the sin that entered the world through Adam?\",\"datePublished\":\"2022-05-09T15:02:18+00:00\",\"mainEntityOfPage\":{\"@id\":\"https:\\\/\\\/moldovacrestina.md\\\/en\\\/what-is-the-sin-that-entered-the-world-through-adam\\\/\"},\"wordCount\":980,\"image\":{\"@id\":\"https:\\\/\\\/moldovacrestina.md\\\/en\\\/what-is-the-sin-that-entered-the-world-through-adam\\\/#primaryimage\"},\"thumbnailUrl\":\"https:\\\/\\\/cdn.moldovacrestina.md\\\/2022\\\/05\\\/04be856c-145029_pacatul-lui-adam-vina-noastra-1.jpg\",\"keywords\":[\"sin\",\"sin of Adam\",\"first sin\"],\"articleSection\":[\"Doctrine\"],\"inLanguage\":\"en-US\"},{\"@type\":\"WebPage\",\"@id\":\"https:\\\/\\\/moldovacrestina.md\\\/en\\\/what-is-the-sin-that-entered-the-world-through-adam\\\/\",\"url\":\"https:\\\/\\\/moldovacrestina.md\\\/en\\\/what-is-the-sin-that-entered-the-world-through-adam\\\/\",\"name\":\"What is the sin that entered the world through Adam? &#8226; Moldova Cre\u0219tin\u0103\",\"isPartOf\":{\"@id\":\"https:\\\/\\\/moldovacrestina.md\\\/en\\\/#website\"},\"primaryImageOfPage\":{\"@id\":\"https:\\\/\\\/moldovacrestina.md\\\/en\\\/what-is-the-sin-that-entered-the-world-through-adam\\\/#primaryimage\"},\"image\":{\"@id\":\"https:\\\/\\\/moldovacrestina.md\\\/en\\\/what-is-the-sin-that-entered-the-world-through-adam\\\/#primaryimage\"},\"thumbnailUrl\":\"https:\\\/\\\/cdn.moldovacrestina.md\\\/2022\\\/05\\\/04be856c-145029_pacatul-lui-adam-vina-noastra-1.jpg\",\"datePublished\":\"2022-05-09T15:02:18+00:00\",\"author\":{\"@id\":\"https:\\\/\\\/moldovacrestina.md\\\/en\\\/#\\\/schema\\\/person\\\/cc26ac55ee5da9b0af1467e8340570d5\"},\"breadcrumb\":{\"@id\":\"https:\\\/\\\/moldovacrestina.md\\\/en\\\/what-is-the-sin-that-entered-the-world-through-adam\\\/#breadcrumb\"},\"inLanguage\":\"en-US\",\"potentialAction\":[{\"@type\":\"ReadAction\",\"target\":[\"https:\\\/\\\/moldovacrestina.md\\\/en\\\/what-is-the-sin-that-entered-the-world-through-adam\\\/\"]}]},{\"@type\":\"ImageObject\",\"inLanguage\":\"en-US\",\"@id\":\"https:\\\/\\\/moldovacrestina.md\\\/en\\\/what-is-the-sin-that-entered-the-world-through-adam\\\/#primaryimage\",\"url\":\"https:\\\/\\\/cdn.moldovacrestina.md\\\/2022\\\/05\\\/04be856c-145029_pacatul-lui-adam-vina-noastra-1.jpg\",\"contentUrl\":\"https:\\\/\\\/cdn.moldovacrestina.md\\\/2022\\\/05\\\/04be856c-145029_pacatul-lui-adam-vina-noastra-1.jpg\",\"caption\":\"04be856c-145029_pacatul-lui-adam-vina-noastra-1.jpg\"},{\"@type\":\"BreadcrumbList\",\"@id\":\"https:\\\/\\\/moldovacrestina.md\\\/en\\\/what-is-the-sin-that-entered-the-world-through-adam\\\/#breadcrumb\",\"itemListElement\":[{\"@type\":\"ListItem\",\"position\":1,\"name\":\"Prima pagin\u0103\",\"item\":\"https:\\\/\\\/moldovacrestina.md\\\/en\\\/\"},{\"@type\":\"ListItem\",\"position\":2,\"name\":\"Doctrine\",\"item\":\"https:\\\/\\\/moldovacrestina.md\\\/en\\\/doctrine-en\\\/\"},{\"@type\":\"ListItem\",\"position\":3,\"name\":\"What is the sin that entered the world through Adam?\"}]},{\"@type\":\"WebSite\",\"@id\":\"https:\\\/\\\/moldovacrestina.md\\\/en\\\/#website\",\"url\":\"https:\\\/\\\/moldovacrestina.md\\\/en\\\/\",\"name\":\"Moldova Cre\u0219tin\u0103\",\"description\":\"R\u0103spunsuri relevante \u0219i actuale din Biblie\",\"potentialAction\":[{\"@type\":\"SearchAction\",\"target\":{\"@type\":\"EntryPoint\",\"urlTemplate\":\"https:\\\/\\\/moldovacrestina.md\\\/en\\\/?s={search_term_string}\"},\"query-input\":{\"@type\":\"PropertyValueSpecification\",\"valueRequired\":true,\"valueName\":\"search_term_string\"}}],\"inLanguage\":\"en-US\"},{\"@type\":\"Person\",\"@id\":\"https:\\\/\\\/moldovacrestina.md\\\/en\\\/#\\\/schema\\\/person\\\/cc26ac55ee5da9b0af1467e8340570d5\",\"name\":\"Sergiu Filat\u00a0\",\"image\":{\"@type\":\"ImageObject\",\"inLanguage\":\"en-US\",\"@id\":\"https:\\\/\\\/secure.gravatar.com\\\/avatar\\\/209a6eb0617fd8011837a1055dc71e0b92fdeb0b4758c50c6944a4c894e22e3b?s=96&d=mm&r=g\",\"url\":\"https:\\\/\\\/secure.gravatar.com\\\/avatar\\\/209a6eb0617fd8011837a1055dc71e0b92fdeb0b4758c50c6944a4c894e22e3b?s=96&d=mm&r=g\",\"contentUrl\":\"https:\\\/\\\/secure.gravatar.com\\\/avatar\\\/209a6eb0617fd8011837a1055dc71e0b92fdeb0b4758c50c6944a4c894e22e3b?s=96&d=mm&r=g\",\"caption\":\"Sergiu Filat\u00a0\"},\"description\":\"M\u0103 numesc Sergiu Filat, sunt pastor \u00een cadrul bisericii \\\"Bunavestirea\\\" \u0219i \\\"Cuv\u00e2ntul Adev\u0103rului\\\", sunt c\u0103s\u0103torit \u0219i \u00eempreun\u0103 cu so\u021bia avem doi copii. \u00cempreun\u0103 slujim pe Domnul \u00een Moldova \u0219i dincolo de hotarele ei.\",\"sameAs\":[\"http:\\\/\\\/www.fiicredincios.wordpress.com\",\"https:\\\/\\\/www.facebook.com\\\/filatsergiu?ref=bookmarks\"],\"url\":\"https:\\\/\\\/moldovacrestina.md\\\/en\\\/author\\\/sergiutkd\\\/\"}]}<\/script>\n<!-- \/ Yoast SEO Premium plugin. -->","yoast_head_json":{"title":"What is the sin that entered the world through Adam? &#8226; Moldova Cre\u0219tin\u0103","robots":{"index":"index","follow":"follow","max-snippet":"max-snippet:-1","max-image-preview":"max-image-preview:large","max-video-preview":"max-video-preview:-1"},"canonical":"https:\/\/moldovacrestina.md\/en\/what-is-the-sin-that-entered-the-world-through-adam\/","og_locale":"en_US","og_type":"article","og_title":"What is the sin that entered the world through Adam?","og_description":"Question: What is the sin that entered the world through Adam? Some Christians believe that the sin that entered through Adam is sexual sin. Without studying and knowing the Scriptures, these Christians believe that sexual intercourse is a sin. In the article &#8220;Why Did God Create Sex?&#8221; it is clearly argued that sexual intercourse is [&hellip;]","og_url":"https:\/\/moldovacrestina.md\/en\/what-is-the-sin-that-entered-the-world-through-adam\/","og_site_name":"Moldova Cre\u0219tin\u0103","article_publisher":"https:\/\/www.facebook.com\/moldovacrestina\/","article_author":"https:\/\/www.facebook.com\/filatsergiu?ref=bookmarks","article_published_time":"2022-05-09T15:02:18+00:00","og_image":[{"url":"https:\/\/cdn.moldovacrestina.md\/2022\/05\/04be856c-145029_pacatul-lui-adam-vina-noastra-1.jpg","width":1,"height":1,"type":"image\/jpeg"}],"author":"Sergiu Filat\u00a0","twitter_card":"summary_large_image","twitter_creator":"@moldovacrestina","twitter_site":"@moldovacrestina","twitter_misc":{"Written by":"Sergiu Filat\u00a0","Est. reading time":"5 minutes"},"schema":{"@context":"https:\/\/schema.org","@graph":[{"@type":"Article","@id":"https:\/\/moldovacrestina.md\/en\/what-is-the-sin-that-entered-the-world-through-adam\/#article","isPartOf":{"@id":"https:\/\/moldovacrestina.md\/en\/what-is-the-sin-that-entered-the-world-through-adam\/"},"author":{"name":"Sergiu Filat\u00a0","@id":"https:\/\/moldovacrestina.md\/en\/#\/schema\/person\/cc26ac55ee5da9b0af1467e8340570d5"},"headline":"What is the sin that entered the world through Adam?","datePublished":"2022-05-09T15:02:18+00:00","mainEntityOfPage":{"@id":"https:\/\/moldovacrestina.md\/en\/what-is-the-sin-that-entered-the-world-through-adam\/"},"wordCount":980,"image":{"@id":"https:\/\/moldovacrestina.md\/en\/what-is-the-sin-that-entered-the-world-through-adam\/#primaryimage"},"thumbnailUrl":"https:\/\/cdn.moldovacrestina.md\/2022\/05\/04be856c-145029_pacatul-lui-adam-vina-noastra-1.jpg","keywords":["sin","sin of Adam","first sin"],"articleSection":["Doctrine"],"inLanguage":"en-US"},{"@type":"WebPage","@id":"https:\/\/moldovacrestina.md\/en\/what-is-the-sin-that-entered-the-world-through-adam\/","url":"https:\/\/moldovacrestina.md\/en\/what-is-the-sin-that-entered-the-world-through-adam\/","name":"What is the sin that entered the world through Adam? &#8226; Moldova Cre\u0219tin\u0103","isPartOf":{"@id":"https:\/\/moldovacrestina.md\/en\/#website"},"primaryImageOfPage":{"@id":"https:\/\/moldovacrestina.md\/en\/what-is-the-sin-that-entered-the-world-through-adam\/#primaryimage"},"image":{"@id":"https:\/\/moldovacrestina.md\/en\/what-is-the-sin-that-entered-the-world-through-adam\/#primaryimage"},"thumbnailUrl":"https:\/\/cdn.moldovacrestina.md\/2022\/05\/04be856c-145029_pacatul-lui-adam-vina-noastra-1.jpg","datePublished":"2022-05-09T15:02:18+00:00","author":{"@id":"https:\/\/moldovacrestina.md\/en\/#\/schema\/person\/cc26ac55ee5da9b0af1467e8340570d5"},"breadcrumb":{"@id":"https:\/\/moldovacrestina.md\/en\/what-is-the-sin-that-entered-the-world-through-adam\/#breadcrumb"},"inLanguage":"en-US","potentialAction":[{"@type":"ReadAction","target":["https:\/\/moldovacrestina.md\/en\/what-is-the-sin-that-entered-the-world-through-adam\/"]}]},{"@type":"ImageObject","inLanguage":"en-US","@id":"https:\/\/moldovacrestina.md\/en\/what-is-the-sin-that-entered-the-world-through-adam\/#primaryimage","url":"https:\/\/cdn.moldovacrestina.md\/2022\/05\/04be856c-145029_pacatul-lui-adam-vina-noastra-1.jpg","contentUrl":"https:\/\/cdn.moldovacrestina.md\/2022\/05\/04be856c-145029_pacatul-lui-adam-vina-noastra-1.jpg","caption":"04be856c-145029_pacatul-lui-adam-vina-noastra-1.jpg"},{"@type":"BreadcrumbList","@id":"https:\/\/moldovacrestina.md\/en\/what-is-the-sin-that-entered-the-world-through-adam\/#breadcrumb","itemListElement":[{"@type":"ListItem","position":1,"name":"Prima pagin\u0103","item":"https:\/\/moldovacrestina.md\/en\/"},{"@type":"ListItem","position":2,"name":"Doctrine","item":"https:\/\/moldovacrestina.md\/en\/doctrine-en\/"},{"@type":"ListItem","position":3,"name":"What is the sin that entered the world through Adam?"}]},{"@type":"WebSite","@id":"https:\/\/moldovacrestina.md\/en\/#website","url":"https:\/\/moldovacrestina.md\/en\/","name":"Moldova Cre\u0219tin\u0103","description":"R\u0103spunsuri relevante \u0219i actuale din Biblie","potentialAction":[{"@type":"SearchAction","target":{"@type":"EntryPoint","urlTemplate":"https:\/\/moldovacrestina.md\/en\/?s={search_term_string}"},"query-input":{"@type":"PropertyValueSpecification","valueRequired":true,"valueName":"search_term_string"}}],"inLanguage":"en-US"},{"@type":"Person","@id":"https:\/\/moldovacrestina.md\/en\/#\/schema\/person\/cc26ac55ee5da9b0af1467e8340570d5","name":"Sergiu Filat\u00a0","image":{"@type":"ImageObject","inLanguage":"en-US","@id":"https:\/\/secure.gravatar.com\/avatar\/209a6eb0617fd8011837a1055dc71e0b92fdeb0b4758c50c6944a4c894e22e3b?s=96&d=mm&r=g","url":"https:\/\/secure.gravatar.com\/avatar\/209a6eb0617fd8011837a1055dc71e0b92fdeb0b4758c50c6944a4c894e22e3b?s=96&d=mm&r=g","contentUrl":"https:\/\/secure.gravatar.com\/avatar\/209a6eb0617fd8011837a1055dc71e0b92fdeb0b4758c50c6944a4c894e22e3b?s=96&d=mm&r=g","caption":"Sergiu Filat\u00a0"},"description":"M\u0103 numesc Sergiu Filat, sunt pastor \u00een cadrul bisericii \"Bunavestirea\" \u0219i \"Cuv\u00e2ntul Adev\u0103rului\", sunt c\u0103s\u0103torit \u0219i \u00eempreun\u0103 cu so\u021bia avem doi copii. \u00cempreun\u0103 slujim pe Domnul \u00een Moldova \u0219i dincolo de hotarele ei.","sameAs":["http:\/\/www.fiicredincios.wordpress.com","https:\/\/www.facebook.com\/filatsergiu?ref=bookmarks"],"url":"https:\/\/moldovacrestina.md\/en\/author\/sergiutkd\/"}]}},"jetpack_featured_media_url":"https:\/\/cdn.moldovacrestina.md\/2022\/05\/04be856c-145029_pacatul-lui-adam-vina-noastra-1.jpg","video_meta":false,"featured_image":"https:\/\/cdn.moldovacrestina.md\/2022\/05\/04be856c-145029_pacatul-lui-adam-vina-noastra-1.jpg","wpml":{"language_code":"en","locale":"en_US","text_direction":false,"display_name":"English","native_name":"Englez\u0103","different_language":false},"jetpack-related-posts":[{"id":84641,"url":"https:\/\/moldovacrestina.md\/ru\/test-homofobia\/","url_meta":{"origin":335768,"position":0},"title":"\u0421\u0434\u0435\u043b\u0430\u0442\u044c \u0442\u0435\u0441\u0442, \u0447\u0442\u043e\u0431\u044b \u0443\u0437\u043d\u0430\u0442\u044c, \u044f\u0432\u043b\u044f\u0435\u0448\u044c\u0441\u044f \u043b\u0438 \u0442\u044b \u0413\u041e\u041c\u041e\u0424\u041e\u0411\u041e\u041c?","author":"Vasile Filat","date":"January 14, 2011","format":false,"excerpt":"\u041f\u043e\u0441\u043a\u043e\u043b\u044c\u043a\u0443 \u044f \u043c\u043d\u043e\u0433\u043e \u0440\u0430\u0437 \u0434\u0435\u043b\u0430\u043b \u0437\u0430\u044f\u0432\u043b\u0435\u043d\u0438\u044f \u043f\u043e \u043f\u043e\u0432\u043e\u0434\u0443 \u043d\u0430\u0441\u0438\u043b\u0438\u044f, \u043d\u0430 \u043a\u043e\u0442\u043e\u0440\u043e\u043c \u043d\u0430\u0441\u0442\u0430\u0438\u0432\u0430\u0435\u0442 \u043e\u0440\u0433\u0430\u043d\u0438\u0437\u0430\u0446\u0438\u044f \u0433\u043e\u043c\u043e\u0441\u0435\u043a\u0441\u0443\u0430\u043b\u0438\u0441\u0442\u043e\u0432 \u0438\u0437 \u041c\u043e\u043b\u0434\u043e\u0432\u044b \u0438 \u0434\u0440\u0443\u0433\u0438\u0435 \u043e\u0440\u0433\u0430\u043d\u0438\u0437\u0430\u0446\u0438\u0438, \u043a\u043e\u0442\u043e\u0440\u044b\u0435 \u043f\u0440\u043e\u043f\u0430\u0433\u0430\u043d\u0434\u0438\u0440\u0443\u044e\u0442\u00a0 \u0442\u0430\u043a \u043d\u0430\u0437\u044b\u0432\u0430\u0435\u043c\u044b\u0435 \u201c\u043f\u0440\u0430\u0432\u0430 \u0441\u0435\u043a\u0441\u0443\u0430\u043b\u044c\u043d\u044b\u0445 \u043c\u0435\u043d\u044c\u0448\u0438\u043d\u0441\u0442\u0432\u201d, \u043c\u0435\u043d\u044f \u0447\u0430\u0441\u0442\u043e \u0441\u0442\u0430\u043b\u0438 \u043d\u0430\u0437\u044b\u0432\u0430\u0442\u044c \u201c\u0433\u043e\u043c\u043e\u0444\u043e\u0431\u201d, \u0442\u043e\u0447\u043d\u043e \u0442\u0430\u043a\u0436\u0435, \u043a\u0430\u043a \u043e\u043d\u0438 \u043d\u0430\u0437\u044b\u0432\u0430\u044e\u0442 \u043b\u044e\u0431\u043e\u0433\u043e, \u043a\u0442\u043e \u043d\u0435 \u0440\u0430\u0437\u0434\u0435\u043b\u044f\u0435\u0442 \u0438\u0445 \u043c\u043d\u0435\u043d\u0438\u044f. \u0421\u0435\u0433\u043e\u0434\u043d\u044f \u044f \u043f\u043e\u043b\u0443\u0447\u0438\u043b \u043f\u043e email \u043f\u0440\u0438\u0433\u043b\u0430\u0448\u0435\u043d\u0438\u0435 \u0441\u0434\u0435\u043b\u0430\u0442\u044c \u0442\u0435\u0441\u0442,\u2026","rel":"","context":"<span class=\"jp-relatedposts-post-author\">Vasile Filat<\/span>","block_context":{"text":"\u041e\u0431\u0449\u0435\u0441\u0442\u0432\u043e","link":"https:\/\/moldovacrestina.md\/ru\/otvety-iz-biblii\/obshhestvo\/"},"img":{"alt_text":"","src":"https:\/\/i0.wp.com\/americansfortruth.com\/uploads\/2011\/01\/Homophobia_Quiz-300x148.png?resize=350%2C200","width":350,"height":200},"classes":[]},{"id":112659,"url":"https:\/\/moldovacrestina.md\/ru\/kogda-opravdanie-nechestivogo-yavlyaet\/","url_meta":{"origin":335768,"position":1},"title":"\u041a\u043e\u0433\u0434\u0430 \u043e\u043f\u0440\u0430\u0432\u0434\u0430\u043d\u0438\u0435 \u043d\u0435\u0447\u0435\u0441\u0442\u0438\u0432\u043e\u0433\u043e \u044f\u0432\u043b\u044f\u0435\u0442\u0441\u044f \u043c\u0435\u0440\u0437\u043e\u0441\u0442\u044c\u044e \u043f\u0435\u0440\u0435\u0434 \u0411\u043e\u0433\u043e\u043c? (\u041f\u0440\u0438\u0442\u0447\u0438 17:15)","author":"Vasile Filat","date":"January 16, 2017","format":false,"excerpt":"\u0412\u0441\u0435 \u043c\u044b \u0436\u0435\u043b\u0430\u0435\u043c \u043f\u0440\u043e\u0449\u0435\u043d\u0438\u044f \u043e\u0442 \u0411\u043e\u0433\u0430, \u0438 \u0411\u043e\u0433 \u0443\u0447\u0438\u0442 \u043d\u0430\u0441 \u043f\u0440\u043e\u0449\u0430\u0442\u044c \u0442\u0435\u0445, \u043a\u0442\u043e \u0441\u0434\u0435\u043b\u0430\u043b\u0441\u044f \u0432\u0438\u043d\u043e\u0432\u0430\u0442\u044b\u043c \u043f\u0435\u0440\u0435\u0434 \u043d\u0430\u043c\u0438. \u0412\u0441\u0451-\u0442\u0430\u043a\u0438, \u0441\u0443\u0449\u0435\u0441\u0442\u0432\u0443\u0435\u0442 \u0441\u0442\u0438\u0445 \u0438\u0437 \u0411\u0438\u0431\u043b\u0438\u0438, \u0432 \u043a\u043e\u0442\u043e\u0440\u043e\u043c \u043d\u0430\u043f\u0438\u0441\u0430\u043d\u043e, \u0447\u0442\u043e \u043e\u043f\u0440\u0430\u0432\u0434\u044b\u0432\u0430\u0442\u044c \u0438\u043b\u0438\u00a0\u043f\u0440\u043e\u0449\u0430\u0442\u044c \u043d\u0435\u0447\u0435\u0441\u0442\u0438\u0432\u043e\u0433\u043e\u00a0- \u044d\u0442\u043e \u043c\u0435\u0440\u0437\u043e\u0441\u0442\u044c \u043f\u0435\u0440\u0435\u0434 \u0411\u043e\u0433\u043e\u043c. \u0422\u0430\u043a\u0438\u0435 \u0441\u0438\u0442\u0443\u0430\u0446\u0438\u0438 \u0438\u043c\u0435\u044e\u0442\u0441\u044f \u0432 \u0432\u0438\u0434\u0443 \u0432 \u0441\u043b\u0435\u0434\u0443\u044e\u0449\u0435\u043c \u0432\u043e\u043f\u0440\u043e\u0441\u0435, \u043a\u043e\u0442\u043e\u0440\u044b\u0439 \u0431\u044b\u043b \u0437\u0430\u0434\u0430\u043d \u043c\u043d\u0435: \u041c\u0438\u0440 \u0432\u0430\u043c, \u043f\u0430\u0441\u0442\u043e\u0440 \u0412\u0430\u0441\u0438\u043b\u0438\u0439. \u042f\u2026","rel":"","context":"<span class=\"jp-relatedposts-post-author\">Vasile Filat<\/span>","block_context":{"text":"\u041e\u0442\u0432\u0435\u0442\u044b \u0438\u0437 \u0411\u0438\u0431\u043b\u0438\u0438","link":"https:\/\/moldovacrestina.md\/ru\/otvety-iz-biblii\/"},"img":{"alt_text":"","src":"https:\/\/i0.wp.com\/moldovacrestina.md\/wp-content\/uploads\/2017\/01\/o-forgiveness-facebook-1024x512-2.jpg?resize=350%2C200&ssl=1","width":350,"height":200,"srcset":"https:\/\/i0.wp.com\/moldovacrestina.md\/wp-content\/uploads\/2017\/01\/o-forgiveness-facebook-1024x512-2.jpg?resize=350%2C200&ssl=1 1x, https:\/\/i0.wp.com\/moldovacrestina.md\/wp-content\/uploads\/2017\/01\/o-forgiveness-facebook-1024x512-2.jpg?resize=525%2C300&ssl=1 1.5x, https:\/\/i0.wp.com\/moldovacrestina.md\/wp-content\/uploads\/2017\/01\/o-forgiveness-facebook-1024x512-2.jpg?resize=700%2C400&ssl=1 2x"},"classes":[]},{"id":123833,"url":"https:\/\/moldovacrestina.md\/ru\/s-dnyom-rozhdeniya-moldova-crestina-gleote-vlog\/","url_meta":{"origin":335768,"position":2},"title":"\u0421 \u0414\u041d\u0401\u041c \u0420\u041e\u0416\u0414\u0415\u041d\u0418\u042f MOLDOVA CRE\u0218TIN\u0102 | Gleot\u00e9 VLOG","author":"\u0410\u043d\u0434\u0440\u0435\u0435\u0432 \u042d\u0434\u0443\u0430\u0440\u0434","date":"April 26, 2017","format":"video","excerpt":"\u0414\u0440\u0443\u0437\u044c\u044f! \u0412\u043e\u0442 \u0438 \u043d\u043e\u0432\u044b\u0439 \u0432\u0438\u0434\u0435\u043e-\u0431\u043b\u043e\u0433! 22 \u0430\u043f\u0440\u0435\u043b\u044f Moldova Cre\u0219tin\u0103\u00a0\u0438\u0441\u043f\u043e\u043b\u043d\u0438\u043b\u043e\u0441\u044c 10 \u043b\u0435\u0442!\u00a0\ud83c\udf82 \u041d\u0435 \u0441\u0442\u0435\u0441\u043d\u044f\u0439\u0442\u0435\u0441\u044c! \u041f\u0440\u0438\u0441\u043e\u0435\u0434\u0438\u043d\u044f\u0439\u0442\u0435\u0441\u044c \u043a \u043f\u0440\u0430\u0437\u0434\u043d\u0438\u043a\u0443! \u0414\u043b\u044f \u043c\u0435\u043d\u044f \u043e\u0433\u0440\u043e\u043c\u043d\u043e\u0435 \u0431\u043b\u0430\u0433\u043e\u0441\u043b\u043e\u0432\u0435\u043d\u0438\u0435 \u0438 \u043f\u0440\u0438\u0432\u0438\u043b\u0435\u0433\u0438\u044f \u0431\u044b\u0442\u044c \u0447\u0430\u0441\u0442\u044c\u044e \u044d\u0442\u043e\u0439 \u043a\u043e\u043c\u0430\u043d\u0434\u044b! \u041f\u0443\u0441\u0442\u044c \u0413\u043e\u0441\u043f\u043e\u0434\u044c \u0443\u043c\u043d\u043e\u0436\u0438\u0442 \u044d\u0442\u043e \u0441\u043b\u0443\u0436\u0435\u043d\u0438\u0435 \u0438 \u043f\u043e\u043c\u043e\u0436\u0435\u0442 \u043f\u0440\u0438\u043d\u0435\u0441\u0442\u0438 \u0435\u0449\u0451 \u0431\u043e\u043b\u044c\u0448\u0435 \u043f\u043b\u043e\u0434\u043e\u0432 \u0432\u043e \u0441\u043b\u0430\u0432\u0443 \u0413\u043e\u0441\u043f\u043e\u0434\u0430 \u043d\u0430\u0448\u0435\u0433\u043e \u0418\u0438\u0441\u0443\u0441\u0430 \u0425\u0440\u0438\u0441\u0442\u0430! \u0411\u043e\u043b\u044c\u0448\u043e\u0435 \u0441\u043f\u0430\u0441\u0438\u0431\u043e \u0432\u0441\u0435\u043c \u043c\u043e\u0438\u043c \u043d\u0430\u0441\u0442\u0430\u0432\u043d\u0438\u043a\u0430\u043c \u0438 \u0434\u0440\u0443\u0437\u044c\u044f\u043c\u2026","rel":"","context":"<span class=\"jp-relatedposts-post-author\">\u0410\u043d\u0434\u0440\u0435\u0435\u0432 \u042d\u0434\u0443\u0430\u0440\u0434<\/span>","block_context":{"text":"\u0411\u043b\u043e\u0433\u043e\u0441\u0444\u0435\u0440\u0430","link":"https:\/\/moldovacrestina.md\/ru\/vospitanie-ru\/blogosfera-ru\/"},"img":{"alt_text":"","src":"https:\/\/i0.wp.com\/moldovacrestina.md\/wp-content\/uploads\/2017\/04\/moldovacrestina.md---1.jpg?resize=350%2C200&ssl=1","width":350,"height":200,"srcset":"https:\/\/i0.wp.com\/moldovacrestina.md\/wp-content\/uploads\/2017\/04\/moldovacrestina.md---1.jpg?resize=350%2C200&ssl=1 1x, https:\/\/i0.wp.com\/moldovacrestina.md\/wp-content\/uploads\/2017\/04\/moldovacrestina.md---1.jpg?resize=525%2C300&ssl=1 1.5x, https:\/\/i0.wp.com\/moldovacrestina.md\/wp-content\/uploads\/2017\/04\/moldovacrestina.md---1.jpg?resize=700%2C400&ssl=1 2x, https:\/\/i0.wp.com\/moldovacrestina.md\/wp-content\/uploads\/2017\/04\/moldovacrestina.md---1.jpg?resize=1050%2C600&ssl=1 3x"},"classes":[]},{"id":86012,"url":"https:\/\/moldovacrestina.md\/en\/doris-van-stone-devochka-kotoryiu-nikto-ne-liubil\/","url_meta":{"origin":335768,"position":3},"title":"\u0414\u043e\u0440\u0438\u0441 \u0412\u0430\u043d \u0421\u0442\u043e\u0443\u043d &ndash; \u0434\u0435\u0432\u043e\u0447\u043a\u0430 \u043a\u043e\u0442\u043e\u0440\u0443\u044e \u043d\u0438\u043a\u0442\u043e \u043d\u0435 \u043b\u044e\u0431\u0438\u043b","author":"Vasile Filat","date":"February 23, 2012","format":false,"excerpt":"\u0412\u0447\u0435\u0440\u0430 \u0432\u0435\u0447\u0435\u0440\u043e\u043c \u0443 \u043c\u0435\u043d\u044f \u0431\u044b\u043b\u0430 \u0431\u043b\u0430\u0433\u043e\u0441\u043b\u043e\u0432\u0435\u043d\u043d\u0430\u044f \u0432\u0441\u0442\u0440\u0435\u0447\u0430 \u0441\u00a0 \u0414\u043e\u0440\u0438\u0441 \u0412\u0430\u043d \u0421\u0442\u043e\u0443\u043d, \u0430\u0432\u0442\u043e\u0440\u043e\u043c \u0445\u043e\u0440\u043e\u0448\u043e \u0438\u0437\u0432\u0435\u0441\u0442\u043d\u043e\u0439 \u043a\u043d\u0438\u0433\u0438 \u201c\u0414\u043e\u0440\u0438, \u0434\u0435\u0432\u043e\u0447\u043a\u0430 \u043a\u043e\u0442\u043e\u0440\u0443\u044e \u043d\u0438\u043a\u0442\u043e \u043d\u0435 \u043b\u044e\u0431\u0438\u043b\u201d \u0438 \u0434\u0432\u0443\u0445 \u0434\u0440\u0443\u0433\u0438\u0445 \u043a\u043d\u0438\u0433 \"No Place To Cry: The Hurt and Healing of Sexual Abuse\" \u0438 \"The secrets of the heart\". \u0412 \u0432\u043e\u0437\u0440\u0430\u0441\u0442\u0435 90 \u043b\u0435\u0442 \u0441\u0435\u0441\u0442\u0440\u0430 \u0414\u043e\u0440\u0438\u0441 \u043f\u043e\u043b\u043d\u0430 \u0436\u0438\u0437\u043d\u0438,\u2026","rel":"","context":"<span class=\"jp-relatedposts-post-author\">Vasile Filat<\/span>","block_context":{"text":"\u041e\u0431\u0449\u0435\u0441\u0442\u0432\u043e","link":"https:\/\/moldovacrestina.md\/ru\/otvety-iz-biblii\/obshhestvo\/"},"img":{"alt_text":"","src":"","width":0,"height":0},"classes":[]},{"id":83594,"url":"https:\/\/moldovacrestina.md\/ru\/hto-znachit-zlosloviti-za-hrista\/","url_meta":{"origin":335768,"position":4},"title":"\u041d\u0430 \u0447\u0442\u043e \u0441\u0441\u044b\u043b\u0430\u0435\u0442\u0441\u044f \u0418\u0438\u0441\u0443\u0441 \u0425\u0440\u0438\u0441\u0442\u043e\u0441, \u0433\u043e\u0432\u043e\u0440\u044f \u201c\u043d\u0435\u043f\u0440\u0430\u0432\u0435\u0434\u043d\u043e \u0437\u043b\u043e\u0441\u043b\u043e\u0432\u0438\u0442\u044c \u0437\u0430 \u041c\u0435\u043d\u044f\u201d?","author":"Vasile Filat","date":"September 8, 2010","format":false,"excerpt":"\u0412\u043e\u043f\u0440\u043e\u0441: \u0421\u0435\u0433\u043e\u0434\u043d\u044f \u0432\u043e \u0432\u0440\u0435\u043c\u044f \u043e\u0431\u0435\u0434\u0435\u043d\u043d\u043e\u0433\u043e \u043f\u0435\u0440\u0435\u0440\u044b\u0432\u0430 \u044f \u0441\u043b\u0443\u0448\u0430\u043b \u043e \u0431\u043b\u0430\u0436\u0435\u043d\u0441\u0442\u0432\u0430\u0445, \u0441\u043a\u0430\u0437\u0430\u043d\u043d\u044b\u0445 \u0418\u0438\u0441\u0443\u0441\u043e\u043c \u0425\u0440\u0438\u0441\u0442\u043e\u043c \u0432 \u041d\u0430\u0433\u043e\u0440\u043d\u043e\u0439 \u041f\u0440\u043e\u043f\u043e\u0432\u0435\u0434\u0438, \u0438 \u0443 \u043c\u0435\u043d\u044f \u0435\u0441\u0442\u044c \u043d\u0435\u0434\u043e\u043f\u043e\u043d\u0438\u043c\u0430\u043d\u0438\u0435 \u043f\u043e \u044d\u0442\u043e\u043c\u0443 \u043f\u043e\u0432\u043e\u0434\u0443. \u042f \u043f\u043e\u043d\u0438\u043c\u0430\u044e, \u0447\u0442\u043e \u0425\u0440\u0438\u0441\u0442\u043e\u0441 \u0441\u043a\u0430\u0437\u0430\u043b \u0443\u0447\u0435\u043d\u0438\u043a\u0430\u043c, \u0447\u0442\u043e \u043e\u043d\u0438 \u0431\u0443\u0434\u0443\u0442 \u0441\u0442\u0440\u0430\u0434\u0430\u0442\u044c \u043f\u043e \u043f\u0440\u0438\u0447\u0438\u043d\u0435 \u043f\u0440\u043e\u043f\u043e\u0432\u0435\u0434\u0438 \u0421\u043b\u043e\u0432\u0430 \u0438\u043b\u0438 \u0441\u043e \u0441\u0442\u043e\u0440\u043e\u043d\u044b \u043d\u0435\u0432\u0435\u0440\u0443\u044e\u0449\u0438\u0445, \u043d\u043e \u044f \u043d\u0435 \u043f\u043e\u043d\u0438\u043c\u0430\u044e \u0432\u044b\u0440\u0430\u0436\u0435\u043d\u0438\u044f \u201c\u043d\u0435\u043f\u0440\u0430\u0432\u0435\u0434\u043d\u043e \u0437\u043b\u043e\u0441\u043b\u043e\u0432\u0438\u0442\u044c \u0437\u0430\u2026","rel":"","context":"<span class=\"jp-relatedposts-post-author\">Vasile Filat<\/span>","block_context":{"text":"\u0414\u043e\u043a\u0442\u0440\u0438\u043d\u044b","link":"https:\/\/moldovacrestina.md\/ru\/otvety-iz-biblii\/doktriny-ru\/"},"img":{"alt_text":"","src":"","width":0,"height":0},"classes":[]},{"id":361249,"url":"https:\/\/moldovacrestina.md\/o-bomba-a-lovit-la-50-de-metri-de-o-locuinta-din-zaporojie-ucraina\/","url_meta":{"origin":335768,"position":5},"title":"O bomb\u0103 a lovit la 50 de metri de o locuin\u021b\u0103 din Zaporojie, Ucraina.","author":"Vasile Filat","date":"October 31, 2024","format":false,"excerpt":"O bomb\u0103 a lovit la 50 de metri de o locuin\u021b\u0103 din Zaporojie, Ucraina. Doritorii s\u0103 sus\u021bin\u0103 financiar familia Paketa o pot face, folosind una din metode: Rechizite bancare pentru transfer \u00een MDL (lei moldovene\u0219ti) Beneficiar: CULT RELIGIOS PCCRBCEB \"BUNA VESTIRE A MINTUITORULUI\" Cod IDNO: 1010620001050 Banca beneficiar\u0103: Banca Comerciala\u2026","rel":"","context":"<span class=\"jp-relatedposts-post-author\">Vasile Filat<\/span>","block_context":{"text":"MCTV","link":"https:\/\/moldovacrestina.md\/mctv\/"},"img":{"alt_text":"","src":"https:\/\/i0.wp.com\/cdn.moldovacrestina.md\/2024\/10\/29344642-xoykuhynhgm.jpg?resize=350%2C200&ssl=1","width":350,"height":200,"srcset":"https:\/\/i0.wp.com\/cdn.moldovacrestina.md\/2024\/10\/29344642-xoykuhynhgm.jpg?resize=350%2C200&ssl=1 1x, https:\/\/i0.wp.com\/cdn.moldovacrestina.md\/2024\/10\/29344642-xoykuhynhgm.jpg?resize=525%2C300&ssl=1 1.5x, https:\/\/i0.wp.com\/cdn.moldovacrestina.md\/2024\/10\/29344642-xoykuhynhgm.jpg?resize=700%2C400&ssl=1 2x, https:\/\/i0.wp.com\/cdn.moldovacrestina.md\/2024\/10\/29344642-xoykuhynhgm.jpg?resize=1050%2C600&ssl=1 3x"},"classes":[]}],"jetpack_sharing_enabled":true,"_links":{"self":[{"href":"https:\/\/moldovacrestina.md\/en\/wp-json\/wp\/v2\/posts\/335768","targetHints":{"allow":["GET"]}}],"collection":[{"href":"https:\/\/moldovacrestina.md\/en\/wp-json\/wp\/v2\/posts"}],"about":[{"href":"https:\/\/moldovacrestina.md\/en\/wp-json\/wp\/v2\/types\/post"}],"author":[{"embeddable":true,"href":"https:\/\/moldovacrestina.md\/en\/wp-json\/wp\/v2\/users\/66"}],"replies":[{"embeddable":true,"href":"https:\/\/moldovacrestina.md\/en\/wp-json\/wp\/v2\/comments?post=335768"}],"version-history":[{"count":0,"href":"https:\/\/moldovacrestina.md\/en\/wp-json\/wp\/v2\/posts\/335768\/revisions"}],"wp:featuredmedia":[{"embeddable":true,"href":"https:\/\/moldovacrestina.md\/en\/wp-json\/wp\/v2\/media\/335777"}],"wp:attachment":[{"href":"https:\/\/moldovacrestina.md\/en\/wp-json\/wp\/v2\/media?parent=335768"}],"wp:term":[{"taxonomy":"category","embeddable":true,"href":"https:\/\/moldovacrestina.md\/en\/wp-json\/wp\/v2\/categories?post=335768"},{"taxonomy":"post_tag","embeddable":true,"href":"https:\/\/moldovacrestina.md\/en\/wp-json\/wp\/v2\/tags?post=335768"}],"curies":[{"name":"wp","href":"https:\/\/api.w.org\/{rel}","templated":true}]}}