{"id":335218,"date":"2022-04-25T17:18:05","date_gmt":"2022-04-25T14:18:05","guid":{"rendered":"https:\/\/moldovacrestina.md\/sesiune-precept-cambodgia-centre-de-refugiati-romania-si-germania\/"},"modified":"2024-08-23T07:58:42","modified_gmt":"2024-08-23T04:58:42","slug":"sesiune-precept-cambodgia-centre-de-refugiati-romania-si-germania","status":"publish","type":"post","link":"https:\/\/moldovacrestina.md\/en\/sesiune-precept-cambodgia-centre-de-refugiati-romania-si-germania\/","title":{"rendered":"Sesiune Precept Cambodgia, Centre de refugia\u021bi Rom\u00e2nia \u0219i Germania"},"content":{"rendered":"<p>\u00cen edi\u021bia de ast\u0103zi a buletinului de misiune afla\u021bi cum continu\u0103 sesiunea Precept de preg\u0103tire a liderilor \u00een Cambodgia \u0219i <!--more--> lucrarea \u00een centre de refugia\u021bi din Rom\u00e2nia \u0219i Germania. <\/p>\n<p>Manuale de studiu biblic inductiv: <a href=\"https:\/\/shop.eurasiaprecept.org\/\" target=\"_blank\" rel=\"nofollow noopener\">https:\/\/shop.eurasiaprecept.org\/<\/a> <\/p>\n<p>\u0423\u043a\u0440\u0430\u0438\u043d\u0441\u043a\u0430\u044f \u0426\u0435\u0440\u043a\u043e\u0432\u044c \u0432 \u041a\u0438\u0448\u0438\u043d\u0435\u0432\u0435: <a href=\"https:\/\/tinyurl.com\/UkrainskayatserkoviKishinev\" target=\"_blank\" rel=\"nofollow noopener\">https:\/\/tinyurl.com\/UkrainskayatserkoviKishinev<\/a><br \/>\nTelegram:  <a href=\"https:\/\/t.me\/ukrainianchurchmoldova\" target=\"_blank\" rel=\"nofollow noopener\">https:\/\/t.me\/ukrainianchurchmoldova<\/a> <\/p>\n<p>Call-Centru Ajutor Cre\u0219tin pentru Refugia\u021bi: +37378605080<br \/>\nWeb: www.acr.md<\/p>\n<p>Pentru materiale de studiu biblic \u00een ucrainean\u0103, rom\u00e2n\u0103 \u0219i alte limbi, apela\u021bi la:<br \/>\nMOLDOVA: Ruslan Mazur +37378080886<br \/>\nROM NIA: Gigel Olariu +40722436143<\/p>\n<p>Nevoile de implicare \u021bin de transport, lucruri de prim\u0103 necesitate, produse alimentare \u0219i predarea studiului biblic.<br \/>\nPute\u021bi transfera banii pe Paynet la adresa: <a href=\"https:\/\/paynet.md\/qr\/731863\" target=\"_blank\" rel=\"nofollow noopener\">https:\/\/paynet.md\/qr\/731863<\/a><\/p>\n<p>Rechizite bancare pentru transfer \u00een MDL (lei moldovene\u0219ti)<br \/>\nBeneficiar: CULT RELIGIOS PCCRBCEB &#8220;BUNA VESTIRE A MINTUITORULUI&#8221;<br \/>\nCod IDNO: 1010620001050<br \/>\nBanca beneficiar\u0103: Banca Comerciala \u201dEximBank\u201d S.A.<br \/>\nCodul b\u0103ncii: EXMMMD 22<br \/>\nIBAN: MD24EX000002251600470MD2<\/p>\n<p>Rechizite bancare pentru transfer \u00een EUR (euro)<br \/>\nBeneficiar: CULT RELIGIOS PCCRBCEB &#8220;BUNA VESTIRE A MINTUITORULUI&#8221;<br \/>\nBanca beneficiar\u0103: Banca Comerciala \u201dEximBank\u201d S.A., CHISINAU, MOLDOVA<br \/>\nCodul b\u0103ncii beneficiare: EXMMMD 22<br \/>\nBanca intermediar\u0103: BANCA INTESA SANPAOLO SPA, MILANO, ITALY<br \/>\nCodul b\u0103ncii intermediare: BCITITMM<br \/>\nIBAN: MD26EX200002251600470EU2<\/p>\n<p>Rechizite bancare pentru transfer \u00een USD (dolari)<br \/>\nBeneficiar: CULT RELIGIOS PCCRBCEB &#8220;BUNA VESTIRE A MINTUITORULUI&#8221;<br \/>\nBanca beneficiar\u0103: Banca Comerciala \u201dEximBank\u201d S.A., CHISINAU, MOLDOVA<br \/>\nCodul b\u0103ncii beneficiare: EXMMMD 22<br \/>\nBanca intermediar\u0103: THE BANK OF NEW YORK MELLON., NEW YORK, USA<br \/>\nCodul b\u0103ncii intermediare: IRVTUS3N<br \/>\nIBAN: MD22EX200002251600470US2<\/p>\n<p>\u00cen transfer v\u0103 rug\u0103m s\u0103 men\u021biona\u021bi destina\u021bia banilor.<\/p>\n<p>Pentru \u00eentreb\u0103ri \u00een leg\u0103tur\u0103 cu lucrarea printre refugia\u021bi, v\u0103 rug\u0103m s\u0103 ne scrie\u021bi la adresa de email: contact@moldovacrestina.md <\/p>\n<p>V\u0103 invit\u0103m s\u0103 studiem \u00eempreun\u0103 cursul \u201d\u00centr-o zi m\u0103 voi c\u0103s\u0103tori\u201d. Studiul acesta \u00eel pred\u0103 Vasile \u0219i Anastasia Filat (ZOOM) \u00een fiecare zi de miercuri la orele 19:00. Manualul de studiu poate fi procurat la adresa: <a href=\"https:\/\/shop.eurasiaprecept.org\/produs\/intr-o-zi-ma-voi-casatori\/\" target=\"_blank\" rel=\"nofollow noopener\">https:\/\/shop.eurasiaprecept.org\/produs\/intr-o-zi-ma-voi-casatori\/<\/a><br \/>\n\u00cen format PDF: <a href=\"https:\/\/shop.eurasiaprecept.org\/produs\/intr-o-zi-ma-voi-casatori-pdf\/\" target=\"_blank\" rel=\"nofollow noopener\">https:\/\/shop.eurasiaprecept.org\/produs\/intr-o-zi-ma-voi-casatori-pdf\/<\/a><\/p>\n<p>Alege\u021bi una din grupele unde se completeaz\u0103 \u00eempreun\u0103 manualul \u0219i contacta\u021bi pe liderul de grup pentru detalii:<br \/>\n<a href=\"https:\/\/moldovacrestina.md\/studiaza-biblia-online\/\" target=\"_blank\" rel=\"nofollow noopener\">https:\/\/moldovacrestina.md\/studiaza-biblia-online\/<\/a><\/p>\n<p>Urm\u0103ri\u021bi-ne pe Facebook: <a href=\"https:\/\/www.facebook.com\/moldovacrestina\" target=\"_blank\" rel=\"nofollow noopener\">https:\/\/www.facebook.com\/moldovacrestina<\/a><br \/>\nSite: <a href=\"https:\/\/www.moldovacrestina.md\/\" target=\"_blank\" rel=\"nofollow noopener\">https:\/\/www.moldovacrestina.md\/<\/a><br \/>\nTelegram: <a href=\"https:\/\/t.me\/moldovacrestina\" target=\"_blank\" rel=\"nofollow noopener\">https:\/\/t.me\/moldovacrestina<\/a><\/p>\n<p>Pentru discu\u021bii personale cu pastorul Vasile Filat, v\u0103 invit\u0103m la<br \/>\nBISERICA BUNAVESTIREA DIN CHI\u0218IN\u0102U<br \/>\nStr. Cioc\u00e2rliei 2\/8, Chi\u0219in\u0103u, Republica Moldova<br \/>\nServicii Divine:<br \/>\nDuminic\u0103, 14:00 &#8211; 16:00<br \/>\nJoi, 19:30 &#8211; ora de rug\u0103ciune<\/p>\n<p>#buletindemisiune #moldovacrestina<\/p>\n","protected":false},"excerpt":{"rendered":"<p>\u00cen edi\u021bia de ast\u0103zi a buletinului de misiune afla\u021bi cum continu\u0103 sesiunea Precept de preg\u0103tire a liderilor \u00een Cambodgia \u0219i<\/p>\n","protected":false},"author":154,"featured_media":335219,"comment_status":"closed","ping_status":"closed","sticky":false,"template":"","format":"standard","meta":{"_acf_changed":false,"inline_featured_image":false,"_monsterinsights_skip_tracking":false,"_monsterinsights_sitenote_active":false,"_monsterinsights_sitenote_note":"","_monsterinsights_sitenote_category":0,"_genesis_hide_title":false,"_genesis_hide_breadcrumbs":false,"_genesis_hide_singular_image":false,"_genesis_hide_footer_widgets":false,"_genesis_custom_body_class":"","_genesis_custom_post_class":"","_genesis_layout":"","ep_exclude_from_search":false,"_jetpack_memberships_contains_paid_content":false,"footnotes":""},"categories":[23555],"tags":[],"class_list":{"0":"post-335218","1":"post","2":"type-post","3":"status-publish","4":"format-standard","5":"has-post-thumbnail","7":"category-mctv","8":"entry"},"acf":[],"yoast_head":"<!-- This site is optimized with the Yoast SEO Premium plugin v26.5 (Yoast SEO v27.4) - https:\/\/yoast.com\/product\/yoast-seo-premium-wordpress\/ -->\n<title>Sesiune Precept Cambodgia, Centre de refugia\u021bi Rom\u00e2nia \u0219i Germania &#8226; Moldova Cre\u0219tin\u0103<\/title>\n<meta name=\"robots\" content=\"index, follow, max-snippet:-1, max-image-preview:large, max-video-preview:-1\" \/>\n<link rel=\"canonical\" href=\"https:\/\/moldovacrestina.md\/en\/sesiune-precept-cambodgia-centre-de-refugiati-romania-si-germania\/\" \/>\n<meta property=\"og:locale\" content=\"en_US\" \/>\n<meta property=\"og:type\" content=\"article\" \/>\n<meta property=\"og:title\" content=\"Sesiune Precept Cambodgia, Centre de refugia\u021bi Rom\u00e2nia \u0219i Germania\" \/>\n<meta property=\"og:description\" content=\"\u00cen edi\u021bia de ast\u0103zi a buletinului de misiune afla\u021bi cum continu\u0103 sesiunea Precept de preg\u0103tire a liderilor \u00een Cambodgia \u0219i\" \/>\n<meta property=\"og:url\" content=\"https:\/\/moldovacrestina.md\/en\/sesiune-precept-cambodgia-centre-de-refugiati-romania-si-germania\/\" \/>\n<meta property=\"og:site_name\" content=\"Moldova Cre\u0219tin\u0103\" \/>\n<meta property=\"article:publisher\" content=\"https:\/\/www.facebook.com\/moldovacrestina\/\" \/>\n<meta property=\"article:published_time\" content=\"2022-04-25T14:18:05+00:00\" \/>\n<meta property=\"article:modified_time\" content=\"2024-08-23T04:58:42+00:00\" \/>\n<meta property=\"og:image\" content=\"https:\/\/cdn.moldovacrestina.md\/2022\/04\/e70bf29e-2tc9hz4op68.jpg\" \/>\n\t<meta property=\"og:image:width\" content=\"1\" \/>\n\t<meta property=\"og:image:height\" content=\"1\" \/>\n\t<meta property=\"og:image:type\" content=\"image\/jpeg\" \/>\n<meta name=\"author\" content=\"Moldova Cre\u0219tin\u0103\" \/>\n<meta name=\"twitter:card\" content=\"summary_large_image\" \/>\n<meta name=\"twitter:creator\" content=\"@moldovacrestina\" \/>\n<meta name=\"twitter:site\" content=\"@moldovacrestina\" \/>\n<meta name=\"twitter:label1\" content=\"Written by\" \/>\n\t<meta name=\"twitter:data1\" content=\"Moldova Cre\u0219tin\u0103\" \/>\n\t<meta name=\"twitter:label2\" content=\"Est. reading time\" \/>\n\t<meta name=\"twitter:data2\" content=\"2 minutes\" \/>\n<script type=\"application\/ld+json\" class=\"yoast-schema-graph\">{\"@context\":\"https:\\\/\\\/schema.org\",\"@graph\":[{\"@type\":\"Article\",\"@id\":\"https:\\\/\\\/moldovacrestina.md\\\/en\\\/sesiune-precept-cambodgia-centre-de-refugiati-romania-si-germania\\\/#article\",\"isPartOf\":{\"@id\":\"https:\\\/\\\/moldovacrestina.md\\\/en\\\/sesiune-precept-cambodgia-centre-de-refugiati-romania-si-germania\\\/\"},\"author\":{\"name\":\"Moldova Cre\u0219tin\u0103\",\"@id\":\"https:\\\/\\\/moldovacrestina.md\\\/en\\\/#\\\/schema\\\/person\\\/2c1229137b9158f7d3ac74b6ce4db55b\"},\"headline\":\"Sesiune Precept Cambodgia, Centre de refugia\u021bi Rom\u00e2nia \u0219i Germania\",\"datePublished\":\"2022-04-25T14:18:05+00:00\",\"dateModified\":\"2024-08-23T04:58:42+00:00\",\"mainEntityOfPage\":{\"@id\":\"https:\\\/\\\/moldovacrestina.md\\\/en\\\/sesiune-precept-cambodgia-centre-de-refugiati-romania-si-germania\\\/\"},\"wordCount\":453,\"image\":{\"@id\":\"https:\\\/\\\/moldovacrestina.md\\\/en\\\/sesiune-precept-cambodgia-centre-de-refugiati-romania-si-germania\\\/#primaryimage\"},\"thumbnailUrl\":\"https:\\\/\\\/cdn.moldovacrestina.md\\\/2022\\\/04\\\/e70bf29e-2tc9hz4op68.jpg\",\"articleSection\":[\"MCTV\"],\"inLanguage\":\"en-US\"},{\"@type\":\"WebPage\",\"@id\":\"https:\\\/\\\/moldovacrestina.md\\\/en\\\/sesiune-precept-cambodgia-centre-de-refugiati-romania-si-germania\\\/\",\"url\":\"https:\\\/\\\/moldovacrestina.md\\\/en\\\/sesiune-precept-cambodgia-centre-de-refugiati-romania-si-germania\\\/\",\"name\":\"Sesiune Precept Cambodgia, Centre de refugia\u021bi Rom\u00e2nia \u0219i Germania &#8226; Moldova Cre\u0219tin\u0103\",\"isPartOf\":{\"@id\":\"https:\\\/\\\/moldovacrestina.md\\\/en\\\/#website\"},\"primaryImageOfPage\":{\"@id\":\"https:\\\/\\\/moldovacrestina.md\\\/en\\\/sesiune-precept-cambodgia-centre-de-refugiati-romania-si-germania\\\/#primaryimage\"},\"image\":{\"@id\":\"https:\\\/\\\/moldovacrestina.md\\\/en\\\/sesiune-precept-cambodgia-centre-de-refugiati-romania-si-germania\\\/#primaryimage\"},\"thumbnailUrl\":\"https:\\\/\\\/cdn.moldovacrestina.md\\\/2022\\\/04\\\/e70bf29e-2tc9hz4op68.jpg\",\"datePublished\":\"2022-04-25T14:18:05+00:00\",\"dateModified\":\"2024-08-23T04:58:42+00:00\",\"author\":{\"@id\":\"https:\\\/\\\/moldovacrestina.md\\\/en\\\/#\\\/schema\\\/person\\\/2c1229137b9158f7d3ac74b6ce4db55b\"},\"breadcrumb\":{\"@id\":\"https:\\\/\\\/moldovacrestina.md\\\/en\\\/sesiune-precept-cambodgia-centre-de-refugiati-romania-si-germania\\\/#breadcrumb\"},\"inLanguage\":\"en-US\",\"potentialAction\":[{\"@type\":\"ReadAction\",\"target\":[\"https:\\\/\\\/moldovacrestina.md\\\/en\\\/sesiune-precept-cambodgia-centre-de-refugiati-romania-si-germania\\\/\"]}]},{\"@type\":\"ImageObject\",\"inLanguage\":\"en-US\",\"@id\":\"https:\\\/\\\/moldovacrestina.md\\\/en\\\/sesiune-precept-cambodgia-centre-de-refugiati-romania-si-germania\\\/#primaryimage\",\"url\":\"https:\\\/\\\/cdn.moldovacrestina.md\\\/2022\\\/04\\\/e70bf29e-2tc9hz4op68.jpg\",\"contentUrl\":\"https:\\\/\\\/cdn.moldovacrestina.md\\\/2022\\\/04\\\/e70bf29e-2tc9hz4op68.jpg\"},{\"@type\":\"BreadcrumbList\",\"@id\":\"https:\\\/\\\/moldovacrestina.md\\\/en\\\/sesiune-precept-cambodgia-centre-de-refugiati-romania-si-germania\\\/#breadcrumb\",\"itemListElement\":[{\"@type\":\"ListItem\",\"position\":1,\"name\":\"Prima pagin\u0103\",\"item\":\"https:\\\/\\\/moldovacrestina.md\\\/en\\\/\"},{\"@type\":\"ListItem\",\"position\":2,\"name\":\"MCTV\",\"item\":\"https:\\\/\\\/moldovacrestina.md\\\/mctv\\\/\"},{\"@type\":\"ListItem\",\"position\":3,\"name\":\"Sesiune Precept Cambodgia, Centre de refugia\u021bi Rom\u00e2nia \u0219i Germania\"}]},{\"@type\":\"WebSite\",\"@id\":\"https:\\\/\\\/moldovacrestina.md\\\/en\\\/#website\",\"url\":\"https:\\\/\\\/moldovacrestina.md\\\/en\\\/\",\"name\":\"Moldova Cre\u0219tin\u0103\",\"description\":\"R\u0103spunsuri relevante \u0219i actuale din Biblie\",\"potentialAction\":[{\"@type\":\"SearchAction\",\"target\":{\"@type\":\"EntryPoint\",\"urlTemplate\":\"https:\\\/\\\/moldovacrestina.md\\\/en\\\/?s={search_term_string}\"},\"query-input\":{\"@type\":\"PropertyValueSpecification\",\"valueRequired\":true,\"valueName\":\"search_term_string\"}}],\"inLanguage\":\"en-US\"},{\"@type\":\"Person\",\"@id\":\"https:\\\/\\\/moldovacrestina.md\\\/en\\\/#\\\/schema\\\/person\\\/2c1229137b9158f7d3ac74b6ce4db55b\",\"name\":\"Moldova Cre\u0219tin\u0103\",\"image\":{\"@type\":\"ImageObject\",\"inLanguage\":\"en-US\",\"@id\":\"https:\\\/\\\/secure.gravatar.com\\\/avatar\\\/7ee4a23b83cf7f880340161f8b5b00737ec379bc519884a0d2c05abcf15bd586?s=96&d=mm&r=g\",\"url\":\"https:\\\/\\\/secure.gravatar.com\\\/avatar\\\/7ee4a23b83cf7f880340161f8b5b00737ec379bc519884a0d2c05abcf15bd586?s=96&d=mm&r=g\",\"contentUrl\":\"https:\\\/\\\/secure.gravatar.com\\\/avatar\\\/7ee4a23b83cf7f880340161f8b5b00737ec379bc519884a0d2c05abcf15bd586?s=96&d=mm&r=g\",\"caption\":\"Moldova Cre\u0219tin\u0103\"},\"url\":\"https:\\\/\\\/moldovacrestina.md\\\/en\\\/author\\\/moldovacrestinatv\\\/\"}]}<\/script>\n<!-- \/ Yoast SEO Premium plugin. -->","yoast_head_json":{"title":"Sesiune Precept Cambodgia, Centre de refugia\u021bi Rom\u00e2nia \u0219i Germania &#8226; Moldova Cre\u0219tin\u0103","robots":{"index":"index","follow":"follow","max-snippet":"max-snippet:-1","max-image-preview":"max-image-preview:large","max-video-preview":"max-video-preview:-1"},"canonical":"https:\/\/moldovacrestina.md\/en\/sesiune-precept-cambodgia-centre-de-refugiati-romania-si-germania\/","og_locale":"en_US","og_type":"article","og_title":"Sesiune Precept Cambodgia, Centre de refugia\u021bi Rom\u00e2nia \u0219i Germania","og_description":"\u00cen edi\u021bia de ast\u0103zi a buletinului de misiune afla\u021bi cum continu\u0103 sesiunea Precept de preg\u0103tire a liderilor \u00een Cambodgia \u0219i","og_url":"https:\/\/moldovacrestina.md\/en\/sesiune-precept-cambodgia-centre-de-refugiati-romania-si-germania\/","og_site_name":"Moldova Cre\u0219tin\u0103","article_publisher":"https:\/\/www.facebook.com\/moldovacrestina\/","article_published_time":"2022-04-25T14:18:05+00:00","article_modified_time":"2024-08-23T04:58:42+00:00","og_image":[{"url":"https:\/\/cdn.moldovacrestina.md\/2022\/04\/e70bf29e-2tc9hz4op68.jpg","width":1,"height":1,"type":"image\/jpeg"}],"author":"Moldova Cre\u0219tin\u0103","twitter_card":"summary_large_image","twitter_creator":"@moldovacrestina","twitter_site":"@moldovacrestina","twitter_misc":{"Written by":"Moldova Cre\u0219tin\u0103","Est. reading time":"2 minutes"},"schema":{"@context":"https:\/\/schema.org","@graph":[{"@type":"Article","@id":"https:\/\/moldovacrestina.md\/en\/sesiune-precept-cambodgia-centre-de-refugiati-romania-si-germania\/#article","isPartOf":{"@id":"https:\/\/moldovacrestina.md\/en\/sesiune-precept-cambodgia-centre-de-refugiati-romania-si-germania\/"},"author":{"name":"Moldova Cre\u0219tin\u0103","@id":"https:\/\/moldovacrestina.md\/en\/#\/schema\/person\/2c1229137b9158f7d3ac74b6ce4db55b"},"headline":"Sesiune Precept Cambodgia, Centre de refugia\u021bi Rom\u00e2nia \u0219i Germania","datePublished":"2022-04-25T14:18:05+00:00","dateModified":"2024-08-23T04:58:42+00:00","mainEntityOfPage":{"@id":"https:\/\/moldovacrestina.md\/en\/sesiune-precept-cambodgia-centre-de-refugiati-romania-si-germania\/"},"wordCount":453,"image":{"@id":"https:\/\/moldovacrestina.md\/en\/sesiune-precept-cambodgia-centre-de-refugiati-romania-si-germania\/#primaryimage"},"thumbnailUrl":"https:\/\/cdn.moldovacrestina.md\/2022\/04\/e70bf29e-2tc9hz4op68.jpg","articleSection":["MCTV"],"inLanguage":"en-US"},{"@type":"WebPage","@id":"https:\/\/moldovacrestina.md\/en\/sesiune-precept-cambodgia-centre-de-refugiati-romania-si-germania\/","url":"https:\/\/moldovacrestina.md\/en\/sesiune-precept-cambodgia-centre-de-refugiati-romania-si-germania\/","name":"Sesiune Precept Cambodgia, Centre de refugia\u021bi Rom\u00e2nia \u0219i Germania &#8226; Moldova Cre\u0219tin\u0103","isPartOf":{"@id":"https:\/\/moldovacrestina.md\/en\/#website"},"primaryImageOfPage":{"@id":"https:\/\/moldovacrestina.md\/en\/sesiune-precept-cambodgia-centre-de-refugiati-romania-si-germania\/#primaryimage"},"image":{"@id":"https:\/\/moldovacrestina.md\/en\/sesiune-precept-cambodgia-centre-de-refugiati-romania-si-germania\/#primaryimage"},"thumbnailUrl":"https:\/\/cdn.moldovacrestina.md\/2022\/04\/e70bf29e-2tc9hz4op68.jpg","datePublished":"2022-04-25T14:18:05+00:00","dateModified":"2024-08-23T04:58:42+00:00","author":{"@id":"https:\/\/moldovacrestina.md\/en\/#\/schema\/person\/2c1229137b9158f7d3ac74b6ce4db55b"},"breadcrumb":{"@id":"https:\/\/moldovacrestina.md\/en\/sesiune-precept-cambodgia-centre-de-refugiati-romania-si-germania\/#breadcrumb"},"inLanguage":"en-US","potentialAction":[{"@type":"ReadAction","target":["https:\/\/moldovacrestina.md\/en\/sesiune-precept-cambodgia-centre-de-refugiati-romania-si-germania\/"]}]},{"@type":"ImageObject","inLanguage":"en-US","@id":"https:\/\/moldovacrestina.md\/en\/sesiune-precept-cambodgia-centre-de-refugiati-romania-si-germania\/#primaryimage","url":"https:\/\/cdn.moldovacrestina.md\/2022\/04\/e70bf29e-2tc9hz4op68.jpg","contentUrl":"https:\/\/cdn.moldovacrestina.md\/2022\/04\/e70bf29e-2tc9hz4op68.jpg"},{"@type":"BreadcrumbList","@id":"https:\/\/moldovacrestina.md\/en\/sesiune-precept-cambodgia-centre-de-refugiati-romania-si-germania\/#breadcrumb","itemListElement":[{"@type":"ListItem","position":1,"name":"Prima pagin\u0103","item":"https:\/\/moldovacrestina.md\/en\/"},{"@type":"ListItem","position":2,"name":"MCTV","item":"https:\/\/moldovacrestina.md\/mctv\/"},{"@type":"ListItem","position":3,"name":"Sesiune Precept Cambodgia, Centre de refugia\u021bi Rom\u00e2nia \u0219i Germania"}]},{"@type":"WebSite","@id":"https:\/\/moldovacrestina.md\/en\/#website","url":"https:\/\/moldovacrestina.md\/en\/","name":"Moldova Cre\u0219tin\u0103","description":"R\u0103spunsuri relevante \u0219i actuale din Biblie","potentialAction":[{"@type":"SearchAction","target":{"@type":"EntryPoint","urlTemplate":"https:\/\/moldovacrestina.md\/en\/?s={search_term_string}"},"query-input":{"@type":"PropertyValueSpecification","valueRequired":true,"valueName":"search_term_string"}}],"inLanguage":"en-US"},{"@type":"Person","@id":"https:\/\/moldovacrestina.md\/en\/#\/schema\/person\/2c1229137b9158f7d3ac74b6ce4db55b","name":"Moldova Cre\u0219tin\u0103","image":{"@type":"ImageObject","inLanguage":"en-US","@id":"https:\/\/secure.gravatar.com\/avatar\/7ee4a23b83cf7f880340161f8b5b00737ec379bc519884a0d2c05abcf15bd586?s=96&d=mm&r=g","url":"https:\/\/secure.gravatar.com\/avatar\/7ee4a23b83cf7f880340161f8b5b00737ec379bc519884a0d2c05abcf15bd586?s=96&d=mm&r=g","contentUrl":"https:\/\/secure.gravatar.com\/avatar\/7ee4a23b83cf7f880340161f8b5b00737ec379bc519884a0d2c05abcf15bd586?s=96&d=mm&r=g","caption":"Moldova Cre\u0219tin\u0103"},"url":"https:\/\/moldovacrestina.md\/en\/author\/moldovacrestinatv\/"}]}},"jetpack_featured_media_url":"https:\/\/cdn.moldovacrestina.md\/2022\/04\/e70bf29e-2tc9hz4op68.jpg","video_meta":{"_ayvpp_video":"2TC9hZ4Op68","_ayvpp_video_id":"VVVlVzNIelJUQTdYTnVxNXdfSlJYMG93LjJUQzloWjRPcDY4","_ayvpp_published":"2022-04-25T17:18:05Z","_ayvpp_author":"Moldova Cre\u0219tin\u0103 TV","_ayvpp_channel":"UCeW3HzRTA7XNuq5w_JRX0ow","_ayvpp_thumbs":{"default":"https:\/\/i.ytimg.com\/vi\/2TC9hZ4Op68\/default.jpg","medium":"https:\/\/i.ytimg.com\/vi\/2TC9hZ4Op68\/mqdefault.jpg","high":"https:\/\/i.ytimg.com\/vi\/2TC9hZ4Op68\/hqdefault.jpg","standard":"https:\/\/i.ytimg.com\/vi\/2TC9hZ4Op68\/sddefault.jpg","maxres":"https:\/\/i.ytimg.com\/vi\/2TC9hZ4Op68\/maxresdefault.jpg"},"_ayvpp_auto_play":"0","_ayvpp_related_show":"","_ayvpp_playlist_name":""},"featured_image":"https:\/\/cdn.moldovacrestina.md\/2022\/04\/e70bf29e-2tc9hz4op68.jpg","wpml":{"language_code":"en","locale":"en_US","text_direction":false,"display_name":"English","native_name":"Englez\u0103","different_language":false},"jetpack-related-posts":[{"id":91275,"url":"https:\/\/moldovacrestina.md\/cum-poate-biserica-sluji-refugiatilor-din-tara\/","url_meta":{"origin":335218,"position":0},"title":"Cum poate Biserica sluji refugia\u021bilor din \u021bar\u0103?","author":"Alexei Tentiuc","date":"March 19, 2016","format":false,"excerpt":"\u00centrebare:\u00a0 Deocamdat\u0103 refugia\u021bii din Siria nu prezint\u0103 o realitate pentru \u021bara noastr\u0103, dar se pare c\u0103 \u00een viitorul apropiat UE ne-ar putea cere s\u0103 g\u0103zduim o cot\u0103 anumit\u0103 de refugia\u021bi.\u00a0Cum pot bisericile din Moldova s\u0103 preg\u0103teasc\u0103 slujitori pentru lucrul cu refugia\u021bii musulmani? Tr\u0103im zile c\u00e2nd lucrurile cu privire la ordinea\u2026","rel":"","context":"<span class=\"jp-relatedposts-post-author\">Alexei Tentiuc<\/span>","block_context":{"text":"Blogosfera","link":"https:\/\/moldovacrestina.md\/familie-si-societate\/blogosfera\/"},"img":{"alt_text":"","src":"https:\/\/i0.wp.com\/moldovacrestina.md\/wp-content\/uploads\/2016\/03\/image5.jpg?resize=350%2C200&ssl=1","width":350,"height":200,"srcset":"https:\/\/i0.wp.com\/moldovacrestina.md\/wp-content\/uploads\/2016\/03\/image5.jpg?resize=350%2C200&ssl=1 1x, https:\/\/i0.wp.com\/moldovacrestina.md\/wp-content\/uploads\/2016\/03\/image5.jpg?resize=525%2C300&ssl=1 1.5x, https:\/\/i0.wp.com\/moldovacrestina.md\/wp-content\/uploads\/2016\/03\/image5.jpg?resize=700%2C400&ssl=1 2x"},"classes":[]},{"id":248950,"url":"https:\/\/moldovacrestina.md\/interviu-tudor-rotaru-sudanul-de-sud\/","url_meta":{"origin":335218,"position":1},"title":"\u201cFra\u021bii sudanezi \u00ee\u0219i doresc mult s\u0103 se intoarc\u0103 \u00een \u021bara lor, acas\u0103 unde pot s\u0103 \u00eengrijeasc\u0103 p\u0103m\u00e2ntul \u0219i familiile lor\u201d. Interviu cu Tudor Rotaru, misionar moldovean \u00een Uganda.","author":"Vitalie Marian","date":"January 30, 2019","format":false,"excerpt":"Cu toate c\u0103 Republica Moldova este considerat\u0103 cea mai s\u0103rac\u0103 \u021bar\u0103 din Europa, exist\u0103 \u021b\u0103ri care o duc mult mai r\u0103u dec\u00e2t noi. Este cazul Sudanului de Sud, care \u00een ultimii ani se confrunt\u0103 cu un r\u0103zboi civil, ce a luat via\u021ba a peste 50 de mii de oameni. Potrivit\u2026","rel":"","context":"<span class=\"jp-relatedposts-post-author\">Vitalie Marian<\/span>","block_context":{"text":"\u0218tiri","link":"https:\/\/moldovacrestina.md\/stiri\/"},"img":{"alt_text":"","src":"https:\/\/i0.wp.com\/cdn.moldovacrestina.md\/2019\/06\/201470a1-20190116_130322.jpg?resize=350%2C200&ssl=1","width":350,"height":200,"srcset":"https:\/\/i0.wp.com\/cdn.moldovacrestina.md\/2019\/06\/201470a1-20190116_130322.jpg?resize=350%2C200&ssl=1 1x, https:\/\/i0.wp.com\/cdn.moldovacrestina.md\/2019\/06\/201470a1-20190116_130322.jpg?resize=525%2C300&ssl=1 1.5x, https:\/\/i0.wp.com\/cdn.moldovacrestina.md\/2019\/06\/201470a1-20190116_130322.jpg?resize=700%2C400&ssl=1 2x, https:\/\/i0.wp.com\/cdn.moldovacrestina.md\/2019\/06\/201470a1-20190116_130322.jpg?resize=1050%2C600&ssl=1 3x, https:\/\/i0.wp.com\/cdn.moldovacrestina.md\/2019\/06\/201470a1-20190116_130322.jpg?resize=1400%2C800&ssl=1 4x"},"classes":[]},{"id":340461,"url":"https:\/\/moldovacrestina.md\/refugiatii-in-uganda-cum-supravietuiesc-o-luna-cu-4-kg-de-porumb-un-sapun-si\/","url_meta":{"origin":335218,"position":2},"title":"REFUGIA\u021aII \u00een UGANDA &#8211; cum supravie\u021buiesc o lun\u0103 cu 4 kg de porumb, un s\u0103pun \u0219i \u2026","author":"Vasile Filat","date":"February 5, 2023","format":false,"excerpt":"V\u0103 invit s\u0103 vizit\u0103m pe oamenii care au fugit din Sudanul de Sud \u0219i acum locuiesc \u00een condi\u021bii foarte grele \u00een taberele din nordul Ugandei. \u00cen acest episod: 00:00:00 - Introducerea 00:01:02 - 16 ore cu ma\u0219ina spre ora\u0219ul Moyo 00:02:49 - Cascada Murchison 00:04:11 - Via\u021ba \u00een Uganda 00:05:34\u2026","rel":"","context":"<span class=\"jp-relatedposts-post-author\">Vasile Filat<\/span>","block_context":{"text":"#Video Blog","link":"https:\/\/moldovacrestina.md\/mctv\/video-blog\/"},"img":{"alt_text":"","src":"https:\/\/i0.wp.com\/cdn.moldovacrestina.md\/2023\/02\/7625ef46-qaatbudfk4q.jpg?resize=350%2C200&ssl=1","width":350,"height":200,"srcset":"https:\/\/i0.wp.com\/cdn.moldovacrestina.md\/2023\/02\/7625ef46-qaatbudfk4q.jpg?resize=350%2C200&ssl=1 1x, https:\/\/i0.wp.com\/cdn.moldovacrestina.md\/2023\/02\/7625ef46-qaatbudfk4q.jpg?resize=525%2C300&ssl=1 1.5x, https:\/\/i0.wp.com\/cdn.moldovacrestina.md\/2023\/02\/7625ef46-qaatbudfk4q.jpg?resize=700%2C400&ssl=1 2x, https:\/\/i0.wp.com\/cdn.moldovacrestina.md\/2023\/02\/7625ef46-qaatbudfk4q.jpg?resize=1050%2C600&ssl=1 3x"},"classes":[]},{"id":337494,"url":"https:\/\/moldovacrestina.md\/aniversarea-ims-scoala-timotei-sesiuni-de-studiu-biblic\/","url_meta":{"origin":335218,"position":3},"title":"Aniversarea IMS, \u0219coala Timotei, sesiuni de studiu biblic","author":"Moldova Cre\u0219tin\u0103","date":"August 27, 2022","format":false,"excerpt":"\u00cen data de 21 august \u0218coala Interna\u021bional\u0103 de Misiune Precept \u0219i-a s\u0103rb\u0103torit aniversarea de 10 ani de la fondare, perioad\u0103 \u00een care au fost preg\u0103ti\u021bi zeci de slujitori \u00een Evanghelie pentru mai mult de 15 \u021b\u0103ri. Tot \u00een luna august, \u00een cadrul misiunii Precept Moldova, s-a desf\u0103\u0219urat o sesiune a\u2026","rel":"","context":"<span class=\"jp-relatedposts-post-author\">Moldova Cre\u0219tin\u0103<\/span>","block_context":{"text":"MCTV","link":"https:\/\/moldovacrestina.md\/mctv\/"},"img":{"alt_text":"","src":"https:\/\/i0.wp.com\/cdn.moldovacrestina.md\/2022\/08\/93a7b80b-ld3stfwlbxk.jpg?resize=350%2C200&ssl=1","width":350,"height":200,"srcset":"https:\/\/i0.wp.com\/cdn.moldovacrestina.md\/2022\/08\/93a7b80b-ld3stfwlbxk.jpg?resize=350%2C200&ssl=1 1x, https:\/\/i0.wp.com\/cdn.moldovacrestina.md\/2022\/08\/93a7b80b-ld3stfwlbxk.jpg?resize=525%2C300&ssl=1 1.5x, https:\/\/i0.wp.com\/cdn.moldovacrestina.md\/2022\/08\/93a7b80b-ld3stfwlbxk.jpg?resize=700%2C400&ssl=1 2x, https:\/\/i0.wp.com\/cdn.moldovacrestina.md\/2022\/08\/93a7b80b-ld3stfwlbxk.jpg?resize=1050%2C600&ssl=1 3x"},"classes":[]},{"id":335915,"url":"https:\/\/moldovacrestina.md\/lucrarea-centrului-de-zi-pentru-copii-din-ucraina-marturii-de-la-sesiune-persoanelor-cu-dizabilitati\/","url_meta":{"origin":335218,"position":4},"title":"Lucrarea centrului de zi pentru copii din Ucraina.M\u0103rturii de la sesiune persoanelor cu dizabilit\u0103\u021bi","author":"Moldova Cre\u0219tin\u0103","date":"May 17, 2022","format":false,"excerpt":"\u00cen edi\u021bia de ast\u0103zi a buletinului de misiune v\u0103 prezent\u0103m cum se desf\u0103\u0219oar\u0103 lucrarea centrului de zi pentru copiii din Ucraina din cadrul Bisericii \u201cBuna Vestire\u201d din Chi\u0219in\u0103u. De asemenea, vom vedea m\u0103rturiile celor ce participa la sesiunea I din cadrul Institutului Biblic, care se desf\u0103\u0219oar\u0103 \u00een Horjesti, rn. Hincesti.\u2026","rel":"","context":"<span class=\"jp-relatedposts-post-author\">Moldova Cre\u0219tin\u0103<\/span>","block_context":{"text":"MCTV","link":"https:\/\/moldovacrestina.md\/mctv\/"},"img":{"alt_text":"","src":"","width":0,"height":0},"classes":[]},{"id":335124,"url":"https:\/\/moldovacrestina.md\/scoala-de-fotbal-precept-centre-de-ajutor-pentru-refugiati\/","url_meta":{"origin":335218,"position":5},"title":"\ud83c\uddf7\ud83c\uddf4\ud83c\uddf7\ud83c\uddfa\ud83c\uddfa\ud83c\uddf8 \u0218coala de Fotbal Precept, centre de ajutor pentru refugia\u021bi","author":"Moldova Cre\u0219tin\u0103","date":"April 18, 2022","format":false,"excerpt":"\u00cen edi\u021bia de ast\u0103zi a buletinului informativ afla\u021bi despre activitatea continu\u0103 a centrelor de ajutorare a refugia\u021bilor \u0219i despre \u0218coala de Fotbal Precept din Orhei, o \u0219coal\u0103 care \u00eencadreaz\u0103 copiii \u00eentr-un ritm disciplinat de studiere a Bibliei. \u0218coala de Fotbal Precept: https:\/\/www.facebook.com\/groups\/585875179446438 Telefon: +37369842047 Call-Centru Ajutor Cre\u0219tin pentru Refugia\u021bi: +37378605080\u2026","rel":"","context":"<span class=\"jp-relatedposts-post-author\">Moldova Cre\u0219tin\u0103<\/span>","block_context":{"text":"MCTV","link":"https:\/\/moldovacrestina.md\/mctv\/"},"img":{"alt_text":"","src":"","width":0,"height":0},"classes":[]}],"jetpack_sharing_enabled":true,"_links":{"self":[{"href":"https:\/\/moldovacrestina.md\/en\/wp-json\/wp\/v2\/posts\/335218","targetHints":{"allow":["GET"]}}],"collection":[{"href":"https:\/\/moldovacrestina.md\/en\/wp-json\/wp\/v2\/posts"}],"about":[{"href":"https:\/\/moldovacrestina.md\/en\/wp-json\/wp\/v2\/types\/post"}],"author":[{"embeddable":true,"href":"https:\/\/moldovacrestina.md\/en\/wp-json\/wp\/v2\/users\/154"}],"replies":[{"embeddable":true,"href":"https:\/\/moldovacrestina.md\/en\/wp-json\/wp\/v2\/comments?post=335218"}],"version-history":[{"count":0,"href":"https:\/\/moldovacrestina.md\/en\/wp-json\/wp\/v2\/posts\/335218\/revisions"}],"wp:featuredmedia":[{"embeddable":true,"href":"https:\/\/moldovacrestina.md\/en\/wp-json\/wp\/v2\/media\/335219"}],"wp:attachment":[{"href":"https:\/\/moldovacrestina.md\/en\/wp-json\/wp\/v2\/media?parent=335218"}],"wp:term":[{"taxonomy":"category","embeddable":true,"href":"https:\/\/moldovacrestina.md\/en\/wp-json\/wp\/v2\/categories?post=335218"},{"taxonomy":"post_tag","embeddable":true,"href":"https:\/\/moldovacrestina.md\/en\/wp-json\/wp\/v2\/tags?post=335218"}],"curies":[{"name":"wp","href":"https:\/\/api.w.org\/{rel}","templated":true}]}}