{"id":331840,"date":"2021-12-14T12:21:25","date_gmt":"2021-12-14T10:21:25","guid":{"rendered":"https:\/\/moldovacrestina.md\/?p=331840"},"modified":"2021-12-14T12:21:25","modified_gmt":"2021-12-14T10:21:25","slug":"did-the-son-of-god-exist-before-his-incarnation","status":"publish","type":"post","link":"https:\/\/moldovacrestina.md\/en\/did-the-son-of-god-exist-before-his-incarnation\/","title":{"rendered":"Did the Son of God exist before His incarnation?"},"content":{"rendered":"<p><span style=\"font-weight: 400\">Question:<\/span><\/p>\n<blockquote><p><i><span style=\"font-weight: 400\">I hope you don&#8217;t think I want to stress you out or make fun of you, because I think that through your answers you seek to speak primarily to those who do not know God. And I, who am raised in a family of believers and always seek to maintain a correct relationship with God, now ask you the 3rd or 4th question and I have allowed myself to contradict you when it seemed to me that you didn\u2019t make a correct argument. Trying to understand the Jehovah&#8217;s Witnesses and trying to prove the trinity to myself in the first place, I came across several things, and I think that the answer to the following question is not useful only to me. What birth is mentioned in the Epistle to the Hebrews: &#8220;You are My Son, today I gave birth to You&#8221;? And I quote what someone said on a forum: \u201cThey established the paradoxical, but totally unbiblical thesis, that the Son already existed in heaven as an individual divine person and that the pre-existing Son was then born on earth. Where is this written in the Bible? Of course, nowhere! [\u2026 ..] It is often argued that the Son was sent, without it being understood that the Son was before the Word, the Logos. It is not written: &#8220;In the beginning was the Son\u2026&#8221;, but: &#8220;In the beginning was the Word\u2026 And the Word became flesh.&#8221;<\/span><\/i><i><span style=\"font-weight: 400\">\u00a0 So it can be said that in a certain sense the Son did not exist before the incarnation? That is, did the Word become the Son only after the birth of the virgin? Thank you and God bless you.\u00a0<\/span><\/i><\/p><\/blockquote>\n<p><span style=\"font-weight: 400\">It is an aberration and impudence for someone to make the false statement that there is nowhere in the Bible that the Lord Jesus Christ existed before He took human flesh and that the Lord Jesus and the Word (Logos) are different persons. Let&#8217;s see what the Bible says.\u00a0<\/span><\/p>\n<h2><b>The Gospel of John 1:1-18\u00a0<\/b><\/h2>\n<p><span style=\"font-weight: 400\">Read this passage carefully and write down the keyword &#8220;Word&#8221; and all its synonyms (you will soon see that the word &#8220;Jesus Christ&#8221; is synonymous with the word &#8220;Word&#8221;) and then make a list of everything you learn about the Word.\u00a0<\/span><\/p>\n<blockquote><p><span style=\"font-weight: 400\">\u00a0\u201cIn the beginning was the Word, and the Word was with God, and the Word was God. He was in the beginning with God. <\/span><b>\u00a0<\/b><b>All things came into being through Him, and apart from Him not even one thing came into being that has come into being.<\/b><span style=\"font-weight: 400\"> In Him was life, and the life was the Light of mankind. And the Light shines in the darkness, and the darkness did not grasp it.<\/span> <span style=\"font-weight: 400\">A man came, <\/span><i><span style=\"font-weight: 400\">one<\/span><\/i><span style=\"font-weight: 400\"> sent from God, <\/span><i><span style=\"font-weight: 400\">and<\/span><\/i><span style=\"font-weight: 400\"> his name was John. He came as a witness, to testify about the Light, so that all might believe through him. He was not the Light, but <\/span><i><span style=\"font-weight: 400\">he came<\/span><\/i><span style=\"font-weight: 400\"> to testify about the Light. <\/span><i><span style=\"font-weight: 400\">This<\/span><\/i><span style=\"font-weight: 400\"> was the true Light that, coming into the world, enlightens every person. He was in the world, and the world came into being through Him, and <\/span><i><span style=\"font-weight: 400\">yet<\/span><\/i><span style=\"font-weight: 400\"> the world did not know Him. <\/span><span style=\"font-weight: 400\">\u00a0<\/span><span style=\"font-weight: 400\">He came to His own, and His own people did not accept Him. <\/span><span style=\"font-weight: 400\">\u00a0<\/span><span style=\"font-weight: 400\">But as many as received Him, to them He gave the right to become children of God, to those who believe in His name, <\/span><span style=\"font-weight: 400\">\u00a0<\/span><span style=\"font-weight: 400\">who were born, not of blood, nor of the will of the flesh, nor of the will of a man, but of God.<\/span> <span style=\"font-weight: 400\">And the Word became flesh, and dwelt among us; and we saw His glory, glory as of the only <\/span><i><span style=\"font-weight: 400\">Son<\/span><\/i><span style=\"font-weight: 400\"> from the Father, full of grace and truth. John *testified about Him and called out, saying, \u201cThis was He of whom I said, \u2018He who is coming after me has proved to be my superior, because He existed before me.\u2019\u201d For of His fullness we have all received, and grace upon grace. For the Law was given through Moses; grace and truth were realized through Jesus Christ. No one has seen God at any time; God the only <\/span><i><span style=\"font-weight: 400\">Son<\/span><\/i><span style=\"font-weight: 400\">, who is in the arms of the Father, He has explained <\/span><i><span style=\"font-weight: 400\">Him<\/span><\/i><span style=\"font-weight: 400\">.\u201d (John 1:1-18 NASB)<\/span><\/p><\/blockquote>\n<p><span style=\"font-weight: 400\">Here are two important things we need to learn from this text:\u00a0<\/span><\/p>\n<ol>\n<li style=\"font-weight: 400\"><span style=\"font-weight: 400\">The Word and Jesus Christ are one and the same person. There are not two different people. John the Baptist testified of the Lord Jesus Christ, he did not make two separate confessions, one about the Word and one about Jesus Christ. This Word that became flesh is Jesus Christ.\u00a0<\/span><\/li>\n<li style=\"font-weight: 400\"><span style=\"font-weight: 400\">The word, that is, Jesus Christ, existed before the world was created because all things were made through Him, and nothing that was made was made without Him. There are no exceptions.\u00a0<\/span><\/li>\n<\/ol>\n<h2><b>The Epistle to the Hebrews 1\u00a0<\/b><\/h2>\n<p><span style=\"font-weight: 400\">And in this text God says that Jesus Christ existed before the foundation of the world and that He is the agent of creation:\u00a0<\/span><\/p>\n<blockquote><p><span style=\"font-weight: 400\">\u00a0<\/span><span style=\"font-weight: 400\">God, after He spoke long ago to the fathers in the prophets in many portions and in many ways, in these last days has spoken to us in <\/span><i><span style=\"font-weight: 400\">His<\/span><\/i><span style=\"font-weight: 400\"> Son, whom He appointed heir of all things, <\/span><b>through whom He also made the world.<\/b><span style=\"font-weight: 400\">\u00a0 (Hebrews 1:1-2 NASB)<\/span><\/p><\/blockquote>\n<h2><b>Colossians 1:13-17<\/b><\/h2>\n<p><span style=\"font-weight: 400\">This text makes clear the difference between Jesus who was born and the whole creation, that is, the creation whose agent He was.\u00a0<\/span><\/p>\n<blockquote><p><span style=\"font-weight: 400\">For He rescued us from the domain of darkness, and transferred us to the kingdom of His beloved Son, in whom we have redemption, the forgiveness of sins. He is the image of the invisible God, <\/span><b>the firstborn of all creation<\/b><span style=\"font-weight: 400\">: <\/span><span style=\"font-weight: 400\">\u00a0<\/span><span style=\"font-weight: 400\">for by <\/span><b>Him all things were created, <\/b><b><i>both<\/i><\/b><b> in the heavens and on earth<\/b><span style=\"font-weight: 400\">, visible and invisible, whether thrones, or dominions, or rulers, or authorities\u2014<\/span><b>all things have been created through Him and for Him. <\/b><b>\u00a0<\/b><b>He is before all things,<\/b><span style=\"font-weight: 400\"> and in Him all things hold together. (Colossians 1:13-17 NASB)<\/span><\/p><\/blockquote>\n<p><span style=\"font-weight: 400\">Scripture does not say when Jesus Christ was born and we cannot penetrate this divine mystery with our human thinking, but we must receive it by faith as God left it written in the Holy Scriptures. Jesus Christ is the firstborn of all creation, and through Him were made all things that are in heaven and on earth. He is (did not appear, but is) before all things. And as we can see, this text is about one Jesus Christ, not two separate individuals, as Jehovah&#8217;s Witnesses say. May God keep us from all false teachings and help us cling to the truth of the Holy Scriptures.\u00a0<\/span><\/p>\n<p>Translated by Nicoleta Vicliuc<\/p>\n","protected":false},"excerpt":{"rendered":"<p>Question: I hope you don&#8217;t think I want to stress you out or make fun of you, because I think that through your answers you seek to speak primarily to those who do not know God. And I, who am raised in a family of believers and always seek to maintain a correct relationship with [&hellip;]<\/p>\n","protected":false},"author":46,"featured_media":331841,"comment_status":"closed","ping_status":"closed","sticky":false,"template":"","format":"standard","meta":{"_acf_changed":false,"inline_featured_image":false,"_monsterinsights_skip_tracking":false,"_monsterinsights_sitenote_active":false,"_monsterinsights_sitenote_note":"","_monsterinsights_sitenote_category":0,"_genesis_hide_title":false,"_genesis_hide_breadcrumbs":false,"_genesis_hide_singular_image":false,"_genesis_hide_footer_widgets":false,"_genesis_custom_body_class":"","_genesis_custom_post_class":"","_genesis_layout":"","ep_exclude_from_search":false,"_jetpack_memberships_contains_paid_content":false,"footnotes":""},"categories":[29951],"tags":[32069,66099,66100,66101],"class_list":{"0":"post-331840","1":"post","2":"type-post","3":"status-publish","4":"format-standard","5":"has-post-thumbnail","7":"category-doctrine-en","8":"tag-jesus-christ-en","9":"tag-the-word","10":"tag-jesus-before-the-incarnation","11":"tag-before-creation","12":"entry"},"acf":[],"yoast_head":"<!-- This site is optimized with the Yoast SEO Premium plugin v26.5 (Yoast SEO v27.4) - https:\/\/yoast.com\/product\/yoast-seo-premium-wordpress\/ -->\n<title>Did the Son of God exist before His incarnation?<\/title>\n<meta name=\"description\" content=\"Where does it say in the Bible that Jesus Christ existed before His incarnation? Read in this article.\" \/>\n<meta name=\"robots\" content=\"index, follow, max-snippet:-1, max-image-preview:large, max-video-preview:-1\" \/>\n<link rel=\"canonical\" href=\"https:\/\/moldovacrestina.md\/en\/did-the-son-of-god-exist-before-his-incarnation\/\" \/>\n<meta property=\"og:locale\" content=\"en_US\" \/>\n<meta property=\"og:type\" content=\"article\" \/>\n<meta property=\"og:title\" content=\"Did the Son of God exist before His incarnation?\" \/>\n<meta property=\"og:description\" content=\"Where does it say in the Bible that Jesus Christ existed before His incarnation? Read in this article.\" \/>\n<meta property=\"og:url\" content=\"https:\/\/moldovacrestina.md\/en\/did-the-son-of-god-exist-before-his-incarnation\/\" \/>\n<meta property=\"og:site_name\" content=\"Moldova Cre\u0219tin\u0103\" \/>\n<meta property=\"article:publisher\" content=\"https:\/\/www.facebook.com\/moldovacrestina\/\" \/>\n<meta property=\"article:published_time\" content=\"2021-12-14T10:21:25+00:00\" \/>\n<meta property=\"og:image\" content=\"https:\/\/cdn.moldovacrestina.md\/2021\/12\/36f8823e-istockphoto-961512098-612x612-1.jpeg\" \/>\n\t<meta property=\"og:image:width\" content=\"1\" \/>\n\t<meta property=\"og:image:height\" content=\"1\" \/>\n\t<meta property=\"og:image:type\" content=\"image\/jpeg\" \/>\n<meta name=\"author\" content=\"Vasile Filat\" \/>\n<meta name=\"twitter:card\" content=\"summary_large_image\" \/>\n<meta name=\"twitter:creator\" content=\"@moldovacrestina\" \/>\n<meta name=\"twitter:site\" content=\"@moldovacrestina\" \/>\n<meta name=\"twitter:label1\" content=\"Written by\" \/>\n\t<meta name=\"twitter:data1\" content=\"Vasile Filat\" \/>\n\t<meta name=\"twitter:label2\" content=\"Est. reading time\" \/>\n\t<meta name=\"twitter:data2\" content=\"5 minutes\" \/>\n<script type=\"application\/ld+json\" class=\"yoast-schema-graph\">{\"@context\":\"https:\\\/\\\/schema.org\",\"@graph\":[{\"@type\":\"Article\",\"@id\":\"https:\\\/\\\/moldovacrestina.md\\\/en\\\/did-the-son-of-god-exist-before-his-incarnation\\\/#article\",\"isPartOf\":{\"@id\":\"https:\\\/\\\/moldovacrestina.md\\\/en\\\/did-the-son-of-god-exist-before-his-incarnation\\\/\"},\"author\":{\"name\":\"Vasile Filat\",\"@id\":\"https:\\\/\\\/moldovacrestina.md\\\/en\\\/#\\\/schema\\\/person\\\/04b204bbb582cc832c3d2424f5d27dc0\"},\"headline\":\"Did the Son of God exist before His incarnation?\",\"datePublished\":\"2021-12-14T10:21:25+00:00\",\"mainEntityOfPage\":{\"@id\":\"https:\\\/\\\/moldovacrestina.md\\\/en\\\/did-the-son-of-god-exist-before-his-incarnation\\\/\"},\"wordCount\":1104,\"image\":{\"@id\":\"https:\\\/\\\/moldovacrestina.md\\\/en\\\/did-the-son-of-god-exist-before-his-incarnation\\\/#primaryimage\"},\"thumbnailUrl\":\"https:\\\/\\\/cdn.moldovacrestina.md\\\/2021\\\/12\\\/36f8823e-istockphoto-961512098-612x612-1.jpeg\",\"keywords\":[\"Jesus Christ\",\"the Word\",\"Jesus before the incarnation\",\"before creation\"],\"articleSection\":[\"Doctrine\"],\"inLanguage\":\"en-US\"},{\"@type\":\"WebPage\",\"@id\":\"https:\\\/\\\/moldovacrestina.md\\\/en\\\/did-the-son-of-god-exist-before-his-incarnation\\\/\",\"url\":\"https:\\\/\\\/moldovacrestina.md\\\/en\\\/did-the-son-of-god-exist-before-his-incarnation\\\/\",\"name\":\"Did the Son of God exist before His incarnation?\",\"isPartOf\":{\"@id\":\"https:\\\/\\\/moldovacrestina.md\\\/en\\\/#website\"},\"primaryImageOfPage\":{\"@id\":\"https:\\\/\\\/moldovacrestina.md\\\/en\\\/did-the-son-of-god-exist-before-his-incarnation\\\/#primaryimage\"},\"image\":{\"@id\":\"https:\\\/\\\/moldovacrestina.md\\\/en\\\/did-the-son-of-god-exist-before-his-incarnation\\\/#primaryimage\"},\"thumbnailUrl\":\"https:\\\/\\\/cdn.moldovacrestina.md\\\/2021\\\/12\\\/36f8823e-istockphoto-961512098-612x612-1.jpeg\",\"datePublished\":\"2021-12-14T10:21:25+00:00\",\"author\":{\"@id\":\"https:\\\/\\\/moldovacrestina.md\\\/en\\\/#\\\/schema\\\/person\\\/04b204bbb582cc832c3d2424f5d27dc0\"},\"description\":\"Where does it say in the Bible that Jesus Christ existed before His incarnation? Read in this article.\",\"breadcrumb\":{\"@id\":\"https:\\\/\\\/moldovacrestina.md\\\/en\\\/did-the-son-of-god-exist-before-his-incarnation\\\/#breadcrumb\"},\"inLanguage\":\"en-US\",\"potentialAction\":[{\"@type\":\"ReadAction\",\"target\":[\"https:\\\/\\\/moldovacrestina.md\\\/en\\\/did-the-son-of-god-exist-before-his-incarnation\\\/\"]}]},{\"@type\":\"ImageObject\",\"inLanguage\":\"en-US\",\"@id\":\"https:\\\/\\\/moldovacrestina.md\\\/en\\\/did-the-son-of-god-exist-before-his-incarnation\\\/#primaryimage\",\"url\":\"https:\\\/\\\/cdn.moldovacrestina.md\\\/2021\\\/12\\\/36f8823e-istockphoto-961512098-612x612-1.jpeg\",\"contentUrl\":\"https:\\\/\\\/cdn.moldovacrestina.md\\\/2021\\\/12\\\/36f8823e-istockphoto-961512098-612x612-1.jpeg\"},{\"@type\":\"BreadcrumbList\",\"@id\":\"https:\\\/\\\/moldovacrestina.md\\\/en\\\/did-the-son-of-god-exist-before-his-incarnation\\\/#breadcrumb\",\"itemListElement\":[{\"@type\":\"ListItem\",\"position\":1,\"name\":\"Prima pagin\u0103\",\"item\":\"https:\\\/\\\/moldovacrestina.md\\\/en\\\/\"},{\"@type\":\"ListItem\",\"position\":2,\"name\":\"Doctrine\",\"item\":\"https:\\\/\\\/moldovacrestina.md\\\/en\\\/doctrine-en\\\/\"},{\"@type\":\"ListItem\",\"position\":3,\"name\":\"Did the Son of God exist before His incarnation?\"}]},{\"@type\":\"WebSite\",\"@id\":\"https:\\\/\\\/moldovacrestina.md\\\/en\\\/#website\",\"url\":\"https:\\\/\\\/moldovacrestina.md\\\/en\\\/\",\"name\":\"Moldova Cre\u0219tin\u0103\",\"description\":\"R\u0103spunsuri relevante \u0219i actuale din Biblie\",\"potentialAction\":[{\"@type\":\"SearchAction\",\"target\":{\"@type\":\"EntryPoint\",\"urlTemplate\":\"https:\\\/\\\/moldovacrestina.md\\\/en\\\/?s={search_term_string}\"},\"query-input\":{\"@type\":\"PropertyValueSpecification\",\"valueRequired\":true,\"valueName\":\"search_term_string\"}}],\"inLanguage\":\"en-US\"},{\"@type\":\"Person\",\"@id\":\"https:\\\/\\\/moldovacrestina.md\\\/en\\\/#\\\/schema\\\/person\\\/04b204bbb582cc832c3d2424f5d27dc0\",\"name\":\"Vasile Filat\",\"image\":{\"@type\":\"ImageObject\",\"inLanguage\":\"en-US\",\"@id\":\"https:\\\/\\\/secure.gravatar.com\\\/avatar\\\/2e02d082d139dd6eb634318c9cf2c3a8281db62f24f87a134adb4f2020e77ab3?s=96&d=mm&r=g\",\"url\":\"https:\\\/\\\/secure.gravatar.com\\\/avatar\\\/2e02d082d139dd6eb634318c9cf2c3a8281db62f24f87a134adb4f2020e77ab3?s=96&d=mm&r=g\",\"contentUrl\":\"https:\\\/\\\/secure.gravatar.com\\\/avatar\\\/2e02d082d139dd6eb634318c9cf2c3a8281db62f24f87a134adb4f2020e77ab3?s=96&d=mm&r=g\",\"caption\":\"Vasile Filat\"},\"description\":\"P\u0103storesc\u00a0Biserica Bunavestire din Chi\u0219in\u0103u, predau Cuv\u00e2ntul lui Dumnezeu la\u00a0Institutul de Studiu Biblic Inductiv din Eurasia\u00a0\u0219i conduc\u00a0Asocia\u021bia \\\"\u00cenv\u0103\u021b\u0103tur\u0103 din Cuv\u00e2nt - Precept Ministries\\\" din Moldova. \u00cempreun\u0103 cu so\u021bia mea\u00a0Anastasia, avem trei copii. Din Aprilie 2007 am oferit r\u0103spunsuri din Biblie pe acest site la \u00eentreb\u0103ri adresate de cititori. Mai mult despre mine citi\u021bi\u00a0aici.\",\"url\":\"https:\\\/\\\/moldovacrestina.md\\\/en\\\/author\\\/vasile-filat\\\/\"}]}<\/script>\n<!-- \/ Yoast SEO Premium plugin. -->","yoast_head_json":{"title":"Did the Son of God exist before His incarnation?","description":"Where does it say in the Bible that Jesus Christ existed before His incarnation? Read in this article.","robots":{"index":"index","follow":"follow","max-snippet":"max-snippet:-1","max-image-preview":"max-image-preview:large","max-video-preview":"max-video-preview:-1"},"canonical":"https:\/\/moldovacrestina.md\/en\/did-the-son-of-god-exist-before-his-incarnation\/","og_locale":"en_US","og_type":"article","og_title":"Did the Son of God exist before His incarnation?","og_description":"Where does it say in the Bible that Jesus Christ existed before His incarnation? Read in this article.","og_url":"https:\/\/moldovacrestina.md\/en\/did-the-son-of-god-exist-before-his-incarnation\/","og_site_name":"Moldova Cre\u0219tin\u0103","article_publisher":"https:\/\/www.facebook.com\/moldovacrestina\/","article_published_time":"2021-12-14T10:21:25+00:00","og_image":[{"url":"https:\/\/cdn.moldovacrestina.md\/2021\/12\/36f8823e-istockphoto-961512098-612x612-1.jpeg","width":1,"height":1,"type":"image\/jpeg"}],"author":"Vasile Filat","twitter_card":"summary_large_image","twitter_creator":"@moldovacrestina","twitter_site":"@moldovacrestina","twitter_misc":{"Written by":"Vasile Filat","Est. reading time":"5 minutes"},"schema":{"@context":"https:\/\/schema.org","@graph":[{"@type":"Article","@id":"https:\/\/moldovacrestina.md\/en\/did-the-son-of-god-exist-before-his-incarnation\/#article","isPartOf":{"@id":"https:\/\/moldovacrestina.md\/en\/did-the-son-of-god-exist-before-his-incarnation\/"},"author":{"name":"Vasile Filat","@id":"https:\/\/moldovacrestina.md\/en\/#\/schema\/person\/04b204bbb582cc832c3d2424f5d27dc0"},"headline":"Did the Son of God exist before His incarnation?","datePublished":"2021-12-14T10:21:25+00:00","mainEntityOfPage":{"@id":"https:\/\/moldovacrestina.md\/en\/did-the-son-of-god-exist-before-his-incarnation\/"},"wordCount":1104,"image":{"@id":"https:\/\/moldovacrestina.md\/en\/did-the-son-of-god-exist-before-his-incarnation\/#primaryimage"},"thumbnailUrl":"https:\/\/cdn.moldovacrestina.md\/2021\/12\/36f8823e-istockphoto-961512098-612x612-1.jpeg","keywords":["Jesus Christ","the Word","Jesus before the incarnation","before creation"],"articleSection":["Doctrine"],"inLanguage":"en-US"},{"@type":"WebPage","@id":"https:\/\/moldovacrestina.md\/en\/did-the-son-of-god-exist-before-his-incarnation\/","url":"https:\/\/moldovacrestina.md\/en\/did-the-son-of-god-exist-before-his-incarnation\/","name":"Did the Son of God exist before His incarnation?","isPartOf":{"@id":"https:\/\/moldovacrestina.md\/en\/#website"},"primaryImageOfPage":{"@id":"https:\/\/moldovacrestina.md\/en\/did-the-son-of-god-exist-before-his-incarnation\/#primaryimage"},"image":{"@id":"https:\/\/moldovacrestina.md\/en\/did-the-son-of-god-exist-before-his-incarnation\/#primaryimage"},"thumbnailUrl":"https:\/\/cdn.moldovacrestina.md\/2021\/12\/36f8823e-istockphoto-961512098-612x612-1.jpeg","datePublished":"2021-12-14T10:21:25+00:00","author":{"@id":"https:\/\/moldovacrestina.md\/en\/#\/schema\/person\/04b204bbb582cc832c3d2424f5d27dc0"},"description":"Where does it say in the Bible that Jesus Christ existed before His incarnation? Read in this article.","breadcrumb":{"@id":"https:\/\/moldovacrestina.md\/en\/did-the-son-of-god-exist-before-his-incarnation\/#breadcrumb"},"inLanguage":"en-US","potentialAction":[{"@type":"ReadAction","target":["https:\/\/moldovacrestina.md\/en\/did-the-son-of-god-exist-before-his-incarnation\/"]}]},{"@type":"ImageObject","inLanguage":"en-US","@id":"https:\/\/moldovacrestina.md\/en\/did-the-son-of-god-exist-before-his-incarnation\/#primaryimage","url":"https:\/\/cdn.moldovacrestina.md\/2021\/12\/36f8823e-istockphoto-961512098-612x612-1.jpeg","contentUrl":"https:\/\/cdn.moldovacrestina.md\/2021\/12\/36f8823e-istockphoto-961512098-612x612-1.jpeg"},{"@type":"BreadcrumbList","@id":"https:\/\/moldovacrestina.md\/en\/did-the-son-of-god-exist-before-his-incarnation\/#breadcrumb","itemListElement":[{"@type":"ListItem","position":1,"name":"Prima pagin\u0103","item":"https:\/\/moldovacrestina.md\/en\/"},{"@type":"ListItem","position":2,"name":"Doctrine","item":"https:\/\/moldovacrestina.md\/en\/doctrine-en\/"},{"@type":"ListItem","position":3,"name":"Did the Son of God exist before His incarnation?"}]},{"@type":"WebSite","@id":"https:\/\/moldovacrestina.md\/en\/#website","url":"https:\/\/moldovacrestina.md\/en\/","name":"Moldova Cre\u0219tin\u0103","description":"R\u0103spunsuri relevante \u0219i actuale din Biblie","potentialAction":[{"@type":"SearchAction","target":{"@type":"EntryPoint","urlTemplate":"https:\/\/moldovacrestina.md\/en\/?s={search_term_string}"},"query-input":{"@type":"PropertyValueSpecification","valueRequired":true,"valueName":"search_term_string"}}],"inLanguage":"en-US"},{"@type":"Person","@id":"https:\/\/moldovacrestina.md\/en\/#\/schema\/person\/04b204bbb582cc832c3d2424f5d27dc0","name":"Vasile Filat","image":{"@type":"ImageObject","inLanguage":"en-US","@id":"https:\/\/secure.gravatar.com\/avatar\/2e02d082d139dd6eb634318c9cf2c3a8281db62f24f87a134adb4f2020e77ab3?s=96&d=mm&r=g","url":"https:\/\/secure.gravatar.com\/avatar\/2e02d082d139dd6eb634318c9cf2c3a8281db62f24f87a134adb4f2020e77ab3?s=96&d=mm&r=g","contentUrl":"https:\/\/secure.gravatar.com\/avatar\/2e02d082d139dd6eb634318c9cf2c3a8281db62f24f87a134adb4f2020e77ab3?s=96&d=mm&r=g","caption":"Vasile Filat"},"description":"P\u0103storesc\u00a0Biserica Bunavestire din Chi\u0219in\u0103u, predau Cuv\u00e2ntul lui Dumnezeu la\u00a0Institutul de Studiu Biblic Inductiv din Eurasia\u00a0\u0219i conduc\u00a0Asocia\u021bia \"\u00cenv\u0103\u021b\u0103tur\u0103 din Cuv\u00e2nt - Precept Ministries\" din Moldova. \u00cempreun\u0103 cu so\u021bia mea\u00a0Anastasia, avem trei copii. Din Aprilie 2007 am oferit r\u0103spunsuri din Biblie pe acest site la \u00eentreb\u0103ri adresate de cititori. Mai mult despre mine citi\u021bi\u00a0aici.","url":"https:\/\/moldovacrestina.md\/en\/author\/vasile-filat\/"}]}},"jetpack_featured_media_url":"https:\/\/cdn.moldovacrestina.md\/2021\/12\/36f8823e-istockphoto-961512098-612x612-1.jpeg","video_meta":false,"featured_image":"https:\/\/cdn.moldovacrestina.md\/2021\/12\/36f8823e-istockphoto-961512098-612x612-1.jpeg","wpml":{"language_code":"en","locale":"en_US","text_direction":false,"display_name":"English","native_name":"Englez\u0103","different_language":false},"jetpack-related-posts":[{"id":83594,"url":"https:\/\/moldovacrestina.md\/ru\/hto-znachit-zlosloviti-za-hrista\/","url_meta":{"origin":331840,"position":0},"title":"\u041d\u0430 \u0447\u0442\u043e \u0441\u0441\u044b\u043b\u0430\u0435\u0442\u0441\u044f \u0418\u0438\u0441\u0443\u0441 \u0425\u0440\u0438\u0441\u0442\u043e\u0441, \u0433\u043e\u0432\u043e\u0440\u044f \u201c\u043d\u0435\u043f\u0440\u0430\u0432\u0435\u0434\u043d\u043e \u0437\u043b\u043e\u0441\u043b\u043e\u0432\u0438\u0442\u044c \u0437\u0430 \u041c\u0435\u043d\u044f\u201d?","author":"Vasile Filat","date":"September 8, 2010","format":false,"excerpt":"\u0412\u043e\u043f\u0440\u043e\u0441: \u0421\u0435\u0433\u043e\u0434\u043d\u044f \u0432\u043e \u0432\u0440\u0435\u043c\u044f \u043e\u0431\u0435\u0434\u0435\u043d\u043d\u043e\u0433\u043e \u043f\u0435\u0440\u0435\u0440\u044b\u0432\u0430 \u044f \u0441\u043b\u0443\u0448\u0430\u043b \u043e \u0431\u043b\u0430\u0436\u0435\u043d\u0441\u0442\u0432\u0430\u0445, \u0441\u043a\u0430\u0437\u0430\u043d\u043d\u044b\u0445 \u0418\u0438\u0441\u0443\u0441\u043e\u043c \u0425\u0440\u0438\u0441\u0442\u043e\u043c \u0432 \u041d\u0430\u0433\u043e\u0440\u043d\u043e\u0439 \u041f\u0440\u043e\u043f\u043e\u0432\u0435\u0434\u0438, \u0438 \u0443 \u043c\u0435\u043d\u044f \u0435\u0441\u0442\u044c \u043d\u0435\u0434\u043e\u043f\u043e\u043d\u0438\u043c\u0430\u043d\u0438\u0435 \u043f\u043e \u044d\u0442\u043e\u043c\u0443 \u043f\u043e\u0432\u043e\u0434\u0443. \u042f \u043f\u043e\u043d\u0438\u043c\u0430\u044e, \u0447\u0442\u043e \u0425\u0440\u0438\u0441\u0442\u043e\u0441 \u0441\u043a\u0430\u0437\u0430\u043b \u0443\u0447\u0435\u043d\u0438\u043a\u0430\u043c, \u0447\u0442\u043e \u043e\u043d\u0438 \u0431\u0443\u0434\u0443\u0442 \u0441\u0442\u0440\u0430\u0434\u0430\u0442\u044c \u043f\u043e \u043f\u0440\u0438\u0447\u0438\u043d\u0435 \u043f\u0440\u043e\u043f\u043e\u0432\u0435\u0434\u0438 \u0421\u043b\u043e\u0432\u0430 \u0438\u043b\u0438 \u0441\u043e \u0441\u0442\u043e\u0440\u043e\u043d\u044b \u043d\u0435\u0432\u0435\u0440\u0443\u044e\u0449\u0438\u0445, \u043d\u043e \u044f \u043d\u0435 \u043f\u043e\u043d\u0438\u043c\u0430\u044e \u0432\u044b\u0440\u0430\u0436\u0435\u043d\u0438\u044f \u201c\u043d\u0435\u043f\u0440\u0430\u0432\u0435\u0434\u043d\u043e \u0437\u043b\u043e\u0441\u043b\u043e\u0432\u0438\u0442\u044c \u0437\u0430\u2026","rel":"","context":"<span class=\"jp-relatedposts-post-author\">Vasile Filat<\/span>","block_context":{"text":"\u0414\u043e\u043a\u0442\u0440\u0438\u043d\u044b","link":"https:\/\/moldovacrestina.md\/ru\/otvety-iz-biblii\/doktriny-ru\/"},"img":{"alt_text":"","src":"","width":0,"height":0},"classes":[]},{"id":112659,"url":"https:\/\/moldovacrestina.md\/ru\/kogda-opravdanie-nechestivogo-yavlyaet\/","url_meta":{"origin":331840,"position":1},"title":"\u041a\u043e\u0433\u0434\u0430 \u043e\u043f\u0440\u0430\u0432\u0434\u0430\u043d\u0438\u0435 \u043d\u0435\u0447\u0435\u0441\u0442\u0438\u0432\u043e\u0433\u043e \u044f\u0432\u043b\u044f\u0435\u0442\u0441\u044f \u043c\u0435\u0440\u0437\u043e\u0441\u0442\u044c\u044e \u043f\u0435\u0440\u0435\u0434 \u0411\u043e\u0433\u043e\u043c? (\u041f\u0440\u0438\u0442\u0447\u0438 17:15)","author":"Vasile Filat","date":"January 16, 2017","format":false,"excerpt":"\u0412\u0441\u0435 \u043c\u044b \u0436\u0435\u043b\u0430\u0435\u043c \u043f\u0440\u043e\u0449\u0435\u043d\u0438\u044f \u043e\u0442 \u0411\u043e\u0433\u0430, \u0438 \u0411\u043e\u0433 \u0443\u0447\u0438\u0442 \u043d\u0430\u0441 \u043f\u0440\u043e\u0449\u0430\u0442\u044c \u0442\u0435\u0445, \u043a\u0442\u043e \u0441\u0434\u0435\u043b\u0430\u043b\u0441\u044f \u0432\u0438\u043d\u043e\u0432\u0430\u0442\u044b\u043c \u043f\u0435\u0440\u0435\u0434 \u043d\u0430\u043c\u0438. \u0412\u0441\u0451-\u0442\u0430\u043a\u0438, \u0441\u0443\u0449\u0435\u0441\u0442\u0432\u0443\u0435\u0442 \u0441\u0442\u0438\u0445 \u0438\u0437 \u0411\u0438\u0431\u043b\u0438\u0438, \u0432 \u043a\u043e\u0442\u043e\u0440\u043e\u043c \u043d\u0430\u043f\u0438\u0441\u0430\u043d\u043e, \u0447\u0442\u043e \u043e\u043f\u0440\u0430\u0432\u0434\u044b\u0432\u0430\u0442\u044c \u0438\u043b\u0438\u00a0\u043f\u0440\u043e\u0449\u0430\u0442\u044c \u043d\u0435\u0447\u0435\u0441\u0442\u0438\u0432\u043e\u0433\u043e\u00a0- \u044d\u0442\u043e \u043c\u0435\u0440\u0437\u043e\u0441\u0442\u044c \u043f\u0435\u0440\u0435\u0434 \u0411\u043e\u0433\u043e\u043c. \u0422\u0430\u043a\u0438\u0435 \u0441\u0438\u0442\u0443\u0430\u0446\u0438\u0438 \u0438\u043c\u0435\u044e\u0442\u0441\u044f \u0432 \u0432\u0438\u0434\u0443 \u0432 \u0441\u043b\u0435\u0434\u0443\u044e\u0449\u0435\u043c \u0432\u043e\u043f\u0440\u043e\u0441\u0435, \u043a\u043e\u0442\u043e\u0440\u044b\u0439 \u0431\u044b\u043b \u0437\u0430\u0434\u0430\u043d \u043c\u043d\u0435: \u041c\u0438\u0440 \u0432\u0430\u043c, \u043f\u0430\u0441\u0442\u043e\u0440 \u0412\u0430\u0441\u0438\u043b\u0438\u0439. \u042f\u2026","rel":"","context":"<span class=\"jp-relatedposts-post-author\">Vasile Filat<\/span>","block_context":{"text":"\u041e\u0442\u0432\u0435\u0442\u044b \u0438\u0437 \u0411\u0438\u0431\u043b\u0438\u0438","link":"https:\/\/moldovacrestina.md\/ru\/otvety-iz-biblii\/"},"img":{"alt_text":"","src":"https:\/\/i0.wp.com\/moldovacrestina.md\/wp-content\/uploads\/2017\/01\/o-forgiveness-facebook-1024x512-2.jpg?resize=350%2C200&ssl=1","width":350,"height":200,"srcset":"https:\/\/i0.wp.com\/moldovacrestina.md\/wp-content\/uploads\/2017\/01\/o-forgiveness-facebook-1024x512-2.jpg?resize=350%2C200&ssl=1 1x, https:\/\/i0.wp.com\/moldovacrestina.md\/wp-content\/uploads\/2017\/01\/o-forgiveness-facebook-1024x512-2.jpg?resize=525%2C300&ssl=1 1.5x, https:\/\/i0.wp.com\/moldovacrestina.md\/wp-content\/uploads\/2017\/01\/o-forgiveness-facebook-1024x512-2.jpg?resize=700%2C400&ssl=1 2x"},"classes":[]},{"id":84641,"url":"https:\/\/moldovacrestina.md\/ru\/test-homofobia\/","url_meta":{"origin":331840,"position":2},"title":"\u0421\u0434\u0435\u043b\u0430\u0442\u044c \u0442\u0435\u0441\u0442, \u0447\u0442\u043e\u0431\u044b \u0443\u0437\u043d\u0430\u0442\u044c, \u044f\u0432\u043b\u044f\u0435\u0448\u044c\u0441\u044f \u043b\u0438 \u0442\u044b \u0413\u041e\u041c\u041e\u0424\u041e\u0411\u041e\u041c?","author":"Vasile Filat","date":"January 14, 2011","format":false,"excerpt":"\u041f\u043e\u0441\u043a\u043e\u043b\u044c\u043a\u0443 \u044f \u043c\u043d\u043e\u0433\u043e \u0440\u0430\u0437 \u0434\u0435\u043b\u0430\u043b \u0437\u0430\u044f\u0432\u043b\u0435\u043d\u0438\u044f \u043f\u043e \u043f\u043e\u0432\u043e\u0434\u0443 \u043d\u0430\u0441\u0438\u043b\u0438\u044f, \u043d\u0430 \u043a\u043e\u0442\u043e\u0440\u043e\u043c \u043d\u0430\u0441\u0442\u0430\u0438\u0432\u0430\u0435\u0442 \u043e\u0440\u0433\u0430\u043d\u0438\u0437\u0430\u0446\u0438\u044f \u0433\u043e\u043c\u043e\u0441\u0435\u043a\u0441\u0443\u0430\u043b\u0438\u0441\u0442\u043e\u0432 \u0438\u0437 \u041c\u043e\u043b\u0434\u043e\u0432\u044b \u0438 \u0434\u0440\u0443\u0433\u0438\u0435 \u043e\u0440\u0433\u0430\u043d\u0438\u0437\u0430\u0446\u0438\u0438, \u043a\u043e\u0442\u043e\u0440\u044b\u0435 \u043f\u0440\u043e\u043f\u0430\u0433\u0430\u043d\u0434\u0438\u0440\u0443\u044e\u0442\u00a0 \u0442\u0430\u043a \u043d\u0430\u0437\u044b\u0432\u0430\u0435\u043c\u044b\u0435 \u201c\u043f\u0440\u0430\u0432\u0430 \u0441\u0435\u043a\u0441\u0443\u0430\u043b\u044c\u043d\u044b\u0445 \u043c\u0435\u043d\u044c\u0448\u0438\u043d\u0441\u0442\u0432\u201d, \u043c\u0435\u043d\u044f \u0447\u0430\u0441\u0442\u043e \u0441\u0442\u0430\u043b\u0438 \u043d\u0430\u0437\u044b\u0432\u0430\u0442\u044c \u201c\u0433\u043e\u043c\u043e\u0444\u043e\u0431\u201d, \u0442\u043e\u0447\u043d\u043e \u0442\u0430\u043a\u0436\u0435, \u043a\u0430\u043a \u043e\u043d\u0438 \u043d\u0430\u0437\u044b\u0432\u0430\u044e\u0442 \u043b\u044e\u0431\u043e\u0433\u043e, \u043a\u0442\u043e \u043d\u0435 \u0440\u0430\u0437\u0434\u0435\u043b\u044f\u0435\u0442 \u0438\u0445 \u043c\u043d\u0435\u043d\u0438\u044f. \u0421\u0435\u0433\u043e\u0434\u043d\u044f \u044f \u043f\u043e\u043b\u0443\u0447\u0438\u043b \u043f\u043e email \u043f\u0440\u0438\u0433\u043b\u0430\u0448\u0435\u043d\u0438\u0435 \u0441\u0434\u0435\u043b\u0430\u0442\u044c \u0442\u0435\u0441\u0442,\u2026","rel":"","context":"<span class=\"jp-relatedposts-post-author\">Vasile Filat<\/span>","block_context":{"text":"\u041e\u0431\u0449\u0435\u0441\u0442\u0432\u043e","link":"https:\/\/moldovacrestina.md\/ru\/otvety-iz-biblii\/obshhestvo\/"},"img":{"alt_text":"","src":"https:\/\/i0.wp.com\/americansfortruth.com\/uploads\/2011\/01\/Homophobia_Quiz-300x148.png?resize=350%2C200","width":350,"height":200},"classes":[]},{"id":319647,"url":"https:\/\/moldovacrestina.md\/ru\/mozhem-li-my-povelevat-i-provozglashat-v-molitve-pastor-vasile-filat\/","url_meta":{"origin":331840,"position":3},"title":"\u041c\u043e\u0436\u0435\u043c \u043b\u0438 \u043c\u044b \u043f\u043e\u0432\u0435\u043b\u0435\u0432\u0430\u0442\u044c \u0438 \u043f\u0440\u043e\u0432\u043e\u0437\u0433\u043b\u0430\u0448\u0430\u0442\u044c \u0432 \u043c\u043e\u043b\u0438\u0442\u0432\u0435? | \u041f\u0430\u0441\u0442\u043e\u0440 \u0412\u0430\u0441\u0438\u043b\u0435 \u0424\u0438\u043b\u0430\u0442","author":"Vasile Filat","date":"December 30, 2020","format":false,"excerpt":"\u041c\u043e\u0436\u0435\u043c \u043b\u0438 \u043c\u044b \u043f\u043e\u0432\u0435\u043b\u0435\u0432\u0430\u0442\u044c \u0438 \u043f\u0440\u043e\u0432\u043e\u0437\u0433\u043b\u0430\u0448\u0430\u0442\u044c \u0432 \u043c\u043e\u043b\u0438\u0442\u0432\u0435? \u041c\u043e\u0436\u0435\u0442 \u043b\u0438 \u0445\u0440\u0438\u0441\u0442\u0438\u0430\u043d\u0438\u043d \u043f\u043e\u0432\u0435\u043b\u0435\u0432\u0430\u0442\u044c, \u043f\u0440\u0438\u043a\u0430\u0437\u044b\u0432\u0430\u0442\u044c, \u0440\u0430\u0437\u0440\u0443\u0448\u0430\u0442\u044c \u0438\u043b\u0438 \u0441\u0432\u044f\u0437\u044b\u0432\u0430\u0442\u044c \u0432 \u043c\u043e\u043b\u0438\u0442\u0432\u0435? \u041c\u043e\u0436\u0435\u0442 \u043b\u0438 \u043e\u0442\u0441\u0443\u0442\u0441\u0442\u0432\u0438\u0435 \u044d\u0442\u0438\u0445 \u0441\u043b\u043e\u0432 \u0432 \u043c\u043e\u043b\u0438\u0442\u0432\u0435 \u0431\u044b\u0442\u044c \u043f\u0440\u0438\u0447\u0438\u043d\u043e\u0439 \u043f\u043e\u0447\u0435\u043c\u0443 \u0411\u043e\u0433 \u043d\u0435 \u043e\u0442\u0432\u0435\u0447\u0430\u0435\u0442 \u043d\u0430 \u043c\u043e\u043b\u0438\u0442\u0432\u044b? \u0415\u0441\u0442\u044c \u043b\u0438 \u044d\u0442\u043e\u043c\u0443 \u0431\u0438\u0431\u043b\u0435\u0439\u0441\u043a\u043e\u0435 \u043e\u0441\u043d\u043e\u0432\u0430\u043d\u0438\u0435? \u041a\u0430\u043a\u043e\u0439 \u0434\u043e\u043b\u0436\u043d\u0430 \u0431\u044b\u0442\u044c \u043d\u0430\u0448\u0430 \u043c\u043e\u043b\u0438\u0442\u0432\u0430? \u0412 \u044d\u0442\u043e\u043c \u0432\u0438\u0434\u0435\u043e \u043e\u0442\u0432\u0435\u0447\u0430\u044e \u043d\u0430 \u044d\u0442\u0438 \u0432\u043e\u043f\u0440\u043e\u0441\u044b,\u2026","rel":"","context":"<span class=\"jp-relatedposts-post-author\">Vasile Filat<\/span>","block_context":{"text":"\u041e\u0442\u0432\u0435\u0442\u044b \u0438\u0437 \u0411\u0438\u0431\u043b\u0438\u0438","link":"https:\/\/moldovacrestina.md\/ru\/otvety-iz-biblii\/"},"img":{"alt_text":"","src":"","width":0,"height":0},"classes":[]},{"id":326146,"url":"https:\/\/moldovacrestina.md\/ru\/paren-izmenil-i-ostavil-kak-postupit-devushke-chtoby-ne-vpast-v-razocharovanie\/","url_meta":{"origin":331840,"position":4},"title":"\u041f\u0430\u0440\u0435\u043d\u044c \u0438\u0437\u043c\u0435\u043d\u0438\u043b \u0438 \u043e\u0441\u0442\u0430\u0432\u0438\u043b. \u041a\u0430\u043a \u043f\u043e\u0441\u0442\u0443\u043f\u0438\u0442\u044c \u0434\u0435\u0432\u0443\u0448\u043a\u0435 \u0447\u0442\u043e\u0431\u044b \u043d\u0435 \u0432\u043f\u0430\u0441\u0442\u044c \u0432 \u0440\u0430\u0437\u043e\u0447\u0430\u0440\u043e\u0432\u0430\u043d\u0438\u0435?","author":"Vasile Filat","date":"April 21, 2021","format":false,"excerpt":"\u0418\u0441\u0442\u0438\u043d\u043d\u044b\u0435 \u0432\u0437\u0430\u0438\u043c\u043e\u043e\u0442\u043d\u043e\u0448\u0435\u043d\u0438\u044f \u0441 \u0411\u043e\u0433\u043e\u043c: https:\/\/shop.eurasiaprecept.org\/ru\/product\/istinnye-vzaimootnosheniya-s-bogom\/ \u0411\u0438\u0431\u043b\u0435\u0439\u0441\u043a\u043e\u0435 \u043d\u0430\u0441\u0442\u0430\u0432\u043b\u0435\u043d\u0438\u0435 \u0434\u043b\u044f \u043c\u043e\u043b\u043e\u0434\u0451\u0436\u0438: https:\/\/shop.eurasiaprecept.org\/ru\/pr...\u200b \u041f\u041e\u0416\u0415\u0420\u0422\u0412\u041e\u0412\u0410\u041d\u0418\u042f \u0434\u043b\u044f \u0441\u0442\u0440\u043e\u0438\u0442\u0435\u043b\u044c\u0441\u0442\u0432\u0430 \u0437\u0430\u043b\u0430 \u043f\u043e \u0442\u0445\u044d\u043a\u0432\u043e\u043d\u0434\u043e \u043c\u043e\u0433\u0443\u0442 \u0431\u044b\u0442\u044c \u043e\u0442\u043f\u0440\u0430\u0432\u043b\u0435\u043d\u044b \u043d\u0430 \u0441\u043b\u0435\u0434\u0443\u044e\u0449\u0438\u0435 \u0441\u0447\u0435\u0442\u0430: \u0411\u0430\u043d\u043a\u043e\u0432\u0441\u043a\u0438\u0435 \u0440\u0435\u043a\u0432\u0438\u0437\u0438\u0442\u044b \u0434\u043b\u044f \u043f\u0435\u0440\u0435\u0432\u043e\u0434\u0430 \u0432 \u043b\u0435\u044f\u0445 \u0411\u0430\u043d\u043a \u043f\u043e\u043b\u0443\u0447\u0430\u0442\u0435\u043b\u044f: BC Victoriabank SA SWIFT \u0431\u0430\u043d\u043a\u0430: VICBMD2X \u041f\u043e\u043b\u0443\u0447\u0430\u0442\u0435\u043b\u044c: ILESCU MARIA IBAN: MD61VI022330700004048MDL \u0420\u0435\u043a\u0432\u0438\u0437\u0438\u0442\u044b \u0434\u043b\u044f \u043f\u0435\u0440\u0435\u0432\u043e\u0434\u0430 \u0432 \u0415\u0412\u0420\u041e \u0411\u0430\u043d\u043a \u043f\u043e\u043b\u0443\u0447\u0430\u0442\u0435\u043b\u044f: BC Victoriabank\u2026","rel":"","context":"<span class=\"jp-relatedposts-post-author\">Vasile Filat<\/span>","block_context":{"text":"\u041e\u0442\u0432\u0435\u0442\u044b \u0438\u0437 \u0411\u0438\u0431\u043b\u0438\u0438","link":"https:\/\/moldovacrestina.md\/ru\/otvety-iz-biblii\/"},"img":{"alt_text":"","src":"","width":0,"height":0},"classes":[]},{"id":363515,"url":"https:\/\/moldovacrestina.md\/ce-inseamna-sa-nu-te-impotrivesti-raului-predica-din-matei-5-38-48-pastor-vasile-filat\/","url_meta":{"origin":331840,"position":5},"title":"Ce \u00eenseamn\u0103 s\u0103 nu te \u00eempotrive\u0219ti r\u0103ului | Predica din Matei 5:38-48 | Pastor Vasile Filat","author":"Moldova Cre\u0219tin\u0103","date":"September 8, 2025","format":false,"excerpt":"Ce a vrut, de fapt, Domnul Isus s\u0103 ne \u00eenve\u021be atunci c\u00e2nd a spus: \u201eDac\u0103 te love\u0219te cineva peste obrazul drept, \u00eentoarce-i \u0219i pe cel\u0103lalt\u201d? Oare trebuie s\u0103 \u00eencuraj\u0103m r\u0103ul, s\u0103-i l\u0103s\u0103m pe cei nedrep\u021bi s\u0103 fac\u0103 ce vor, f\u0103r\u0103 limite? Cum mai putem tr\u0103i \u00eentr-o societate unde r\u0103ul nu\u2026","rel":"","context":"<span class=\"jp-relatedposts-post-author\">Moldova Cre\u0219tin\u0103<\/span>","block_context":{"text":"MCTV","link":"https:\/\/moldovacrestina.md\/mctv\/"},"img":{"alt_text":"","src":"https:\/\/i0.wp.com\/cdn.moldovacrestina.md\/2025\/09\/26e179e4-w6qnyms5oiw.jpg?resize=350%2C200&ssl=1","width":350,"height":200,"srcset":"https:\/\/i0.wp.com\/cdn.moldovacrestina.md\/2025\/09\/26e179e4-w6qnyms5oiw.jpg?resize=350%2C200&ssl=1 1x, https:\/\/i0.wp.com\/cdn.moldovacrestina.md\/2025\/09\/26e179e4-w6qnyms5oiw.jpg?resize=525%2C300&ssl=1 1.5x, https:\/\/i0.wp.com\/cdn.moldovacrestina.md\/2025\/09\/26e179e4-w6qnyms5oiw.jpg?resize=700%2C400&ssl=1 2x, https:\/\/i0.wp.com\/cdn.moldovacrestina.md\/2025\/09\/26e179e4-w6qnyms5oiw.jpg?resize=1050%2C600&ssl=1 3x"},"classes":[]}],"jetpack_sharing_enabled":true,"_links":{"self":[{"href":"https:\/\/moldovacrestina.md\/en\/wp-json\/wp\/v2\/posts\/331840","targetHints":{"allow":["GET"]}}],"collection":[{"href":"https:\/\/moldovacrestina.md\/en\/wp-json\/wp\/v2\/posts"}],"about":[{"href":"https:\/\/moldovacrestina.md\/en\/wp-json\/wp\/v2\/types\/post"}],"author":[{"embeddable":true,"href":"https:\/\/moldovacrestina.md\/en\/wp-json\/wp\/v2\/users\/46"}],"replies":[{"embeddable":true,"href":"https:\/\/moldovacrestina.md\/en\/wp-json\/wp\/v2\/comments?post=331840"}],"version-history":[{"count":0,"href":"https:\/\/moldovacrestina.md\/en\/wp-json\/wp\/v2\/posts\/331840\/revisions"}],"wp:featuredmedia":[{"embeddable":true,"href":"https:\/\/moldovacrestina.md\/en\/wp-json\/wp\/v2\/media\/331841"}],"wp:attachment":[{"href":"https:\/\/moldovacrestina.md\/en\/wp-json\/wp\/v2\/media?parent=331840"}],"wp:term":[{"taxonomy":"category","embeddable":true,"href":"https:\/\/moldovacrestina.md\/en\/wp-json\/wp\/v2\/categories?post=331840"},{"taxonomy":"post_tag","embeddable":true,"href":"https:\/\/moldovacrestina.md\/en\/wp-json\/wp\/v2\/tags?post=331840"}],"curies":[{"name":"wp","href":"https:\/\/api.w.org\/{rel}","templated":true}]}}