{"id":327743,"date":"2021-06-21T20:47:38","date_gmt":"2021-06-21T17:47:38","guid":{"rendered":"https:\/\/moldovacrestina.md\/?p=327743"},"modified":"2021-06-21T20:47:38","modified_gmt":"2021-06-21T17:47:38","slug":"the-non-discrimination-coalition-started-with-discrimination","status":"publish","type":"post","link":"https:\/\/moldovacrestina.md\/en\/the-non-discrimination-coalition-started-with-discrimination\/","title":{"rendered":"THE NON-DISCRIMINATION COALITION started with discrimination"},"content":{"rendered":"<p><span style=\"font-weight: 400\"><strong>On 14 August 2007<\/strong>, a message was sent to the list <a href=\"mailto:cntm@yahoogroups.com\">cntm@yahoogroups.com<\/a> outlining the coalition&#8217;s objectives and inviting all NGOs to join and collaborate in this field. On the same day, I sent a message to <a href=\"mailto:nediscriminare@gmail.com\">nediscriminare@gmail.com<\/a> from the NGO I founded and run. The message was addressed to Dana Cotici and I calculated the following:\u00a0<\/span><\/p>\n<blockquote><p><span style=\"font-weight: 400\">\u2026 we want to join this coalition because we are interested in promoting healthy principles, based on fair values, which will stop the phenomenon of discrimination. Please keep us informed of the Coalition&#8217;s activities and let us know what the program of activities is. We want to take an active part in all activities, discussions and drafting the law.<\/span><\/p><\/blockquote>\n<p><span style=\"font-weight: 400\">We did not receive any response to our message and request.<\/span><\/p>\n<p><span style=\"font-weight: 400\"><strong>On September 13, 2007<\/strong>, almost a month later, I repeated the message and in another two days, on September 15, I received the following answer:<\/span><\/p>\n<blockquote><p><span style=\"font-weight: 400\">Thank you very much for your interest in joining the Non-Discrimination Coalition. I apologize for the delayed message. We are happy to have you as partners and I hope to collaborate as productively as possible in this process that we have started. An official letter of invitation for civil society organizations wishing to become members of the Non-Discrimination Coalition will be sent in the coming days. (Dana Cotici)\u00a0<\/span><\/p><\/blockquote>\n<p><span style=\"font-weight: 400\">The official invitation letter still has not come to this day, but the so-called &#8220;coalition&#8221; is fully active.<\/span><\/p>\n<p><span style=\"font-weight: 400\">I found on this page, which was published on September 7, that another meeting was planned for September 10, where the anti-discrimination bill would be discussed.<\/span><\/p>\n<p><span style=\"font-weight: 400\"><strong>Why aren&#8217;t those who want to participate in the drafting of the law, announced in advance?<\/strong> An announcement that is placed on the internet only three days before the meeting cannot inform people but <\/span><strong><i>can serve as an excuse for the organizers<\/i><\/strong><span style=\"font-weight: 400\"> when they will be rightly accused of drafting a law without consulting the society.\u00a0<\/span><\/p>\n<p><span style=\"font-weight: 400\"><strong>Why are we not notified by e-mail<\/strong>, all those who have expressed their desire to participate in the drafting of this bill?<\/span><\/p>\n<p><span style=\"font-weight: 400\"><strong>Why were the representatives of the religious cults<\/strong> that have suffered a lot and are still subject to discrimination not consulted during the drafting of the law?<\/span><\/p>\n<p><strong><i>The discrimination applied by some influential people in this Non-Discrimination Coalition stands out from the beginning.<\/i><\/strong><\/p>\n<p><span style=\"font-weight: 400\">I suggest you study carefully the draft law and the commentary on the law and send the comments to the addresses <a href=\"mailto:Otilia.Bologan-Vieru@osce.org\">Otilia.Bologan-Vieru@osce.org<\/a> or <a href=\"mailto:info@cntm.md\">info@cntm.md<\/a> Maybe this time we will be really listened to when drafting this law.<\/span><\/p>\n<p><span style=\"font-weight: 400\">I have a few more questions for readers. If you know the answer to them, please post them in the comments, or give us the links where we can find the answers.<\/span><\/p>\n<ol>\n<li><span style=\"font-weight: 400\"> Who are the people who initiated this project and how did these people face discrimination?<\/span><\/li>\n<li><span style=\"font-weight: 400\"> Which organizations initiated this project and in what way are the representatives of these organizations discriminated against?<\/span><\/li>\n<\/ol>\n<p>Translated by Liza Birladeanu<\/p>\n","protected":false},"excerpt":{"rendered":"<p>On 14 August 2007, a message was sent to the list cntm@yahoogroups.com outlining the coalition&#8217;s objectives and inviting all NGOs to join and collaborate in this field. On the same day, I sent a message to nediscriminare@gmail.com from the NGO I founded and run. The message was addressed to Dana Cotici and I calculated the [&hellip;]<\/p>\n","protected":false},"author":46,"featured_media":327744,"comment_status":"closed","ping_status":"closed","sticky":false,"template":"","format":"standard","meta":{"_acf_changed":false,"inline_featured_image":false,"_monsterinsights_skip_tracking":false,"_monsterinsights_sitenote_active":false,"_monsterinsights_sitenote_note":"","_monsterinsights_sitenote_category":0,"_genesis_hide_title":false,"_genesis_hide_breadcrumbs":false,"_genesis_hide_singular_image":false,"_genesis_hide_footer_widgets":false,"_genesis_custom_body_class":"","_genesis_custom_post_class":"","_genesis_layout":"","ep_exclude_from_search":false,"_jetpack_memberships_contains_paid_content":false,"footnotes":""},"categories":[129],"tags":[32798,32829,32882,64776,65666],"class_list":{"0":"post-327743","1":"post","2":"type-post","3":"status-publish","4":"format-standard","5":"has-post-thumbnail","7":"category-society","8":"tag-society-en","9":"tag-internet-en","10":"tag-laws","11":"tag-announcement","12":"tag-non-discrimination","13":"entry"},"acf":[],"yoast_head":"<!-- This site is optimized with the Yoast SEO Premium plugin v26.5 (Yoast SEO v27.4) - https:\/\/yoast.com\/product\/yoast-seo-premium-wordpress\/ -->\n<title>THE NON-DISCRIMINATION COALITION started with discrimination<\/title>\n<meta name=\"description\" content=\"The discrimination applied by some influential people in this Non-Discrimination Coalition stands out from the beginning.\" \/>\n<meta name=\"robots\" content=\"index, follow, max-snippet:-1, max-image-preview:large, max-video-preview:-1\" \/>\n<link rel=\"canonical\" href=\"https:\/\/moldovacrestina.md\/en\/the-non-discrimination-coalition-started-with-discrimination\/\" \/>\n<meta property=\"og:locale\" content=\"en_US\" \/>\n<meta property=\"og:type\" content=\"article\" \/>\n<meta property=\"og:title\" content=\"THE NON-DISCRIMINATION COALITION started with discrimination\" \/>\n<meta property=\"og:description\" content=\"The discrimination applied by some influential people in this Non-Discrimination Coalition stands out from the beginning.\" \/>\n<meta property=\"og:url\" content=\"https:\/\/moldovacrestina.md\/en\/the-non-discrimination-coalition-started-with-discrimination\/\" \/>\n<meta property=\"og:site_name\" content=\"Moldova Cre\u0219tin\u0103\" \/>\n<meta property=\"article:publisher\" content=\"https:\/\/www.facebook.com\/moldovacrestina\/\" \/>\n<meta property=\"article:published_time\" content=\"2021-06-21T17:47:38+00:00\" \/>\n<meta property=\"og:image\" content=\"https:\/\/cdn.moldovacrestina.md\/2021\/06\/c6eb8a99-discrimination-\u00a9canstockphoto-ibreakstock.jpg\" \/>\n\t<meta property=\"og:image:width\" content=\"1\" \/>\n\t<meta property=\"og:image:height\" content=\"1\" \/>\n\t<meta property=\"og:image:type\" content=\"image\/jpeg\" \/>\n<meta name=\"author\" content=\"Vasile Filat\" \/>\n<meta name=\"twitter:card\" content=\"summary_large_image\" \/>\n<meta name=\"twitter:creator\" content=\"@moldovacrestina\" \/>\n<meta name=\"twitter:site\" content=\"@moldovacrestina\" \/>\n<meta name=\"twitter:label1\" content=\"Written by\" \/>\n\t<meta name=\"twitter:data1\" content=\"Vasile Filat\" \/>\n\t<meta name=\"twitter:label2\" content=\"Est. reading time\" \/>\n\t<meta name=\"twitter:data2\" content=\"2 minutes\" \/>\n<script type=\"application\/ld+json\" class=\"yoast-schema-graph\">{\"@context\":\"https:\\\/\\\/schema.org\",\"@graph\":[{\"@type\":\"Article\",\"@id\":\"https:\\\/\\\/moldovacrestina.md\\\/en\\\/the-non-discrimination-coalition-started-with-discrimination\\\/#article\",\"isPartOf\":{\"@id\":\"https:\\\/\\\/moldovacrestina.md\\\/en\\\/the-non-discrimination-coalition-started-with-discrimination\\\/\"},\"author\":{\"name\":\"Vasile Filat\",\"@id\":\"https:\\\/\\\/moldovacrestina.md\\\/en\\\/#\\\/schema\\\/person\\\/04b204bbb582cc832c3d2424f5d27dc0\"},\"headline\":\"THE NON-DISCRIMINATION COALITION started with discrimination\",\"datePublished\":\"2021-06-21T17:47:38+00:00\",\"mainEntityOfPage\":{\"@id\":\"https:\\\/\\\/moldovacrestina.md\\\/en\\\/the-non-discrimination-coalition-started-with-discrimination\\\/\"},\"wordCount\":499,\"image\":{\"@id\":\"https:\\\/\\\/moldovacrestina.md\\\/en\\\/the-non-discrimination-coalition-started-with-discrimination\\\/#primaryimage\"},\"thumbnailUrl\":\"https:\\\/\\\/cdn.moldovacrestina.md\\\/2021\\\/06\\\/c6eb8a99-discrimination-\u00a9canstockphoto-ibreakstock.jpg\",\"keywords\":[\"Society\",\"Internet\",\"laws\",\"announcement\",\"non-discrimination\"],\"articleSection\":[\"Society\"],\"inLanguage\":\"en-US\"},{\"@type\":\"WebPage\",\"@id\":\"https:\\\/\\\/moldovacrestina.md\\\/en\\\/the-non-discrimination-coalition-started-with-discrimination\\\/\",\"url\":\"https:\\\/\\\/moldovacrestina.md\\\/en\\\/the-non-discrimination-coalition-started-with-discrimination\\\/\",\"name\":\"THE NON-DISCRIMINATION COALITION started with discrimination\",\"isPartOf\":{\"@id\":\"https:\\\/\\\/moldovacrestina.md\\\/en\\\/#website\"},\"primaryImageOfPage\":{\"@id\":\"https:\\\/\\\/moldovacrestina.md\\\/en\\\/the-non-discrimination-coalition-started-with-discrimination\\\/#primaryimage\"},\"image\":{\"@id\":\"https:\\\/\\\/moldovacrestina.md\\\/en\\\/the-non-discrimination-coalition-started-with-discrimination\\\/#primaryimage\"},\"thumbnailUrl\":\"https:\\\/\\\/cdn.moldovacrestina.md\\\/2021\\\/06\\\/c6eb8a99-discrimination-\u00a9canstockphoto-ibreakstock.jpg\",\"datePublished\":\"2021-06-21T17:47:38+00:00\",\"author\":{\"@id\":\"https:\\\/\\\/moldovacrestina.md\\\/en\\\/#\\\/schema\\\/person\\\/04b204bbb582cc832c3d2424f5d27dc0\"},\"description\":\"The discrimination applied by some influential people in this Non-Discrimination Coalition stands out from the beginning.\",\"breadcrumb\":{\"@id\":\"https:\\\/\\\/moldovacrestina.md\\\/en\\\/the-non-discrimination-coalition-started-with-discrimination\\\/#breadcrumb\"},\"inLanguage\":\"en-US\",\"potentialAction\":[{\"@type\":\"ReadAction\",\"target\":[\"https:\\\/\\\/moldovacrestina.md\\\/en\\\/the-non-discrimination-coalition-started-with-discrimination\\\/\"]}]},{\"@type\":\"ImageObject\",\"inLanguage\":\"en-US\",\"@id\":\"https:\\\/\\\/moldovacrestina.md\\\/en\\\/the-non-discrimination-coalition-started-with-discrimination\\\/#primaryimage\",\"url\":\"https:\\\/\\\/cdn.moldovacrestina.md\\\/2021\\\/06\\\/c6eb8a99-discrimination-\u00a9canstockphoto-ibreakstock.jpg\",\"contentUrl\":\"https:\\\/\\\/cdn.moldovacrestina.md\\\/2021\\\/06\\\/c6eb8a99-discrimination-\u00a9canstockphoto-ibreakstock.jpg\"},{\"@type\":\"BreadcrumbList\",\"@id\":\"https:\\\/\\\/moldovacrestina.md\\\/en\\\/the-non-discrimination-coalition-started-with-discrimination\\\/#breadcrumb\",\"itemListElement\":[{\"@type\":\"ListItem\",\"position\":1,\"name\":\"Prima pagin\u0103\",\"item\":\"https:\\\/\\\/moldovacrestina.md\\\/en\\\/\"},{\"@type\":\"ListItem\",\"position\":2,\"name\":\"Answers from the Bible\",\"item\":\"https:\\\/\\\/moldovacrestina.md\\\/en\\\/answer-from-the-bible\\\/\"},{\"@type\":\"ListItem\",\"position\":3,\"name\":\"Society\",\"item\":\"https:\\\/\\\/moldovacrestina.md\\\/en\\\/answer-from-the-bible\\\/society\\\/\"},{\"@type\":\"ListItem\",\"position\":4,\"name\":\"THE NON-DISCRIMINATION COALITION started with discrimination\"}]},{\"@type\":\"WebSite\",\"@id\":\"https:\\\/\\\/moldovacrestina.md\\\/en\\\/#website\",\"url\":\"https:\\\/\\\/moldovacrestina.md\\\/en\\\/\",\"name\":\"Moldova Cre\u0219tin\u0103\",\"description\":\"R\u0103spunsuri relevante \u0219i actuale din Biblie\",\"potentialAction\":[{\"@type\":\"SearchAction\",\"target\":{\"@type\":\"EntryPoint\",\"urlTemplate\":\"https:\\\/\\\/moldovacrestina.md\\\/en\\\/?s={search_term_string}\"},\"query-input\":{\"@type\":\"PropertyValueSpecification\",\"valueRequired\":true,\"valueName\":\"search_term_string\"}}],\"inLanguage\":\"en-US\"},{\"@type\":\"Person\",\"@id\":\"https:\\\/\\\/moldovacrestina.md\\\/en\\\/#\\\/schema\\\/person\\\/04b204bbb582cc832c3d2424f5d27dc0\",\"name\":\"Vasile Filat\",\"image\":{\"@type\":\"ImageObject\",\"inLanguage\":\"en-US\",\"@id\":\"https:\\\/\\\/secure.gravatar.com\\\/avatar\\\/2e02d082d139dd6eb634318c9cf2c3a8281db62f24f87a134adb4f2020e77ab3?s=96&d=mm&r=g\",\"url\":\"https:\\\/\\\/secure.gravatar.com\\\/avatar\\\/2e02d082d139dd6eb634318c9cf2c3a8281db62f24f87a134adb4f2020e77ab3?s=96&d=mm&r=g\",\"contentUrl\":\"https:\\\/\\\/secure.gravatar.com\\\/avatar\\\/2e02d082d139dd6eb634318c9cf2c3a8281db62f24f87a134adb4f2020e77ab3?s=96&d=mm&r=g\",\"caption\":\"Vasile Filat\"},\"description\":\"P\u0103storesc\u00a0Biserica Bunavestire din Chi\u0219in\u0103u, predau Cuv\u00e2ntul lui Dumnezeu la\u00a0Institutul de Studiu Biblic Inductiv din Eurasia\u00a0\u0219i conduc\u00a0Asocia\u021bia \\\"\u00cenv\u0103\u021b\u0103tur\u0103 din Cuv\u00e2nt - Precept Ministries\\\" din Moldova. \u00cempreun\u0103 cu so\u021bia mea\u00a0Anastasia, avem trei copii. Din Aprilie 2007 am oferit r\u0103spunsuri din Biblie pe acest site la \u00eentreb\u0103ri adresate de cititori. Mai mult despre mine citi\u021bi\u00a0aici.\",\"url\":\"https:\\\/\\\/moldovacrestina.md\\\/en\\\/author\\\/vasile-filat\\\/\"}]}<\/script>\n<!-- \/ Yoast SEO Premium plugin. -->","yoast_head_json":{"title":"THE NON-DISCRIMINATION COALITION started with discrimination","description":"The discrimination applied by some influential people in this Non-Discrimination Coalition stands out from the beginning.","robots":{"index":"index","follow":"follow","max-snippet":"max-snippet:-1","max-image-preview":"max-image-preview:large","max-video-preview":"max-video-preview:-1"},"canonical":"https:\/\/moldovacrestina.md\/en\/the-non-discrimination-coalition-started-with-discrimination\/","og_locale":"en_US","og_type":"article","og_title":"THE NON-DISCRIMINATION COALITION started with discrimination","og_description":"The discrimination applied by some influential people in this Non-Discrimination Coalition stands out from the beginning.","og_url":"https:\/\/moldovacrestina.md\/en\/the-non-discrimination-coalition-started-with-discrimination\/","og_site_name":"Moldova Cre\u0219tin\u0103","article_publisher":"https:\/\/www.facebook.com\/moldovacrestina\/","article_published_time":"2021-06-21T17:47:38+00:00","og_image":[{"url":"https:\/\/cdn.moldovacrestina.md\/2021\/06\/c6eb8a99-discrimination-\u00a9canstockphoto-ibreakstock.jpg","width":1,"height":1,"type":"image\/jpeg"}],"author":"Vasile Filat","twitter_card":"summary_large_image","twitter_creator":"@moldovacrestina","twitter_site":"@moldovacrestina","twitter_misc":{"Written by":"Vasile Filat","Est. reading time":"2 minutes"},"schema":{"@context":"https:\/\/schema.org","@graph":[{"@type":"Article","@id":"https:\/\/moldovacrestina.md\/en\/the-non-discrimination-coalition-started-with-discrimination\/#article","isPartOf":{"@id":"https:\/\/moldovacrestina.md\/en\/the-non-discrimination-coalition-started-with-discrimination\/"},"author":{"name":"Vasile Filat","@id":"https:\/\/moldovacrestina.md\/en\/#\/schema\/person\/04b204bbb582cc832c3d2424f5d27dc0"},"headline":"THE NON-DISCRIMINATION COALITION started with discrimination","datePublished":"2021-06-21T17:47:38+00:00","mainEntityOfPage":{"@id":"https:\/\/moldovacrestina.md\/en\/the-non-discrimination-coalition-started-with-discrimination\/"},"wordCount":499,"image":{"@id":"https:\/\/moldovacrestina.md\/en\/the-non-discrimination-coalition-started-with-discrimination\/#primaryimage"},"thumbnailUrl":"https:\/\/cdn.moldovacrestina.md\/2021\/06\/c6eb8a99-discrimination-\u00a9canstockphoto-ibreakstock.jpg","keywords":["Society","Internet","laws","announcement","non-discrimination"],"articleSection":["Society"],"inLanguage":"en-US"},{"@type":"WebPage","@id":"https:\/\/moldovacrestina.md\/en\/the-non-discrimination-coalition-started-with-discrimination\/","url":"https:\/\/moldovacrestina.md\/en\/the-non-discrimination-coalition-started-with-discrimination\/","name":"THE NON-DISCRIMINATION COALITION started with discrimination","isPartOf":{"@id":"https:\/\/moldovacrestina.md\/en\/#website"},"primaryImageOfPage":{"@id":"https:\/\/moldovacrestina.md\/en\/the-non-discrimination-coalition-started-with-discrimination\/#primaryimage"},"image":{"@id":"https:\/\/moldovacrestina.md\/en\/the-non-discrimination-coalition-started-with-discrimination\/#primaryimage"},"thumbnailUrl":"https:\/\/cdn.moldovacrestina.md\/2021\/06\/c6eb8a99-discrimination-\u00a9canstockphoto-ibreakstock.jpg","datePublished":"2021-06-21T17:47:38+00:00","author":{"@id":"https:\/\/moldovacrestina.md\/en\/#\/schema\/person\/04b204bbb582cc832c3d2424f5d27dc0"},"description":"The discrimination applied by some influential people in this Non-Discrimination Coalition stands out from the beginning.","breadcrumb":{"@id":"https:\/\/moldovacrestina.md\/en\/the-non-discrimination-coalition-started-with-discrimination\/#breadcrumb"},"inLanguage":"en-US","potentialAction":[{"@type":"ReadAction","target":["https:\/\/moldovacrestina.md\/en\/the-non-discrimination-coalition-started-with-discrimination\/"]}]},{"@type":"ImageObject","inLanguage":"en-US","@id":"https:\/\/moldovacrestina.md\/en\/the-non-discrimination-coalition-started-with-discrimination\/#primaryimage","url":"https:\/\/cdn.moldovacrestina.md\/2021\/06\/c6eb8a99-discrimination-\u00a9canstockphoto-ibreakstock.jpg","contentUrl":"https:\/\/cdn.moldovacrestina.md\/2021\/06\/c6eb8a99-discrimination-\u00a9canstockphoto-ibreakstock.jpg"},{"@type":"BreadcrumbList","@id":"https:\/\/moldovacrestina.md\/en\/the-non-discrimination-coalition-started-with-discrimination\/#breadcrumb","itemListElement":[{"@type":"ListItem","position":1,"name":"Prima pagin\u0103","item":"https:\/\/moldovacrestina.md\/en\/"},{"@type":"ListItem","position":2,"name":"Answers from the Bible","item":"https:\/\/moldovacrestina.md\/en\/answer-from-the-bible\/"},{"@type":"ListItem","position":3,"name":"Society","item":"https:\/\/moldovacrestina.md\/en\/answer-from-the-bible\/society\/"},{"@type":"ListItem","position":4,"name":"THE NON-DISCRIMINATION COALITION started with discrimination"}]},{"@type":"WebSite","@id":"https:\/\/moldovacrestina.md\/en\/#website","url":"https:\/\/moldovacrestina.md\/en\/","name":"Moldova Cre\u0219tin\u0103","description":"R\u0103spunsuri relevante \u0219i actuale din Biblie","potentialAction":[{"@type":"SearchAction","target":{"@type":"EntryPoint","urlTemplate":"https:\/\/moldovacrestina.md\/en\/?s={search_term_string}"},"query-input":{"@type":"PropertyValueSpecification","valueRequired":true,"valueName":"search_term_string"}}],"inLanguage":"en-US"},{"@type":"Person","@id":"https:\/\/moldovacrestina.md\/en\/#\/schema\/person\/04b204bbb582cc832c3d2424f5d27dc0","name":"Vasile Filat","image":{"@type":"ImageObject","inLanguage":"en-US","@id":"https:\/\/secure.gravatar.com\/avatar\/2e02d082d139dd6eb634318c9cf2c3a8281db62f24f87a134adb4f2020e77ab3?s=96&d=mm&r=g","url":"https:\/\/secure.gravatar.com\/avatar\/2e02d082d139dd6eb634318c9cf2c3a8281db62f24f87a134adb4f2020e77ab3?s=96&d=mm&r=g","contentUrl":"https:\/\/secure.gravatar.com\/avatar\/2e02d082d139dd6eb634318c9cf2c3a8281db62f24f87a134adb4f2020e77ab3?s=96&d=mm&r=g","caption":"Vasile Filat"},"description":"P\u0103storesc\u00a0Biserica Bunavestire din Chi\u0219in\u0103u, predau Cuv\u00e2ntul lui Dumnezeu la\u00a0Institutul de Studiu Biblic Inductiv din Eurasia\u00a0\u0219i conduc\u00a0Asocia\u021bia \"\u00cenv\u0103\u021b\u0103tur\u0103 din Cuv\u00e2nt - Precept Ministries\" din Moldova. \u00cempreun\u0103 cu so\u021bia mea\u00a0Anastasia, avem trei copii. Din Aprilie 2007 am oferit r\u0103spunsuri din Biblie pe acest site la \u00eentreb\u0103ri adresate de cititori. Mai mult despre mine citi\u021bi\u00a0aici.","url":"https:\/\/moldovacrestina.md\/en\/author\/vasile-filat\/"}]}},"jetpack_featured_media_url":"https:\/\/cdn.moldovacrestina.md\/2021\/06\/c6eb8a99-discrimination-\u00a9canstockphoto-ibreakstock.jpg","video_meta":false,"featured_image":"https:\/\/cdn.moldovacrestina.md\/2021\/06\/c6eb8a99-discrimination-\u00a9canstockphoto-ibreakstock.jpg","wpml":{"language_code":"en","locale":"en_US","text_direction":false,"display_name":"English","native_name":"Englez\u0103","different_language":false},"jetpack-related-posts":[{"id":84641,"url":"https:\/\/moldovacrestina.md\/ru\/test-homofobia\/","url_meta":{"origin":327743,"position":0},"title":"\u0421\u0434\u0435\u043b\u0430\u0442\u044c \u0442\u0435\u0441\u0442, \u0447\u0442\u043e\u0431\u044b \u0443\u0437\u043d\u0430\u0442\u044c, \u044f\u0432\u043b\u044f\u0435\u0448\u044c\u0441\u044f \u043b\u0438 \u0442\u044b \u0413\u041e\u041c\u041e\u0424\u041e\u0411\u041e\u041c?","author":"Vasile Filat","date":"January 14, 2011","format":false,"excerpt":"\u041f\u043e\u0441\u043a\u043e\u043b\u044c\u043a\u0443 \u044f \u043c\u043d\u043e\u0433\u043e \u0440\u0430\u0437 \u0434\u0435\u043b\u0430\u043b \u0437\u0430\u044f\u0432\u043b\u0435\u043d\u0438\u044f \u043f\u043e \u043f\u043e\u0432\u043e\u0434\u0443 \u043d\u0430\u0441\u0438\u043b\u0438\u044f, \u043d\u0430 \u043a\u043e\u0442\u043e\u0440\u043e\u043c \u043d\u0430\u0441\u0442\u0430\u0438\u0432\u0430\u0435\u0442 \u043e\u0440\u0433\u0430\u043d\u0438\u0437\u0430\u0446\u0438\u044f \u0433\u043e\u043c\u043e\u0441\u0435\u043a\u0441\u0443\u0430\u043b\u0438\u0441\u0442\u043e\u0432 \u0438\u0437 \u041c\u043e\u043b\u0434\u043e\u0432\u044b \u0438 \u0434\u0440\u0443\u0433\u0438\u0435 \u043e\u0440\u0433\u0430\u043d\u0438\u0437\u0430\u0446\u0438\u0438, \u043a\u043e\u0442\u043e\u0440\u044b\u0435 \u043f\u0440\u043e\u043f\u0430\u0433\u0430\u043d\u0434\u0438\u0440\u0443\u044e\u0442\u00a0 \u0442\u0430\u043a \u043d\u0430\u0437\u044b\u0432\u0430\u0435\u043c\u044b\u0435 \u201c\u043f\u0440\u0430\u0432\u0430 \u0441\u0435\u043a\u0441\u0443\u0430\u043b\u044c\u043d\u044b\u0445 \u043c\u0435\u043d\u044c\u0448\u0438\u043d\u0441\u0442\u0432\u201d, \u043c\u0435\u043d\u044f \u0447\u0430\u0441\u0442\u043e \u0441\u0442\u0430\u043b\u0438 \u043d\u0430\u0437\u044b\u0432\u0430\u0442\u044c \u201c\u0433\u043e\u043c\u043e\u0444\u043e\u0431\u201d, \u0442\u043e\u0447\u043d\u043e \u0442\u0430\u043a\u0436\u0435, \u043a\u0430\u043a \u043e\u043d\u0438 \u043d\u0430\u0437\u044b\u0432\u0430\u044e\u0442 \u043b\u044e\u0431\u043e\u0433\u043e, \u043a\u0442\u043e \u043d\u0435 \u0440\u0430\u0437\u0434\u0435\u043b\u044f\u0435\u0442 \u0438\u0445 \u043c\u043d\u0435\u043d\u0438\u044f. \u0421\u0435\u0433\u043e\u0434\u043d\u044f \u044f \u043f\u043e\u043b\u0443\u0447\u0438\u043b \u043f\u043e email \u043f\u0440\u0438\u0433\u043b\u0430\u0448\u0435\u043d\u0438\u0435 \u0441\u0434\u0435\u043b\u0430\u0442\u044c \u0442\u0435\u0441\u0442,\u2026","rel":"","context":"<span class=\"jp-relatedposts-post-author\">Vasile Filat<\/span>","block_context":{"text":"\u041e\u0431\u0449\u0435\u0441\u0442\u0432\u043e","link":"https:\/\/moldovacrestina.md\/ru\/otvety-iz-biblii\/obshhestvo\/"},"img":{"alt_text":"","src":"https:\/\/i0.wp.com\/americansfortruth.com\/uploads\/2011\/01\/Homophobia_Quiz-300x148.png?resize=350%2C200","width":350,"height":200},"classes":[]},{"id":83594,"url":"https:\/\/moldovacrestina.md\/ru\/hto-znachit-zlosloviti-za-hrista\/","url_meta":{"origin":327743,"position":1},"title":"\u041d\u0430 \u0447\u0442\u043e \u0441\u0441\u044b\u043b\u0430\u0435\u0442\u0441\u044f \u0418\u0438\u0441\u0443\u0441 \u0425\u0440\u0438\u0441\u0442\u043e\u0441, \u0433\u043e\u0432\u043e\u0440\u044f \u201c\u043d\u0435\u043f\u0440\u0430\u0432\u0435\u0434\u043d\u043e \u0437\u043b\u043e\u0441\u043b\u043e\u0432\u0438\u0442\u044c \u0437\u0430 \u041c\u0435\u043d\u044f\u201d?","author":"Vasile Filat","date":"September 8, 2010","format":false,"excerpt":"\u0412\u043e\u043f\u0440\u043e\u0441: \u0421\u0435\u0433\u043e\u0434\u043d\u044f \u0432\u043e \u0432\u0440\u0435\u043c\u044f \u043e\u0431\u0435\u0434\u0435\u043d\u043d\u043e\u0433\u043e \u043f\u0435\u0440\u0435\u0440\u044b\u0432\u0430 \u044f \u0441\u043b\u0443\u0448\u0430\u043b \u043e \u0431\u043b\u0430\u0436\u0435\u043d\u0441\u0442\u0432\u0430\u0445, \u0441\u043a\u0430\u0437\u0430\u043d\u043d\u044b\u0445 \u0418\u0438\u0441\u0443\u0441\u043e\u043c \u0425\u0440\u0438\u0441\u0442\u043e\u043c \u0432 \u041d\u0430\u0433\u043e\u0440\u043d\u043e\u0439 \u041f\u0440\u043e\u043f\u043e\u0432\u0435\u0434\u0438, \u0438 \u0443 \u043c\u0435\u043d\u044f \u0435\u0441\u0442\u044c \u043d\u0435\u0434\u043e\u043f\u043e\u043d\u0438\u043c\u0430\u043d\u0438\u0435 \u043f\u043e \u044d\u0442\u043e\u043c\u0443 \u043f\u043e\u0432\u043e\u0434\u0443. \u042f \u043f\u043e\u043d\u0438\u043c\u0430\u044e, \u0447\u0442\u043e \u0425\u0440\u0438\u0441\u0442\u043e\u0441 \u0441\u043a\u0430\u0437\u0430\u043b \u0443\u0447\u0435\u043d\u0438\u043a\u0430\u043c, \u0447\u0442\u043e \u043e\u043d\u0438 \u0431\u0443\u0434\u0443\u0442 \u0441\u0442\u0440\u0430\u0434\u0430\u0442\u044c \u043f\u043e \u043f\u0440\u0438\u0447\u0438\u043d\u0435 \u043f\u0440\u043e\u043f\u043e\u0432\u0435\u0434\u0438 \u0421\u043b\u043e\u0432\u0430 \u0438\u043b\u0438 \u0441\u043e \u0441\u0442\u043e\u0440\u043e\u043d\u044b \u043d\u0435\u0432\u0435\u0440\u0443\u044e\u0449\u0438\u0445, \u043d\u043e \u044f \u043d\u0435 \u043f\u043e\u043d\u0438\u043c\u0430\u044e \u0432\u044b\u0440\u0430\u0436\u0435\u043d\u0438\u044f \u201c\u043d\u0435\u043f\u0440\u0430\u0432\u0435\u0434\u043d\u043e \u0437\u043b\u043e\u0441\u043b\u043e\u0432\u0438\u0442\u044c \u0437\u0430\u2026","rel":"","context":"<span class=\"jp-relatedposts-post-author\">Vasile Filat<\/span>","block_context":{"text":"\u0414\u043e\u043a\u0442\u0440\u0438\u043d\u044b","link":"https:\/\/moldovacrestina.md\/ru\/otvety-iz-biblii\/doktriny-ru\/"},"img":{"alt_text":"","src":"","width":0,"height":0},"classes":[]},{"id":86012,"url":"https:\/\/moldovacrestina.md\/en\/doris-van-stone-devochka-kotoryiu-nikto-ne-liubil\/","url_meta":{"origin":327743,"position":2},"title":"\u0414\u043e\u0440\u0438\u0441 \u0412\u0430\u043d \u0421\u0442\u043e\u0443\u043d &ndash; \u0434\u0435\u0432\u043e\u0447\u043a\u0430 \u043a\u043e\u0442\u043e\u0440\u0443\u044e \u043d\u0438\u043a\u0442\u043e \u043d\u0435 \u043b\u044e\u0431\u0438\u043b","author":"Vasile Filat","date":"February 23, 2012","format":false,"excerpt":"\u0412\u0447\u0435\u0440\u0430 \u0432\u0435\u0447\u0435\u0440\u043e\u043c \u0443 \u043c\u0435\u043d\u044f \u0431\u044b\u043b\u0430 \u0431\u043b\u0430\u0433\u043e\u0441\u043b\u043e\u0432\u0435\u043d\u043d\u0430\u044f \u0432\u0441\u0442\u0440\u0435\u0447\u0430 \u0441\u00a0 \u0414\u043e\u0440\u0438\u0441 \u0412\u0430\u043d \u0421\u0442\u043e\u0443\u043d, \u0430\u0432\u0442\u043e\u0440\u043e\u043c \u0445\u043e\u0440\u043e\u0448\u043e \u0438\u0437\u0432\u0435\u0441\u0442\u043d\u043e\u0439 \u043a\u043d\u0438\u0433\u0438 \u201c\u0414\u043e\u0440\u0438, \u0434\u0435\u0432\u043e\u0447\u043a\u0430 \u043a\u043e\u0442\u043e\u0440\u0443\u044e \u043d\u0438\u043a\u0442\u043e \u043d\u0435 \u043b\u044e\u0431\u0438\u043b\u201d \u0438 \u0434\u0432\u0443\u0445 \u0434\u0440\u0443\u0433\u0438\u0445 \u043a\u043d\u0438\u0433 \"No Place To Cry: The Hurt and Healing of Sexual Abuse\" \u0438 \"The secrets of the heart\". \u0412 \u0432\u043e\u0437\u0440\u0430\u0441\u0442\u0435 90 \u043b\u0435\u0442 \u0441\u0435\u0441\u0442\u0440\u0430 \u0414\u043e\u0440\u0438\u0441 \u043f\u043e\u043b\u043d\u0430 \u0436\u0438\u0437\u043d\u0438,\u2026","rel":"","context":"<span class=\"jp-relatedposts-post-author\">Vasile Filat<\/span>","block_context":{"text":"\u041e\u0431\u0449\u0435\u0441\u0442\u0432\u043e","link":"https:\/\/moldovacrestina.md\/ru\/otvety-iz-biblii\/obshhestvo\/"},"img":{"alt_text":"","src":"","width":0,"height":0},"classes":[]},{"id":223414,"url":"https:\/\/moldovacrestina.md\/ru\/govorenie-na-neponyatnyh-yazykah\/","url_meta":{"origin":327743,"position":3},"title":"\u0427\u0442\u043e \u043f\u0440\u0435\u0434\u0441\u0442\u0430\u0432\u043b\u044f\u0435\u0442 \u0438\u0437 \u0441\u0435\u0431\u044f \u0433\u043e\u0432\u043e\u0440\u0435\u043d\u0438\u0435 \u043d\u0430 \u043d\u0435\u043f\u043e\u043d\u044f\u0442\u043d\u044b\u0445 \u044f\u0437\u044b\u043a\u0430\u0445 \u0432 \u043f\u044f\u0442\u0438\u0434\u0435\u0441\u044f\u0442\u043d\u0438\u0447\u0435\u0441\u043a\u0438\u0445 \u0446\u0435\u0440\u043a\u0432\u044f\u0445?","author":"Anastasia Filat","date":"November 18, 2018","format":false,"excerpt":"\u0412\u043e\u043f\u0440\u043e\u0441: \u041d\u0430\u0445\u043e\u0434\u044f\u0441\u044c \u0432 \u043f\u044f\u0442\u0438\u0434\u0435\u0441\u044f\u0442\u043d\u0438\u0447\u0435\u0441\u043a\u043e\u0439 \u0446\u0435\u0440\u043a\u0432\u0438, \u044f \u0441\u0442\u0430\u043b\u0430 \u0441\u0432\u0438\u0434\u0435\u0442\u0435\u043b\u0435\u043c \u0442\u043e\u0433\u043e, \u043a\u0430\u043a \u043d\u0435\u043a\u043e\u0442\u043e\u0440\u044b\u0435 \u043c\u043e\u043b\u0438\u043b\u0438\u0441\u044c \u043d\u0430 \u0434\u0440\u0443\u0433\u043e\u043c \u044f\u0437\u044b\u043a\u0435, \u0438\u0441\u043f\u043e\u043b\u044c\u0437\u0443\u044f \u0442\u0430\u043a\u043e\u0439 \u0436\u0435 \u0430\u043a\u0446\u0435\u043d\u0442, \u0442\u0430\u043a\u0438\u0435 \u0436\u0435 \u043f\u0430\u0443\u0437\u044b \u043c\u0435\u0436\u0434\u0443 \u0441\u043b\u043e\u0432\u0430\u043c\u0438, \u0442\u0430\u043a\u043e\u0439 \u0436\u0435 \u0440\u0438\u0442\u043c, \u0442\u0435\u043c\u043f \u0438 \u0437\u0432\u0443\u043a, \u0442\u043e \u0435\u0441\u0442\u044c \u043d\u0435 \u0433\u0440\u043e\u043c\u0447\u0435 \u0438\u043b\u0438 \u0442\u0438\u0448\u0435. \u042f \u0445\u043e\u0447\u0443 \u0441\u043f\u0440\u043e\u0441\u0438\u0442\u044c \u0432\u0430\u0441, \u043d\u043e\u0440\u043c\u0430\u043b\u044c\u043d\u043e \u043b\u0438 \u044d\u0442\u043e, \u0438\u043b\u0438 \u0436\u0435 \u043a\u043e\u0433\u0434\u0430 \u043a\u0442\u043e-\u0442\u043e \u0433\u043e\u0432\u043e\u0440\u0438\u0442 \u043d\u0430 \u044f\u0437\u044b\u043a\u0430\u0445,\u2026","rel":"","context":"<span class=\"jp-relatedposts-post-author\">Anastasia Filat<\/span>","block_context":{"text":"\u041e\u0442\u0432\u0435\u0442\u044b \u0438\u0437 \u0411\u0438\u0431\u043b\u0438\u0438","link":"https:\/\/moldovacrestina.md\/ru\/otvety-iz-biblii\/"},"img":{"alt_text":"\u0433\u043e\u0432\u043e\u0440\u0435\u043d\u0438\u0435 \u043d\u0430 \u043d\u0435\u043f\u043e\u043d\u044f\u0442\u043d\u044b\u0445 \u044f\u0437\u044b\u043a\u0430\u0445","src":"https:\/\/i0.wp.com\/moldovacrestina.md\/wp-content\/uploads\/2018\/11\/39595577958_vorbirea-in-limbi-14.jpg?resize=350%2C200&ssl=1","width":350,"height":200,"srcset":"https:\/\/i0.wp.com\/moldovacrestina.md\/wp-content\/uploads\/2018\/11\/39595577958_vorbirea-in-limbi-14.jpg?resize=350%2C200&ssl=1 1x, https:\/\/i0.wp.com\/moldovacrestina.md\/wp-content\/uploads\/2018\/11\/39595577958_vorbirea-in-limbi-14.jpg?resize=525%2C300&ssl=1 1.5x, https:\/\/i0.wp.com\/moldovacrestina.md\/wp-content\/uploads\/2018\/11\/39595577958_vorbirea-in-limbi-14.jpg?resize=700%2C400&ssl=1 2x"},"classes":[]},{"id":244533,"url":"https:\/\/moldovacrestina.md\/ru\/molodjozhka-way-gleote-vlog\/","url_meta":{"origin":327743,"position":4},"title":"\u041c\u041e\u041b\u041e\u0414\u0401\u0416\u041a\u0410 WAY","author":"Moldova Cre\u0219tin\u0103","date":"May 11, 2018","format":false,"excerpt":"Come to \"WAY\" meetings every Friday, 18:00 https:\/\/goo.gl\/9kAnn6 \u0414\u0430\u0432\u0430\u0439\u0442\u0435 \u043d\u0438\u043a\u043e\u0433\u0434\u0430 \u043d\u0435 \u0441\u0442\u044b\u0434\u0438\u0442\u044c\u0441\u044f \u0438\u043c\u0435\u043d\u0438 \u0425\u0440\u0438\u0441\u0442\u0430! \u041e\u0431 \u044d\u0442\u043e\u043c \u043d\u043e\u0432\u043e\u0435 \u0432\u0438\u0434\u0435\u043e. \u041d\u0435 \u043f\u043e\u0441\u0442\u044b\u0434\u0438\u0442\u0435\u0441\u044c \u043f\u043e\u0434\u0435\u043b\u0438\u0442\u044c\u0441\u044f \u0440\u043e\u043b\u0438\u043a\u043e\u043c:) Gleot\u00e9 - \u0411\u043e\u0433 \u041b\u044e\u0431\u0438\u0442 \u041a\u0430\u0436\u0434\u043e\u0433\u043e \u043d\u0430 \u0417\u0435\u043c\u043b\u0435 ! God Loves Everyone On The Earth ! \u041f\u0420\u0418\u0425\u041e\u0414\u0418 \u041d\u0410 \u041c\u041e\u041b\u041e\u0414\u0415\u0416\u041a\u0423: https:\/\/www.facebook.com\/livingyouth.md\/ \u041f\u041e\u041b\u0423\u0427\u0418 \u041e\u0422\u0412\u0415\u0422 \u0418\u0417 \u0411\u0418\u0411\u041b\u0418\u0418: https:\/\/moldovacrestina.md \u0414\u0423\u0425\u041e\u0412\u041d\u0410\u042f \u0411\u0415\u0421\u0415\u0414\u041a\u0410: http:\/\/duhovnayabesedka.blogspot.com","rel":"","context":"<span class=\"jp-relatedposts-post-author\">Moldova Cre\u0219tin\u0103<\/span>","block_context":{"text":"Gleot\u00e9 VLOG","link":"https:\/\/moldovacrestina.md\/ru\/gleote-vlog\/"},"img":{"alt_text":"","src":"https:\/\/i0.wp.com\/cdn.moldovacrestina.md\/2019\/02\/c9f55163-myv9lwsy-4o.jpg?resize=350%2C200&ssl=1","width":350,"height":200,"srcset":"https:\/\/i0.wp.com\/cdn.moldovacrestina.md\/2019\/02\/c9f55163-myv9lwsy-4o.jpg?resize=350%2C200&ssl=1 1x, https:\/\/i0.wp.com\/cdn.moldovacrestina.md\/2019\/02\/c9f55163-myv9lwsy-4o.jpg?resize=525%2C300&ssl=1 1.5x, https:\/\/i0.wp.com\/cdn.moldovacrestina.md\/2019\/02\/c9f55163-myv9lwsy-4o.jpg?resize=700%2C400&ssl=1 2x, https:\/\/i0.wp.com\/cdn.moldovacrestina.md\/2019\/02\/c9f55163-myv9lwsy-4o.jpg?resize=1050%2C600&ssl=1 3x"},"classes":[]},{"id":83101,"url":"https:\/\/moldovacrestina.md\/ru\/chernyj-post-za-spasenie-semi-v-evrope-26-yanvarya-2010\/","url_meta":{"origin":327743,"position":5},"title":"\u0427\u0415\u0420\u041d\u042b\u0419 \u041f\u041e\u0421\u0422: \u0437\u0430 \u0441\u043f\u0430\u0441\u0435\u043d\u0438\u0435 \u0421\u0415\u041c\u042c\u0418 \u0432 \u0415\u0432\u0440\u043e\u043f\u0435 (26 \u044f\u043d\u0432\u0430\u0440\u044f 2010)","author":"Vasile Filat","date":"January 22, 2010","format":false,"excerpt":"\u041d\u0430 27 \u044f\u043d\u0432\u0430\u0440\u044f 2010 \u0437\u0430\u043f\u043b\u0430\u043d\u0438\u0440\u043e\u0432\u0430\u043d\u043e \u0433\u043e\u043b\u043e\u0441\u043e\u0432\u0430\u043d\u0438\u0435 \u0432 \u0421\u043e\u0432\u0435\u0442\u0435 \u0415\u0432\u0440\u043e\u043f\u044b \u041f\u0430\u0440\u043b\u0430\u043c\u0435\u043d\u0442\u0441\u043a\u043e\u0439 \u0410\u0441\u0441\u0430\u043c\u0431\u043b\u0435\u0438 \u0434\u0432\u0443\u0445 \u0440\u0435\u0437\u043e\u043b\u044e\u0446\u0438\u0439, \u043a\u043e\u0442\u043e\u0440\u044b\u0435 \u044f\u0432\u043b\u044f\u044e\u0442\u0441\u044f \u043e\u0447\u0435\u043d\u044c \u043e\u043f\u0430\u0441\u043d\u044b\u043c\u0438 \u0434\u043b\u044f \u0441\u0435\u043c\u044c\u0438 \u0438 \u0446\u0435\u043d\u043d\u043e\u0441\u0442\u0438. \u041f\u0435\u0440\u0432\u0430\u044f \u0440\u0435\u0437\u043e\u043b\u044e\u0446\u0438\u044f \u0432\u043a\u043b\u044e\u0447\u0430\u0435\u0442 \u0414\u043e\u043a\u0443\u043c\u0435\u043d\u0442 \u211612087, \u043f\u0440\u0438\u043d\u044f\u0442\u044b\u0439 \u0432 \u0434\u0435\u043a\u0430\u0431\u0440\u0435 2009 \u0433\u043e\u0434\u0430 \u0438 \u043e\u0437\u0430\u0433\u043b\u0430\u0432\u043b\u0435\u043d\u0430 \u043a\u0430\u043a Discrimination on the basis of sexual orientation and gender identity (\u0414\u0438\u0441\u043a\u0440\u0438\u043c\u0438\u043d\u0430\u0446\u0438\u044f \u043f\u043e \u043f\u0440\u0438\u0437\u043d\u0430\u043a\u0443 \u0441\u0435\u043a\u0441\u0443\u0430\u043b\u044c\u043d\u043e\u0439 \u043e\u0440\u0438\u0435\u043d\u0442\u0430\u0446\u0438\u0438 \u0438\u2026","rel":"","context":"<span class=\"jp-relatedposts-post-author\">Vasile Filat<\/span>","block_context":{"text":"\u041e\u0431\u0449\u0435\u0441\u0442\u0432\u043e","link":"https:\/\/moldovacrestina.md\/ru\/otvety-iz-biblii\/obshhestvo\/"},"img":{"alt_text":"","src":"","width":0,"height":0},"classes":[]}],"jetpack_sharing_enabled":true,"_links":{"self":[{"href":"https:\/\/moldovacrestina.md\/en\/wp-json\/wp\/v2\/posts\/327743","targetHints":{"allow":["GET"]}}],"collection":[{"href":"https:\/\/moldovacrestina.md\/en\/wp-json\/wp\/v2\/posts"}],"about":[{"href":"https:\/\/moldovacrestina.md\/en\/wp-json\/wp\/v2\/types\/post"}],"author":[{"embeddable":true,"href":"https:\/\/moldovacrestina.md\/en\/wp-json\/wp\/v2\/users\/46"}],"replies":[{"embeddable":true,"href":"https:\/\/moldovacrestina.md\/en\/wp-json\/wp\/v2\/comments?post=327743"}],"version-history":[{"count":0,"href":"https:\/\/moldovacrestina.md\/en\/wp-json\/wp\/v2\/posts\/327743\/revisions"}],"wp:featuredmedia":[{"embeddable":true,"href":"https:\/\/moldovacrestina.md\/en\/wp-json\/wp\/v2\/media\/327744"}],"wp:attachment":[{"href":"https:\/\/moldovacrestina.md\/en\/wp-json\/wp\/v2\/media?parent=327743"}],"wp:term":[{"taxonomy":"category","embeddable":true,"href":"https:\/\/moldovacrestina.md\/en\/wp-json\/wp\/v2\/categories?post=327743"},{"taxonomy":"post_tag","embeddable":true,"href":"https:\/\/moldovacrestina.md\/en\/wp-json\/wp\/v2\/tags?post=327743"}],"curies":[{"name":"wp","href":"https:\/\/api.w.org\/{rel}","templated":true}]}}