{"id":326225,"date":"2021-04-22T15:45:50","date_gmt":"2021-04-22T12:45:50","guid":{"rendered":"https:\/\/moldovacrestina.md\/?p=326225"},"modified":"2021-04-22T15:45:50","modified_gmt":"2021-04-22T12:45:50","slug":"on-what-day-of-the-week-was-the-lord-jesus-crucified","status":"publish","type":"post","link":"https:\/\/moldovacrestina.md\/en\/on-what-day-of-the-week-was-the-lord-jesus-crucified\/","title":{"rendered":"On what day of the week was the Lord Jesus crucified?"},"content":{"rendered":"<p><span style=\"font-weight: 400\">Question:<\/span><\/p>\n<blockquote><p><i><span style=\"font-weight: 400\">Jesus said he would stay in the heart of the earth for three days and three nights (Matthew 12:40). However, if Jesus was crucified on a Friday and was already resurrected on Sunday morning, it means that He was in the heart of the earth for only two nights (Friday to Saturday and Saturday to Sunday) and a full day (Saturday). Is it a contradiction in the Bible or do we misunderstand something?<\/span><\/i><\/p><\/blockquote>\n<p><span style=\"font-weight: 400\">It is true that if the Lord Jesus had been crucified on a Friday, then it would make sense that He stood in the heart of the earth only two nights and a day, or if we counted Friday, then it would be two days and two nights. Why is it believed that the Lord Jesus was crucified on a Friday? Because it is specified in all the Gospels that the Lord Jesus was crucified on the day of preparation before the Sabbath. Thus, it is logical to conclude that the Lord Jesus was crucified on a Friday.\u00a0<\/span><\/p>\n<blockquote><p><span style=\"font-weight: 400\">\u201cLet <\/span><i><span style=\"font-weight: 400\">this<\/span><\/i><span style=\"font-weight: 400\"> Christ, the King of Israel, come down now from the cross, so that we may see and believe!\u201d Those who were crucified with Him were also insulting Him.\u201d (<\/span><span style=\"font-weight: 400\">Mark 15:32 NASB)<\/span><b>\u00a0\u00a0<\/b><\/p>\n<p><b>\u00a0\u201c<\/b><span style=\"font-weight: 400\">It was a preparation day, and a Sabbath was about to begin.\u201d (Luke 23:54 NASB)<\/span><\/p><\/blockquote>\n<h2><strong>Jesus was crucified on the day of Passover<\/strong><\/h2>\n<p><span style=\"font-weight: 400\">However, the Gospel of John gives us a detail that is not evident in the other Gospels. The evangelist John specifies that it was the day of preparation for the Passover Sabbath:<\/span><\/p>\n<blockquote><p><span style=\"font-weight: 400\">\u201cThen they brought Jesus from Caiaphas into the Praetorium, and it was early; and they themselves did not enter the Praetorium, so that they would not be defiled, but might eat the Passover.\u201d (John 18:28 NASB)<\/span><\/p>\n<p><span style=\"font-weight: 400\">\u201cNow it was the day of preparation for the Passover; it was about the sixth hour.\u201c (John 19:14a NASB)\u00a0<\/span><\/p>\n<p><span style=\"font-weight: 400\">\u201cNow then, since it was the day of preparation, to prevent the bodies from remaining on the cross on the Sabbath (for that Sabbath was a high day), the Jews requested of Pilate that their legs be broken, and <\/span><i><span style=\"font-weight: 400\">the bodies<\/span><\/i><span style=\"font-weight: 400\"> be taken away.\u201d (John 19:31 NASB)<\/span><\/p><\/blockquote>\n<p><span style=\"font-weight: 400\">From the Gospel of John we see that we are talking about a special Sabbath: &#8220;And that Sabbath was a great day,&#8221; writes the evangelist John. So it wasn&#8217;t an ordinary Sabbath. According to the Law, the first day of the Feast of Unleavened Bread, which came after the Passover lamb, was a day of feasting with a holy assembly, that is, a Sabbath day (Leviticus 23:5-7). Respectively, the Lord Jesus was crucified on the day of Preparation for the Passover Sabbath, and the Passover to the Jews was not related to a specific day of the week, but to a specific date, so that each year could be celebrated on different days of the week:<\/span><\/p>\n<blockquote><p><b>\u201c<\/b><span style=\"font-weight: 400\">In the first month, on the fourteenth day of the month at twilight is the Lord\u2019s Passover.<\/span> <span style=\"font-weight: 400\">Then on the fifteenth day of the same month there is the Feast of Unleavened Bread to the Lord; for seven days you shall eat unleavened bread.<\/span> <span style=\"font-weight: 400\">On the first day you shall have a holy convocation; you shall not do any laborious work.\u201c( Leviticus 23:5-7 NASB)<\/span><\/p><\/blockquote>\n<h2><strong>Buying spices between two Sabbaths<\/strong><\/h2>\n<p><span style=\"font-weight: 400\">Another detail that helps us understand on what day of the week Jesus was crucified is the purchase and preparation of fragrances by women. It would seem an insignificant detail, but if we look at when the fragrances for the anointing of the body of Jesus were bought and prepared, we will see that there were at least three days between burial and resurrection: two Sabbath days and an ordinary day between them. Why? Because the spices were bought and prepared after the Sabbath was over, but after they were prepared they rested on the Sabbath day according to the Law: so there was a Sabbath day before the spices were bought and prepared. and another Sabbath after they had bought them and prepared them:<\/span><\/p>\n<blockquote><p><span style=\"font-weight: 400\">\u201cWhen the Sabbath was over, Mary Magdalene, Mary the <\/span><i><span style=\"font-weight: 400\">mother<\/span><\/i><span style=\"font-weight: 400\"> of James, and Salome bought spices so that they might come and anoint Him. <\/span><b>\u00a0<\/b><span style=\"font-weight: 400\">And very early on the first day of the week, they came to the tomb when the sun had risen.\u201d(Mark 16:1-2 NASB)\u00a0<\/span><\/p><\/blockquote>\n<p><b>\u201c<\/b><span style=\"font-weight: 400\">It was a preparation day, and a Sabbath was about to begin. <\/span><b>\u00a0<\/b><span style=\"font-weight: 400\">Now the women who had come with Him from Galilee followed, and they saw the tomb and how His body was laid. <\/span><b>\u00a0<\/b><span style=\"font-weight: 400\">And <\/span><i><span style=\"font-weight: 400\">then<\/span><\/i><span style=\"font-weight: 400\"> they returned and prepared spices and perfumes.<\/span><\/p>\n<p><span style=\"font-weight: 400\">And on the Sabbath they rested according to the commandment.<\/span><\/p>\n<blockquote><p><span style=\"font-weight: 400\">But on the first day of the week, at early dawn, they came to the tomb bringing the spices which they had prepared.\u201d (Luke <\/span><span style=\"font-weight: 400\">23:54-24:1 NASB)<\/span><\/p><\/blockquote>\n<p><span style=\"font-weight: 400\">So we would have such an order of events:<\/span><\/p>\n<p><span style=\"font-weight: 400\">Wednesday &#8211; Preparation Day for the Passover Sabbath (the Feast of Unleavened Bread) on which the Lord Jesus was crucified.<\/span><\/p>\n<p><span style=\"font-weight: 400\">Thursday &#8211; The Easter Sabbath from the first day of the Feast of Unleavened Bread.<\/span><\/p>\n<p><span style=\"font-weight: 400\">Friday &#8211; A common day when women bought perfumes and prepared them to go and anoint the body of the Lord Jesus.<\/span><\/p>\n<p><span style=\"font-weight: 400\">Saturday &#8211; The women rested according to the Law.<\/span><\/p>\n<p><span style=\"font-weight: 400\">Sunday or the first day of the week &#8211; The women went to the tomb to anoint the body of the Lord Jesus and did not find Him.<\/span><\/p>\n<p><span style=\"font-weight: 400\">Given that by the end of the night between the Sabbath and the first day of the week, Jesus was no longer in the tomb, we can conclude that Jesus was in the heart of the earth for three days and three nights:<\/span><\/p>\n<p><span style=\"font-weight: 400\">Three days:<\/span><\/p>\n<p><span style=\"font-weight: 400\">Thursday<\/span><\/p>\n<p><span style=\"font-weight: 400\">Friday<\/span><\/p>\n<p><span style=\"font-weight: 400\">Saturday<\/span><\/p>\n<p><span style=\"font-weight: 400\">Three nights:<\/span><\/p>\n<p><span style=\"font-weight: 400\">\u00a0Wednesday to Thursday<\/span><\/p>\n<p><span style=\"font-weight: 400\">\u00a0Thursday to Friday<\/span><\/p>\n<p><span style=\"font-weight: 400\">\u00a0Friday to Saturday<\/span><\/p>\n<p><span style=\"font-weight: 400\">Thus, we can conclude that the Lord Jesus was crucified on a Wednesday, the day of preparation for the Passover Sabbath, that is, the first day of the Feast of Unleavened Bread, which was a Sabbath day with a holy assembly.<\/span><\/p>\n<p>Translated by Aliona Soltan<\/p>\n","protected":false},"excerpt":{"rendered":"<p>Question: Jesus said he would stay in the heart of the earth for three days and three nights (Matthew 12:40). However, if Jesus was crucified on a Friday and was already resurrected on Sunday morning, it means that He was in the heart of the earth for only two nights (Friday to Saturday and Saturday [&hellip;]<\/p>\n","protected":false},"author":55,"featured_media":326226,"comment_status":"closed","ping_status":"closed","sticky":false,"template":"","format":"standard","meta":{"_acf_changed":false,"inline_featured_image":false,"_monsterinsights_skip_tracking":false,"_monsterinsights_sitenote_active":false,"_monsterinsights_sitenote_note":"","_monsterinsights_sitenote_category":0,"_genesis_hide_title":false,"_genesis_hide_breadcrumbs":false,"_genesis_hide_singular_image":false,"_genesis_hide_footer_widgets":false,"_genesis_custom_body_class":"","_genesis_custom_post_class":"","_genesis_layout":"","ep_exclude_from_search":false,"_jetpack_memberships_contains_paid_content":false,"footnotes":""},"categories":[129,29951],"tags":[65338,65512,65541,65542,65543],"class_list":{"0":"post-326225","1":"post","2":"type-post","3":"status-publish","4":"format-standard","5":"has-post-thumbnail","7":"category-society","8":"category-doctrine-en","9":"tag-easter-en","10":"tag-resurrection-en","11":"tag-crucifixion-of-the-lord-jesus","12":"tag-the-day-of-the-crucifixion","13":"tag-on-what-day-was-jesus-crucified","14":"entry"},"acf":[],"yoast_head":"<!-- This site is optimized with the Yoast SEO Premium plugin v26.5 (Yoast SEO v27.4) - https:\/\/yoast.com\/product\/yoast-seo-premium-wordpress\/ -->\n<title>On what day of the week was the Lord Jesus crucified?<\/title>\n<meta name=\"description\" content=\"It is true that if the Lord Jesus had been crucified on a Friday, then it would make sense that He stood in the heart of the earth only two nights and a day, or if we counted Friday, then it would be two days and two nights.\" \/>\n<meta name=\"robots\" content=\"index, follow, max-snippet:-1, max-image-preview:large, max-video-preview:-1\" \/>\n<link rel=\"canonical\" href=\"https:\/\/moldovacrestina.md\/en\/on-what-day-of-the-week-was-the-lord-jesus-crucified\/\" \/>\n<meta property=\"og:locale\" content=\"en_US\" \/>\n<meta property=\"og:type\" content=\"article\" \/>\n<meta property=\"og:title\" content=\"On what day of the week was the Lord Jesus crucified?\" \/>\n<meta property=\"og:description\" content=\"It is true that if the Lord Jesus had been crucified on a Friday, then it would make sense that He stood in the heart of the earth only two nights and a day, or if we counted Friday, then it would be two days and two nights.\" \/>\n<meta property=\"og:url\" content=\"https:\/\/moldovacrestina.md\/en\/on-what-day-of-the-week-was-the-lord-jesus-crucified\/\" \/>\n<meta property=\"og:site_name\" content=\"Moldova Cre\u0219tin\u0103\" \/>\n<meta property=\"article:publisher\" content=\"https:\/\/www.facebook.com\/moldovacrestina\/\" \/>\n<meta property=\"article:published_time\" content=\"2021-04-22T12:45:50+00:00\" \/>\n<meta property=\"og:image\" content=\"https:\/\/cdn.moldovacrestina.md\/2021\/04\/0b0001d4-isus-3.jpg\" \/>\n\t<meta property=\"og:image:width\" content=\"1\" \/>\n\t<meta property=\"og:image:height\" content=\"1\" \/>\n\t<meta property=\"og:image:type\" content=\"image\/jpeg\" \/>\n<meta name=\"author\" content=\"Anastasia Filat\" \/>\n<meta name=\"twitter:card\" content=\"summary_large_image\" \/>\n<meta name=\"twitter:creator\" content=\"@moldovacrestina\" \/>\n<meta name=\"twitter:site\" content=\"@moldovacrestina\" \/>\n<meta name=\"twitter:label1\" content=\"Written by\" \/>\n\t<meta name=\"twitter:data1\" content=\"Anastasia Filat\" \/>\n\t<meta name=\"twitter:label2\" content=\"Est. reading time\" \/>\n\t<meta name=\"twitter:data2\" content=\"5 minutes\" \/>\n<script type=\"application\/ld+json\" class=\"yoast-schema-graph\">{\"@context\":\"https:\\\/\\\/schema.org\",\"@graph\":[{\"@type\":\"Article\",\"@id\":\"https:\\\/\\\/moldovacrestina.md\\\/en\\\/on-what-day-of-the-week-was-the-lord-jesus-crucified\\\/#article\",\"isPartOf\":{\"@id\":\"https:\\\/\\\/moldovacrestina.md\\\/en\\\/on-what-day-of-the-week-was-the-lord-jesus-crucified\\\/\"},\"author\":{\"name\":\"Anastasia Filat\",\"@id\":\"https:\\\/\\\/moldovacrestina.md\\\/en\\\/#\\\/schema\\\/person\\\/2ee75aca099062ac8880ffa7575a4aeb\"},\"headline\":\"On what day of the week was the Lord Jesus crucified?\",\"datePublished\":\"2021-04-22T12:45:50+00:00\",\"mainEntityOfPage\":{\"@id\":\"https:\\\/\\\/moldovacrestina.md\\\/en\\\/on-what-day-of-the-week-was-the-lord-jesus-crucified\\\/\"},\"wordCount\":1013,\"image\":{\"@id\":\"https:\\\/\\\/moldovacrestina.md\\\/en\\\/on-what-day-of-the-week-was-the-lord-jesus-crucified\\\/#primaryimage\"},\"thumbnailUrl\":\"https:\\\/\\\/cdn.moldovacrestina.md\\\/2021\\\/04\\\/0b0001d4-isus-3.jpg\",\"keywords\":[\"easter\",\"r\u00e9surrection\",\"crucifixion of the Lord Jesus\",\"the day of the crucifixion\",\"on what day was Jesus crucified?\"],\"articleSection\":[\"Society\",\"Doctrine\"],\"inLanguage\":\"en-US\"},{\"@type\":\"WebPage\",\"@id\":\"https:\\\/\\\/moldovacrestina.md\\\/en\\\/on-what-day-of-the-week-was-the-lord-jesus-crucified\\\/\",\"url\":\"https:\\\/\\\/moldovacrestina.md\\\/en\\\/on-what-day-of-the-week-was-the-lord-jesus-crucified\\\/\",\"name\":\"On what day of the week was the Lord Jesus crucified?\",\"isPartOf\":{\"@id\":\"https:\\\/\\\/moldovacrestina.md\\\/en\\\/#website\"},\"primaryImageOfPage\":{\"@id\":\"https:\\\/\\\/moldovacrestina.md\\\/en\\\/on-what-day-of-the-week-was-the-lord-jesus-crucified\\\/#primaryimage\"},\"image\":{\"@id\":\"https:\\\/\\\/moldovacrestina.md\\\/en\\\/on-what-day-of-the-week-was-the-lord-jesus-crucified\\\/#primaryimage\"},\"thumbnailUrl\":\"https:\\\/\\\/cdn.moldovacrestina.md\\\/2021\\\/04\\\/0b0001d4-isus-3.jpg\",\"datePublished\":\"2021-04-22T12:45:50+00:00\",\"author\":{\"@id\":\"https:\\\/\\\/moldovacrestina.md\\\/en\\\/#\\\/schema\\\/person\\\/2ee75aca099062ac8880ffa7575a4aeb\"},\"description\":\"It is true that if the Lord Jesus had been crucified on a Friday, then it would make sense that He stood in the heart of the earth only two nights and a day, or if we counted Friday, then it would be two days and two nights.\",\"breadcrumb\":{\"@id\":\"https:\\\/\\\/moldovacrestina.md\\\/en\\\/on-what-day-of-the-week-was-the-lord-jesus-crucified\\\/#breadcrumb\"},\"inLanguage\":\"en-US\",\"potentialAction\":[{\"@type\":\"ReadAction\",\"target\":[\"https:\\\/\\\/moldovacrestina.md\\\/en\\\/on-what-day-of-the-week-was-the-lord-jesus-crucified\\\/\"]}]},{\"@type\":\"ImageObject\",\"inLanguage\":\"en-US\",\"@id\":\"https:\\\/\\\/moldovacrestina.md\\\/en\\\/on-what-day-of-the-week-was-the-lord-jesus-crucified\\\/#primaryimage\",\"url\":\"https:\\\/\\\/cdn.moldovacrestina.md\\\/2021\\\/04\\\/0b0001d4-isus-3.jpg\",\"contentUrl\":\"https:\\\/\\\/cdn.moldovacrestina.md\\\/2021\\\/04\\\/0b0001d4-isus-3.jpg\"},{\"@type\":\"BreadcrumbList\",\"@id\":\"https:\\\/\\\/moldovacrestina.md\\\/en\\\/on-what-day-of-the-week-was-the-lord-jesus-crucified\\\/#breadcrumb\",\"itemListElement\":[{\"@type\":\"ListItem\",\"position\":1,\"name\":\"Prima pagin\u0103\",\"item\":\"https:\\\/\\\/moldovacrestina.md\\\/en\\\/\"},{\"@type\":\"ListItem\",\"position\":2,\"name\":\"Answers from the Bible\",\"item\":\"https:\\\/\\\/moldovacrestina.md\\\/en\\\/answer-from-the-bible\\\/\"},{\"@type\":\"ListItem\",\"position\":3,\"name\":\"Society\",\"item\":\"https:\\\/\\\/moldovacrestina.md\\\/en\\\/answer-from-the-bible\\\/society\\\/\"},{\"@type\":\"ListItem\",\"position\":4,\"name\":\"On what day of the week was the Lord Jesus crucified?\"}]},{\"@type\":\"WebSite\",\"@id\":\"https:\\\/\\\/moldovacrestina.md\\\/en\\\/#website\",\"url\":\"https:\\\/\\\/moldovacrestina.md\\\/en\\\/\",\"name\":\"Moldova Cre\u0219tin\u0103\",\"description\":\"R\u0103spunsuri relevante \u0219i actuale din Biblie\",\"potentialAction\":[{\"@type\":\"SearchAction\",\"target\":{\"@type\":\"EntryPoint\",\"urlTemplate\":\"https:\\\/\\\/moldovacrestina.md\\\/en\\\/?s={search_term_string}\"},\"query-input\":{\"@type\":\"PropertyValueSpecification\",\"valueRequired\":true,\"valueName\":\"search_term_string\"}}],\"inLanguage\":\"en-US\"},{\"@type\":\"Person\",\"@id\":\"https:\\\/\\\/moldovacrestina.md\\\/en\\\/#\\\/schema\\\/person\\\/2ee75aca099062ac8880ffa7575a4aeb\",\"name\":\"Anastasia Filat\",\"image\":{\"@type\":\"ImageObject\",\"inLanguage\":\"en-US\",\"@id\":\"https:\\\/\\\/secure.gravatar.com\\\/avatar\\\/50c6c7c3ea8d39be8e58ea9617c8e1b8f9be234289757ef7156664ff8e090478?s=96&d=mm&r=g\",\"url\":\"https:\\\/\\\/secure.gravatar.com\\\/avatar\\\/50c6c7c3ea8d39be8e58ea9617c8e1b8f9be234289757ef7156664ff8e090478?s=96&d=mm&r=g\",\"contentUrl\":\"https:\\\/\\\/secure.gravatar.com\\\/avatar\\\/50c6c7c3ea8d39be8e58ea9617c8e1b8f9be234289757ef7156664ff8e090478?s=96&d=mm&r=g\",\"caption\":\"Anastasia Filat\"},\"description\":\"Sunt mam\u0103 a 3 copii \u0219i profesoar\u0103 \u00een cadrul Institutului de Studii Biblice Inductive din Moldova. De asemenea, \u00eel ajut pe so\u021bul meu, Vasile Filat, \u00een p\u0103storirea Bisericii \\\"Buna Vestire\\\" din Chi\u0219in\u0103u.\",\"url\":\"https:\\\/\\\/moldovacrestina.md\\\/en\\\/author\\\/filat-nastica\\\/\"}]}<\/script>\n<!-- \/ Yoast SEO Premium plugin. -->","yoast_head_json":{"title":"On what day of the week was the Lord Jesus crucified?","description":"It is true that if the Lord Jesus had been crucified on a Friday, then it would make sense that He stood in the heart of the earth only two nights and a day, or if we counted Friday, then it would be two days and two nights.","robots":{"index":"index","follow":"follow","max-snippet":"max-snippet:-1","max-image-preview":"max-image-preview:large","max-video-preview":"max-video-preview:-1"},"canonical":"https:\/\/moldovacrestina.md\/en\/on-what-day-of-the-week-was-the-lord-jesus-crucified\/","og_locale":"en_US","og_type":"article","og_title":"On what day of the week was the Lord Jesus crucified?","og_description":"It is true that if the Lord Jesus had been crucified on a Friday, then it would make sense that He stood in the heart of the earth only two nights and a day, or if we counted Friday, then it would be two days and two nights.","og_url":"https:\/\/moldovacrestina.md\/en\/on-what-day-of-the-week-was-the-lord-jesus-crucified\/","og_site_name":"Moldova Cre\u0219tin\u0103","article_publisher":"https:\/\/www.facebook.com\/moldovacrestina\/","article_published_time":"2021-04-22T12:45:50+00:00","og_image":[{"url":"https:\/\/cdn.moldovacrestina.md\/2021\/04\/0b0001d4-isus-3.jpg","width":1,"height":1,"type":"image\/jpeg"}],"author":"Anastasia Filat","twitter_card":"summary_large_image","twitter_creator":"@moldovacrestina","twitter_site":"@moldovacrestina","twitter_misc":{"Written by":"Anastasia Filat","Est. reading time":"5 minutes"},"schema":{"@context":"https:\/\/schema.org","@graph":[{"@type":"Article","@id":"https:\/\/moldovacrestina.md\/en\/on-what-day-of-the-week-was-the-lord-jesus-crucified\/#article","isPartOf":{"@id":"https:\/\/moldovacrestina.md\/en\/on-what-day-of-the-week-was-the-lord-jesus-crucified\/"},"author":{"name":"Anastasia Filat","@id":"https:\/\/moldovacrestina.md\/en\/#\/schema\/person\/2ee75aca099062ac8880ffa7575a4aeb"},"headline":"On what day of the week was the Lord Jesus crucified?","datePublished":"2021-04-22T12:45:50+00:00","mainEntityOfPage":{"@id":"https:\/\/moldovacrestina.md\/en\/on-what-day-of-the-week-was-the-lord-jesus-crucified\/"},"wordCount":1013,"image":{"@id":"https:\/\/moldovacrestina.md\/en\/on-what-day-of-the-week-was-the-lord-jesus-crucified\/#primaryimage"},"thumbnailUrl":"https:\/\/cdn.moldovacrestina.md\/2021\/04\/0b0001d4-isus-3.jpg","keywords":["easter","r\u00e9surrection","crucifixion of the Lord Jesus","the day of the crucifixion","on what day was Jesus crucified?"],"articleSection":["Society","Doctrine"],"inLanguage":"en-US"},{"@type":"WebPage","@id":"https:\/\/moldovacrestina.md\/en\/on-what-day-of-the-week-was-the-lord-jesus-crucified\/","url":"https:\/\/moldovacrestina.md\/en\/on-what-day-of-the-week-was-the-lord-jesus-crucified\/","name":"On what day of the week was the Lord Jesus crucified?","isPartOf":{"@id":"https:\/\/moldovacrestina.md\/en\/#website"},"primaryImageOfPage":{"@id":"https:\/\/moldovacrestina.md\/en\/on-what-day-of-the-week-was-the-lord-jesus-crucified\/#primaryimage"},"image":{"@id":"https:\/\/moldovacrestina.md\/en\/on-what-day-of-the-week-was-the-lord-jesus-crucified\/#primaryimage"},"thumbnailUrl":"https:\/\/cdn.moldovacrestina.md\/2021\/04\/0b0001d4-isus-3.jpg","datePublished":"2021-04-22T12:45:50+00:00","author":{"@id":"https:\/\/moldovacrestina.md\/en\/#\/schema\/person\/2ee75aca099062ac8880ffa7575a4aeb"},"description":"It is true that if the Lord Jesus had been crucified on a Friday, then it would make sense that He stood in the heart of the earth only two nights and a day, or if we counted Friday, then it would be two days and two nights.","breadcrumb":{"@id":"https:\/\/moldovacrestina.md\/en\/on-what-day-of-the-week-was-the-lord-jesus-crucified\/#breadcrumb"},"inLanguage":"en-US","potentialAction":[{"@type":"ReadAction","target":["https:\/\/moldovacrestina.md\/en\/on-what-day-of-the-week-was-the-lord-jesus-crucified\/"]}]},{"@type":"ImageObject","inLanguage":"en-US","@id":"https:\/\/moldovacrestina.md\/en\/on-what-day-of-the-week-was-the-lord-jesus-crucified\/#primaryimage","url":"https:\/\/cdn.moldovacrestina.md\/2021\/04\/0b0001d4-isus-3.jpg","contentUrl":"https:\/\/cdn.moldovacrestina.md\/2021\/04\/0b0001d4-isus-3.jpg"},{"@type":"BreadcrumbList","@id":"https:\/\/moldovacrestina.md\/en\/on-what-day-of-the-week-was-the-lord-jesus-crucified\/#breadcrumb","itemListElement":[{"@type":"ListItem","position":1,"name":"Prima pagin\u0103","item":"https:\/\/moldovacrestina.md\/en\/"},{"@type":"ListItem","position":2,"name":"Answers from the Bible","item":"https:\/\/moldovacrestina.md\/en\/answer-from-the-bible\/"},{"@type":"ListItem","position":3,"name":"Society","item":"https:\/\/moldovacrestina.md\/en\/answer-from-the-bible\/society\/"},{"@type":"ListItem","position":4,"name":"On what day of the week was the Lord Jesus crucified?"}]},{"@type":"WebSite","@id":"https:\/\/moldovacrestina.md\/en\/#website","url":"https:\/\/moldovacrestina.md\/en\/","name":"Moldova Cre\u0219tin\u0103","description":"R\u0103spunsuri relevante \u0219i actuale din Biblie","potentialAction":[{"@type":"SearchAction","target":{"@type":"EntryPoint","urlTemplate":"https:\/\/moldovacrestina.md\/en\/?s={search_term_string}"},"query-input":{"@type":"PropertyValueSpecification","valueRequired":true,"valueName":"search_term_string"}}],"inLanguage":"en-US"},{"@type":"Person","@id":"https:\/\/moldovacrestina.md\/en\/#\/schema\/person\/2ee75aca099062ac8880ffa7575a4aeb","name":"Anastasia Filat","image":{"@type":"ImageObject","inLanguage":"en-US","@id":"https:\/\/secure.gravatar.com\/avatar\/50c6c7c3ea8d39be8e58ea9617c8e1b8f9be234289757ef7156664ff8e090478?s=96&d=mm&r=g","url":"https:\/\/secure.gravatar.com\/avatar\/50c6c7c3ea8d39be8e58ea9617c8e1b8f9be234289757ef7156664ff8e090478?s=96&d=mm&r=g","contentUrl":"https:\/\/secure.gravatar.com\/avatar\/50c6c7c3ea8d39be8e58ea9617c8e1b8f9be234289757ef7156664ff8e090478?s=96&d=mm&r=g","caption":"Anastasia Filat"},"description":"Sunt mam\u0103 a 3 copii \u0219i profesoar\u0103 \u00een cadrul Institutului de Studii Biblice Inductive din Moldova. De asemenea, \u00eel ajut pe so\u021bul meu, Vasile Filat, \u00een p\u0103storirea Bisericii \"Buna Vestire\" din Chi\u0219in\u0103u.","url":"https:\/\/moldovacrestina.md\/en\/author\/filat-nastica\/"}]}},"jetpack_featured_media_url":"https:\/\/cdn.moldovacrestina.md\/2021\/04\/0b0001d4-isus-3.jpg","video_meta":false,"featured_image":"https:\/\/cdn.moldovacrestina.md\/2021\/04\/0b0001d4-isus-3.jpg","wpml":{"language_code":"en","locale":"en_US","text_direction":false,"display_name":"English","native_name":"Englez\u0103","different_language":false},"jetpack-related-posts":[{"id":84641,"url":"https:\/\/moldovacrestina.md\/ru\/test-homofobia\/","url_meta":{"origin":326225,"position":0},"title":"\u0421\u0434\u0435\u043b\u0430\u0442\u044c \u0442\u0435\u0441\u0442, \u0447\u0442\u043e\u0431\u044b \u0443\u0437\u043d\u0430\u0442\u044c, \u044f\u0432\u043b\u044f\u0435\u0448\u044c\u0441\u044f \u043b\u0438 \u0442\u044b \u0413\u041e\u041c\u041e\u0424\u041e\u0411\u041e\u041c?","author":"Vasile Filat","date":"January 14, 2011","format":false,"excerpt":"\u041f\u043e\u0441\u043a\u043e\u043b\u044c\u043a\u0443 \u044f \u043c\u043d\u043e\u0433\u043e \u0440\u0430\u0437 \u0434\u0435\u043b\u0430\u043b \u0437\u0430\u044f\u0432\u043b\u0435\u043d\u0438\u044f \u043f\u043e \u043f\u043e\u0432\u043e\u0434\u0443 \u043d\u0430\u0441\u0438\u043b\u0438\u044f, \u043d\u0430 \u043a\u043e\u0442\u043e\u0440\u043e\u043c \u043d\u0430\u0441\u0442\u0430\u0438\u0432\u0430\u0435\u0442 \u043e\u0440\u0433\u0430\u043d\u0438\u0437\u0430\u0446\u0438\u044f \u0433\u043e\u043c\u043e\u0441\u0435\u043a\u0441\u0443\u0430\u043b\u0438\u0441\u0442\u043e\u0432 \u0438\u0437 \u041c\u043e\u043b\u0434\u043e\u0432\u044b \u0438 \u0434\u0440\u0443\u0433\u0438\u0435 \u043e\u0440\u0433\u0430\u043d\u0438\u0437\u0430\u0446\u0438\u0438, \u043a\u043e\u0442\u043e\u0440\u044b\u0435 \u043f\u0440\u043e\u043f\u0430\u0433\u0430\u043d\u0434\u0438\u0440\u0443\u044e\u0442\u00a0 \u0442\u0430\u043a \u043d\u0430\u0437\u044b\u0432\u0430\u0435\u043c\u044b\u0435 \u201c\u043f\u0440\u0430\u0432\u0430 \u0441\u0435\u043a\u0441\u0443\u0430\u043b\u044c\u043d\u044b\u0445 \u043c\u0435\u043d\u044c\u0448\u0438\u043d\u0441\u0442\u0432\u201d, \u043c\u0435\u043d\u044f \u0447\u0430\u0441\u0442\u043e \u0441\u0442\u0430\u043b\u0438 \u043d\u0430\u0437\u044b\u0432\u0430\u0442\u044c \u201c\u0433\u043e\u043c\u043e\u0444\u043e\u0431\u201d, \u0442\u043e\u0447\u043d\u043e \u0442\u0430\u043a\u0436\u0435, \u043a\u0430\u043a \u043e\u043d\u0438 \u043d\u0430\u0437\u044b\u0432\u0430\u044e\u0442 \u043b\u044e\u0431\u043e\u0433\u043e, \u043a\u0442\u043e \u043d\u0435 \u0440\u0430\u0437\u0434\u0435\u043b\u044f\u0435\u0442 \u0438\u0445 \u043c\u043d\u0435\u043d\u0438\u044f. \u0421\u0435\u0433\u043e\u0434\u043d\u044f \u044f \u043f\u043e\u043b\u0443\u0447\u0438\u043b \u043f\u043e email \u043f\u0440\u0438\u0433\u043b\u0430\u0448\u0435\u043d\u0438\u0435 \u0441\u0434\u0435\u043b\u0430\u0442\u044c \u0442\u0435\u0441\u0442,\u2026","rel":"","context":"<span class=\"jp-relatedposts-post-author\">Vasile Filat<\/span>","block_context":{"text":"\u041e\u0431\u0449\u0435\u0441\u0442\u0432\u043e","link":"https:\/\/moldovacrestina.md\/ru\/otvety-iz-biblii\/obshhestvo\/"},"img":{"alt_text":"","src":"https:\/\/i0.wp.com\/americansfortruth.com\/uploads\/2011\/01\/Homophobia_Quiz-300x148.png?resize=350%2C200","width":350,"height":200},"classes":[]},{"id":244533,"url":"https:\/\/moldovacrestina.md\/ru\/molodjozhka-way-gleote-vlog\/","url_meta":{"origin":326225,"position":1},"title":"\u041c\u041e\u041b\u041e\u0414\u0401\u0416\u041a\u0410 WAY","author":"Moldova Cre\u0219tin\u0103","date":"May 11, 2018","format":false,"excerpt":"Come to \"WAY\" meetings every Friday, 18:00 https:\/\/goo.gl\/9kAnn6 \u0414\u0430\u0432\u0430\u0439\u0442\u0435 \u043d\u0438\u043a\u043e\u0433\u0434\u0430 \u043d\u0435 \u0441\u0442\u044b\u0434\u0438\u0442\u044c\u0441\u044f \u0438\u043c\u0435\u043d\u0438 \u0425\u0440\u0438\u0441\u0442\u0430! \u041e\u0431 \u044d\u0442\u043e\u043c \u043d\u043e\u0432\u043e\u0435 \u0432\u0438\u0434\u0435\u043e. \u041d\u0435 \u043f\u043e\u0441\u0442\u044b\u0434\u0438\u0442\u0435\u0441\u044c \u043f\u043e\u0434\u0435\u043b\u0438\u0442\u044c\u0441\u044f \u0440\u043e\u043b\u0438\u043a\u043e\u043c:) Gleot\u00e9 - \u0411\u043e\u0433 \u041b\u044e\u0431\u0438\u0442 \u041a\u0430\u0436\u0434\u043e\u0433\u043e \u043d\u0430 \u0417\u0435\u043c\u043b\u0435 ! God Loves Everyone On The Earth ! \u041f\u0420\u0418\u0425\u041e\u0414\u0418 \u041d\u0410 \u041c\u041e\u041b\u041e\u0414\u0415\u0416\u041a\u0423: https:\/\/www.facebook.com\/livingyouth.md\/ \u041f\u041e\u041b\u0423\u0427\u0418 \u041e\u0422\u0412\u0415\u0422 \u0418\u0417 \u0411\u0418\u0411\u041b\u0418\u0418: https:\/\/moldovacrestina.md \u0414\u0423\u0425\u041e\u0412\u041d\u0410\u042f \u0411\u0415\u0421\u0415\u0414\u041a\u0410: http:\/\/duhovnayabesedka.blogspot.com","rel":"","context":"<span class=\"jp-relatedposts-post-author\">Moldova Cre\u0219tin\u0103<\/span>","block_context":{"text":"Gleot\u00e9 VLOG","link":"https:\/\/moldovacrestina.md\/ru\/gleote-vlog\/"},"img":{"alt_text":"","src":"https:\/\/i0.wp.com\/cdn.moldovacrestina.md\/2019\/02\/c9f55163-myv9lwsy-4o.jpg?resize=350%2C200&ssl=1","width":350,"height":200,"srcset":"https:\/\/i0.wp.com\/cdn.moldovacrestina.md\/2019\/02\/c9f55163-myv9lwsy-4o.jpg?resize=350%2C200&ssl=1 1x, https:\/\/i0.wp.com\/cdn.moldovacrestina.md\/2019\/02\/c9f55163-myv9lwsy-4o.jpg?resize=525%2C300&ssl=1 1.5x, https:\/\/i0.wp.com\/cdn.moldovacrestina.md\/2019\/02\/c9f55163-myv9lwsy-4o.jpg?resize=700%2C400&ssl=1 2x, https:\/\/i0.wp.com\/cdn.moldovacrestina.md\/2019\/02\/c9f55163-myv9lwsy-4o.jpg?resize=1050%2C600&ssl=1 3x"},"classes":[]},{"id":83594,"url":"https:\/\/moldovacrestina.md\/ru\/hto-znachit-zlosloviti-za-hrista\/","url_meta":{"origin":326225,"position":2},"title":"\u041d\u0430 \u0447\u0442\u043e \u0441\u0441\u044b\u043b\u0430\u0435\u0442\u0441\u044f \u0418\u0438\u0441\u0443\u0441 \u0425\u0440\u0438\u0441\u0442\u043e\u0441, \u0433\u043e\u0432\u043e\u0440\u044f \u201c\u043d\u0435\u043f\u0440\u0430\u0432\u0435\u0434\u043d\u043e \u0437\u043b\u043e\u0441\u043b\u043e\u0432\u0438\u0442\u044c \u0437\u0430 \u041c\u0435\u043d\u044f\u201d?","author":"Vasile Filat","date":"September 8, 2010","format":false,"excerpt":"\u0412\u043e\u043f\u0440\u043e\u0441: \u0421\u0435\u0433\u043e\u0434\u043d\u044f \u0432\u043e \u0432\u0440\u0435\u043c\u044f \u043e\u0431\u0435\u0434\u0435\u043d\u043d\u043e\u0433\u043e \u043f\u0435\u0440\u0435\u0440\u044b\u0432\u0430 \u044f \u0441\u043b\u0443\u0448\u0430\u043b \u043e \u0431\u043b\u0430\u0436\u0435\u043d\u0441\u0442\u0432\u0430\u0445, \u0441\u043a\u0430\u0437\u0430\u043d\u043d\u044b\u0445 \u0418\u0438\u0441\u0443\u0441\u043e\u043c \u0425\u0440\u0438\u0441\u0442\u043e\u043c \u0432 \u041d\u0430\u0433\u043e\u0440\u043d\u043e\u0439 \u041f\u0440\u043e\u043f\u043e\u0432\u0435\u0434\u0438, \u0438 \u0443 \u043c\u0435\u043d\u044f \u0435\u0441\u0442\u044c \u043d\u0435\u0434\u043e\u043f\u043e\u043d\u0438\u043c\u0430\u043d\u0438\u0435 \u043f\u043e \u044d\u0442\u043e\u043c\u0443 \u043f\u043e\u0432\u043e\u0434\u0443. \u042f \u043f\u043e\u043d\u0438\u043c\u0430\u044e, \u0447\u0442\u043e \u0425\u0440\u0438\u0441\u0442\u043e\u0441 \u0441\u043a\u0430\u0437\u0430\u043b \u0443\u0447\u0435\u043d\u0438\u043a\u0430\u043c, \u0447\u0442\u043e \u043e\u043d\u0438 \u0431\u0443\u0434\u0443\u0442 \u0441\u0442\u0440\u0430\u0434\u0430\u0442\u044c \u043f\u043e \u043f\u0440\u0438\u0447\u0438\u043d\u0435 \u043f\u0440\u043e\u043f\u043e\u0432\u0435\u0434\u0438 \u0421\u043b\u043e\u0432\u0430 \u0438\u043b\u0438 \u0441\u043e \u0441\u0442\u043e\u0440\u043e\u043d\u044b \u043d\u0435\u0432\u0435\u0440\u0443\u044e\u0449\u0438\u0445, \u043d\u043e \u044f \u043d\u0435 \u043f\u043e\u043d\u0438\u043c\u0430\u044e \u0432\u044b\u0440\u0430\u0436\u0435\u043d\u0438\u044f \u201c\u043d\u0435\u043f\u0440\u0430\u0432\u0435\u0434\u043d\u043e \u0437\u043b\u043e\u0441\u043b\u043e\u0432\u0438\u0442\u044c \u0437\u0430\u2026","rel":"","context":"<span class=\"jp-relatedposts-post-author\">Vasile Filat<\/span>","block_context":{"text":"\u0414\u043e\u043a\u0442\u0440\u0438\u043d\u044b","link":"https:\/\/moldovacrestina.md\/ru\/otvety-iz-biblii\/doktriny-ru\/"},"img":{"alt_text":"","src":"","width":0,"height":0},"classes":[]},{"id":112659,"url":"https:\/\/moldovacrestina.md\/ru\/kogda-opravdanie-nechestivogo-yavlyaet\/","url_meta":{"origin":326225,"position":3},"title":"\u041a\u043e\u0433\u0434\u0430 \u043e\u043f\u0440\u0430\u0432\u0434\u0430\u043d\u0438\u0435 \u043d\u0435\u0447\u0435\u0441\u0442\u0438\u0432\u043e\u0433\u043e \u044f\u0432\u043b\u044f\u0435\u0442\u0441\u044f \u043c\u0435\u0440\u0437\u043e\u0441\u0442\u044c\u044e \u043f\u0435\u0440\u0435\u0434 \u0411\u043e\u0433\u043e\u043c? (\u041f\u0440\u0438\u0442\u0447\u0438 17:15)","author":"Vasile Filat","date":"January 16, 2017","format":false,"excerpt":"\u0412\u0441\u0435 \u043c\u044b \u0436\u0435\u043b\u0430\u0435\u043c \u043f\u0440\u043e\u0449\u0435\u043d\u0438\u044f \u043e\u0442 \u0411\u043e\u0433\u0430, \u0438 \u0411\u043e\u0433 \u0443\u0447\u0438\u0442 \u043d\u0430\u0441 \u043f\u0440\u043e\u0449\u0430\u0442\u044c \u0442\u0435\u0445, \u043a\u0442\u043e \u0441\u0434\u0435\u043b\u0430\u043b\u0441\u044f \u0432\u0438\u043d\u043e\u0432\u0430\u0442\u044b\u043c \u043f\u0435\u0440\u0435\u0434 \u043d\u0430\u043c\u0438. \u0412\u0441\u0451-\u0442\u0430\u043a\u0438, \u0441\u0443\u0449\u0435\u0441\u0442\u0432\u0443\u0435\u0442 \u0441\u0442\u0438\u0445 \u0438\u0437 \u0411\u0438\u0431\u043b\u0438\u0438, \u0432 \u043a\u043e\u0442\u043e\u0440\u043e\u043c \u043d\u0430\u043f\u0438\u0441\u0430\u043d\u043e, \u0447\u0442\u043e \u043e\u043f\u0440\u0430\u0432\u0434\u044b\u0432\u0430\u0442\u044c \u0438\u043b\u0438\u00a0\u043f\u0440\u043e\u0449\u0430\u0442\u044c \u043d\u0435\u0447\u0435\u0441\u0442\u0438\u0432\u043e\u0433\u043e\u00a0- \u044d\u0442\u043e \u043c\u0435\u0440\u0437\u043e\u0441\u0442\u044c \u043f\u0435\u0440\u0435\u0434 \u0411\u043e\u0433\u043e\u043c. \u0422\u0430\u043a\u0438\u0435 \u0441\u0438\u0442\u0443\u0430\u0446\u0438\u0438 \u0438\u043c\u0435\u044e\u0442\u0441\u044f \u0432 \u0432\u0438\u0434\u0443 \u0432 \u0441\u043b\u0435\u0434\u0443\u044e\u0449\u0435\u043c \u0432\u043e\u043f\u0440\u043e\u0441\u0435, \u043a\u043e\u0442\u043e\u0440\u044b\u0439 \u0431\u044b\u043b \u0437\u0430\u0434\u0430\u043d \u043c\u043d\u0435: \u041c\u0438\u0440 \u0432\u0430\u043c, \u043f\u0430\u0441\u0442\u043e\u0440 \u0412\u0430\u0441\u0438\u043b\u0438\u0439. \u042f\u2026","rel":"","context":"<span class=\"jp-relatedposts-post-author\">Vasile Filat<\/span>","block_context":{"text":"\u041e\u0442\u0432\u0435\u0442\u044b \u0438\u0437 \u0411\u0438\u0431\u043b\u0438\u0438","link":"https:\/\/moldovacrestina.md\/ru\/otvety-iz-biblii\/"},"img":{"alt_text":"","src":"https:\/\/i0.wp.com\/moldovacrestina.md\/wp-content\/uploads\/2017\/01\/o-forgiveness-facebook-1024x512-2.jpg?resize=350%2C200&ssl=1","width":350,"height":200,"srcset":"https:\/\/i0.wp.com\/moldovacrestina.md\/wp-content\/uploads\/2017\/01\/o-forgiveness-facebook-1024x512-2.jpg?resize=350%2C200&ssl=1 1x, https:\/\/i0.wp.com\/moldovacrestina.md\/wp-content\/uploads\/2017\/01\/o-forgiveness-facebook-1024x512-2.jpg?resize=525%2C300&ssl=1 1.5x, https:\/\/i0.wp.com\/moldovacrestina.md\/wp-content\/uploads\/2017\/01\/o-forgiveness-facebook-1024x512-2.jpg?resize=700%2C400&ssl=1 2x"},"classes":[]},{"id":86012,"url":"https:\/\/moldovacrestina.md\/en\/doris-van-stone-devochka-kotoryiu-nikto-ne-liubil\/","url_meta":{"origin":326225,"position":4},"title":"\u0414\u043e\u0440\u0438\u0441 \u0412\u0430\u043d \u0421\u0442\u043e\u0443\u043d &ndash; \u0434\u0435\u0432\u043e\u0447\u043a\u0430 \u043a\u043e\u0442\u043e\u0440\u0443\u044e \u043d\u0438\u043a\u0442\u043e \u043d\u0435 \u043b\u044e\u0431\u0438\u043b","author":"Vasile Filat","date":"February 23, 2012","format":false,"excerpt":"\u0412\u0447\u0435\u0440\u0430 \u0432\u0435\u0447\u0435\u0440\u043e\u043c \u0443 \u043c\u0435\u043d\u044f \u0431\u044b\u043b\u0430 \u0431\u043b\u0430\u0433\u043e\u0441\u043b\u043e\u0432\u0435\u043d\u043d\u0430\u044f \u0432\u0441\u0442\u0440\u0435\u0447\u0430 \u0441\u00a0 \u0414\u043e\u0440\u0438\u0441 \u0412\u0430\u043d \u0421\u0442\u043e\u0443\u043d, \u0430\u0432\u0442\u043e\u0440\u043e\u043c \u0445\u043e\u0440\u043e\u0448\u043e \u0438\u0437\u0432\u0435\u0441\u0442\u043d\u043e\u0439 \u043a\u043d\u0438\u0433\u0438 \u201c\u0414\u043e\u0440\u0438, \u0434\u0435\u0432\u043e\u0447\u043a\u0430 \u043a\u043e\u0442\u043e\u0440\u0443\u044e \u043d\u0438\u043a\u0442\u043e \u043d\u0435 \u043b\u044e\u0431\u0438\u043b\u201d \u0438 \u0434\u0432\u0443\u0445 \u0434\u0440\u0443\u0433\u0438\u0445 \u043a\u043d\u0438\u0433 \"No Place To Cry: The Hurt and Healing of Sexual Abuse\" \u0438 \"The secrets of the heart\". \u0412 \u0432\u043e\u0437\u0440\u0430\u0441\u0442\u0435 90 \u043b\u0435\u0442 \u0441\u0435\u0441\u0442\u0440\u0430 \u0414\u043e\u0440\u0438\u0441 \u043f\u043e\u043b\u043d\u0430 \u0436\u0438\u0437\u043d\u0438,\u2026","rel":"","context":"<span class=\"jp-relatedposts-post-author\">Vasile Filat<\/span>","block_context":{"text":"\u041e\u0431\u0449\u0435\u0441\u0442\u0432\u043e","link":"https:\/\/moldovacrestina.md\/ru\/otvety-iz-biblii\/obshhestvo\/"},"img":{"alt_text":"","src":"","width":0,"height":0},"classes":[]},{"id":123833,"url":"https:\/\/moldovacrestina.md\/ru\/s-dnyom-rozhdeniya-moldova-crestina-gleote-vlog\/","url_meta":{"origin":326225,"position":5},"title":"\u0421 \u0414\u041d\u0401\u041c \u0420\u041e\u0416\u0414\u0415\u041d\u0418\u042f MOLDOVA CRE\u0218TIN\u0102 | Gleot\u00e9 VLOG","author":"\u0410\u043d\u0434\u0440\u0435\u0435\u0432 \u042d\u0434\u0443\u0430\u0440\u0434","date":"April 26, 2017","format":"video","excerpt":"\u0414\u0440\u0443\u0437\u044c\u044f! \u0412\u043e\u0442 \u0438 \u043d\u043e\u0432\u044b\u0439 \u0432\u0438\u0434\u0435\u043e-\u0431\u043b\u043e\u0433! 22 \u0430\u043f\u0440\u0435\u043b\u044f Moldova Cre\u0219tin\u0103\u00a0\u0438\u0441\u043f\u043e\u043b\u043d\u0438\u043b\u043e\u0441\u044c 10 \u043b\u0435\u0442!\u00a0\ud83c\udf82 \u041d\u0435 \u0441\u0442\u0435\u0441\u043d\u044f\u0439\u0442\u0435\u0441\u044c! \u041f\u0440\u0438\u0441\u043e\u0435\u0434\u0438\u043d\u044f\u0439\u0442\u0435\u0441\u044c \u043a \u043f\u0440\u0430\u0437\u0434\u043d\u0438\u043a\u0443! \u0414\u043b\u044f \u043c\u0435\u043d\u044f \u043e\u0433\u0440\u043e\u043c\u043d\u043e\u0435 \u0431\u043b\u0430\u0433\u043e\u0441\u043b\u043e\u0432\u0435\u043d\u0438\u0435 \u0438 \u043f\u0440\u0438\u0432\u0438\u043b\u0435\u0433\u0438\u044f \u0431\u044b\u0442\u044c \u0447\u0430\u0441\u0442\u044c\u044e \u044d\u0442\u043e\u0439 \u043a\u043e\u043c\u0430\u043d\u0434\u044b! \u041f\u0443\u0441\u0442\u044c \u0413\u043e\u0441\u043f\u043e\u0434\u044c \u0443\u043c\u043d\u043e\u0436\u0438\u0442 \u044d\u0442\u043e \u0441\u043b\u0443\u0436\u0435\u043d\u0438\u0435 \u0438 \u043f\u043e\u043c\u043e\u0436\u0435\u0442 \u043f\u0440\u0438\u043d\u0435\u0441\u0442\u0438 \u0435\u0449\u0451 \u0431\u043e\u043b\u044c\u0448\u0435 \u043f\u043b\u043e\u0434\u043e\u0432 \u0432\u043e \u0441\u043b\u0430\u0432\u0443 \u0413\u043e\u0441\u043f\u043e\u0434\u0430 \u043d\u0430\u0448\u0435\u0433\u043e \u0418\u0438\u0441\u0443\u0441\u0430 \u0425\u0440\u0438\u0441\u0442\u0430! \u0411\u043e\u043b\u044c\u0448\u043e\u0435 \u0441\u043f\u0430\u0441\u0438\u0431\u043e \u0432\u0441\u0435\u043c \u043c\u043e\u0438\u043c \u043d\u0430\u0441\u0442\u0430\u0432\u043d\u0438\u043a\u0430\u043c \u0438 \u0434\u0440\u0443\u0437\u044c\u044f\u043c\u2026","rel":"","context":"<span class=\"jp-relatedposts-post-author\">\u0410\u043d\u0434\u0440\u0435\u0435\u0432 \u042d\u0434\u0443\u0430\u0440\u0434<\/span>","block_context":{"text":"\u0411\u043b\u043e\u0433\u043e\u0441\u0444\u0435\u0440\u0430","link":"https:\/\/moldovacrestina.md\/ru\/vospitanie-ru\/blogosfera-ru\/"},"img":{"alt_text":"","src":"https:\/\/i0.wp.com\/moldovacrestina.md\/wp-content\/uploads\/2017\/04\/moldovacrestina.md---1.jpg?resize=350%2C200&ssl=1","width":350,"height":200,"srcset":"https:\/\/i0.wp.com\/moldovacrestina.md\/wp-content\/uploads\/2017\/04\/moldovacrestina.md---1.jpg?resize=350%2C200&ssl=1 1x, https:\/\/i0.wp.com\/moldovacrestina.md\/wp-content\/uploads\/2017\/04\/moldovacrestina.md---1.jpg?resize=525%2C300&ssl=1 1.5x, https:\/\/i0.wp.com\/moldovacrestina.md\/wp-content\/uploads\/2017\/04\/moldovacrestina.md---1.jpg?resize=700%2C400&ssl=1 2x, https:\/\/i0.wp.com\/moldovacrestina.md\/wp-content\/uploads\/2017\/04\/moldovacrestina.md---1.jpg?resize=1050%2C600&ssl=1 3x"},"classes":[]}],"jetpack_sharing_enabled":true,"_links":{"self":[{"href":"https:\/\/moldovacrestina.md\/en\/wp-json\/wp\/v2\/posts\/326225","targetHints":{"allow":["GET"]}}],"collection":[{"href":"https:\/\/moldovacrestina.md\/en\/wp-json\/wp\/v2\/posts"}],"about":[{"href":"https:\/\/moldovacrestina.md\/en\/wp-json\/wp\/v2\/types\/post"}],"author":[{"embeddable":true,"href":"https:\/\/moldovacrestina.md\/en\/wp-json\/wp\/v2\/users\/55"}],"replies":[{"embeddable":true,"href":"https:\/\/moldovacrestina.md\/en\/wp-json\/wp\/v2\/comments?post=326225"}],"version-history":[{"count":0,"href":"https:\/\/moldovacrestina.md\/en\/wp-json\/wp\/v2\/posts\/326225\/revisions"}],"wp:featuredmedia":[{"embeddable":true,"href":"https:\/\/moldovacrestina.md\/en\/wp-json\/wp\/v2\/media\/326226"}],"wp:attachment":[{"href":"https:\/\/moldovacrestina.md\/en\/wp-json\/wp\/v2\/media?parent=326225"}],"wp:term":[{"taxonomy":"category","embeddable":true,"href":"https:\/\/moldovacrestina.md\/en\/wp-json\/wp\/v2\/categories?post=326225"},{"taxonomy":"post_tag","embeddable":true,"href":"https:\/\/moldovacrestina.md\/en\/wp-json\/wp\/v2\/tags?post=326225"}],"curies":[{"name":"wp","href":"https:\/\/api.w.org\/{rel}","templated":true}]}}