{"id":325041,"date":"2021-03-22T10:53:35","date_gmt":"2021-03-22T08:53:35","guid":{"rendered":"https:\/\/moldovacrestina.md\/?p=325041"},"modified":"2021-03-22T10:55:44","modified_gmt":"2021-03-22T08:55:44","slug":"interview-with-david-arthur-general-director-of-precept-ministries-international","status":"publish","type":"post","link":"https:\/\/moldovacrestina.md\/en\/interview-with-david-arthur-general-director-of-precept-ministries-international\/","title":{"rendered":"INTERVIEW with David Arthur, General Director of Precept Ministries International"},"content":{"rendered":"<p>David Arthur is this year&#8217;s special guest of the Precept Ministries Mission at the Precept Ministries Moldova Festival, which takes place from July 16 to 21. David Arthur gave us an interview about the service he does, as general director of Precept Ministries International, about his visit to Moldova and about the book Esther, which he will teach at this Festival.<\/p>\n<p><a href=\"https:\/\/cdn.moldovacrestina.md\/2018\/07\/da.jpg\"><img loading=\"lazy\" decoding=\"async\" class=\"aligncenter wp-image-214821 size-large\" src=\"https:\/\/moldovacrestina.md\/wp-content\/uploads\/2018\/07\/da-1024x576.jpg\" alt=\"\u0414\u044d\u0432\u0438\u0434 \u0410\u0440\u0442\u0443\u0440\" width=\"1024\" height=\"576\" \/><\/a><\/p>\n<h2><b>We want our audience to know you better. Please share how God called you to this mission?<\/b><\/h2>\n<p><b>David Arthur<\/b>: Because I grew up in the Arthur family, I was expected to follow in my parents&#8217; footsteps in terms of mission. However, my adult career began with activity in the business sphere. After working in a company, a few years later I started my own business in the field of information technology.<\/p>\n<p>In the mid-1990s, the pastor asked me to help lead a Sunday school group. Then I discovered the gift of teaching that God gave me. Shortly afterwards, I began working for the Precept Ministries mission, for the youth wing of the mission. After 5 years I went to get my master&#8217;s degree in theology and then I served as a pastor for 8 years. I love the church very much!<\/p>\n<p>I was involved in helping a friend who led the \u201cGive Generously\u201d mission, teaching the biblical message of generosity, but I returned to the Precept Ministries mission, this time to lead the teaching and training department. In 2012, the board of directors elected me as general manager of the organization. To this day, I lead a staff of 67 members at the mission headquarters in Chattanooga, TN. I spend half my time teaching and writing Bible studies.<\/p>\n<h2><b>We are very happy and grateful that we have the Precept Ministries mission in our country. What message would you like to send to Moldovan people who love to study inductive Bible studies?<\/b><\/h2>\n<p><b>David Arthur:<\/b> Moses tells people in his last speech in Deuteronomy 32 to remember and to take to their hearts all that God&#8217;s Word has to say for them, and he explains why in verse 47:<\/p>\n<blockquote><p>\u201cTake to your heart all the words with which I am warning you today, which you will command your sons to follow carefully, all the words of this Law. For it is not a trivial matter for you; indeed it is your life. And by this word you will prolong your days in the land, which you are about to cross the Jordan to possess.\u201d (Deuteronomy 32:46-47 NASB)<\/p><\/blockquote>\n<p>I encourage my fellow believers in Moldova to cherish God&#8217;s Word, the Bible, to take seriously everything that is written in the Bible, and to apply these teachings to every aspect of their lives, because indeed the Word is our life.<\/p>\n<h2><b>We will study at the Festival the manual of inductive Bible study based on the book of Esther, recently translated into Romanian and Russian. Why is this book relevant today?<\/b><b><br \/>\n<\/b><\/h2>\n<p><b>David Arthur: <\/b>The Apostle Paul teaches us in Romans 15:4 that &#8220;whatever was written in earlier times was written for our instruction, so that through perseverance and the encouragement of the Scriptures we might have hope.&#8221; This means that every book in the Bible can inspire believers and give them hope to follow Christ no matter what the circumstances.<\/p>\n<p>The book of Esther presents a fragment of history in which God fascinatingly showed His power, even though God&#8217;s name is not mentioned once in this book. I am convinced that after a thorough study of the book of Esther, participants will be encouraged to live according to their beliefs in times of trial, in difficult times, with a good understanding of God&#8217;s sovereignty.<\/p>\n<h2><b>Why is it important to study God&#8217;s Word? How can God&#8217;s Word make a difference in people&#8217;s lives?<\/b><\/h2>\n<p>David Arthur: The last epistle written by the apostle Paul is 2 Timothy. In 2 Timothy 3:16-17 Paul makes this powerful statement:<\/p>\n<blockquote><p>All Scripture is inspired by God and beneficial for teaching, for rebuke, for correction, for training in righteousness; so that the man <i>or woman<\/i> of God may be fully capable, equipped for every good work. (2 Timothy 3:16-17 NASB)<\/p><\/blockquote>\n<p>God reveals Himself to us in His Word with much goodwill and great grace. We desperately need God&#8217;s Word because it is good for us, as explained in these two verses. We need to be corrected and made perfect, because God has great works for us to entrust to us to do. The Bible is the direct way in which God equips His people to be worthy of any good work. If being a Christian means truly knowing God and following Him with all your heart, soul, and mind, then Bible study is vital, extremely important.<\/p>\n<h2><b>Do you have a specific message for our readers?<\/b><\/h2>\n<p><b>David Arthur: <\/b>My job as general director of the Precept Ministries mission brings me to many countries around the world. We carry out our mission in 180 countries in 70 different languages. From China to Africa, I have witnessed the impact this mission has on the global Church. But I must confess that Moldova is among the top countries, where you can see an effective mission. The team from you, led by Vasile Filat, is truly remarkable. I can&#8217;t wait to come see and meet you in person.<\/p>\n<p>Translated by Ina Croitoru<\/p>\n","protected":false},"excerpt":{"rendered":"<p>David Arthur is this year&#8217;s special guest of the Precept Ministries Mission at the Precept Ministries Moldova Festival, which takes place from July 16 to 21. David Arthur gave us an interview about the service he does, as general director of Precept Ministries International, about his visit to Moldova and about the book Esther, which [&hellip;]<\/p>\n","protected":false},"author":57,"featured_media":214821,"comment_status":"closed","ping_status":"closed","sticky":false,"template":"","format":"standard","meta":{"_acf_changed":false,"inline_featured_image":false,"_monsterinsights_skip_tracking":false,"_monsterinsights_sitenote_active":false,"_monsterinsights_sitenote_note":"","_monsterinsights_sitenote_category":0,"_genesis_hide_title":false,"_genesis_hide_breadcrumbs":false,"_genesis_hide_singular_image":false,"_genesis_hide_footer_widgets":false,"_genesis_custom_body_class":"","_genesis_custom_post_class":"","_genesis_layout":"","ep_exclude_from_search":false,"_jetpack_memberships_contains_paid_content":false,"footnotes":""},"categories":[129,134],"tags":[65388,65389,65390,65391,65392],"class_list":{"0":"post-325041","1":"post","2":"type-post","3":"status-publish","4":"format-standard","5":"has-post-thumbnail","7":"category-society","8":"category-blogosphere","9":"tag-director-of-precept-ministries-international","10":"tag-festival-en","11":"tag-precept-ministries-international-en","12":"tag-festival-2018-en","13":"tag-david-arthur-en","14":"entry"},"acf":[],"yoast_head":"<!-- This site is optimized with the Yoast SEO Premium plugin v26.5 (Yoast SEO v27.4) - https:\/\/yoast.com\/product\/yoast-seo-premium-wordpress\/ -->\n<title>INTERVIEW with David Arthur, General Director of Precept Ministries International<\/title>\n<meta name=\"description\" content=\"David Arthur is this year&#039;s special guest of the Precept Ministries Mission at the Precept Ministries Moldova Festival, which takes place from July 16 to 21.\" \/>\n<meta name=\"robots\" content=\"index, follow, max-snippet:-1, max-image-preview:large, max-video-preview:-1\" \/>\n<link rel=\"canonical\" href=\"https:\/\/moldovacrestina.md\/en\/interview-with-david-arthur-general-director-of-precept-ministries-international\/\" \/>\n<meta property=\"og:locale\" content=\"en_US\" \/>\n<meta property=\"og:type\" content=\"article\" \/>\n<meta property=\"og:title\" content=\"INTERVIEW with David Arthur, General Director of Precept Ministries International\" \/>\n<meta property=\"og:description\" content=\"David Arthur is this year&#039;s special guest of the Precept Ministries Mission at the Precept Ministries Moldova Festival, which takes place from July 16 to 21.\" \/>\n<meta property=\"og:url\" content=\"https:\/\/moldovacrestina.md\/en\/interview-with-david-arthur-general-director-of-precept-ministries-international\/\" \/>\n<meta property=\"og:site_name\" content=\"Moldova Cre\u0219tin\u0103\" \/>\n<meta property=\"article:publisher\" content=\"https:\/\/www.facebook.com\/moldovacrestina\/\" \/>\n<meta property=\"article:published_time\" content=\"2021-03-22T08:53:35+00:00\" \/>\n<meta property=\"article:modified_time\" content=\"2021-03-22T08:55:44+00:00\" \/>\n<meta property=\"og:image\" content=\"https:\/\/cdn.moldovacrestina.md\/2018\/07\/da.jpg\" \/>\n\t<meta property=\"og:image:width\" content=\"1080\" \/>\n\t<meta property=\"og:image:height\" content=\"608\" \/>\n\t<meta property=\"og:image:type\" content=\"image\/jpeg\" \/>\n<meta name=\"author\" content=\"Irina Panainte\" \/>\n<meta name=\"twitter:card\" content=\"summary_large_image\" \/>\n<meta name=\"twitter:creator\" content=\"@moldovacrestina\" \/>\n<meta name=\"twitter:site\" content=\"@moldovacrestina\" \/>\n<meta name=\"twitter:label1\" content=\"Written by\" \/>\n\t<meta name=\"twitter:data1\" content=\"Irina Panainte\" \/>\n\t<meta name=\"twitter:label2\" content=\"Est. reading time\" \/>\n\t<meta name=\"twitter:data2\" content=\"4 minutes\" \/>\n<script type=\"application\/ld+json\" class=\"yoast-schema-graph\">{\"@context\":\"https:\\\/\\\/schema.org\",\"@graph\":[{\"@type\":\"Article\",\"@id\":\"https:\\\/\\\/moldovacrestina.md\\\/en\\\/interview-with-david-arthur-general-director-of-precept-ministries-international\\\/#article\",\"isPartOf\":{\"@id\":\"https:\\\/\\\/moldovacrestina.md\\\/en\\\/interview-with-david-arthur-general-director-of-precept-ministries-international\\\/\"},\"author\":{\"name\":\"Irina Panainte\",\"@id\":\"https:\\\/\\\/moldovacrestina.md\\\/en\\\/#\\\/schema\\\/person\\\/f457f155e7be6a9a57ccc361cb548eec\"},\"headline\":\"INTERVIEW with David Arthur, General Director of Precept Ministries International\",\"datePublished\":\"2021-03-22T08:53:35+00:00\",\"dateModified\":\"2021-03-22T08:55:44+00:00\",\"mainEntityOfPage\":{\"@id\":\"https:\\\/\\\/moldovacrestina.md\\\/en\\\/interview-with-david-arthur-general-director-of-precept-ministries-international\\\/\"},\"wordCount\":894,\"image\":{\"@id\":\"https:\\\/\\\/moldovacrestina.md\\\/en\\\/interview-with-david-arthur-general-director-of-precept-ministries-international\\\/#primaryimage\"},\"thumbnailUrl\":\"https:\\\/\\\/moldovacrestina.md\\\/wp-content\\\/uploads\\\/2018\\\/07\\\/da.jpg\",\"keywords\":[\"director of Precept Ministries International\",\"festival\",\"precept ministries international\",\"\u0424\u0435\u0441\u0442\u0438\u0432\u0430\u043b\u044c 2018\",\"David Arthur\"],\"articleSection\":[\"Society\",\"Blogosphere\"],\"inLanguage\":\"en-US\"},{\"@type\":\"WebPage\",\"@id\":\"https:\\\/\\\/moldovacrestina.md\\\/en\\\/interview-with-david-arthur-general-director-of-precept-ministries-international\\\/\",\"url\":\"https:\\\/\\\/moldovacrestina.md\\\/en\\\/interview-with-david-arthur-general-director-of-precept-ministries-international\\\/\",\"name\":\"INTERVIEW with David Arthur, General Director of Precept Ministries International\",\"isPartOf\":{\"@id\":\"https:\\\/\\\/moldovacrestina.md\\\/en\\\/#website\"},\"primaryImageOfPage\":{\"@id\":\"https:\\\/\\\/moldovacrestina.md\\\/en\\\/interview-with-david-arthur-general-director-of-precept-ministries-international\\\/#primaryimage\"},\"image\":{\"@id\":\"https:\\\/\\\/moldovacrestina.md\\\/en\\\/interview-with-david-arthur-general-director-of-precept-ministries-international\\\/#primaryimage\"},\"thumbnailUrl\":\"https:\\\/\\\/moldovacrestina.md\\\/wp-content\\\/uploads\\\/2018\\\/07\\\/da.jpg\",\"datePublished\":\"2021-03-22T08:53:35+00:00\",\"dateModified\":\"2021-03-22T08:55:44+00:00\",\"author\":{\"@id\":\"https:\\\/\\\/moldovacrestina.md\\\/en\\\/#\\\/schema\\\/person\\\/f457f155e7be6a9a57ccc361cb548eec\"},\"description\":\"David Arthur is this year's special guest of the Precept Ministries Mission at the Precept Ministries Moldova Festival, which takes place from July 16 to 21.\",\"breadcrumb\":{\"@id\":\"https:\\\/\\\/moldovacrestina.md\\\/en\\\/interview-with-david-arthur-general-director-of-precept-ministries-international\\\/#breadcrumb\"},\"inLanguage\":\"en-US\",\"potentialAction\":[{\"@type\":\"ReadAction\",\"target\":[\"https:\\\/\\\/moldovacrestina.md\\\/en\\\/interview-with-david-arthur-general-director-of-precept-ministries-international\\\/\"]}]},{\"@type\":\"ImageObject\",\"inLanguage\":\"en-US\",\"@id\":\"https:\\\/\\\/moldovacrestina.md\\\/en\\\/interview-with-david-arthur-general-director-of-precept-ministries-international\\\/#primaryimage\",\"url\":\"https:\\\/\\\/moldovacrestina.md\\\/wp-content\\\/uploads\\\/2018\\\/07\\\/da.jpg\",\"contentUrl\":\"https:\\\/\\\/moldovacrestina.md\\\/wp-content\\\/uploads\\\/2018\\\/07\\\/da.jpg\",\"width\":1080,\"height\":608,\"caption\":\"\u0414\u044d\u0432\u0438\u0434 \u0410\u0440\u0442\u0443\u0440\"},{\"@type\":\"BreadcrumbList\",\"@id\":\"https:\\\/\\\/moldovacrestina.md\\\/en\\\/interview-with-david-arthur-general-director-of-precept-ministries-international\\\/#breadcrumb\",\"itemListElement\":[{\"@type\":\"ListItem\",\"position\":1,\"name\":\"Prima pagin\u0103\",\"item\":\"https:\\\/\\\/moldovacrestina.md\\\/en\\\/\"},{\"@type\":\"ListItem\",\"position\":2,\"name\":\"Education\",\"item\":\"https:\\\/\\\/moldovacrestina.md\\\/en\\\/education-en\\\/\"},{\"@type\":\"ListItem\",\"position\":3,\"name\":\"Blogosphere\",\"item\":\"https:\\\/\\\/moldovacrestina.md\\\/en\\\/education-en\\\/blogosphere\\\/\"},{\"@type\":\"ListItem\",\"position\":4,\"name\":\"INTERVIEW with David Arthur, General Director of Precept Ministries International\"}]},{\"@type\":\"WebSite\",\"@id\":\"https:\\\/\\\/moldovacrestina.md\\\/en\\\/#website\",\"url\":\"https:\\\/\\\/moldovacrestina.md\\\/en\\\/\",\"name\":\"Moldova Cre\u0219tin\u0103\",\"description\":\"R\u0103spunsuri relevante \u0219i actuale din Biblie\",\"potentialAction\":[{\"@type\":\"SearchAction\",\"target\":{\"@type\":\"EntryPoint\",\"urlTemplate\":\"https:\\\/\\\/moldovacrestina.md\\\/en\\\/?s={search_term_string}\"},\"query-input\":{\"@type\":\"PropertyValueSpecification\",\"valueRequired\":true,\"valueName\":\"search_term_string\"}}],\"inLanguage\":\"en-US\"},{\"@type\":\"Person\",\"@id\":\"https:\\\/\\\/moldovacrestina.md\\\/en\\\/#\\\/schema\\\/person\\\/f457f155e7be6a9a57ccc361cb548eec\",\"name\":\"Irina Panainte\",\"image\":{\"@type\":\"ImageObject\",\"inLanguage\":\"en-US\",\"@id\":\"https:\\\/\\\/secure.gravatar.com\\\/avatar\\\/0e6748c688e3f5da95b815a0d1c4aff56ad90679129511f2977d3d7f3cff95c8?s=96&d=mm&r=g\",\"url\":\"https:\\\/\\\/secure.gravatar.com\\\/avatar\\\/0e6748c688e3f5da95b815a0d1c4aff56ad90679129511f2977d3d7f3cff95c8?s=96&d=mm&r=g\",\"contentUrl\":\"https:\\\/\\\/secure.gravatar.com\\\/avatar\\\/0e6748c688e3f5da95b815a0d1c4aff56ad90679129511f2977d3d7f3cff95c8?s=96&d=mm&r=g\",\"caption\":\"Irina Panainte\"},\"description\":\"Am 27 de ani. Locuiesc \u00een Chi\u0219in\u0103u. Sunt membr\u0103 la Biserica \u201dBuna Vestire\u201d din Chi\u0219in\u0103u\u00a0\u0219i student\u0103 la Institutul de Studii Biblice Inductive din Moldova. Fac ucenici \u0219i \u00eenv\u0103\u021b pe oameni Biblia prin cursurile de limb\u0103 englez\u0103 pe care le predau. Sunt profesoar\u0103 \u00een cadrul Asocia\u021biei \u201dEnglish For a New Life\u201d \u0219i la \u0218coala Interna\u021bional\u0103 de Misiune - Precept Ministries Eurasia, facultatea de jurnalism. Predau mai multe cursuri de studiu biblic \u00een grupe \u00een Chi\u0219in\u0103u, D\u0103nceni \u0219i prin skype.\u00a0 Scriu pentru\u00a0Ziarul Liber\u00a0\u0219i\u00a0Moldova Cre\u0219tin\u0103, conduc emisiunea\u00a0ACTUAL\u00a0la\u00a0Moldova Cre\u0219tin\u0103 TV.\",\"url\":\"https:\\\/\\\/moldovacrestina.md\\\/en\\\/author\\\/batin-irina\\\/\"}]}<\/script>\n<!-- \/ Yoast SEO Premium plugin. -->","yoast_head_json":{"title":"INTERVIEW with David Arthur, General Director of Precept Ministries International","description":"David Arthur is this year's special guest of the Precept Ministries Mission at the Precept Ministries Moldova Festival, which takes place from July 16 to 21.","robots":{"index":"index","follow":"follow","max-snippet":"max-snippet:-1","max-image-preview":"max-image-preview:large","max-video-preview":"max-video-preview:-1"},"canonical":"https:\/\/moldovacrestina.md\/en\/interview-with-david-arthur-general-director-of-precept-ministries-international\/","og_locale":"en_US","og_type":"article","og_title":"INTERVIEW with David Arthur, General Director of Precept Ministries International","og_description":"David Arthur is this year's special guest of the Precept Ministries Mission at the Precept Ministries Moldova Festival, which takes place from July 16 to 21.","og_url":"https:\/\/moldovacrestina.md\/en\/interview-with-david-arthur-general-director-of-precept-ministries-international\/","og_site_name":"Moldova Cre\u0219tin\u0103","article_publisher":"https:\/\/www.facebook.com\/moldovacrestina\/","article_published_time":"2021-03-22T08:53:35+00:00","article_modified_time":"2021-03-22T08:55:44+00:00","og_image":[{"width":1080,"height":608,"url":"https:\/\/cdn.moldovacrestina.md\/2018\/07\/da.jpg","type":"image\/jpeg"}],"author":"Irina Panainte","twitter_card":"summary_large_image","twitter_creator":"@moldovacrestina","twitter_site":"@moldovacrestina","twitter_misc":{"Written by":"Irina Panainte","Est. reading time":"4 minutes"},"schema":{"@context":"https:\/\/schema.org","@graph":[{"@type":"Article","@id":"https:\/\/moldovacrestina.md\/en\/interview-with-david-arthur-general-director-of-precept-ministries-international\/#article","isPartOf":{"@id":"https:\/\/moldovacrestina.md\/en\/interview-with-david-arthur-general-director-of-precept-ministries-international\/"},"author":{"name":"Irina Panainte","@id":"https:\/\/moldovacrestina.md\/en\/#\/schema\/person\/f457f155e7be6a9a57ccc361cb548eec"},"headline":"INTERVIEW with David Arthur, General Director of Precept Ministries International","datePublished":"2021-03-22T08:53:35+00:00","dateModified":"2021-03-22T08:55:44+00:00","mainEntityOfPage":{"@id":"https:\/\/moldovacrestina.md\/en\/interview-with-david-arthur-general-director-of-precept-ministries-international\/"},"wordCount":894,"image":{"@id":"https:\/\/moldovacrestina.md\/en\/interview-with-david-arthur-general-director-of-precept-ministries-international\/#primaryimage"},"thumbnailUrl":"https:\/\/moldovacrestina.md\/wp-content\/uploads\/2018\/07\/da.jpg","keywords":["director of Precept Ministries International","festival","precept ministries international","\u0424\u0435\u0441\u0442\u0438\u0432\u0430\u043b\u044c 2018","David Arthur"],"articleSection":["Society","Blogosphere"],"inLanguage":"en-US"},{"@type":"WebPage","@id":"https:\/\/moldovacrestina.md\/en\/interview-with-david-arthur-general-director-of-precept-ministries-international\/","url":"https:\/\/moldovacrestina.md\/en\/interview-with-david-arthur-general-director-of-precept-ministries-international\/","name":"INTERVIEW with David Arthur, General Director of Precept Ministries International","isPartOf":{"@id":"https:\/\/moldovacrestina.md\/en\/#website"},"primaryImageOfPage":{"@id":"https:\/\/moldovacrestina.md\/en\/interview-with-david-arthur-general-director-of-precept-ministries-international\/#primaryimage"},"image":{"@id":"https:\/\/moldovacrestina.md\/en\/interview-with-david-arthur-general-director-of-precept-ministries-international\/#primaryimage"},"thumbnailUrl":"https:\/\/moldovacrestina.md\/wp-content\/uploads\/2018\/07\/da.jpg","datePublished":"2021-03-22T08:53:35+00:00","dateModified":"2021-03-22T08:55:44+00:00","author":{"@id":"https:\/\/moldovacrestina.md\/en\/#\/schema\/person\/f457f155e7be6a9a57ccc361cb548eec"},"description":"David Arthur is this year's special guest of the Precept Ministries Mission at the Precept Ministries Moldova Festival, which takes place from July 16 to 21.","breadcrumb":{"@id":"https:\/\/moldovacrestina.md\/en\/interview-with-david-arthur-general-director-of-precept-ministries-international\/#breadcrumb"},"inLanguage":"en-US","potentialAction":[{"@type":"ReadAction","target":["https:\/\/moldovacrestina.md\/en\/interview-with-david-arthur-general-director-of-precept-ministries-international\/"]}]},{"@type":"ImageObject","inLanguage":"en-US","@id":"https:\/\/moldovacrestina.md\/en\/interview-with-david-arthur-general-director-of-precept-ministries-international\/#primaryimage","url":"https:\/\/moldovacrestina.md\/wp-content\/uploads\/2018\/07\/da.jpg","contentUrl":"https:\/\/moldovacrestina.md\/wp-content\/uploads\/2018\/07\/da.jpg","width":1080,"height":608,"caption":"\u0414\u044d\u0432\u0438\u0434 \u0410\u0440\u0442\u0443\u0440"},{"@type":"BreadcrumbList","@id":"https:\/\/moldovacrestina.md\/en\/interview-with-david-arthur-general-director-of-precept-ministries-international\/#breadcrumb","itemListElement":[{"@type":"ListItem","position":1,"name":"Prima pagin\u0103","item":"https:\/\/moldovacrestina.md\/en\/"},{"@type":"ListItem","position":2,"name":"Education","item":"https:\/\/moldovacrestina.md\/en\/education-en\/"},{"@type":"ListItem","position":3,"name":"Blogosphere","item":"https:\/\/moldovacrestina.md\/en\/education-en\/blogosphere\/"},{"@type":"ListItem","position":4,"name":"INTERVIEW with David Arthur, General Director of Precept Ministries International"}]},{"@type":"WebSite","@id":"https:\/\/moldovacrestina.md\/en\/#website","url":"https:\/\/moldovacrestina.md\/en\/","name":"Moldova Cre\u0219tin\u0103","description":"R\u0103spunsuri relevante \u0219i actuale din Biblie","potentialAction":[{"@type":"SearchAction","target":{"@type":"EntryPoint","urlTemplate":"https:\/\/moldovacrestina.md\/en\/?s={search_term_string}"},"query-input":{"@type":"PropertyValueSpecification","valueRequired":true,"valueName":"search_term_string"}}],"inLanguage":"en-US"},{"@type":"Person","@id":"https:\/\/moldovacrestina.md\/en\/#\/schema\/person\/f457f155e7be6a9a57ccc361cb548eec","name":"Irina Panainte","image":{"@type":"ImageObject","inLanguage":"en-US","@id":"https:\/\/secure.gravatar.com\/avatar\/0e6748c688e3f5da95b815a0d1c4aff56ad90679129511f2977d3d7f3cff95c8?s=96&d=mm&r=g","url":"https:\/\/secure.gravatar.com\/avatar\/0e6748c688e3f5da95b815a0d1c4aff56ad90679129511f2977d3d7f3cff95c8?s=96&d=mm&r=g","contentUrl":"https:\/\/secure.gravatar.com\/avatar\/0e6748c688e3f5da95b815a0d1c4aff56ad90679129511f2977d3d7f3cff95c8?s=96&d=mm&r=g","caption":"Irina Panainte"},"description":"Am 27 de ani. Locuiesc \u00een Chi\u0219in\u0103u. Sunt membr\u0103 la Biserica \u201dBuna Vestire\u201d din Chi\u0219in\u0103u\u00a0\u0219i student\u0103 la Institutul de Studii Biblice Inductive din Moldova. Fac ucenici \u0219i \u00eenv\u0103\u021b pe oameni Biblia prin cursurile de limb\u0103 englez\u0103 pe care le predau. Sunt profesoar\u0103 \u00een cadrul Asocia\u021biei \u201dEnglish For a New Life\u201d \u0219i la \u0218coala Interna\u021bional\u0103 de Misiune - Precept Ministries Eurasia, facultatea de jurnalism. Predau mai multe cursuri de studiu biblic \u00een grupe \u00een Chi\u0219in\u0103u, D\u0103nceni \u0219i prin skype.\u00a0 Scriu pentru\u00a0Ziarul Liber\u00a0\u0219i\u00a0Moldova Cre\u0219tin\u0103, conduc emisiunea\u00a0ACTUAL\u00a0la\u00a0Moldova Cre\u0219tin\u0103 TV.","url":"https:\/\/moldovacrestina.md\/en\/author\/batin-irina\/"}]}},"jetpack_featured_media_url":"https:\/\/moldovacrestina.md\/wp-content\/uploads\/2018\/07\/da.jpg","video_meta":false,"featured_image":"https:\/\/moldovacrestina.md\/wp-content\/uploads\/2018\/07\/da.jpg","wpml":{"language_code":"en","locale":"en_US","text_direction":false,"display_name":"English","native_name":"Englez\u0103","different_language":false},"jetpack-related-posts":[{"id":132567,"url":"https:\/\/moldovacrestina.md\/ru\/key-artur-priezzhaet-v-moldovu-na-festi\/","url_meta":{"origin":325041,"position":0},"title":"\u041a\u0415\u0419 \u0410\u0420\u0422\u0423\u0420 \u043f\u0440\u0438\u0435\u0437\u0436\u0430\u0435\u0442 \u0432 \u041c\u041e\u041b\u0414\u041e\u0412\u0423 \u043d\u0430 \u0444\u0435\u0441\u0442\u0438\u0432\u0430\u043b\u044c Precept Ministries International","author":"Irina Panainte","date":"July 4, 2017","format":false,"excerpt":"\u041e\u0440\u0433\u0430\u043d\u0438\u0437\u0430\u0442\u043e\u0440\u044b \u0441\u043e\u0431\u044b\u0442\u0438\u044f \u0441\u043e\u043e\u0431\u0449\u0430\u044e\u0442, \u0447\u0442\u043e \u0444\u0435\u0441\u0442\u0438\u0432\u0430\u043b\u044c Precept Ministries International \u0431\u0443\u0434\u0435\u0442 \u043f\u0440\u043e\u0445\u043e\u0434\u0438\u0442\u044c \u0432 \u0441\u0435\u043b\u0435 \u041a\u043e\u0448\u043d\u0438\u0446\u0430 (\u043b\u0430\u0433\u0435\u0440\u044c \u00ab\u0414\u0440\u0443\u0436\u0431\u0430\u00bb) \u0441 31 \u0438\u044e\u043b\u044f \u043f\u043e 5 \u0430\u0432\u0433\u0443\u0441\u0442\u0430. \u042d\u0442\u043e \u0431\u0443\u0434\u0435\u0442 \u0438\u043d\u0442\u0435\u043d\u0441\u0438\u0432\u043d\u043e\u0435 \u0438\u0437\u0443\u0447\u0435\u043d\u0438\u0435 \u0421\u043b\u043e\u0432\u0430 \u0411\u043e\u0436\u044c\u0435\u0433\u043e, \u0432\u043c\u0435\u0441\u0442\u0435 \u0441 \u043e\u0441\u043d\u043e\u0432\u0430\u0442\u0435\u043b\u0435\u043c \u041c\u0438\u0441\u0441\u0438\u0438 Precept Ministries International \u0438 \u0430\u0432\u0442\u043e\u0440\u043e\u043c \u0443\u0447\u0435\u0431\u043d\u0438\u043a\u043e\u0432 \u043f\u043e \u0438\u043d\u0434\u0443\u043a\u0442\u0438\u0432\u043d\u043e\u043c\u0443 \u043c\u0435\u0442\u043e\u0434\u0443 \u0438\u0437\u0443\u0447\u0435\u043d\u0438\u044f \u0411\u0438\u0431\u043b\u0438\u0438, \u041a\u0435\u0439 \u0410\u0440\u0442\u0443\u0440. 31 \u0438\u044e\u043b\u044f \u043d\u0430\u0447\u043d\u0435\u0442\u0441\u044f \u0438\u043d\u0442\u0435\u043d\u0441\u0438\u0432\u043d\u043e\u0435 \u0438\u0437\u0443\u0447\u0435\u043d\u0438\u0435 \u043a\u043d\u0438\u0433\u0438\u2026","rel":"","context":"<span class=\"jp-relatedposts-post-author\">Irina Panainte<\/span>","block_context":{"text":"\u041d\u043e\u0432\u043e\u0441\u0442\u0438","link":"https:\/\/moldovacrestina.md\/ru\/novosti\/"},"img":{"alt_text":"Kay Arthur na Festivale Precept Ministries Moldova 2017","src":"https:\/\/i0.wp.com\/moldovacrestina.md\/wp-content\/uploads\/2017\/07\/moldovacrestina.md-kay-arthur.jpg?resize=350%2C200&ssl=1","width":350,"height":200,"srcset":"https:\/\/i0.wp.com\/moldovacrestina.md\/wp-content\/uploads\/2017\/07\/moldovacrestina.md-kay-arthur.jpg?resize=350%2C200&ssl=1 1x, https:\/\/i0.wp.com\/moldovacrestina.md\/wp-content\/uploads\/2017\/07\/moldovacrestina.md-kay-arthur.jpg?resize=525%2C300&ssl=1 1.5x, https:\/\/i0.wp.com\/moldovacrestina.md\/wp-content\/uploads\/2017\/07\/moldovacrestina.md-kay-arthur.jpg?resize=700%2C400&ssl=1 2x"},"classes":[]},{"id":251189,"url":"https:\/\/moldovacrestina.md\/priglashenie-na-torzhestvennoe-zakrytie-international-mission-school-precept-ministries-eurasia\/","url_meta":{"origin":325041,"position":1},"title":"\u041f\u0440\u0438\u0433\u043b\u0430\u0448\u0435\u043d\u0438\u0435 \u043d\u0430 \u0442\u043e\u0440\u0436\u0435\u0441\u0442\u0432\u0435\u043d\u043d\u043e\u0435 \u0437\u0430\u043a\u0440\u044b\u0442\u0438\u0435 International Mission School Precept Ministries Eurasia","author":"Moldova Cre\u0219tin\u0103","date":"August 17, 2015","format":false,"excerpt":"\u0422\u043e\u0440\u0436\u0435\u0441\u0442\u0432\u0435\u043d\u043d\u043e\u0435 \u0437\u0430\u043a\u0440\u044b\u0442\u0438\u0435 \u041c\u0435\u0436\u0434\u0443\u043d\u0430\u0440\u043e\u0434\u043d\u043e\u0439 \u041c\u0438\u0441\u0441\u0438\u043e\u043d\u0435\u0440\u0441\u043a\u043e\u0439 \u0428\u043a\u043e\u043b\u044b Precept Ministries Eurasia \u0431\u0443\u0434\u0435\u0442 \u043f\u0440\u043e\u0445\u043e\u0434\u0438\u0442\u044c 23 \u0430\u0432\u0433\u0443\u0441\u0442\u0430 \u0432 \u0446\u0435\u0440\u043a\u0432\u0438 \"\u0411\u043b\u0430\u0433\u043e\u0434\u0430\u0442\u044c\", \u0443\u043b.\u0427\u043e\u043a\u044b\u0440\u043b\u0438\u0435\u0439 2\/8, \u0433. \u041a\u0438\u0448\u0438\u043d\u0435\u0432, \u043d\u0430\u0447\u0430\u043b\u043e \u0432 17:00","rel":"","context":"<span class=\"jp-relatedposts-post-author\">Moldova Cre\u0219tin\u0103<\/span>","block_context":{"text":"MCTV","link":"https:\/\/moldovacrestina.md\/mctv\/"},"img":{"alt_text":"","src":"https:\/\/i0.wp.com\/cdn.moldovacrestina.md\/2019\/08\/52b92e3e-klsn1iqk7mw.jpg?resize=350%2C200&ssl=1","width":350,"height":200},"classes":[]},{"id":102678,"url":"https:\/\/moldovacrestina.md\/ru\/ucheba-v-international-mission-school-precept-ministries-eurasia-v-kishinyove-na-fakul\/","url_meta":{"origin":325041,"position":2},"title":"\u041e\u0431\u0443\u0447\u0435\u043d\u0438\u0435 \u0432 International Mission School Precept Ministries Eurasia \u0432 \u041a\u0438\u0448\u0438\u043d\u0451\u0432\u0435 \u043d\u0430 \u0444\u0430\u043a\u0443\u043b\u044c\u0442\u0435\u0442\u0435 \u041c\u0430\u0441\u0441 \u041c\u0435\u0434\u0438\u0430","author":"Viktoria Elizarova","date":"August 30, 2016","format":false,"excerpt":"\u041e\u0431\u0443\u0447\u0435\u043d\u0438\u0435\u00a0\u0432 \u041c\u0435\u0436\u0434\u0443\u043d\u0430\u0440\u043e\u0434\u043d\u043e\u0439 \u041c\u0438\u0441\u0441\u0438\u043e\u043d\u0435\u0440\u0441\u043a\u043e\u0439 \u0428\u043a\u043e\u043b\u0435 \u043f\u0440\u043e\u0445\u043e\u0434\u0438\u0442 \u0432 \u043f\u0435\u0440\u0438\u043e\u0434 \u0441 20 \u0438\u044e\u043d\u044f \u043f\u043e 20 \u0430\u0432\u0433\u0443\u0441\u0442\u0430 \u0432 \u041a\u0438\u0448\u0438\u043d\u0451\u0432\u0435, \u041c\u043e\u043b\u0434\u043e\u0432\u0430. \u0428\u043a\u043e\u043b\u0430 \u0433\u043e\u0442\u043e\u0432\u0438\u0442 \u0445\u0440\u0438\u0441\u0442\u0438\u0430\u043d\u0441\u043a\u0438\u0445 \u0441\u043b\u0443\u0436\u0438\u0442\u0435\u043b\u0435\u0439 \u0434\u043b\u044f \u043c\u0438\u0441\u0441\u0438\u0438 \u0447\u0435\u0440\u0435\u0437 \u0441\u043f\u043e\u0440\u0442 \u0438 \u0436\u0443\u0440\u043d\u0430\u043b\u0438\u0437\u043c. \u0424\u0430\u043a\u0443\u043b\u044c\u0442\u0435\u0442 \u041c\u0430\u0441\u0441 \u041c\u0435\u0434\u0438\u0430 \u043e\u0442\u043a\u0440\u044b\u043b\u0441\u044f \u0432 \u043d\u0430\u0448\u0435\u0439\u00a0\u0428\u043a\u043e\u043b\u0435 \u0432 2013 \u0433\u043e\u0434\u0443 \u0438 \u0437\u0430 \u044d\u0442\u043e \u0432\u0440\u0435\u043c\u044f \u0431\u044b\u043b\u043e \u0434\u0432\u0430 \u0432\u044b\u043f\u0443\u0441\u043a\u0430.\u00a0\u042d\u0442\u043e\u0442 \u0444\u0430\u043a\u0443\u043b\u044c\u0442\u0435\u0442 \u0441\u043e\u0437\u0434\u0430\u043d \u0434\u043b\u044f \u0442\u043e\u0433\u043e, \u0447\u0442\u043e\u0431\u044b, \u043d\u0430\u0443\u0447\u0438\u0442\u044c \u0445\u0440\u0438\u0441\u0442\u0438\u0430\u043d \u0440\u0430\u0441\u043f\u0440\u043e\u0441\u0442\u0440\u0430\u043d\u044f\u0442\u044c\u2026","rel":"","context":"<span class=\"jp-relatedposts-post-author\">Viktoria Elizarova<\/span>","block_context":{"text":"\u0411\u043b\u043e\u0433\u043e\u0441\u0444\u0435\u0440\u0430","link":"https:\/\/moldovacrestina.md\/ru\/vospitanie-ru\/blogosfera-ru\/"},"img":{"alt_text":"","src":"https:\/\/i0.wp.com\/moldovacrestina.md\/wp-content\/uploads\/2016\/08\/FTdkKZX4Gcc.jpg?resize=350%2C200&ssl=1","width":350,"height":200,"srcset":"https:\/\/i0.wp.com\/moldovacrestina.md\/wp-content\/uploads\/2016\/08\/FTdkKZX4Gcc.jpg?resize=350%2C200&ssl=1 1x, https:\/\/i0.wp.com\/moldovacrestina.md\/wp-content\/uploads\/2016\/08\/FTdkKZX4Gcc.jpg?resize=525%2C300&ssl=1 1.5x, https:\/\/i0.wp.com\/moldovacrestina.md\/wp-content\/uploads\/2016\/08\/FTdkKZX4Gcc.jpg?resize=700%2C400&ssl=1 2x"},"classes":[]},{"id":87268,"url":"https:\/\/moldovacrestina.md\/ru\/objavlenie-festival-precept-ministries-moldova-2013\/","url_meta":{"origin":325041,"position":3},"title":"\u041e\u0411\u042a\u042f\u0412\u041b\u0415\u041d\u0418\u0415! \u0424\u0435\u0441\u0442\u0438\u0432\u0430\u043b\u044c Precept Ministries \u041c\u043e\u043b\u0434\u043e\u0432\u0430 2013","author":"Vasile Filat","date":"June 24, 2013","format":false,"excerpt":"\u00a0 \u0410\u0441\u0441\u043e\u0446\u0438\u0430\u0446\u0438\u044f \u00ab\u0421\u043b\u0443\u0436\u0435\u043d\u0438\u0435 \u041d\u0430\u0441\u0442\u0430\u0432\u043b\u0435\u043d\u0438\u0435\u043c - Precept Ministries \u041c\u043e\u043b\u0434\u043e\u0432\u0430\u00bb \u043e\u0431\u044a\u044f\u0432\u043b\u044f\u0435\u0442 \u043e\u0431 \u043e\u0440\u0433\u0430\u043d\u0438\u0437\u0430\u0446\u0438\u0438 \u0424\u0435\u0441\u0442\u0438\u0432\u0430\u043b\u044f Precept Ministries \u041c\u043e\u043b\u0434\u043e\u0432\u0430 2013 \u0432 \u043f\u0435\u0440\u0438\u043e\u0434 29 \u0438\u044e\u043b\u044f \u2013 3 \u0430\u0432\u0433\u0443\u0441\u0442\u0430 2013. \u0412 \u0440\u0430\u043c\u043a\u0430\u0445 \u0444\u0435\u0441\u0442\u0438\u0432\u0430\u043b\u044f \u0431\u0443\u0434\u0443\u0442 \u043f\u0440\u0435\u0434\u0441\u0442\u0430\u0432\u043b\u0435\u043d\u044b \u0441\u0432\u0438\u0434\u0435\u0442\u0435\u043b\u044c\u0441\u0432\u0430 \u0441\u043b\u0443\u0436\u0438\u0442\u0435\u043b\u0435\u0439 \u043c\u0438\u0441\u0441\u0438\u043e\u043d\u0435\u0440\u043e\u0432 \u0432 \u0438\u0441\u043b\u0430\u043c\u0441\u043a\u0438\u0445 \u0441\u0442\u0440\u0430\u043d\u0430\u0445 \u0438 \u0431\u0443\u0434\u0443\u0442 \u043e\u0440\u0433\u0430\u043d\u0438\u0437\u043e\u0432\u0430\u043d\u044b \u0442\u0435\u043c\u0430\u0442\u0438\u0447\u0435\u0441\u043a\u0438\u0435 \u0441\u0435\u043c\u0438\u043d\u0430\u0440\u044b, \u0433\u0434\u0435 \u0431\u0443\u0434\u0443\u0442 \u043f\u0440\u0435\u0434\u0441\u0442\u0430\u0432\u043b\u0435\u043d\u044b \u0440\u0430\u0437\u043d\u044b\u0435 \u0441\u043b\u0443\u0436\u0435\u043d\u0438\u044f \u0432 \u0440\u0430\u043c\u043a\u0430\u0445 \u043c\u0438\u0441\u0441\u0438\u0438 Precept, \u043a\u043e\u0442\u043e\u0440\u044b\u0435\u2026","rel":"","context":"<span class=\"jp-relatedposts-post-author\">Vasile Filat<\/span>","block_context":{"text":"\u041e\u0431\u0449\u0435\u0441\u0442\u0432\u043e","link":"https:\/\/moldovacrestina.md\/ru\/otvety-iz-biblii\/obshhestvo\/"},"img":{"alt_text":"","src":"","width":0,"height":0},"classes":[]},{"id":100237,"url":"https:\/\/moldovacrestina.md\/ru\/missionerskiy-pokhod-yavivshiy-mnogo-chu\/","url_meta":{"origin":325041,"position":4},"title":"\u041c\u0438\u0441\u0441\u0438\u043e\u043d\u0435\u0440\u0441\u043a\u0438\u0439 \u043f\u043e\u0445\u043e\u0434, \u044f\u0432\u0438\u0432\u0448\u0438\u0439 \u043c\u043d\u043e\u0433\u043e \u0447\u0443\u0434\u0435\u0441 \u0438 \u0421\u043b\u0430\u0432\u044b \u0411\u043e\u0433\u0430.","author":"Alexandra Kirsanova","date":"October 10, 2016","format":false,"excerpt":"\u0421 8 \u043f\u043e 10 \u0438\u044e\u043b\u044f 2016 \u0433\u043e\u0434\u0430 \u0441\u0442\u0443\u0434\u0435\u043d\u0442\u044b \u041c\u0435\u0436\u0434\u0443\u043d\u0430\u0440\u043e\u0434\u043d\u043e\u0439 \u041c\u0438\u0441\u0441\u0438\u043e\u043d\u0435\u0440\u0441\u043a\u043e\u0439 \u0428\u043a\u043e\u043b\u044b - Precept Ministries Eurasia \u0441\u043e\u0432\u0435\u0440\u0448\u0430\u043b\u0438 \u043c\u0438\u0441\u0441\u0438\u043e\u043d\u0435\u0440\u0441\u043a\u043e\u0435 \u0441\u043b\u0443\u0436\u0435\u043d\u0438\u0435 \u0432 \u0440\u0430\u0437\u043b\u0438\u0447\u043d\u044b\u0445 \u043d\u0430\u0441\u0435\u043b\u0451\u043d\u043d\u044b\u0445 \u043f\u0443\u043d\u043a\u0442\u0430\u0445 \u041c\u043e\u043b\u0434\u043e\u0432\u044b. \u041e\u0434\u043d\u0438\u043c \u0438\u0437 \u043f\u0440\u0430\u043a\u0442\u0438\u0447\u0435\u0441\u043a\u0438\u0445 \u0437\u0430\u0434\u0430\u043d\u0438\u0439 \u0434\u043b\u044f \u0432\u0441\u0435\u0445 \u0441\u0442\u0443\u0434\u0435\u043d\u0442\u043e\u0432 \u044f\u0432\u043b\u044f\u0435\u0442\u0441\u044f \u043c\u0438\u0441\u0441\u0438\u043e\u043d\u0435\u0440\u0441\u043a\u0438\u0439 \u043f\u043e\u0445\u043e\u0434. \u0413\u043b\u0430\u0432\u043d\u044b\u043c \u0443\u0441\u043b\u043e\u0432\u0438\u0435\u043c \u044d\u0442\u043e\u0433\u043e \u043c\u0435\u0440\u043e\u043f\u0440\u0438\u044f\u0442\u0438\u044f \u044f\u0432\u043b\u044f\u0435\u0442\u0441\u044f \u043f\u043e\u043b\u043d\u043e\u0435 \u0434\u043e\u0432\u0435\u0440\u0438\u0435 \u0411\u043e\u0433\u0443. \u0421\u0442\u0443\u0434\u0435\u043d\u0442\u044b \u043e\u0442\u0440\u0430\u0432\u043b\u044f\u0435\u0442\u0441\u044f \u0432 \u0441\u0435\u043b\u0430 \u0431\u0435\u0437 \u0434\u0435\u043d\u0435\u0433, \u0435\u0434\u044b. \u0412 \u044d\u0442\u043e\u0442\u2026","rel":"","context":"<span class=\"jp-relatedposts-post-author\">Alexandra Kirsanova<\/span>","block_context":{"text":"\u0411\u0435\u0437 \u043a\u0430\u0442\u0435\u0433\u043e\u0440\u0438\u0438","link":"https:\/\/moldovacrestina.md\/ru\/bez-kategorii\/"},"img":{"alt_text":"","src":"","width":0,"height":0},"classes":[]},{"id":112909,"url":"https:\/\/moldovacrestina.md\/ru\/novaya-gruppa-po-podgotovke-prepodava\/","url_meta":{"origin":325041,"position":5},"title":"\u041d\u043e\u0432\u0430\u044f \u0433\u0440\u0443\u043f\u043f\u0430 \u043f\u043e \u043f\u043e\u0434\u0433\u043e\u0442\u043e\u0432\u043a\u0435 \u043f\u0440\u0435\u043f\u043e\u0434\u0430\u0432\u0430\u0442\u0435\u043b\u0435\u0439 \u043d\u0430 \u0444\u0430\u043a\u0443\u043b\u044c\u0442\u0435\u0442\u0435 \u0430\u043d\u0433\u043b\u0438\u0439\u0441\u043a\u043e\u0433\u043e \u044f\u0437\u044b\u043a\u0430 Precept Ministries Eurasia","author":"Irina Panainte","date":"January 22, 2017","format":false,"excerpt":"\u041d\u0430 30 \u044f\u043d\u0432\u0430\u0440\u044f - 10 \u0444\u0435\u0432\u0440\u0430\u043b\u044f 2017 \u043e\u0431\u044a\u044f\u0432\u043b\u044f\u0435\u0442\u0441\u044f \u0441\u0435\u0441\u0441\u0438\u044f \u043f\u043e \u043f\u043e\u0434\u0433\u043e\u0442\u043e\u0432\u043a\u0435 \u043f\u0440\u0435\u043f\u043e\u0434\u0430\u0432\u0430\u0442\u0435\u043b\u0435\u0439 \u0430\u043d\u0433\u043b\u0438\u0439\u0441\u043a\u043e\u0433\u043e \u044f\u0437\u044b\u043a\u0430 \u0432 \u0440\u0430\u043c\u043a\u0430\u0445 \u043c\u0438\u0441\u0441\u0438\u0438 PRECEPT MINISTRIES EURASIA. \u0421\u0435\u0441\u0441\u0438\u044f \u043f\u0440\u043e\u0439\u0434\u0451\u0442 \u0432 \u0415\u0432\u0440\u043e\u0430\u0437\u0438\u0430\u0442\u0441\u043a\u043e\u043c \u0426\u0435\u043d\u0442\u0440\u0435 \u043f\u043e \u0418\u043d\u0434\u0443\u043a\u0442\u0438\u0432\u043d\u043e\u043c\u0443 \u0418\u0437\u0443\u0447\u0435\u043d\u0438\u044e \u0411\u0438\u0431\u043b\u0438\u0438 \u0432 \u0421\u0443\u0440\u0434\u0443\u043a\u0435. \u041f\u0440\u0438\u0433\u043b\u0430\u0448\u0430\u044e\u0442\u0441\u044f \u0445\u0440\u0438\u0441\u0442\u0438\u0430\u043d\u0435, \u0432\u043b\u0430\u0434\u0435\u044e\u0449\u0438\u0435 \u0430\u043d\u0433\u043b\u0438\u0439\u0441\u043a\u0438\u043c \u044f\u0437\u044b\u043a\u043e\u043c \u0438 \u0436\u0435\u043b\u0430\u044e\u0449\u0438\u0435 \u043f\u043e\u043b\u0443\u0447\u0438\u0442\u044c \u043f\u043e\u0434\u0433\u043e\u0442\u043e\u0432\u043a\u0443 \u0434\u043b\u044f \u0442\u043e\u0433\u043e, \u0447\u0442\u043e\u0431\u044b \u0438\u0441\u043f\u043e\u043b\u044c\u0437\u043e\u0432\u0430\u0442\u044c \u0430\u043d\u0433\u043b\u0438\u0439\u0441\u043a\u0438\u0439 \u044f\u0437\u044b\u043a, \u043a\u0430\u043a \u0438\u043d\u0441\u0442\u0440\u0443\u043c\u0435\u043d\u0442 \u0434\u043b\u044f \u043c\u0438\u0441\u0441\u0438\u0438,\u2026","rel":"","context":"<span class=\"jp-relatedposts-post-author\">Irina Panainte<\/span>","block_context":{"text":"\u041d\u043e\u0432\u043e\u0441\u0442\u0438","link":"https:\/\/moldovacrestina.md\/ru\/novosti\/"},"img":{"alt_text":"\u00censcrierea la facultatea de limb\u0103 englez\u0103 Precept Ministries Eurasia","src":"https:\/\/i0.wp.com\/moldovacrestina.md\/wp-content\/uploads\/2017\/01\/1unnamed.jpg?resize=350%2C200&ssl=1","width":350,"height":200,"srcset":"https:\/\/i0.wp.com\/moldovacrestina.md\/wp-content\/uploads\/2017\/01\/1unnamed.jpg?resize=350%2C200&ssl=1 1x, https:\/\/i0.wp.com\/moldovacrestina.md\/wp-content\/uploads\/2017\/01\/1unnamed.jpg?resize=525%2C300&ssl=1 1.5x, https:\/\/i0.wp.com\/moldovacrestina.md\/wp-content\/uploads\/2017\/01\/1unnamed.jpg?resize=700%2C400&ssl=1 2x"},"classes":[]}],"jetpack_sharing_enabled":true,"_links":{"self":[{"href":"https:\/\/moldovacrestina.md\/en\/wp-json\/wp\/v2\/posts\/325041","targetHints":{"allow":["GET"]}}],"collection":[{"href":"https:\/\/moldovacrestina.md\/en\/wp-json\/wp\/v2\/posts"}],"about":[{"href":"https:\/\/moldovacrestina.md\/en\/wp-json\/wp\/v2\/types\/post"}],"author":[{"embeddable":true,"href":"https:\/\/moldovacrestina.md\/en\/wp-json\/wp\/v2\/users\/57"}],"replies":[{"embeddable":true,"href":"https:\/\/moldovacrestina.md\/en\/wp-json\/wp\/v2\/comments?post=325041"}],"version-history":[{"count":0,"href":"https:\/\/moldovacrestina.md\/en\/wp-json\/wp\/v2\/posts\/325041\/revisions"}],"wp:featuredmedia":[{"embeddable":true,"href":"https:\/\/moldovacrestina.md\/en\/wp-json\/wp\/v2\/media\/214821"}],"wp:attachment":[{"href":"https:\/\/moldovacrestina.md\/en\/wp-json\/wp\/v2\/media?parent=325041"}],"wp:term":[{"taxonomy":"category","embeddable":true,"href":"https:\/\/moldovacrestina.md\/en\/wp-json\/wp\/v2\/categories?post=325041"},{"taxonomy":"post_tag","embeddable":true,"href":"https:\/\/moldovacrestina.md\/en\/wp-json\/wp\/v2\/tags?post=325041"}],"curies":[{"name":"wp","href":"https:\/\/api.w.org\/{rel}","templated":true}]}}