{"id":322858,"date":"2019-05-18T13:08:38","date_gmt":"2019-05-18T10:08:38","guid":{"rendered":"https:\/\/moldovacrestina.md\/?p=322858"},"modified":"2021-01-22T13:17:53","modified_gmt":"2021-01-22T11:17:53","slug":"i-m-ok-with-myself-i-m-not-ok-with-the-lgbt-march","status":"publish","type":"post","link":"https:\/\/moldovacrestina.md\/en\/i-m-ok-with-myself-i-m-not-ok-with-the-lgbt-march\/","title":{"rendered":"I&#8217;m OK with myself, I&#8217;m not OK with the LGBT march"},"content":{"rendered":"<p><span style=\"font-weight: 400\">Tomorrow, the LGBT community in Moldova plans to hold the Pride Moldova 2019 march in Chisinau. Their slogan this year is &#8220;I&#8217;m OK with myself, I&#8217;m not OK with hatred.&#8221;<\/span><\/p>\n<p><span style=\"font-weight: 400\">So they call \u201chate\u201d the negative attitude of people towards their way of life and their manifestation in the public space. So if I have a negative attitude towards smoking and smoking in public, is that necessary hatred? Not at all. The Bible remains very clear about homosexuality, lesbianism and sex change &#8211; it is a SIN. Period. Let&#8217;s not be smarter than God, trying to tolerate this way of life.<\/span><\/p>\n<p><span style=\"font-weight: 400\">Just these days, at the session in Ukraine, I studied chapter 19 of the book Judges. There is an event that happened in a tribe in Israel. A man and his wife arrived in a city and stayed there overnight with an unknown man. Here is what happened next:<\/span><\/p>\n<blockquote><p><i><span style=\"font-weight: 400\">&#8220;While they were celebrating, behold, the men of the city, certain worthless fellows, surrounded the house, pounding the door; and they spoke to the owner of the house, the old man, saying, \u201cBring out the man who came into your house that we may have relations with him.\u201d Then the man, the owner of the house, went out to them and said to them, \u201cNo, my fellows, please do not act so wickedly; since this man has come into my house, do not commit this act of folly.&#8221; (Judges 19:22\u202d-\u202c23 NASB)<\/span><\/i><\/p><\/blockquote>\n<p><span style=\"font-weight: 400\">The master of the house called the intention of these men evil and an act of folly. In the book of Leviticus 18:22 God calls same-sex relationships an abomination:<\/span><\/p>\n<blockquote><p><span style=\"font-weight: 400\">\u00a0<\/span><i><span style=\"font-weight: 400\">&#8220;You shall not lie with a male as one lies with a female; it is an abomination.&#8221; (Leviticus 18:22 NASB)<\/span><\/i><\/p><\/blockquote>\n<p><span style=\"font-weight: 400\">So God condemns homosexuality. However, there is hope for those who practice this sin.\u00a0 God is powerful to deliver and heal them.<\/span><\/p>\n<p><span style=\"font-weight: 400\">There are many testimonies of people who have escaped homosexuality. In March, I spoke with a minister of the gospel who formerly practiced homosexuality but, after believing in the Lord Jesus and repenting, renounced this passion. He is currently helping other people with such problems to break free.<\/span><\/p>\n<p><span style=\"font-weight: 400\">I must say that I am against aggressive protest rallies, but I welcome peaceful rallies. I pray that God will thwart tomorrow&#8217;s LGBT march and give repentance to these people.<\/span><\/p>\n<p>Translated by Olya Trikolich<\/p>\n","protected":false},"excerpt":{"rendered":"<p>Tomorrow, the LGBT community in Moldova plans to hold the Pride Moldova 2019 march in Chisinau. Their slogan this year is &#8220;I&#8217;m OK with myself, I&#8217;m not OK with hatred.&#8221; So they call \u201chate\u201d the negative attitude of people towards their way of life and their manifestation in the public space. So if I have [&hellip;]<\/p>\n","protected":false},"author":45,"featured_media":322859,"comment_status":"closed","ping_status":"closed","sticky":false,"template":"","format":"standard","meta":{"_acf_changed":false,"inline_featured_image":false,"_monsterinsights_skip_tracking":false,"_monsterinsights_sitenote_active":false,"_monsterinsights_sitenote_note":"","_monsterinsights_sitenote_category":0,"_genesis_hide_title":false,"_genesis_hide_breadcrumbs":false,"_genesis_hide_singular_image":false,"_genesis_hide_footer_widgets":false,"_genesis_custom_body_class":"","_genesis_custom_post_class":"","_genesis_layout":"","ep_exclude_from_search":false,"_jetpack_memberships_contains_paid_content":false,"footnotes":""},"categories":[129],"tags":[65240,65241,65242,65243],"class_list":{"0":"post-322858","1":"post","2":"type-post","3":"status-publish","4":"format-standard","5":"has-post-thumbnail","7":"category-society","8":"tag-gay-march","9":"tag-im-ok-with-me","10":"tag-im-ok","11":"tag-pride-moldova-2019-en","12":"entry"},"acf":[],"yoast_head":"<!-- This site is optimized with the Yoast SEO Premium plugin v26.5 (Yoast SEO v27.4) - https:\/\/yoast.com\/product\/yoast-seo-premium-wordpress\/ -->\n<title>I&#039;m OK with myself, I&#039;m not OK with the LGBT march<\/title>\n<meta name=\"description\" content=\"Tomorrow, the LGBT community in Moldova plans to hold the Pride Moldova 2019 march in Chisinau. Their slogan this year is &quot;I&#039;m OK with myself, I&#039;m not OK with hatred.&quot;\" \/>\n<meta name=\"robots\" content=\"index, follow, max-snippet:-1, max-image-preview:large, max-video-preview:-1\" \/>\n<link rel=\"canonical\" href=\"https:\/\/moldovacrestina.md\/en\/i-m-ok-with-myself-i-m-not-ok-with-the-lgbt-march\/\" \/>\n<meta property=\"og:locale\" content=\"en_US\" \/>\n<meta property=\"og:type\" content=\"article\" \/>\n<meta property=\"og:title\" content=\"I&#039;m OK with myself, I&#039;m not OK with the LGBT march\" \/>\n<meta property=\"og:description\" content=\"Tomorrow, the LGBT community in Moldova plans to hold the Pride Moldova 2019 march in Chisinau. Their slogan this year is &quot;I&#039;m OK with myself, I&#039;m not OK with hatred.&quot;\" \/>\n<meta property=\"og:url\" content=\"https:\/\/moldovacrestina.md\/en\/i-m-ok-with-myself-i-m-not-ok-with-the-lgbt-march\/\" \/>\n<meta property=\"og:site_name\" content=\"Moldova Cre\u0219tin\u0103\" \/>\n<meta property=\"article:publisher\" content=\"https:\/\/www.facebook.com\/moldovacrestina\/\" \/>\n<meta property=\"article:published_time\" content=\"2019-05-18T10:08:38+00:00\" \/>\n<meta property=\"article:modified_time\" content=\"2021-01-22T11:17:53+00:00\" \/>\n<meta property=\"og:image\" content=\"https:\/\/cdn.moldovacrestina.md\/2021\/01\/27917f7f-3828810.jpg\" \/>\n\t<meta property=\"og:image:width\" content=\"1\" \/>\n\t<meta property=\"og:image:height\" content=\"1\" \/>\n\t<meta property=\"og:image:type\" content=\"image\/jpeg\" \/>\n<meta name=\"author\" content=\"Vitalie Marian\" \/>\n<meta name=\"twitter:card\" content=\"summary_large_image\" \/>\n<meta name=\"twitter:creator\" content=\"@moldovacrestina\" \/>\n<meta name=\"twitter:site\" content=\"@moldovacrestina\" \/>\n<meta name=\"twitter:label1\" content=\"Written by\" \/>\n\t<meta name=\"twitter:data1\" content=\"Vitalie Marian\" \/>\n\t<meta name=\"twitter:label2\" content=\"Est. reading time\" \/>\n\t<meta name=\"twitter:data2\" content=\"2 minutes\" \/>\n<script type=\"application\/ld+json\" class=\"yoast-schema-graph\">{\"@context\":\"https:\\\/\\\/schema.org\",\"@graph\":[{\"@type\":\"Article\",\"@id\":\"https:\\\/\\\/moldovacrestina.md\\\/en\\\/i-m-ok-with-myself-i-m-not-ok-with-the-lgbt-march\\\/#article\",\"isPartOf\":{\"@id\":\"https:\\\/\\\/moldovacrestina.md\\\/en\\\/i-m-ok-with-myself-i-m-not-ok-with-the-lgbt-march\\\/\"},\"author\":{\"name\":\"Vitalie Marian\",\"@id\":\"https:\\\/\\\/moldovacrestina.md\\\/en\\\/#\\\/schema\\\/person\\\/3a4343f609b93342b4ffdff4609c8a66\"},\"headline\":\"I&#8217;m OK with myself, I&#8217;m not OK with the LGBT march\",\"datePublished\":\"2019-05-18T10:08:38+00:00\",\"dateModified\":\"2021-01-22T11:17:53+00:00\",\"mainEntityOfPage\":{\"@id\":\"https:\\\/\\\/moldovacrestina.md\\\/en\\\/i-m-ok-with-myself-i-m-not-ok-with-the-lgbt-march\\\/\"},\"wordCount\":407,\"image\":{\"@id\":\"https:\\\/\\\/moldovacrestina.md\\\/en\\\/i-m-ok-with-myself-i-m-not-ok-with-the-lgbt-march\\\/#primaryimage\"},\"thumbnailUrl\":\"https:\\\/\\\/cdn.moldovacrestina.md\\\/2021\\\/01\\\/27917f7f-3828810.jpg\",\"keywords\":[\"gay march\",\"I'm ok with me\",\"I'm ok\",\"pride moldova 2019\"],\"articleSection\":[\"Society\"],\"inLanguage\":\"en-US\"},{\"@type\":\"WebPage\",\"@id\":\"https:\\\/\\\/moldovacrestina.md\\\/en\\\/i-m-ok-with-myself-i-m-not-ok-with-the-lgbt-march\\\/\",\"url\":\"https:\\\/\\\/moldovacrestina.md\\\/en\\\/i-m-ok-with-myself-i-m-not-ok-with-the-lgbt-march\\\/\",\"name\":\"I'm OK with myself, I'm not OK with the LGBT march\",\"isPartOf\":{\"@id\":\"https:\\\/\\\/moldovacrestina.md\\\/en\\\/#website\"},\"primaryImageOfPage\":{\"@id\":\"https:\\\/\\\/moldovacrestina.md\\\/en\\\/i-m-ok-with-myself-i-m-not-ok-with-the-lgbt-march\\\/#primaryimage\"},\"image\":{\"@id\":\"https:\\\/\\\/moldovacrestina.md\\\/en\\\/i-m-ok-with-myself-i-m-not-ok-with-the-lgbt-march\\\/#primaryimage\"},\"thumbnailUrl\":\"https:\\\/\\\/cdn.moldovacrestina.md\\\/2021\\\/01\\\/27917f7f-3828810.jpg\",\"datePublished\":\"2019-05-18T10:08:38+00:00\",\"dateModified\":\"2021-01-22T11:17:53+00:00\",\"author\":{\"@id\":\"https:\\\/\\\/moldovacrestina.md\\\/en\\\/#\\\/schema\\\/person\\\/3a4343f609b93342b4ffdff4609c8a66\"},\"description\":\"Tomorrow, the LGBT community in Moldova plans to hold the Pride Moldova 2019 march in Chisinau. Their slogan this year is \\\"I'm OK with myself, I'm not OK with hatred.\\\"\",\"breadcrumb\":{\"@id\":\"https:\\\/\\\/moldovacrestina.md\\\/en\\\/i-m-ok-with-myself-i-m-not-ok-with-the-lgbt-march\\\/#breadcrumb\"},\"inLanguage\":\"en-US\",\"potentialAction\":[{\"@type\":\"ReadAction\",\"target\":[\"https:\\\/\\\/moldovacrestina.md\\\/en\\\/i-m-ok-with-myself-i-m-not-ok-with-the-lgbt-march\\\/\"]}]},{\"@type\":\"ImageObject\",\"inLanguage\":\"en-US\",\"@id\":\"https:\\\/\\\/moldovacrestina.md\\\/en\\\/i-m-ok-with-myself-i-m-not-ok-with-the-lgbt-march\\\/#primaryimage\",\"url\":\"https:\\\/\\\/cdn.moldovacrestina.md\\\/2021\\\/01\\\/27917f7f-3828810.jpg\",\"contentUrl\":\"https:\\\/\\\/cdn.moldovacrestina.md\\\/2021\\\/01\\\/27917f7f-3828810.jpg\"},{\"@type\":\"BreadcrumbList\",\"@id\":\"https:\\\/\\\/moldovacrestina.md\\\/en\\\/i-m-ok-with-myself-i-m-not-ok-with-the-lgbt-march\\\/#breadcrumb\",\"itemListElement\":[{\"@type\":\"ListItem\",\"position\":1,\"name\":\"Prima pagin\u0103\",\"item\":\"https:\\\/\\\/moldovacrestina.md\\\/en\\\/\"},{\"@type\":\"ListItem\",\"position\":2,\"name\":\"Answers from the Bible\",\"item\":\"https:\\\/\\\/moldovacrestina.md\\\/en\\\/answer-from-the-bible\\\/\"},{\"@type\":\"ListItem\",\"position\":3,\"name\":\"Society\",\"item\":\"https:\\\/\\\/moldovacrestina.md\\\/en\\\/answer-from-the-bible\\\/society\\\/\"},{\"@type\":\"ListItem\",\"position\":4,\"name\":\"I&#8217;m OK with myself, I&#8217;m not OK with the LGBT march\"}]},{\"@type\":\"WebSite\",\"@id\":\"https:\\\/\\\/moldovacrestina.md\\\/en\\\/#website\",\"url\":\"https:\\\/\\\/moldovacrestina.md\\\/en\\\/\",\"name\":\"Moldova Cre\u0219tin\u0103\",\"description\":\"R\u0103spunsuri relevante \u0219i actuale din Biblie\",\"potentialAction\":[{\"@type\":\"SearchAction\",\"target\":{\"@type\":\"EntryPoint\",\"urlTemplate\":\"https:\\\/\\\/moldovacrestina.md\\\/en\\\/?s={search_term_string}\"},\"query-input\":{\"@type\":\"PropertyValueSpecification\",\"valueRequired\":true,\"valueName\":\"search_term_string\"}}],\"inLanguage\":\"en-US\"},{\"@type\":\"Person\",\"@id\":\"https:\\\/\\\/moldovacrestina.md\\\/en\\\/#\\\/schema\\\/person\\\/3a4343f609b93342b4ffdff4609c8a66\",\"name\":\"Vitalie Marian\",\"image\":{\"@type\":\"ImageObject\",\"inLanguage\":\"en-US\",\"@id\":\"https:\\\/\\\/secure.gravatar.com\\\/avatar\\\/23e1ee9fec112ee1fe516b67ac698ed1dcf3ce8b736ba9641399ee96f8d00702?s=96&d=mm&r=g\",\"url\":\"https:\\\/\\\/secure.gravatar.com\\\/avatar\\\/23e1ee9fec112ee1fe516b67ac698ed1dcf3ce8b736ba9641399ee96f8d00702?s=96&d=mm&r=g\",\"contentUrl\":\"https:\\\/\\\/secure.gravatar.com\\\/avatar\\\/23e1ee9fec112ee1fe516b67ac698ed1dcf3ce8b736ba9641399ee96f8d00702?s=96&d=mm&r=g\",\"caption\":\"Vitalie Marian\"},\"description\":\"Sunt coordonator al facult\u0103\u021bii de jurnalism la\u00a0International Mission School Precept Ministries Eurasia, membru al Bisericii Buna Vestire din Chi\u0219in\u0103u. Sunt student \u00een cadrul Institutului de Studii Biblice Inductive din Moldova\u00a0Precept Ministries Moldova. Coordonez func\u021bionarea portalului\u00a0Moldova Cre\u0219tin\u0103\u00a0\u0219i moderez emisiunea Actual la\u00a0Moldova Crestina TV. Sunt blogger cre\u0219tin cu o experien\u021b\u0103 de 5 ani. Sunt c\u0103s\u0103torit din anul 2002 cu Oxana Marian iar \u00een anul 2013 Dumnezeu ne-a binecuv\u00e2ntat cu un copil pe numele Robert.\",\"url\":\"https:\\\/\\\/moldovacrestina.md\\\/en\\\/author\\\/christianimpact\\\/\"}]}<\/script>\n<!-- \/ Yoast SEO Premium plugin. -->","yoast_head_json":{"title":"I'm OK with myself, I'm not OK with the LGBT march","description":"Tomorrow, the LGBT community in Moldova plans to hold the Pride Moldova 2019 march in Chisinau. Their slogan this year is \"I'm OK with myself, I'm not OK with hatred.\"","robots":{"index":"index","follow":"follow","max-snippet":"max-snippet:-1","max-image-preview":"max-image-preview:large","max-video-preview":"max-video-preview:-1"},"canonical":"https:\/\/moldovacrestina.md\/en\/i-m-ok-with-myself-i-m-not-ok-with-the-lgbt-march\/","og_locale":"en_US","og_type":"article","og_title":"I'm OK with myself, I'm not OK with the LGBT march","og_description":"Tomorrow, the LGBT community in Moldova plans to hold the Pride Moldova 2019 march in Chisinau. Their slogan this year is \"I'm OK with myself, I'm not OK with hatred.\"","og_url":"https:\/\/moldovacrestina.md\/en\/i-m-ok-with-myself-i-m-not-ok-with-the-lgbt-march\/","og_site_name":"Moldova Cre\u0219tin\u0103","article_publisher":"https:\/\/www.facebook.com\/moldovacrestina\/","article_published_time":"2019-05-18T10:08:38+00:00","article_modified_time":"2021-01-22T11:17:53+00:00","og_image":[{"url":"https:\/\/cdn.moldovacrestina.md\/2021\/01\/27917f7f-3828810.jpg","width":1,"height":1,"type":"image\/jpeg"}],"author":"Vitalie Marian","twitter_card":"summary_large_image","twitter_creator":"@moldovacrestina","twitter_site":"@moldovacrestina","twitter_misc":{"Written by":"Vitalie Marian","Est. reading time":"2 minutes"},"schema":{"@context":"https:\/\/schema.org","@graph":[{"@type":"Article","@id":"https:\/\/moldovacrestina.md\/en\/i-m-ok-with-myself-i-m-not-ok-with-the-lgbt-march\/#article","isPartOf":{"@id":"https:\/\/moldovacrestina.md\/en\/i-m-ok-with-myself-i-m-not-ok-with-the-lgbt-march\/"},"author":{"name":"Vitalie Marian","@id":"https:\/\/moldovacrestina.md\/en\/#\/schema\/person\/3a4343f609b93342b4ffdff4609c8a66"},"headline":"I&#8217;m OK with myself, I&#8217;m not OK with the LGBT march","datePublished":"2019-05-18T10:08:38+00:00","dateModified":"2021-01-22T11:17:53+00:00","mainEntityOfPage":{"@id":"https:\/\/moldovacrestina.md\/en\/i-m-ok-with-myself-i-m-not-ok-with-the-lgbt-march\/"},"wordCount":407,"image":{"@id":"https:\/\/moldovacrestina.md\/en\/i-m-ok-with-myself-i-m-not-ok-with-the-lgbt-march\/#primaryimage"},"thumbnailUrl":"https:\/\/cdn.moldovacrestina.md\/2021\/01\/27917f7f-3828810.jpg","keywords":["gay march","I'm ok with me","I'm ok","pride moldova 2019"],"articleSection":["Society"],"inLanguage":"en-US"},{"@type":"WebPage","@id":"https:\/\/moldovacrestina.md\/en\/i-m-ok-with-myself-i-m-not-ok-with-the-lgbt-march\/","url":"https:\/\/moldovacrestina.md\/en\/i-m-ok-with-myself-i-m-not-ok-with-the-lgbt-march\/","name":"I'm OK with myself, I'm not OK with the LGBT march","isPartOf":{"@id":"https:\/\/moldovacrestina.md\/en\/#website"},"primaryImageOfPage":{"@id":"https:\/\/moldovacrestina.md\/en\/i-m-ok-with-myself-i-m-not-ok-with-the-lgbt-march\/#primaryimage"},"image":{"@id":"https:\/\/moldovacrestina.md\/en\/i-m-ok-with-myself-i-m-not-ok-with-the-lgbt-march\/#primaryimage"},"thumbnailUrl":"https:\/\/cdn.moldovacrestina.md\/2021\/01\/27917f7f-3828810.jpg","datePublished":"2019-05-18T10:08:38+00:00","dateModified":"2021-01-22T11:17:53+00:00","author":{"@id":"https:\/\/moldovacrestina.md\/en\/#\/schema\/person\/3a4343f609b93342b4ffdff4609c8a66"},"description":"Tomorrow, the LGBT community in Moldova plans to hold the Pride Moldova 2019 march in Chisinau. Their slogan this year is \"I'm OK with myself, I'm not OK with hatred.\"","breadcrumb":{"@id":"https:\/\/moldovacrestina.md\/en\/i-m-ok-with-myself-i-m-not-ok-with-the-lgbt-march\/#breadcrumb"},"inLanguage":"en-US","potentialAction":[{"@type":"ReadAction","target":["https:\/\/moldovacrestina.md\/en\/i-m-ok-with-myself-i-m-not-ok-with-the-lgbt-march\/"]}]},{"@type":"ImageObject","inLanguage":"en-US","@id":"https:\/\/moldovacrestina.md\/en\/i-m-ok-with-myself-i-m-not-ok-with-the-lgbt-march\/#primaryimage","url":"https:\/\/cdn.moldovacrestina.md\/2021\/01\/27917f7f-3828810.jpg","contentUrl":"https:\/\/cdn.moldovacrestina.md\/2021\/01\/27917f7f-3828810.jpg"},{"@type":"BreadcrumbList","@id":"https:\/\/moldovacrestina.md\/en\/i-m-ok-with-myself-i-m-not-ok-with-the-lgbt-march\/#breadcrumb","itemListElement":[{"@type":"ListItem","position":1,"name":"Prima pagin\u0103","item":"https:\/\/moldovacrestina.md\/en\/"},{"@type":"ListItem","position":2,"name":"Answers from the Bible","item":"https:\/\/moldovacrestina.md\/en\/answer-from-the-bible\/"},{"@type":"ListItem","position":3,"name":"Society","item":"https:\/\/moldovacrestina.md\/en\/answer-from-the-bible\/society\/"},{"@type":"ListItem","position":4,"name":"I&#8217;m OK with myself, I&#8217;m not OK with the LGBT march"}]},{"@type":"WebSite","@id":"https:\/\/moldovacrestina.md\/en\/#website","url":"https:\/\/moldovacrestina.md\/en\/","name":"Moldova Cre\u0219tin\u0103","description":"R\u0103spunsuri relevante \u0219i actuale din Biblie","potentialAction":[{"@type":"SearchAction","target":{"@type":"EntryPoint","urlTemplate":"https:\/\/moldovacrestina.md\/en\/?s={search_term_string}"},"query-input":{"@type":"PropertyValueSpecification","valueRequired":true,"valueName":"search_term_string"}}],"inLanguage":"en-US"},{"@type":"Person","@id":"https:\/\/moldovacrestina.md\/en\/#\/schema\/person\/3a4343f609b93342b4ffdff4609c8a66","name":"Vitalie Marian","image":{"@type":"ImageObject","inLanguage":"en-US","@id":"https:\/\/secure.gravatar.com\/avatar\/23e1ee9fec112ee1fe516b67ac698ed1dcf3ce8b736ba9641399ee96f8d00702?s=96&d=mm&r=g","url":"https:\/\/secure.gravatar.com\/avatar\/23e1ee9fec112ee1fe516b67ac698ed1dcf3ce8b736ba9641399ee96f8d00702?s=96&d=mm&r=g","contentUrl":"https:\/\/secure.gravatar.com\/avatar\/23e1ee9fec112ee1fe516b67ac698ed1dcf3ce8b736ba9641399ee96f8d00702?s=96&d=mm&r=g","caption":"Vitalie Marian"},"description":"Sunt coordonator al facult\u0103\u021bii de jurnalism la\u00a0International Mission School Precept Ministries Eurasia, membru al Bisericii Buna Vestire din Chi\u0219in\u0103u. Sunt student \u00een cadrul Institutului de Studii Biblice Inductive din Moldova\u00a0Precept Ministries Moldova. Coordonez func\u021bionarea portalului\u00a0Moldova Cre\u0219tin\u0103\u00a0\u0219i moderez emisiunea Actual la\u00a0Moldova Crestina TV. Sunt blogger cre\u0219tin cu o experien\u021b\u0103 de 5 ani. Sunt c\u0103s\u0103torit din anul 2002 cu Oxana Marian iar \u00een anul 2013 Dumnezeu ne-a binecuv\u00e2ntat cu un copil pe numele Robert.","url":"https:\/\/moldovacrestina.md\/en\/author\/christianimpact\/"}]}},"jetpack_featured_media_url":"https:\/\/cdn.moldovacrestina.md\/2021\/01\/27917f7f-3828810.jpg","video_meta":false,"featured_image":"https:\/\/cdn.moldovacrestina.md\/2021\/01\/27917f7f-3828810.jpg","wpml":{"language_code":"en","locale":"en_US","text_direction":false,"display_name":"English","native_name":"Englez\u0103","different_language":false},"jetpack-related-posts":[{"id":84641,"url":"https:\/\/moldovacrestina.md\/ru\/test-homofobia\/","url_meta":{"origin":322858,"position":0},"title":"\u0421\u0434\u0435\u043b\u0430\u0442\u044c \u0442\u0435\u0441\u0442, \u0447\u0442\u043e\u0431\u044b \u0443\u0437\u043d\u0430\u0442\u044c, \u044f\u0432\u043b\u044f\u0435\u0448\u044c\u0441\u044f \u043b\u0438 \u0442\u044b \u0413\u041e\u041c\u041e\u0424\u041e\u0411\u041e\u041c?","author":"Vasile Filat","date":"January 14, 2011","format":false,"excerpt":"\u041f\u043e\u0441\u043a\u043e\u043b\u044c\u043a\u0443 \u044f \u043c\u043d\u043e\u0433\u043e \u0440\u0430\u0437 \u0434\u0435\u043b\u0430\u043b \u0437\u0430\u044f\u0432\u043b\u0435\u043d\u0438\u044f \u043f\u043e \u043f\u043e\u0432\u043e\u0434\u0443 \u043d\u0430\u0441\u0438\u043b\u0438\u044f, \u043d\u0430 \u043a\u043e\u0442\u043e\u0440\u043e\u043c \u043d\u0430\u0441\u0442\u0430\u0438\u0432\u0430\u0435\u0442 \u043e\u0440\u0433\u0430\u043d\u0438\u0437\u0430\u0446\u0438\u044f \u0433\u043e\u043c\u043e\u0441\u0435\u043a\u0441\u0443\u0430\u043b\u0438\u0441\u0442\u043e\u0432 \u0438\u0437 \u041c\u043e\u043b\u0434\u043e\u0432\u044b \u0438 \u0434\u0440\u0443\u0433\u0438\u0435 \u043e\u0440\u0433\u0430\u043d\u0438\u0437\u0430\u0446\u0438\u0438, \u043a\u043e\u0442\u043e\u0440\u044b\u0435 \u043f\u0440\u043e\u043f\u0430\u0433\u0430\u043d\u0434\u0438\u0440\u0443\u044e\u0442\u00a0 \u0442\u0430\u043a \u043d\u0430\u0437\u044b\u0432\u0430\u0435\u043c\u044b\u0435 \u201c\u043f\u0440\u0430\u0432\u0430 \u0441\u0435\u043a\u0441\u0443\u0430\u043b\u044c\u043d\u044b\u0445 \u043c\u0435\u043d\u044c\u0448\u0438\u043d\u0441\u0442\u0432\u201d, \u043c\u0435\u043d\u044f \u0447\u0430\u0441\u0442\u043e \u0441\u0442\u0430\u043b\u0438 \u043d\u0430\u0437\u044b\u0432\u0430\u0442\u044c \u201c\u0433\u043e\u043c\u043e\u0444\u043e\u0431\u201d, \u0442\u043e\u0447\u043d\u043e \u0442\u0430\u043a\u0436\u0435, \u043a\u0430\u043a \u043e\u043d\u0438 \u043d\u0430\u0437\u044b\u0432\u0430\u044e\u0442 \u043b\u044e\u0431\u043e\u0433\u043e, \u043a\u0442\u043e \u043d\u0435 \u0440\u0430\u0437\u0434\u0435\u043b\u044f\u0435\u0442 \u0438\u0445 \u043c\u043d\u0435\u043d\u0438\u044f. \u0421\u0435\u0433\u043e\u0434\u043d\u044f \u044f \u043f\u043e\u043b\u0443\u0447\u0438\u043b \u043f\u043e email \u043f\u0440\u0438\u0433\u043b\u0430\u0448\u0435\u043d\u0438\u0435 \u0441\u0434\u0435\u043b\u0430\u0442\u044c \u0442\u0435\u0441\u0442,\u2026","rel":"","context":"<span class=\"jp-relatedposts-post-author\">Vasile Filat<\/span>","block_context":{"text":"\u041e\u0431\u0449\u0435\u0441\u0442\u0432\u043e","link":"https:\/\/moldovacrestina.md\/ru\/otvety-iz-biblii\/obshhestvo\/"},"img":{"alt_text":"","src":"https:\/\/i0.wp.com\/americansfortruth.com\/uploads\/2011\/01\/Homophobia_Quiz-300x148.png?resize=350%2C200","width":350,"height":200},"classes":[]},{"id":83594,"url":"https:\/\/moldovacrestina.md\/ru\/hto-znachit-zlosloviti-za-hrista\/","url_meta":{"origin":322858,"position":1},"title":"\u041d\u0430 \u0447\u0442\u043e \u0441\u0441\u044b\u043b\u0430\u0435\u0442\u0441\u044f \u0418\u0438\u0441\u0443\u0441 \u0425\u0440\u0438\u0441\u0442\u043e\u0441, \u0433\u043e\u0432\u043e\u0440\u044f \u201c\u043d\u0435\u043f\u0440\u0430\u0432\u0435\u0434\u043d\u043e \u0437\u043b\u043e\u0441\u043b\u043e\u0432\u0438\u0442\u044c \u0437\u0430 \u041c\u0435\u043d\u044f\u201d?","author":"Vasile Filat","date":"September 8, 2010","format":false,"excerpt":"\u0412\u043e\u043f\u0440\u043e\u0441: \u0421\u0435\u0433\u043e\u0434\u043d\u044f \u0432\u043e \u0432\u0440\u0435\u043c\u044f \u043e\u0431\u0435\u0434\u0435\u043d\u043d\u043e\u0433\u043e \u043f\u0435\u0440\u0435\u0440\u044b\u0432\u0430 \u044f \u0441\u043b\u0443\u0448\u0430\u043b \u043e \u0431\u043b\u0430\u0436\u0435\u043d\u0441\u0442\u0432\u0430\u0445, \u0441\u043a\u0430\u0437\u0430\u043d\u043d\u044b\u0445 \u0418\u0438\u0441\u0443\u0441\u043e\u043c \u0425\u0440\u0438\u0441\u0442\u043e\u043c \u0432 \u041d\u0430\u0433\u043e\u0440\u043d\u043e\u0439 \u041f\u0440\u043e\u043f\u043e\u0432\u0435\u0434\u0438, \u0438 \u0443 \u043c\u0435\u043d\u044f \u0435\u0441\u0442\u044c \u043d\u0435\u0434\u043e\u043f\u043e\u043d\u0438\u043c\u0430\u043d\u0438\u0435 \u043f\u043e \u044d\u0442\u043e\u043c\u0443 \u043f\u043e\u0432\u043e\u0434\u0443. \u042f \u043f\u043e\u043d\u0438\u043c\u0430\u044e, \u0447\u0442\u043e \u0425\u0440\u0438\u0441\u0442\u043e\u0441 \u0441\u043a\u0430\u0437\u0430\u043b \u0443\u0447\u0435\u043d\u0438\u043a\u0430\u043c, \u0447\u0442\u043e \u043e\u043d\u0438 \u0431\u0443\u0434\u0443\u0442 \u0441\u0442\u0440\u0430\u0434\u0430\u0442\u044c \u043f\u043e \u043f\u0440\u0438\u0447\u0438\u043d\u0435 \u043f\u0440\u043e\u043f\u043e\u0432\u0435\u0434\u0438 \u0421\u043b\u043e\u0432\u0430 \u0438\u043b\u0438 \u0441\u043e \u0441\u0442\u043e\u0440\u043e\u043d\u044b \u043d\u0435\u0432\u0435\u0440\u0443\u044e\u0449\u0438\u0445, \u043d\u043e \u044f \u043d\u0435 \u043f\u043e\u043d\u0438\u043c\u0430\u044e \u0432\u044b\u0440\u0430\u0436\u0435\u043d\u0438\u044f \u201c\u043d\u0435\u043f\u0440\u0430\u0432\u0435\u0434\u043d\u043e \u0437\u043b\u043e\u0441\u043b\u043e\u0432\u0438\u0442\u044c \u0437\u0430\u2026","rel":"","context":"<span class=\"jp-relatedposts-post-author\">Vasile Filat<\/span>","block_context":{"text":"\u0414\u043e\u043a\u0442\u0440\u0438\u043d\u044b","link":"https:\/\/moldovacrestina.md\/ru\/otvety-iz-biblii\/doktriny-ru\/"},"img":{"alt_text":"","src":"","width":0,"height":0},"classes":[]},{"id":71868,"url":"https:\/\/moldovacrestina.md\/marturia-unui-tinar-misionar-crestin-din-moldova-care-a-facut-recent-misiune-in-etiopia\/","url_meta":{"origin":322858,"position":2},"title":"M\u0103rturia unui t\u00een\u0103r misionar cre\u015ftin din Moldova, care a f\u0103cut recent misiune \u00een Etiopia","author":"Vitalie Marian","date":"March 30, 2011","format":false,"excerpt":"Cu acordul lui Ruslan Lupa\u015fcu, t\u00een\u0103rul misionar din s.M\u0103gd\u0103ce\u015fti, public m\u0103rturia lui despre misiunea sa din Etiopia din anul 2011. \u201e\u041a\u0430\u043a \u0432\u044b \u0443\u0436\u0435 \u0437\u043d\u0430\u0435\u0442\u0435, \u043f\u043e\u0441\u043b\u0435\u0434\u043d\u0438\u0435 \u043c\u0435\u0441\u044f\u0446\u044b \u044f \u043d\u0430\u0445\u043e\u0434\u0438\u043b\u0441\u044f \u0432 \u043c\u0438\u0441\u0441\u0438\u043e\u043d\u0435\u0440\u0441\u043a\u043e\u0439 \u043f\u043e\u0435\u0437\u0434\u043a\u0435 \u0432 \u042d\u0444\u0438\u043e\u043f\u0438\u0438. \u041d\u0430\u0448\u0430 \u043a\u043e\u043c\u0430\u043d\u0434\u0430 \u0438\u0437 \u0448\u0435\u0441\u0442\u0438 \u0447\u0435\u043b\u043e\u0432\u0435\u043a \u0441\u043b\u0443\u0436\u0438\u043b\u0430 \u0432 \u0434\u043e\u043c\u0435 \u00ab\u041c\u0430\u0442\u044c \u0422\u0435\u0440\u0435\u0437\u044b\u00bb \u0431\u043e\u043b\u044c\u043d\u044b\u043c \u0442\u0443\u0431\u0435\u0440\u043a\u0443\u043b\u0435\u0437\u043e\u043c \u043e\u0442\u043a\u0440\u044b\u0442\u043e\u0439 \u0444\u043e\u0440\u043c\u044b, \u0434\u0435\u0442\u044f\u043c \u0441 \u0446\u0435\u0440\u0435\u0431\u0440\u0430\u043b\u044c\u043d\u044b\u043c\u2026","rel":"","context":"<span class=\"jp-relatedposts-post-author\">Vitalie Marian<\/span>","block_context":{"text":"Blogosfera","link":"https:\/\/moldovacrestina.md\/familie-si-societate\/blogosfera\/"},"img":{"alt_text":"","src":"","width":0,"height":0},"classes":[]},{"id":223414,"url":"https:\/\/moldovacrestina.md\/ru\/govorenie-na-neponyatnyh-yazykah\/","url_meta":{"origin":322858,"position":3},"title":"\u0427\u0442\u043e \u043f\u0440\u0435\u0434\u0441\u0442\u0430\u0432\u043b\u044f\u0435\u0442 \u0438\u0437 \u0441\u0435\u0431\u044f \u0433\u043e\u0432\u043e\u0440\u0435\u043d\u0438\u0435 \u043d\u0430 \u043d\u0435\u043f\u043e\u043d\u044f\u0442\u043d\u044b\u0445 \u044f\u0437\u044b\u043a\u0430\u0445 \u0432 \u043f\u044f\u0442\u0438\u0434\u0435\u0441\u044f\u0442\u043d\u0438\u0447\u0435\u0441\u043a\u0438\u0445 \u0446\u0435\u0440\u043a\u0432\u044f\u0445?","author":"Anastasia Filat","date":"November 18, 2018","format":false,"excerpt":"\u0412\u043e\u043f\u0440\u043e\u0441: \u041d\u0430\u0445\u043e\u0434\u044f\u0441\u044c \u0432 \u043f\u044f\u0442\u0438\u0434\u0435\u0441\u044f\u0442\u043d\u0438\u0447\u0435\u0441\u043a\u043e\u0439 \u0446\u0435\u0440\u043a\u0432\u0438, \u044f \u0441\u0442\u0430\u043b\u0430 \u0441\u0432\u0438\u0434\u0435\u0442\u0435\u043b\u0435\u043c \u0442\u043e\u0433\u043e, \u043a\u0430\u043a \u043d\u0435\u043a\u043e\u0442\u043e\u0440\u044b\u0435 \u043c\u043e\u043b\u0438\u043b\u0438\u0441\u044c \u043d\u0430 \u0434\u0440\u0443\u0433\u043e\u043c \u044f\u0437\u044b\u043a\u0435, \u0438\u0441\u043f\u043e\u043b\u044c\u0437\u0443\u044f \u0442\u0430\u043a\u043e\u0439 \u0436\u0435 \u0430\u043a\u0446\u0435\u043d\u0442, \u0442\u0430\u043a\u0438\u0435 \u0436\u0435 \u043f\u0430\u0443\u0437\u044b \u043c\u0435\u0436\u0434\u0443 \u0441\u043b\u043e\u0432\u0430\u043c\u0438, \u0442\u0430\u043a\u043e\u0439 \u0436\u0435 \u0440\u0438\u0442\u043c, \u0442\u0435\u043c\u043f \u0438 \u0437\u0432\u0443\u043a, \u0442\u043e \u0435\u0441\u0442\u044c \u043d\u0435 \u0433\u0440\u043e\u043c\u0447\u0435 \u0438\u043b\u0438 \u0442\u0438\u0448\u0435. \u042f \u0445\u043e\u0447\u0443 \u0441\u043f\u0440\u043e\u0441\u0438\u0442\u044c \u0432\u0430\u0441, \u043d\u043e\u0440\u043c\u0430\u043b\u044c\u043d\u043e \u043b\u0438 \u044d\u0442\u043e, \u0438\u043b\u0438 \u0436\u0435 \u043a\u043e\u0433\u0434\u0430 \u043a\u0442\u043e-\u0442\u043e \u0433\u043e\u0432\u043e\u0440\u0438\u0442 \u043d\u0430 \u044f\u0437\u044b\u043a\u0430\u0445,\u2026","rel":"","context":"<span class=\"jp-relatedposts-post-author\">Anastasia Filat<\/span>","block_context":{"text":"\u041e\u0442\u0432\u0435\u0442\u044b \u0438\u0437 \u0411\u0438\u0431\u043b\u0438\u0438","link":"https:\/\/moldovacrestina.md\/ru\/otvety-iz-biblii\/"},"img":{"alt_text":"\u0433\u043e\u0432\u043e\u0440\u0435\u043d\u0438\u0435 \u043d\u0430 \u043d\u0435\u043f\u043e\u043d\u044f\u0442\u043d\u044b\u0445 \u044f\u0437\u044b\u043a\u0430\u0445","src":"https:\/\/i0.wp.com\/moldovacrestina.md\/wp-content\/uploads\/2018\/11\/39595577958_vorbirea-in-limbi-14.jpg?resize=350%2C200&ssl=1","width":350,"height":200,"srcset":"https:\/\/i0.wp.com\/moldovacrestina.md\/wp-content\/uploads\/2018\/11\/39595577958_vorbirea-in-limbi-14.jpg?resize=350%2C200&ssl=1 1x, https:\/\/i0.wp.com\/moldovacrestina.md\/wp-content\/uploads\/2018\/11\/39595577958_vorbirea-in-limbi-14.jpg?resize=525%2C300&ssl=1 1.5x, https:\/\/i0.wp.com\/moldovacrestina.md\/wp-content\/uploads\/2018\/11\/39595577958_vorbirea-in-limbi-14.jpg?resize=700%2C400&ssl=1 2x"},"classes":[]},{"id":75485,"url":"https:\/\/moldovacrestina.md\/ru\/na-skolko-biblejskoe-otnoshenie-u-pas\/","url_meta":{"origin":322858,"position":4},"title":"\u041d\u0430 \u0441\u043a\u043e\u043b\u044c\u043a\u043e \u0431\u0438\u0431\u043b\u0435\u0439\u0441\u043a\u043e\u0435 \u043e\u0442\u043d\u043e\u0448\u0435\u043d\u0438\u0435 \u0443 \u043f\u0430\u0441\u0442\u043e\u0440\u0430 \u0411\u0440\u0430\u0439\u0430\u043d\u0430 \u0425\u044c\u044e\u0441\u0442\u043e\u043d\u0430 \u0438\u0437 Hillsong Church \u043a \u0433\u043e\u043c\u043e\u0441\u0435\u043a\u0441\u0443\u0430\u043b\u0438\u0437\u043c\u0443?","author":"Vasile Filat","date":"August 6, 2015","format":false,"excerpt":"\u041d\u043e\u0432\u043e\u0441\u0442\u044c \u043e \u0434\u0432\u0443\u0445 \u043b\u0438\u0434\u0435\u0440\u0430\u0445 \u0446\u0435\u0440\u043a\u043e\u0432\u043d\u043e\u0433\u043e \u0445\u043e\u0440\u0430 Hillsong \u0438\u0437 \u0433\u043e\u0440\u043e\u0434\u0430 \u041d\u044c\u044e \u0419\u043e\u0440\u043a\u0430, \u043a\u043e\u0442\u043e\u0440\u044b\u0435 \u043e\u0431\u044a\u044f\u0432\u0438\u043b\u0438 \u0441\u0435\u0431\u044f \u0433\u043e\u043c\u043e\u0441\u0435\u043a\u0441\u0443\u0430\u043b\u0438\u0441\u0442\u0430\u043c\u0438 \u0438 \u043e \u0442\u043e\u043c, \u0447\u0442\u043e \u043e\u043d\u0438 \u043f\u043b\u0430\u043d\u0438\u0440\u0443\u044e\u0442 \u043f\u043e\u0436\u0435\u043d\u0438\u0442\u044c\u0441\u044f \u0432 \u0441\u043b\u0435\u0434\u0443\u044e\u0449\u0435\u043c \u0433\u043e\u0434\u0443 \u043e\u0433\u043e\u0440\u0447\u0438\u043b\u0430 \u0432\u0441\u0435\u0445 \u0445\u0440\u0438\u0441\u0442\u0438\u0430\u043d. \u0417\u0430\u044f\u0432\u043b\u0435\u043d\u0438\u0435 \u043f\u0430\u0441\u0442\u043e\u0440\u0430 \u0438\u0437 \u0425\u0438\u043b\u0441\u043e\u043d\u0433 \u0434\u043e\u0431\u0430\u0432\u0438\u043b\u0438 \u043e\u0433\u043e\u0440\u0447\u0435\u043d\u0438\u044f. \u00a0Hillsong Church\u00a0\u044f\u0432\u043b\u044f\u0435\u0442\u0441\u044f \u043f\u044f\u0442\u0438\u0434\u0435\u0441\u044f\u0442\u043d\u0438\u0447\u0435\u0441\u043a\u043e\u0439 \u043c\u0435\u0433\u0430\u0446\u0435\u0440\u043a\u043e\u0432\u044c\u044e, \u0434\u0435\u0439\u0441\u0442\u0432\u0443\u044e\u0449\u0435\u0439 \u0432 15 \u0441\u0442\u0440\u0430\u043d\u0430\u0445 \u043c\u0438\u0440\u0430 \u0438 \u0435\u0436\u0435\u043d\u0435\u0434\u0435\u043b\u044c\u043d\u043e \u0441\u043e\u0431\u0438\u0440\u0430\u0435\u0442 \u0431\u043e\u043b\u0435\u0435 100.000 \u043b\u044e\u0434\u0435\u0439. \u041c\u043d\u0435\u2026","rel":"","context":"<span class=\"jp-relatedposts-post-author\">Vasile Filat<\/span>","block_context":{"text":"\u0411\u043b\u043e\u0433\u043e\u0441\u0444\u0435\u0440\u0430","link":"https:\/\/moldovacrestina.md\/ru\/vospitanie-ru\/blogosfera-ru\/"},"img":{"alt_text":"","src":"https:\/\/i0.wp.com\/moldovacrestina.md\/wp-content\/uploads\/2017\/12\/14027864951_pastor-brian-houston-hillsong.png?resize=350%2C200&ssl=1","width":350,"height":200},"classes":[]},{"id":361249,"url":"https:\/\/moldovacrestina.md\/o-bomba-a-lovit-la-50-de-metri-de-o-locuinta-din-zaporojie-ucraina\/","url_meta":{"origin":322858,"position":5},"title":"O bomb\u0103 a lovit la 50 de metri de o locuin\u021b\u0103 din Zaporojie, Ucraina.","author":"Vasile Filat","date":"October 31, 2024","format":false,"excerpt":"O bomb\u0103 a lovit la 50 de metri de o locuin\u021b\u0103 din Zaporojie, Ucraina. Doritorii s\u0103 sus\u021bin\u0103 financiar familia Paketa o pot face, folosind una din metode: Rechizite bancare pentru transfer \u00een MDL (lei moldovene\u0219ti) Beneficiar: CULT RELIGIOS PCCRBCEB \"BUNA VESTIRE A MINTUITORULUI\" Cod IDNO: 1010620001050 Banca beneficiar\u0103: Banca Comerciala\u2026","rel":"","context":"<span class=\"jp-relatedposts-post-author\">Vasile Filat<\/span>","block_context":{"text":"MCTV","link":"https:\/\/moldovacrestina.md\/mctv\/"},"img":{"alt_text":"","src":"https:\/\/i0.wp.com\/cdn.moldovacrestina.md\/2024\/10\/29344642-xoykuhynhgm.jpg?resize=350%2C200&ssl=1","width":350,"height":200,"srcset":"https:\/\/i0.wp.com\/cdn.moldovacrestina.md\/2024\/10\/29344642-xoykuhynhgm.jpg?resize=350%2C200&ssl=1 1x, https:\/\/i0.wp.com\/cdn.moldovacrestina.md\/2024\/10\/29344642-xoykuhynhgm.jpg?resize=525%2C300&ssl=1 1.5x, https:\/\/i0.wp.com\/cdn.moldovacrestina.md\/2024\/10\/29344642-xoykuhynhgm.jpg?resize=700%2C400&ssl=1 2x, https:\/\/i0.wp.com\/cdn.moldovacrestina.md\/2024\/10\/29344642-xoykuhynhgm.jpg?resize=1050%2C600&ssl=1 3x"},"classes":[]}],"jetpack_sharing_enabled":true,"_links":{"self":[{"href":"https:\/\/moldovacrestina.md\/en\/wp-json\/wp\/v2\/posts\/322858","targetHints":{"allow":["GET"]}}],"collection":[{"href":"https:\/\/moldovacrestina.md\/en\/wp-json\/wp\/v2\/posts"}],"about":[{"href":"https:\/\/moldovacrestina.md\/en\/wp-json\/wp\/v2\/types\/post"}],"author":[{"embeddable":true,"href":"https:\/\/moldovacrestina.md\/en\/wp-json\/wp\/v2\/users\/45"}],"replies":[{"embeddable":true,"href":"https:\/\/moldovacrestina.md\/en\/wp-json\/wp\/v2\/comments?post=322858"}],"version-history":[{"count":0,"href":"https:\/\/moldovacrestina.md\/en\/wp-json\/wp\/v2\/posts\/322858\/revisions"}],"wp:featuredmedia":[{"embeddable":true,"href":"https:\/\/moldovacrestina.md\/en\/wp-json\/wp\/v2\/media\/322859"}],"wp:attachment":[{"href":"https:\/\/moldovacrestina.md\/en\/wp-json\/wp\/v2\/media?parent=322858"}],"wp:term":[{"taxonomy":"category","embeddable":true,"href":"https:\/\/moldovacrestina.md\/en\/wp-json\/wp\/v2\/categories?post=322858"},{"taxonomy":"post_tag","embeddable":true,"href":"https:\/\/moldovacrestina.md\/en\/wp-json\/wp\/v2\/tags?post=322858"}],"curies":[{"name":"wp","href":"https:\/\/api.w.org\/{rel}","templated":true}]}}