{"id":319688,"date":"2020-12-30T18:00:01","date_gmt":"2020-12-30T16:00:01","guid":{"rendered":"https:\/\/moldovacrestina.md\/cum-sa-o-organizezi-o-intalnire-de-planificare-nicolai-mihailiuc\/"},"modified":"2024-08-23T08:13:20","modified_gmt":"2024-08-23T05:13:20","slug":"cum-sa-o-organizezi-o-intalnire-de-planificare-nicolai-mihailiuc","status":"publish","type":"post","link":"https:\/\/moldovacrestina.md\/en\/cum-sa-o-organizezi-o-intalnire-de-planificare-nicolai-mihailiuc\/","title":{"rendered":"Cum s\u0103 o organizezi o \u00eent\u00e2lnire de planificare | Nicolai Mihailiuc"},"content":{"rendered":"<p>Cum s\u0103 o organizezi o \u00eent\u00e2lnire de planificare care s\u0103 fie eficient\u0103 \u0219i desigur\u0103 s\u0103 aduc\u0103 rezultate a\u0219a cum a\u021bi <!--more--> planificat.<\/p>\n<p>Cartea: <a href=\"https:\/\/amzn.to\/2J3Hg3n\" target=\"_blank\" rel=\"nofollow noopener\">https:\/\/amzn.to\/2J3Hg3n<\/a><\/p>\n<p>Vezi \u00eentregul playlist de emisiuni: <a href=\"https:\/\/www.youtube.com\/playlist?list...\" target=\"_blank\" rel=\"nofollow noopener\">https:\/\/www.youtube.com\/playlist?list&#8230;<\/a><\/p>\n<p>Devino ucenicul lui Hristos: <a href=\"https:\/\/moldovacrestina.md\/devino-uce...\" target=\"_blank\" rel=\"nofollow noopener\">https:\/\/moldovacrestina.md\/devino-uce&#8230;<\/a><\/p>\n<p>BISERICA BUNAVESTIREA DIN CHI\u0218IN\u0102U<br \/>\nStr. Cioc\u00e2rliei 2\/8, Chi\u0219in\u0103u, Rep.Moldova<br \/>\nServicii Divine:<br \/>\n                        Duminic\u0103, 14:00 &#8211; 16:00<br \/>\n                        Joi, 18:30 &#8211; 19:30 &#8211; ora de rug\u0103ciune<br \/>\ntel. +373 (68) 060601<br \/>\n<a href=\"https:\/\/www.facebook.com\/bunavestire\" target=\"_blank\" rel=\"nofollow noopener\">https:\/\/www.facebook.com\/bunavestire<\/a> <\/p>\n<p>PENTRU MANUALE \u0218I \u00ceNSCRIERE LA GRUPELE DE STUDIU BIBLIC ONLINE CONTACTA\u021aI LA: info@precept.md sau studiu@moldovacrestina.md<br \/>\n+373(69)966779<\/p>\n","protected":false},"excerpt":{"rendered":"<p>Cum s\u0103 o organizezi o \u00eent\u00e2lnire de planificare care s\u0103 fie eficient\u0103 \u0219i desigur\u0103 s\u0103 aduc\u0103 rezultate a\u0219a cum a\u021bi<\/p>\n","protected":false},"author":154,"featured_media":319701,"comment_status":"closed","ping_status":"closed","sticky":false,"template":"","format":"standard","meta":{"_acf_changed":false,"inline_featured_image":false,"_monsterinsights_skip_tracking":false,"_monsterinsights_sitenote_active":false,"_monsterinsights_sitenote_note":"","_monsterinsights_sitenote_category":0,"_genesis_hide_title":false,"_genesis_hide_breadcrumbs":false,"_genesis_hide_singular_image":false,"_genesis_hide_footer_widgets":false,"_genesis_custom_body_class":"","_genesis_custom_post_class":"","_genesis_layout":"","ep_exclude_from_search":false,"_jetpack_memberships_contains_paid_content":false,"footnotes":""},"categories":[23555],"tags":[],"class_list":{"0":"post-319688","1":"post","2":"type-post","3":"status-publish","4":"format-standard","5":"has-post-thumbnail","7":"category-mctv","8":"entry"},"acf":[],"yoast_head":"<!-- This site is optimized with the Yoast SEO Premium plugin v26.5 (Yoast SEO v27.4) - https:\/\/yoast.com\/product\/yoast-seo-premium-wordpress\/ -->\n<title>Cum s\u0103 o organizezi o \u00eent\u00e2lnire de planificare | Nicolai Mihailiuc &#8226; Moldova Cre\u0219tin\u0103<\/title>\n<meta name=\"robots\" content=\"index, follow, max-snippet:-1, max-image-preview:large, max-video-preview:-1\" \/>\n<link rel=\"canonical\" href=\"https:\/\/moldovacrestina.md\/en\/cum-sa-o-organizezi-o-intalnire-de-planificare-nicolai-mihailiuc\/\" \/>\n<meta property=\"og:locale\" content=\"en_US\" \/>\n<meta property=\"og:type\" content=\"article\" \/>\n<meta property=\"og:title\" content=\"Cum s\u0103 o organizezi o \u00eent\u00e2lnire de planificare | Nicolai Mihailiuc\" \/>\n<meta property=\"og:description\" content=\"Cum s\u0103 o organizezi o \u00eent\u00e2lnire de planificare care s\u0103 fie eficient\u0103 \u0219i desigur\u0103 s\u0103 aduc\u0103 rezultate a\u0219a cum a\u021bi\" \/>\n<meta property=\"og:url\" content=\"https:\/\/moldovacrestina.md\/en\/cum-sa-o-organizezi-o-intalnire-de-planificare-nicolai-mihailiuc\/\" \/>\n<meta property=\"og:site_name\" content=\"Moldova Cre\u0219tin\u0103\" \/>\n<meta property=\"article:publisher\" content=\"https:\/\/www.facebook.com\/moldovacrestina\/\" \/>\n<meta property=\"article:published_time\" content=\"2020-12-30T16:00:01+00:00\" \/>\n<meta property=\"article:modified_time\" content=\"2024-08-23T05:13:20+00:00\" \/>\n<meta property=\"og:image\" content=\"https:\/\/cdn.moldovacrestina.md\/2020\/12\/133286f7-53fwsjfivzc.jpg\" \/>\n\t<meta property=\"og:image:width\" content=\"1\" \/>\n\t<meta property=\"og:image:height\" content=\"1\" \/>\n\t<meta property=\"og:image:type\" content=\"image\/jpeg\" \/>\n<meta name=\"author\" content=\"Moldova Cre\u0219tin\u0103\" \/>\n<meta name=\"twitter:card\" content=\"summary_large_image\" \/>\n<meta name=\"twitter:creator\" content=\"@moldovacrestina\" \/>\n<meta name=\"twitter:site\" content=\"@moldovacrestina\" \/>\n<meta name=\"twitter:label1\" content=\"Written by\" \/>\n\t<meta name=\"twitter:data1\" content=\"Moldova Cre\u0219tin\u0103\" \/>\n\t<meta name=\"twitter:label2\" content=\"Est. reading time\" \/>\n\t<meta name=\"twitter:data2\" content=\"1 minute\" \/>\n<script type=\"application\/ld+json\" class=\"yoast-schema-graph\">{\"@context\":\"https:\\\/\\\/schema.org\",\"@graph\":[{\"@type\":\"Article\",\"@id\":\"https:\\\/\\\/moldovacrestina.md\\\/en\\\/cum-sa-o-organizezi-o-intalnire-de-planificare-nicolai-mihailiuc\\\/#article\",\"isPartOf\":{\"@id\":\"https:\\\/\\\/moldovacrestina.md\\\/en\\\/cum-sa-o-organizezi-o-intalnire-de-planificare-nicolai-mihailiuc\\\/\"},\"author\":{\"name\":\"Moldova Cre\u0219tin\u0103\",\"@id\":\"https:\\\/\\\/moldovacrestina.md\\\/en\\\/#\\\/schema\\\/person\\\/2c1229137b9158f7d3ac74b6ce4db55b\"},\"headline\":\"Cum s\u0103 o organizezi o \u00eent\u00e2lnire de planificare | Nicolai Mihailiuc\",\"datePublished\":\"2020-12-30T16:00:01+00:00\",\"dateModified\":\"2024-08-23T05:13:20+00:00\",\"mainEntityOfPage\":{\"@id\":\"https:\\\/\\\/moldovacrestina.md\\\/en\\\/cum-sa-o-organizezi-o-intalnire-de-planificare-nicolai-mihailiuc\\\/\"},\"wordCount\":112,\"image\":{\"@id\":\"https:\\\/\\\/moldovacrestina.md\\\/en\\\/cum-sa-o-organizezi-o-intalnire-de-planificare-nicolai-mihailiuc\\\/#primaryimage\"},\"thumbnailUrl\":\"https:\\\/\\\/cdn.moldovacrestina.md\\\/2020\\\/12\\\/133286f7-53fwsjfivzc.jpg\",\"articleSection\":[\"MCTV\"],\"inLanguage\":\"en-US\"},{\"@type\":\"WebPage\",\"@id\":\"https:\\\/\\\/moldovacrestina.md\\\/en\\\/cum-sa-o-organizezi-o-intalnire-de-planificare-nicolai-mihailiuc\\\/\",\"url\":\"https:\\\/\\\/moldovacrestina.md\\\/en\\\/cum-sa-o-organizezi-o-intalnire-de-planificare-nicolai-mihailiuc\\\/\",\"name\":\"Cum s\u0103 o organizezi o \u00eent\u00e2lnire de planificare | Nicolai Mihailiuc &#8226; Moldova Cre\u0219tin\u0103\",\"isPartOf\":{\"@id\":\"https:\\\/\\\/moldovacrestina.md\\\/en\\\/#website\"},\"primaryImageOfPage\":{\"@id\":\"https:\\\/\\\/moldovacrestina.md\\\/en\\\/cum-sa-o-organizezi-o-intalnire-de-planificare-nicolai-mihailiuc\\\/#primaryimage\"},\"image\":{\"@id\":\"https:\\\/\\\/moldovacrestina.md\\\/en\\\/cum-sa-o-organizezi-o-intalnire-de-planificare-nicolai-mihailiuc\\\/#primaryimage\"},\"thumbnailUrl\":\"https:\\\/\\\/cdn.moldovacrestina.md\\\/2020\\\/12\\\/133286f7-53fwsjfivzc.jpg\",\"datePublished\":\"2020-12-30T16:00:01+00:00\",\"dateModified\":\"2024-08-23T05:13:20+00:00\",\"author\":{\"@id\":\"https:\\\/\\\/moldovacrestina.md\\\/en\\\/#\\\/schema\\\/person\\\/2c1229137b9158f7d3ac74b6ce4db55b\"},\"breadcrumb\":{\"@id\":\"https:\\\/\\\/moldovacrestina.md\\\/en\\\/cum-sa-o-organizezi-o-intalnire-de-planificare-nicolai-mihailiuc\\\/#breadcrumb\"},\"inLanguage\":\"en-US\",\"potentialAction\":[{\"@type\":\"ReadAction\",\"target\":[\"https:\\\/\\\/moldovacrestina.md\\\/en\\\/cum-sa-o-organizezi-o-intalnire-de-planificare-nicolai-mihailiuc\\\/\"]}]},{\"@type\":\"ImageObject\",\"inLanguage\":\"en-US\",\"@id\":\"https:\\\/\\\/moldovacrestina.md\\\/en\\\/cum-sa-o-organizezi-o-intalnire-de-planificare-nicolai-mihailiuc\\\/#primaryimage\",\"url\":\"https:\\\/\\\/cdn.moldovacrestina.md\\\/2020\\\/12\\\/133286f7-53fwsjfivzc.jpg\",\"contentUrl\":\"https:\\\/\\\/cdn.moldovacrestina.md\\\/2020\\\/12\\\/133286f7-53fwsjfivzc.jpg\"},{\"@type\":\"BreadcrumbList\",\"@id\":\"https:\\\/\\\/moldovacrestina.md\\\/en\\\/cum-sa-o-organizezi-o-intalnire-de-planificare-nicolai-mihailiuc\\\/#breadcrumb\",\"itemListElement\":[{\"@type\":\"ListItem\",\"position\":1,\"name\":\"Prima pagin\u0103\",\"item\":\"https:\\\/\\\/moldovacrestina.md\\\/en\\\/\"},{\"@type\":\"ListItem\",\"position\":2,\"name\":\"MCTV\",\"item\":\"https:\\\/\\\/moldovacrestina.md\\\/mctv\\\/\"},{\"@type\":\"ListItem\",\"position\":3,\"name\":\"Cum s\u0103 o organizezi o \u00eent\u00e2lnire de planificare | Nicolai Mihailiuc\"}]},{\"@type\":\"WebSite\",\"@id\":\"https:\\\/\\\/moldovacrestina.md\\\/en\\\/#website\",\"url\":\"https:\\\/\\\/moldovacrestina.md\\\/en\\\/\",\"name\":\"Moldova Cre\u0219tin\u0103\",\"description\":\"R\u0103spunsuri relevante \u0219i actuale din Biblie\",\"potentialAction\":[{\"@type\":\"SearchAction\",\"target\":{\"@type\":\"EntryPoint\",\"urlTemplate\":\"https:\\\/\\\/moldovacrestina.md\\\/en\\\/?s={search_term_string}\"},\"query-input\":{\"@type\":\"PropertyValueSpecification\",\"valueRequired\":true,\"valueName\":\"search_term_string\"}}],\"inLanguage\":\"en-US\"},{\"@type\":\"Person\",\"@id\":\"https:\\\/\\\/moldovacrestina.md\\\/en\\\/#\\\/schema\\\/person\\\/2c1229137b9158f7d3ac74b6ce4db55b\",\"name\":\"Moldova Cre\u0219tin\u0103\",\"image\":{\"@type\":\"ImageObject\",\"inLanguage\":\"en-US\",\"@id\":\"https:\\\/\\\/secure.gravatar.com\\\/avatar\\\/7ee4a23b83cf7f880340161f8b5b00737ec379bc519884a0d2c05abcf15bd586?s=96&d=mm&r=g\",\"url\":\"https:\\\/\\\/secure.gravatar.com\\\/avatar\\\/7ee4a23b83cf7f880340161f8b5b00737ec379bc519884a0d2c05abcf15bd586?s=96&d=mm&r=g\",\"contentUrl\":\"https:\\\/\\\/secure.gravatar.com\\\/avatar\\\/7ee4a23b83cf7f880340161f8b5b00737ec379bc519884a0d2c05abcf15bd586?s=96&d=mm&r=g\",\"caption\":\"Moldova Cre\u0219tin\u0103\"},\"url\":\"https:\\\/\\\/moldovacrestina.md\\\/en\\\/author\\\/moldovacrestinatv\\\/\"}]}<\/script>\n<!-- \/ Yoast SEO Premium plugin. -->","yoast_head_json":{"title":"Cum s\u0103 o organizezi o \u00eent\u00e2lnire de planificare | Nicolai Mihailiuc &#8226; Moldova Cre\u0219tin\u0103","robots":{"index":"index","follow":"follow","max-snippet":"max-snippet:-1","max-image-preview":"max-image-preview:large","max-video-preview":"max-video-preview:-1"},"canonical":"https:\/\/moldovacrestina.md\/en\/cum-sa-o-organizezi-o-intalnire-de-planificare-nicolai-mihailiuc\/","og_locale":"en_US","og_type":"article","og_title":"Cum s\u0103 o organizezi o \u00eent\u00e2lnire de planificare | Nicolai Mihailiuc","og_description":"Cum s\u0103 o organizezi o \u00eent\u00e2lnire de planificare care s\u0103 fie eficient\u0103 \u0219i desigur\u0103 s\u0103 aduc\u0103 rezultate a\u0219a cum a\u021bi","og_url":"https:\/\/moldovacrestina.md\/en\/cum-sa-o-organizezi-o-intalnire-de-planificare-nicolai-mihailiuc\/","og_site_name":"Moldova Cre\u0219tin\u0103","article_publisher":"https:\/\/www.facebook.com\/moldovacrestina\/","article_published_time":"2020-12-30T16:00:01+00:00","article_modified_time":"2024-08-23T05:13:20+00:00","og_image":[{"url":"https:\/\/cdn.moldovacrestina.md\/2020\/12\/133286f7-53fwsjfivzc.jpg","width":1,"height":1,"type":"image\/jpeg"}],"author":"Moldova Cre\u0219tin\u0103","twitter_card":"summary_large_image","twitter_creator":"@moldovacrestina","twitter_site":"@moldovacrestina","twitter_misc":{"Written by":"Moldova Cre\u0219tin\u0103","Est. reading time":"1 minute"},"schema":{"@context":"https:\/\/schema.org","@graph":[{"@type":"Article","@id":"https:\/\/moldovacrestina.md\/en\/cum-sa-o-organizezi-o-intalnire-de-planificare-nicolai-mihailiuc\/#article","isPartOf":{"@id":"https:\/\/moldovacrestina.md\/en\/cum-sa-o-organizezi-o-intalnire-de-planificare-nicolai-mihailiuc\/"},"author":{"name":"Moldova Cre\u0219tin\u0103","@id":"https:\/\/moldovacrestina.md\/en\/#\/schema\/person\/2c1229137b9158f7d3ac74b6ce4db55b"},"headline":"Cum s\u0103 o organizezi o \u00eent\u00e2lnire de planificare | Nicolai Mihailiuc","datePublished":"2020-12-30T16:00:01+00:00","dateModified":"2024-08-23T05:13:20+00:00","mainEntityOfPage":{"@id":"https:\/\/moldovacrestina.md\/en\/cum-sa-o-organizezi-o-intalnire-de-planificare-nicolai-mihailiuc\/"},"wordCount":112,"image":{"@id":"https:\/\/moldovacrestina.md\/en\/cum-sa-o-organizezi-o-intalnire-de-planificare-nicolai-mihailiuc\/#primaryimage"},"thumbnailUrl":"https:\/\/cdn.moldovacrestina.md\/2020\/12\/133286f7-53fwsjfivzc.jpg","articleSection":["MCTV"],"inLanguage":"en-US"},{"@type":"WebPage","@id":"https:\/\/moldovacrestina.md\/en\/cum-sa-o-organizezi-o-intalnire-de-planificare-nicolai-mihailiuc\/","url":"https:\/\/moldovacrestina.md\/en\/cum-sa-o-organizezi-o-intalnire-de-planificare-nicolai-mihailiuc\/","name":"Cum s\u0103 o organizezi o \u00eent\u00e2lnire de planificare | Nicolai Mihailiuc &#8226; Moldova Cre\u0219tin\u0103","isPartOf":{"@id":"https:\/\/moldovacrestina.md\/en\/#website"},"primaryImageOfPage":{"@id":"https:\/\/moldovacrestina.md\/en\/cum-sa-o-organizezi-o-intalnire-de-planificare-nicolai-mihailiuc\/#primaryimage"},"image":{"@id":"https:\/\/moldovacrestina.md\/en\/cum-sa-o-organizezi-o-intalnire-de-planificare-nicolai-mihailiuc\/#primaryimage"},"thumbnailUrl":"https:\/\/cdn.moldovacrestina.md\/2020\/12\/133286f7-53fwsjfivzc.jpg","datePublished":"2020-12-30T16:00:01+00:00","dateModified":"2024-08-23T05:13:20+00:00","author":{"@id":"https:\/\/moldovacrestina.md\/en\/#\/schema\/person\/2c1229137b9158f7d3ac74b6ce4db55b"},"breadcrumb":{"@id":"https:\/\/moldovacrestina.md\/en\/cum-sa-o-organizezi-o-intalnire-de-planificare-nicolai-mihailiuc\/#breadcrumb"},"inLanguage":"en-US","potentialAction":[{"@type":"ReadAction","target":["https:\/\/moldovacrestina.md\/en\/cum-sa-o-organizezi-o-intalnire-de-planificare-nicolai-mihailiuc\/"]}]},{"@type":"ImageObject","inLanguage":"en-US","@id":"https:\/\/moldovacrestina.md\/en\/cum-sa-o-organizezi-o-intalnire-de-planificare-nicolai-mihailiuc\/#primaryimage","url":"https:\/\/cdn.moldovacrestina.md\/2020\/12\/133286f7-53fwsjfivzc.jpg","contentUrl":"https:\/\/cdn.moldovacrestina.md\/2020\/12\/133286f7-53fwsjfivzc.jpg"},{"@type":"BreadcrumbList","@id":"https:\/\/moldovacrestina.md\/en\/cum-sa-o-organizezi-o-intalnire-de-planificare-nicolai-mihailiuc\/#breadcrumb","itemListElement":[{"@type":"ListItem","position":1,"name":"Prima pagin\u0103","item":"https:\/\/moldovacrestina.md\/en\/"},{"@type":"ListItem","position":2,"name":"MCTV","item":"https:\/\/moldovacrestina.md\/mctv\/"},{"@type":"ListItem","position":3,"name":"Cum s\u0103 o organizezi o \u00eent\u00e2lnire de planificare | Nicolai Mihailiuc"}]},{"@type":"WebSite","@id":"https:\/\/moldovacrestina.md\/en\/#website","url":"https:\/\/moldovacrestina.md\/en\/","name":"Moldova Cre\u0219tin\u0103","description":"R\u0103spunsuri relevante \u0219i actuale din Biblie","potentialAction":[{"@type":"SearchAction","target":{"@type":"EntryPoint","urlTemplate":"https:\/\/moldovacrestina.md\/en\/?s={search_term_string}"},"query-input":{"@type":"PropertyValueSpecification","valueRequired":true,"valueName":"search_term_string"}}],"inLanguage":"en-US"},{"@type":"Person","@id":"https:\/\/moldovacrestina.md\/en\/#\/schema\/person\/2c1229137b9158f7d3ac74b6ce4db55b","name":"Moldova Cre\u0219tin\u0103","image":{"@type":"ImageObject","inLanguage":"en-US","@id":"https:\/\/secure.gravatar.com\/avatar\/7ee4a23b83cf7f880340161f8b5b00737ec379bc519884a0d2c05abcf15bd586?s=96&d=mm&r=g","url":"https:\/\/secure.gravatar.com\/avatar\/7ee4a23b83cf7f880340161f8b5b00737ec379bc519884a0d2c05abcf15bd586?s=96&d=mm&r=g","contentUrl":"https:\/\/secure.gravatar.com\/avatar\/7ee4a23b83cf7f880340161f8b5b00737ec379bc519884a0d2c05abcf15bd586?s=96&d=mm&r=g","caption":"Moldova Cre\u0219tin\u0103"},"url":"https:\/\/moldovacrestina.md\/en\/author\/moldovacrestinatv\/"}]}},"jetpack_featured_media_url":"https:\/\/cdn.moldovacrestina.md\/2020\/12\/133286f7-53fwsjfivzc.jpg","video_meta":{"_ayvpp_video":"53FwSJFIvzc","_ayvpp_video_id":"VVVlVzNIelJUQTdYTnVxNXdfSlJYMG93LjUzRndTSkZJdnpj","_ayvpp_published":"2020-12-30T18:00:01Z","_ayvpp_author":"Moldova Cre\u0219tin\u0103 TV","_ayvpp_channel":"UCeW3HzRTA7XNuq5w_JRX0ow","_ayvpp_thumbs":{"default":"https:\/\/i.ytimg.com\/vi\/53FwSJFIvzc\/default.jpg","medium":"https:\/\/i.ytimg.com\/vi\/53FwSJFIvzc\/mqdefault.jpg","high":"https:\/\/i.ytimg.com\/vi\/53FwSJFIvzc\/hqdefault.jpg","standard":"https:\/\/i.ytimg.com\/vi\/53FwSJFIvzc\/sddefault.jpg","maxres":"https:\/\/i.ytimg.com\/vi\/53FwSJFIvzc\/maxresdefault.jpg"},"_ayvpp_auto_play":"0","_ayvpp_related_show":"","_ayvpp_playlist_name":"Nicolai Mihailiuc"},"featured_image":"https:\/\/cdn.moldovacrestina.md\/2020\/12\/133286f7-53fwsjfivzc.jpg","wpml":{"language_code":"en","locale":"en_US","text_direction":false,"display_name":"English","native_name":"Englez\u0103","different_language":false},"jetpack-related-posts":[{"id":322037,"url":"https:\/\/moldovacrestina.md\/planificarea-sarcinilor-cu-ajutorul-instrumentului-digital-trello-nicolai-mihailiuc\/","url_meta":{"origin":319688,"position":0},"title":"Planificarea sarcinilor cu ajutorul instrumentului digital Trello | Nicolai Mihailiuc","author":"Moldova Cre\u0219tin\u0103","date":"January 6, 2021","format":false,"excerpt":"Planificarea sarcinilor cu ajutorul instrumentului digital Trello, o op\u021biune foarte simpl\u0103 care te ajut\u0103 s\u0103 \u021bii bine lucrurile care le-ai planficiat \u00een control \u0219i s\u0103 monitorizezi situa\u021bia cum se duc la \u00eendeplinire sarcinilor. https:\/\/trello.com\/ Vezi \u00eentregul playlist de emisiuni: https:\/\/www.youtube.com\/playlist?list... Devino ucenicul lui Hristos: https:\/\/moldovacrestina.md\/devino-uce... BISERICA BUNAVESTIREA DIN CHI\u0218IN\u0102U Str.\u2026","rel":"","context":"<span class=\"jp-relatedposts-post-author\">Moldova Cre\u0219tin\u0103<\/span>","block_context":{"text":"MCTV","link":"https:\/\/moldovacrestina.md\/mctv\/"},"img":{"alt_text":"","src":"","width":0,"height":0},"classes":[]},{"id":323511,"url":"https:\/\/moldovacrestina.md\/planificarea-anului-spiritual-al-bisericii-partea-1-nicolai-mihailiuc\/","url_meta":{"origin":319688,"position":1},"title":"Planificarea anului spiritual al Bisericii &#8211; Partea 1  | Nicolai Mihailiuc","author":"Moldova Cre\u0219tin\u0103","date":"February 3, 2021","format":false,"excerpt":"Planificarea anului spiritual al Bisericii. \u00cen acest video \u00eenv\u0103\u021b\u0103m cum s\u0103 facem un plan eficient care s\u0103 s\u0103 aduc\u0103 rod dar \u0219i s\u0103 fie u\u0219or de urm\u0103rit \u0219i \u00eemplinit. Vezi \u00eentregul playlist de emisiuni: https:\/\/www.youtube.com\/playlist?list\u200b... Devino ucenicul lui Hristos: https:\/\/moldovacrestina.md\/devino-uce\u200b... BISERICA BUNAVESTIREA DIN CHI\u0218IN\u0102U Str. Cioc\u00e2rliei 2\/8, Chi\u0219in\u0103u, Rep.Moldova Servicii\u2026","rel":"","context":"<span class=\"jp-relatedposts-post-author\">Moldova Cre\u0219tin\u0103<\/span>","block_context":{"text":"MCTV","link":"https:\/\/moldovacrestina.md\/mctv\/"},"img":{"alt_text":"","src":"","width":0,"height":0},"classes":[]},{"id":323740,"url":"https:\/\/moldovacrestina.md\/planificarea-anului-spiritual-al-bisericii-swot-oportunita-t-i-pericole-partea-2\/","url_meta":{"origin":319688,"position":2},"title":"Planificarea anului spiritual al Bisericii &#8211; SWOT Oportunita\u0306t\u0326i, Pericole &#8211; Partea 2","author":"Moldova Cre\u0219tin\u0103","date":"February 10, 2021","format":false,"excerpt":"Planificarea anului spiritual al Bisericii - SWOT Oportunita\u0306t\u0326i, Pericole. SWOT ne ajut\u0103 s\u0103 urm\u0103rim patru \u00eentreb\u0103ri care ne vor ajuta ca \u0219i echip\u0103 s\u0103 cre\u0219tem \u0219i s\u0103 ducem la \u00eendeplinire obiectivele care le punem pentru anul care ne st\u0103 \u00eenainte \u0219i astfel s\u0103 \u00eemplinim ceea ce ne cheam\u0103 Dumnezeu s\u0103\u2026","rel":"","context":"<span class=\"jp-relatedposts-post-author\">Moldova Cre\u0219tin\u0103<\/span>","block_context":{"text":"MCTV","link":"https:\/\/moldovacrestina.md\/mctv\/"},"img":{"alt_text":"","src":"","width":0,"height":0},"classes":[]},{"id":323931,"url":"https:\/\/moldovacrestina.md\/planificarea-anului-spiritual-al-bisericii-obiectivele-partea-3-nicolai-mihailiuc\/","url_meta":{"origin":319688,"position":3},"title":"Planificarea anului spiritual al Bisericii &#8211; Obiectivele &#8211; Partea 3 | Nicolai Mihailiuc","author":"Moldova Cre\u0219tin\u0103","date":"February 17, 2021","format":false,"excerpt":"Planificarea anului spiritual al Bisericii - Obiectivele care trebuie s\u0103 ni le punem pentru a avea succes sau rezultate frumoase \u00een lucrarea \u00een care suntem implica\u021bi. \u00cenv\u0103\u021b\u0103m mai departe cu Nicoali Mihailiuc pa\u0219i simpli pe care s\u0103-i facem atunci c\u00eend planific\u0103m anul spiritual al bisericii. Vezi \u00eentregul playlist de emisiuni:\u2026","rel":"","context":"<span class=\"jp-relatedposts-post-author\">Moldova Cre\u0219tin\u0103<\/span>","block_context":{"text":"MCTV","link":"https:\/\/moldovacrestina.md\/mctv\/"},"img":{"alt_text":"","src":"","width":0,"height":0},"classes":[]},{"id":261665,"url":"https:\/\/moldovacrestina.md\/promovarea-evenimentelor-pe-facebook-nicolai-mihailiuc\/","url_meta":{"origin":319688,"position":4},"title":"Promovarea evenimentelor pe Facebook | Nicolai Mihailiuc","author":"Moldova Cre\u0219tin\u0103","date":"September 30, 2020","format":false,"excerpt":"Promovarea evenimentelor care le avem planificate este un lucru foarte important dac\u0103 dorim s\u0103 avem succes \u00een ceea ce ne-am propus. Promovarea evenimentelor pe re\u021belele de socializare ne deschide o u\u0219\u0103 larg\u0103 la un auditoriu foarte mare. \u00cenva\u021b\u0103 principii de promovarea evenimentelor \u00eempreun\u0103 cu Nicolai Mihailiuc. Devino ucenicul lui Hristos.\u2026","rel":"","context":"<span class=\"jp-relatedposts-post-author\">Moldova Cre\u0219tin\u0103<\/span>","block_context":{"text":"MCTV","link":"https:\/\/moldovacrestina.md\/mctv\/"},"img":{"alt_text":"","src":"https:\/\/i0.wp.com\/cdn.moldovacrestina.md\/2020\/09\/a6d11fca-jvuat7fsxne.jpg?resize=350%2C200&ssl=1","width":350,"height":200,"srcset":"https:\/\/i0.wp.com\/cdn.moldovacrestina.md\/2020\/09\/a6d11fca-jvuat7fsxne.jpg?resize=350%2C200&ssl=1 1x, https:\/\/i0.wp.com\/cdn.moldovacrestina.md\/2020\/09\/a6d11fca-jvuat7fsxne.jpg?resize=525%2C300&ssl=1 1.5x, https:\/\/i0.wp.com\/cdn.moldovacrestina.md\/2020\/09\/a6d11fca-jvuat7fsxne.jpg?resize=700%2C400&ssl=1 2x, https:\/\/i0.wp.com\/cdn.moldovacrestina.md\/2020\/09\/a6d11fca-jvuat7fsxne.jpg?resize=1050%2C600&ssl=1 3x"},"classes":[]},{"id":299289,"url":"https:\/\/moldovacrestina.md\/cum-sa-colindam-ca-sa-ajungem-la-100-000-de-oameni-nicolai-mihailiuc\/","url_meta":{"origin":319688,"position":5},"title":"Cum s\u0103 colind\u0103m ca s\u0103 ajungem la 100.000 de oameni  | | Nicolai Mihailiuc","author":"Moldova Cre\u0219tin\u0103","date":"December 9, 2020","format":false,"excerpt":"Cum s\u0103 colind\u0103m ca s\u0103 ajungem la 100.000 de oameni ? Ar fi un obiectiv minunat dac\u0103 ni l-am pune fiecare credincios. Chiar dac\u0103 suntem \u00eentr-o perioad\u0103 pandemic\u0103 putem s\u0103 folosim aceste s\u0103rb\u0103tori de Cr\u0103ciun pentru a colinda oamenii \u00een a\u0219a fel ca s\u0103 ducem vestea na\u0219terii Domnului Isus Hristos\u2026","rel":"","context":"<span class=\"jp-relatedposts-post-author\">Moldova Cre\u0219tin\u0103<\/span>","block_context":{"text":"MCTV","link":"https:\/\/moldovacrestina.md\/mctv\/"},"img":{"alt_text":"","src":"","width":0,"height":0},"classes":[]}],"jetpack_sharing_enabled":true,"_links":{"self":[{"href":"https:\/\/moldovacrestina.md\/en\/wp-json\/wp\/v2\/posts\/319688","targetHints":{"allow":["GET"]}}],"collection":[{"href":"https:\/\/moldovacrestina.md\/en\/wp-json\/wp\/v2\/posts"}],"about":[{"href":"https:\/\/moldovacrestina.md\/en\/wp-json\/wp\/v2\/types\/post"}],"author":[{"embeddable":true,"href":"https:\/\/moldovacrestina.md\/en\/wp-json\/wp\/v2\/users\/154"}],"replies":[{"embeddable":true,"href":"https:\/\/moldovacrestina.md\/en\/wp-json\/wp\/v2\/comments?post=319688"}],"version-history":[{"count":0,"href":"https:\/\/moldovacrestina.md\/en\/wp-json\/wp\/v2\/posts\/319688\/revisions"}],"wp:featuredmedia":[{"embeddable":true,"href":"https:\/\/moldovacrestina.md\/en\/wp-json\/wp\/v2\/media\/319701"}],"wp:attachment":[{"href":"https:\/\/moldovacrestina.md\/en\/wp-json\/wp\/v2\/media?parent=319688"}],"wp:term":[{"taxonomy":"category","embeddable":true,"href":"https:\/\/moldovacrestina.md\/en\/wp-json\/wp\/v2\/categories?post=319688"},{"taxonomy":"post_tag","embeddable":true,"href":"https:\/\/moldovacrestina.md\/en\/wp-json\/wp\/v2\/tags?post=319688"}],"curies":[{"name":"wp","href":"https:\/\/api.w.org\/{rel}","templated":true}]}}