{"id":305021,"date":"2020-12-16T18:00:03","date_gmt":"2020-12-16T16:00:03","guid":{"rendered":"https:\/\/moldovacrestina.md\/cum-filmezi-monitorul-calculatorului-si-fata-ta-in-coltul-ecranului-nicolai-mihailiuc\/"},"modified":"2024-08-23T08:13:41","modified_gmt":"2024-08-23T05:13:41","slug":"cum-filmezi-monitorul-calculatorului-si-fata-ta-in-coltul-ecranului-nicolai-mihailiuc","status":"publish","type":"post","link":"https:\/\/moldovacrestina.md\/en\/cum-filmezi-monitorul-calculatorului-si-fata-ta-in-coltul-ecranului-nicolai-mihailiuc\/","title":{"rendered":"Cum filmezi monitorul calculatorului \u0219i fa\u021ba ta \u00een col\u021bul ecranului | Nicolai Mihailiuc"},"content":{"rendered":"<p>Cum filmezi monitorul calculatorului \u0219i fa\u021ba ta \u00een col\u021bul ecranului, este \u00eentrebarea care mi-a fost adresat\u0103 \u00een comentariile de la <!--more--> videourile precedente \u0219i voi da detalii \u00een acest video.<\/p>\n<p>Cercul rotund din OBS: <a href=\"https:\/\/bit.ly\/creatego-obs\" target=\"_blank\" rel=\"nofollow noopener\">https:\/\/bit.ly\/creatego-obs<\/a><br \/>\nMicrofon USB: <a href=\"https:\/\/bit.ly\/samson-q2u\" target=\"_blank\" rel=\"nofollow noopener\">https:\/\/bit.ly\/samson-q2u<\/a><br \/>\nWebCam USB: <a href=\"https:\/\/bit.ly\/goLogitechC920\" target=\"_blank\" rel=\"nofollow noopener\">https:\/\/bit.ly\/goLogitechC920<\/a><\/p>\n<p>Vezi \u00eentregul playlist de emisiuni: <a href=\"https:\/\/www.youtube.com\/playlist?list...\" target=\"_blank\" rel=\"nofollow noopener\">https:\/\/www.youtube.com\/playlist?list&#8230;<\/a><\/p>\n<p>Devino ucenicul lui Hristos: <a href=\"https:\/\/moldovacrestina.md\/devino-uce...\" target=\"_blank\" rel=\"nofollow noopener\">https:\/\/moldovacrestina.md\/devino-uce&#8230;<\/a><\/p>\n<p>BISERICA BUNAVESTIREA DIN CHI\u0218IN\u0102U<br \/>\nStr. Cioc\u00e2rliei 2\/8, Chi\u0219in\u0103u, Rep.Moldova<br \/>\nServicii Divine:<br \/>\n                        Duminic\u0103, 14:00 &#8211; 16:00<br \/>\n                        Joi, 18:30 &#8211; 19:30 &#8211; ora de rug\u0103ciune<br \/>\ntel. +373 (68) 060601<br \/>\n<a href=\"https:\/\/www.facebook.com\/bunavestire\" target=\"_blank\" rel=\"nofollow noopener\">https:\/\/www.facebook.com\/bunavestire<\/a> <\/p>\n<p>PENTRU MANUALE \u0218I \u00ceNSCRIERE LA GRUPELE DE STUDIU BIBLIC ONLINE CONTACTA\u021aI LA: info@precept.md sau studiu@moldovacrestina.md<br \/>\n+373(69)966779<\/p>\n","protected":false},"excerpt":{"rendered":"<p>Cum filmezi monitorul calculatorului \u0219i fa\u021ba ta \u00een col\u021bul ecranului, este \u00eentrebarea care mi-a fost adresat\u0103 \u00een comentariile de la<\/p>\n","protected":false},"author":154,"featured_media":305071,"comment_status":"closed","ping_status":"closed","sticky":false,"template":"","format":"standard","meta":{"_acf_changed":false,"inline_featured_image":false,"_monsterinsights_skip_tracking":false,"_monsterinsights_sitenote_active":false,"_monsterinsights_sitenote_note":"","_monsterinsights_sitenote_category":0,"_genesis_hide_title":false,"_genesis_hide_breadcrumbs":false,"_genesis_hide_singular_image":false,"_genesis_hide_footer_widgets":false,"_genesis_custom_body_class":"","_genesis_custom_post_class":"","_genesis_layout":"","ep_exclude_from_search":false,"_jetpack_memberships_contains_paid_content":false,"footnotes":""},"categories":[23555],"tags":[],"class_list":{"0":"post-305021","1":"post","2":"type-post","3":"status-publish","4":"format-standard","5":"has-post-thumbnail","7":"category-mctv","8":"entry"},"acf":[],"yoast_head":"<!-- This site is optimized with the Yoast SEO Premium plugin v26.5 (Yoast SEO v27.4) - https:\/\/yoast.com\/product\/yoast-seo-premium-wordpress\/ -->\n<title>Cum filmezi monitorul calculatorului \u0219i fa\u021ba ta \u00een col\u021bul ecranului | Nicolai Mihailiuc &#8226; Moldova Cre\u0219tin\u0103<\/title>\n<meta name=\"robots\" content=\"index, follow, max-snippet:-1, max-image-preview:large, max-video-preview:-1\" \/>\n<link rel=\"canonical\" href=\"https:\/\/moldovacrestina.md\/en\/cum-filmezi-monitorul-calculatorului-si-fata-ta-in-coltul-ecranului-nicolai-mihailiuc\/\" \/>\n<meta property=\"og:locale\" content=\"en_US\" \/>\n<meta property=\"og:type\" content=\"article\" \/>\n<meta property=\"og:title\" content=\"Cum filmezi monitorul calculatorului \u0219i fa\u021ba ta \u00een col\u021bul ecranului | Nicolai Mihailiuc\" \/>\n<meta property=\"og:description\" content=\"Cum filmezi monitorul calculatorului \u0219i fa\u021ba ta \u00een col\u021bul ecranului, este \u00eentrebarea care mi-a fost adresat\u0103 \u00een comentariile de la\" \/>\n<meta property=\"og:url\" content=\"https:\/\/moldovacrestina.md\/en\/cum-filmezi-monitorul-calculatorului-si-fata-ta-in-coltul-ecranului-nicolai-mihailiuc\/\" \/>\n<meta property=\"og:site_name\" content=\"Moldova Cre\u0219tin\u0103\" \/>\n<meta property=\"article:publisher\" content=\"https:\/\/www.facebook.com\/moldovacrestina\/\" \/>\n<meta property=\"article:published_time\" content=\"2020-12-16T16:00:03+00:00\" \/>\n<meta property=\"article:modified_time\" content=\"2024-08-23T05:13:41+00:00\" \/>\n<meta property=\"og:image\" content=\"https:\/\/cdn.moldovacrestina.md\/2020\/12\/80938685-hm0idxaswei.jpg\" \/>\n\t<meta property=\"og:image:width\" content=\"1\" \/>\n\t<meta property=\"og:image:height\" content=\"1\" \/>\n\t<meta property=\"og:image:type\" content=\"image\/jpeg\" \/>\n<meta name=\"author\" content=\"Moldova Cre\u0219tin\u0103\" \/>\n<meta name=\"twitter:card\" content=\"summary_large_image\" \/>\n<meta name=\"twitter:creator\" content=\"@moldovacrestina\" \/>\n<meta name=\"twitter:site\" content=\"@moldovacrestina\" \/>\n<meta name=\"twitter:label1\" content=\"Written by\" \/>\n\t<meta name=\"twitter:data1\" content=\"Moldova Cre\u0219tin\u0103\" \/>\n\t<meta name=\"twitter:label2\" content=\"Est. reading time\" \/>\n\t<meta name=\"twitter:data2\" content=\"1 minute\" \/>\n<script type=\"application\/ld+json\" class=\"yoast-schema-graph\">{\"@context\":\"https:\\\/\\\/schema.org\",\"@graph\":[{\"@type\":\"Article\",\"@id\":\"https:\\\/\\\/moldovacrestina.md\\\/en\\\/cum-filmezi-monitorul-calculatorului-si-fata-ta-in-coltul-ecranului-nicolai-mihailiuc\\\/#article\",\"isPartOf\":{\"@id\":\"https:\\\/\\\/moldovacrestina.md\\\/en\\\/cum-filmezi-monitorul-calculatorului-si-fata-ta-in-coltul-ecranului-nicolai-mihailiuc\\\/\"},\"author\":{\"name\":\"Moldova Cre\u0219tin\u0103\",\"@id\":\"https:\\\/\\\/moldovacrestina.md\\\/en\\\/#\\\/schema\\\/person\\\/2c1229137b9158f7d3ac74b6ce4db55b\"},\"headline\":\"Cum filmezi monitorul calculatorului \u0219i fa\u021ba ta \u00een col\u021bul ecranului | Nicolai Mihailiuc\",\"datePublished\":\"2020-12-16T16:00:03+00:00\",\"dateModified\":\"2024-08-23T05:13:41+00:00\",\"mainEntityOfPage\":{\"@id\":\"https:\\\/\\\/moldovacrestina.md\\\/en\\\/cum-filmezi-monitorul-calculatorului-si-fata-ta-in-coltul-ecranului-nicolai-mihailiuc\\\/\"},\"wordCount\":136,\"image\":{\"@id\":\"https:\\\/\\\/moldovacrestina.md\\\/en\\\/cum-filmezi-monitorul-calculatorului-si-fata-ta-in-coltul-ecranului-nicolai-mihailiuc\\\/#primaryimage\"},\"thumbnailUrl\":\"https:\\\/\\\/cdn.moldovacrestina.md\\\/2020\\\/12\\\/80938685-hm0idxaswei.jpg\",\"articleSection\":[\"MCTV\"],\"inLanguage\":\"en-US\"},{\"@type\":\"WebPage\",\"@id\":\"https:\\\/\\\/moldovacrestina.md\\\/en\\\/cum-filmezi-monitorul-calculatorului-si-fata-ta-in-coltul-ecranului-nicolai-mihailiuc\\\/\",\"url\":\"https:\\\/\\\/moldovacrestina.md\\\/en\\\/cum-filmezi-monitorul-calculatorului-si-fata-ta-in-coltul-ecranului-nicolai-mihailiuc\\\/\",\"name\":\"Cum filmezi monitorul calculatorului \u0219i fa\u021ba ta \u00een col\u021bul ecranului | Nicolai Mihailiuc &#8226; Moldova Cre\u0219tin\u0103\",\"isPartOf\":{\"@id\":\"https:\\\/\\\/moldovacrestina.md\\\/en\\\/#website\"},\"primaryImageOfPage\":{\"@id\":\"https:\\\/\\\/moldovacrestina.md\\\/en\\\/cum-filmezi-monitorul-calculatorului-si-fata-ta-in-coltul-ecranului-nicolai-mihailiuc\\\/#primaryimage\"},\"image\":{\"@id\":\"https:\\\/\\\/moldovacrestina.md\\\/en\\\/cum-filmezi-monitorul-calculatorului-si-fata-ta-in-coltul-ecranului-nicolai-mihailiuc\\\/#primaryimage\"},\"thumbnailUrl\":\"https:\\\/\\\/cdn.moldovacrestina.md\\\/2020\\\/12\\\/80938685-hm0idxaswei.jpg\",\"datePublished\":\"2020-12-16T16:00:03+00:00\",\"dateModified\":\"2024-08-23T05:13:41+00:00\",\"author\":{\"@id\":\"https:\\\/\\\/moldovacrestina.md\\\/en\\\/#\\\/schema\\\/person\\\/2c1229137b9158f7d3ac74b6ce4db55b\"},\"breadcrumb\":{\"@id\":\"https:\\\/\\\/moldovacrestina.md\\\/en\\\/cum-filmezi-monitorul-calculatorului-si-fata-ta-in-coltul-ecranului-nicolai-mihailiuc\\\/#breadcrumb\"},\"inLanguage\":\"en-US\",\"potentialAction\":[{\"@type\":\"ReadAction\",\"target\":[\"https:\\\/\\\/moldovacrestina.md\\\/en\\\/cum-filmezi-monitorul-calculatorului-si-fata-ta-in-coltul-ecranului-nicolai-mihailiuc\\\/\"]}]},{\"@type\":\"ImageObject\",\"inLanguage\":\"en-US\",\"@id\":\"https:\\\/\\\/moldovacrestina.md\\\/en\\\/cum-filmezi-monitorul-calculatorului-si-fata-ta-in-coltul-ecranului-nicolai-mihailiuc\\\/#primaryimage\",\"url\":\"https:\\\/\\\/cdn.moldovacrestina.md\\\/2020\\\/12\\\/80938685-hm0idxaswei.jpg\",\"contentUrl\":\"https:\\\/\\\/cdn.moldovacrestina.md\\\/2020\\\/12\\\/80938685-hm0idxaswei.jpg\"},{\"@type\":\"BreadcrumbList\",\"@id\":\"https:\\\/\\\/moldovacrestina.md\\\/en\\\/cum-filmezi-monitorul-calculatorului-si-fata-ta-in-coltul-ecranului-nicolai-mihailiuc\\\/#breadcrumb\",\"itemListElement\":[{\"@type\":\"ListItem\",\"position\":1,\"name\":\"Prima pagin\u0103\",\"item\":\"https:\\\/\\\/moldovacrestina.md\\\/en\\\/\"},{\"@type\":\"ListItem\",\"position\":2,\"name\":\"MCTV\",\"item\":\"https:\\\/\\\/moldovacrestina.md\\\/mctv\\\/\"},{\"@type\":\"ListItem\",\"position\":3,\"name\":\"Cum filmezi monitorul calculatorului \u0219i fa\u021ba ta \u00een col\u021bul ecranului | Nicolai Mihailiuc\"}]},{\"@type\":\"WebSite\",\"@id\":\"https:\\\/\\\/moldovacrestina.md\\\/en\\\/#website\",\"url\":\"https:\\\/\\\/moldovacrestina.md\\\/en\\\/\",\"name\":\"Moldova Cre\u0219tin\u0103\",\"description\":\"R\u0103spunsuri relevante \u0219i actuale din Biblie\",\"potentialAction\":[{\"@type\":\"SearchAction\",\"target\":{\"@type\":\"EntryPoint\",\"urlTemplate\":\"https:\\\/\\\/moldovacrestina.md\\\/en\\\/?s={search_term_string}\"},\"query-input\":{\"@type\":\"PropertyValueSpecification\",\"valueRequired\":true,\"valueName\":\"search_term_string\"}}],\"inLanguage\":\"en-US\"},{\"@type\":\"Person\",\"@id\":\"https:\\\/\\\/moldovacrestina.md\\\/en\\\/#\\\/schema\\\/person\\\/2c1229137b9158f7d3ac74b6ce4db55b\",\"name\":\"Moldova Cre\u0219tin\u0103\",\"image\":{\"@type\":\"ImageObject\",\"inLanguage\":\"en-US\",\"@id\":\"https:\\\/\\\/secure.gravatar.com\\\/avatar\\\/7ee4a23b83cf7f880340161f8b5b00737ec379bc519884a0d2c05abcf15bd586?s=96&d=mm&r=g\",\"url\":\"https:\\\/\\\/secure.gravatar.com\\\/avatar\\\/7ee4a23b83cf7f880340161f8b5b00737ec379bc519884a0d2c05abcf15bd586?s=96&d=mm&r=g\",\"contentUrl\":\"https:\\\/\\\/secure.gravatar.com\\\/avatar\\\/7ee4a23b83cf7f880340161f8b5b00737ec379bc519884a0d2c05abcf15bd586?s=96&d=mm&r=g\",\"caption\":\"Moldova Cre\u0219tin\u0103\"},\"url\":\"https:\\\/\\\/moldovacrestina.md\\\/en\\\/author\\\/moldovacrestinatv\\\/\"}]}<\/script>\n<!-- \/ Yoast SEO Premium plugin. -->","yoast_head_json":{"title":"Cum filmezi monitorul calculatorului \u0219i fa\u021ba ta \u00een col\u021bul ecranului | Nicolai Mihailiuc &#8226; Moldova Cre\u0219tin\u0103","robots":{"index":"index","follow":"follow","max-snippet":"max-snippet:-1","max-image-preview":"max-image-preview:large","max-video-preview":"max-video-preview:-1"},"canonical":"https:\/\/moldovacrestina.md\/en\/cum-filmezi-monitorul-calculatorului-si-fata-ta-in-coltul-ecranului-nicolai-mihailiuc\/","og_locale":"en_US","og_type":"article","og_title":"Cum filmezi monitorul calculatorului \u0219i fa\u021ba ta \u00een col\u021bul ecranului | Nicolai Mihailiuc","og_description":"Cum filmezi monitorul calculatorului \u0219i fa\u021ba ta \u00een col\u021bul ecranului, este \u00eentrebarea care mi-a fost adresat\u0103 \u00een comentariile de la","og_url":"https:\/\/moldovacrestina.md\/en\/cum-filmezi-monitorul-calculatorului-si-fata-ta-in-coltul-ecranului-nicolai-mihailiuc\/","og_site_name":"Moldova Cre\u0219tin\u0103","article_publisher":"https:\/\/www.facebook.com\/moldovacrestina\/","article_published_time":"2020-12-16T16:00:03+00:00","article_modified_time":"2024-08-23T05:13:41+00:00","og_image":[{"url":"https:\/\/cdn.moldovacrestina.md\/2020\/12\/80938685-hm0idxaswei.jpg","width":1,"height":1,"type":"image\/jpeg"}],"author":"Moldova Cre\u0219tin\u0103","twitter_card":"summary_large_image","twitter_creator":"@moldovacrestina","twitter_site":"@moldovacrestina","twitter_misc":{"Written by":"Moldova Cre\u0219tin\u0103","Est. reading time":"1 minute"},"schema":{"@context":"https:\/\/schema.org","@graph":[{"@type":"Article","@id":"https:\/\/moldovacrestina.md\/en\/cum-filmezi-monitorul-calculatorului-si-fata-ta-in-coltul-ecranului-nicolai-mihailiuc\/#article","isPartOf":{"@id":"https:\/\/moldovacrestina.md\/en\/cum-filmezi-monitorul-calculatorului-si-fata-ta-in-coltul-ecranului-nicolai-mihailiuc\/"},"author":{"name":"Moldova Cre\u0219tin\u0103","@id":"https:\/\/moldovacrestina.md\/en\/#\/schema\/person\/2c1229137b9158f7d3ac74b6ce4db55b"},"headline":"Cum filmezi monitorul calculatorului \u0219i fa\u021ba ta \u00een col\u021bul ecranului | Nicolai Mihailiuc","datePublished":"2020-12-16T16:00:03+00:00","dateModified":"2024-08-23T05:13:41+00:00","mainEntityOfPage":{"@id":"https:\/\/moldovacrestina.md\/en\/cum-filmezi-monitorul-calculatorului-si-fata-ta-in-coltul-ecranului-nicolai-mihailiuc\/"},"wordCount":136,"image":{"@id":"https:\/\/moldovacrestina.md\/en\/cum-filmezi-monitorul-calculatorului-si-fata-ta-in-coltul-ecranului-nicolai-mihailiuc\/#primaryimage"},"thumbnailUrl":"https:\/\/cdn.moldovacrestina.md\/2020\/12\/80938685-hm0idxaswei.jpg","articleSection":["MCTV"],"inLanguage":"en-US"},{"@type":"WebPage","@id":"https:\/\/moldovacrestina.md\/en\/cum-filmezi-monitorul-calculatorului-si-fata-ta-in-coltul-ecranului-nicolai-mihailiuc\/","url":"https:\/\/moldovacrestina.md\/en\/cum-filmezi-monitorul-calculatorului-si-fata-ta-in-coltul-ecranului-nicolai-mihailiuc\/","name":"Cum filmezi monitorul calculatorului \u0219i fa\u021ba ta \u00een col\u021bul ecranului | Nicolai Mihailiuc &#8226; Moldova Cre\u0219tin\u0103","isPartOf":{"@id":"https:\/\/moldovacrestina.md\/en\/#website"},"primaryImageOfPage":{"@id":"https:\/\/moldovacrestina.md\/en\/cum-filmezi-monitorul-calculatorului-si-fata-ta-in-coltul-ecranului-nicolai-mihailiuc\/#primaryimage"},"image":{"@id":"https:\/\/moldovacrestina.md\/en\/cum-filmezi-monitorul-calculatorului-si-fata-ta-in-coltul-ecranului-nicolai-mihailiuc\/#primaryimage"},"thumbnailUrl":"https:\/\/cdn.moldovacrestina.md\/2020\/12\/80938685-hm0idxaswei.jpg","datePublished":"2020-12-16T16:00:03+00:00","dateModified":"2024-08-23T05:13:41+00:00","author":{"@id":"https:\/\/moldovacrestina.md\/en\/#\/schema\/person\/2c1229137b9158f7d3ac74b6ce4db55b"},"breadcrumb":{"@id":"https:\/\/moldovacrestina.md\/en\/cum-filmezi-monitorul-calculatorului-si-fata-ta-in-coltul-ecranului-nicolai-mihailiuc\/#breadcrumb"},"inLanguage":"en-US","potentialAction":[{"@type":"ReadAction","target":["https:\/\/moldovacrestina.md\/en\/cum-filmezi-monitorul-calculatorului-si-fata-ta-in-coltul-ecranului-nicolai-mihailiuc\/"]}]},{"@type":"ImageObject","inLanguage":"en-US","@id":"https:\/\/moldovacrestina.md\/en\/cum-filmezi-monitorul-calculatorului-si-fata-ta-in-coltul-ecranului-nicolai-mihailiuc\/#primaryimage","url":"https:\/\/cdn.moldovacrestina.md\/2020\/12\/80938685-hm0idxaswei.jpg","contentUrl":"https:\/\/cdn.moldovacrestina.md\/2020\/12\/80938685-hm0idxaswei.jpg"},{"@type":"BreadcrumbList","@id":"https:\/\/moldovacrestina.md\/en\/cum-filmezi-monitorul-calculatorului-si-fata-ta-in-coltul-ecranului-nicolai-mihailiuc\/#breadcrumb","itemListElement":[{"@type":"ListItem","position":1,"name":"Prima pagin\u0103","item":"https:\/\/moldovacrestina.md\/en\/"},{"@type":"ListItem","position":2,"name":"MCTV","item":"https:\/\/moldovacrestina.md\/mctv\/"},{"@type":"ListItem","position":3,"name":"Cum filmezi monitorul calculatorului \u0219i fa\u021ba ta \u00een col\u021bul ecranului | Nicolai Mihailiuc"}]},{"@type":"WebSite","@id":"https:\/\/moldovacrestina.md\/en\/#website","url":"https:\/\/moldovacrestina.md\/en\/","name":"Moldova Cre\u0219tin\u0103","description":"R\u0103spunsuri relevante \u0219i actuale din Biblie","potentialAction":[{"@type":"SearchAction","target":{"@type":"EntryPoint","urlTemplate":"https:\/\/moldovacrestina.md\/en\/?s={search_term_string}"},"query-input":{"@type":"PropertyValueSpecification","valueRequired":true,"valueName":"search_term_string"}}],"inLanguage":"en-US"},{"@type":"Person","@id":"https:\/\/moldovacrestina.md\/en\/#\/schema\/person\/2c1229137b9158f7d3ac74b6ce4db55b","name":"Moldova Cre\u0219tin\u0103","image":{"@type":"ImageObject","inLanguage":"en-US","@id":"https:\/\/secure.gravatar.com\/avatar\/7ee4a23b83cf7f880340161f8b5b00737ec379bc519884a0d2c05abcf15bd586?s=96&d=mm&r=g","url":"https:\/\/secure.gravatar.com\/avatar\/7ee4a23b83cf7f880340161f8b5b00737ec379bc519884a0d2c05abcf15bd586?s=96&d=mm&r=g","contentUrl":"https:\/\/secure.gravatar.com\/avatar\/7ee4a23b83cf7f880340161f8b5b00737ec379bc519884a0d2c05abcf15bd586?s=96&d=mm&r=g","caption":"Moldova Cre\u0219tin\u0103"},"url":"https:\/\/moldovacrestina.md\/en\/author\/moldovacrestinatv\/"}]}},"jetpack_featured_media_url":"https:\/\/cdn.moldovacrestina.md\/2020\/12\/80938685-hm0idxaswei.jpg","video_meta":{"_ayvpp_video":"Hm0iDXAsweI","_ayvpp_video_id":"VVVlVzNIelJUQTdYTnVxNXdfSlJYMG93LkhtMGlEWEFzd2VJ","_ayvpp_published":"2020-12-16T18:00:03Z","_ayvpp_author":"Moldova Cre\u0219tin\u0103 TV","_ayvpp_channel":"UCeW3HzRTA7XNuq5w_JRX0ow","_ayvpp_thumbs":{"default":"https:\/\/i.ytimg.com\/vi\/Hm0iDXAsweI\/default.jpg","medium":"https:\/\/i.ytimg.com\/vi\/Hm0iDXAsweI\/mqdefault.jpg","high":"https:\/\/i.ytimg.com\/vi\/Hm0iDXAsweI\/hqdefault.jpg","standard":"https:\/\/i.ytimg.com\/vi\/Hm0iDXAsweI\/sddefault.jpg","maxres":"https:\/\/i.ytimg.com\/vi\/Hm0iDXAsweI\/maxresdefault.jpg"},"_ayvpp_auto_play":"0","_ayvpp_related_show":"","_ayvpp_playlist_name":"Nicolai Mihailiuc"},"featured_image":"https:\/\/cdn.moldovacrestina.md\/2020\/12\/80938685-hm0idxaswei.jpg","wpml":{"language_code":"en","locale":"en_US","text_direction":false,"display_name":"English","native_name":"Englez\u0103","different_language":false},"jetpack-related-posts":[{"id":294470,"url":"https:\/\/moldovacrestina.md\/microfoanele-pentru-youtube-optiunile-ieftine-cu-fir-nicolai-mihailiuc\/","url_meta":{"origin":305021,"position":0},"title":"Microfoanele pentru YouTube &#8211; Op\u021biunile ieftine cu fir | Nicolai Mihailiuc","author":"Moldova Cre\u0219tin\u0103","date":"December 1, 2020","format":false,"excerpt":"Microfoanele pentru YouTube - Ob\u021biunile ieftine cu fir. \u00cen acest video primi\u021bi sfaturi pentru ce microafoane pute\u021bi folosi atunci c\u00eend face\u021bi o \u00eenregistrare pentru YouTube \u0219i anume care sunt cele mai bune ob\u021biuni la cele mai ieftine microfoane cu fir. Lavalier Microphones: https:\/\/amzn.to\/3mZjHa5 (5 metri) https:\/\/amzn.to\/3630e1e (iOS mic) https:\/\/amzn.to\/38exJ3y (Android\u2026","rel":"","context":"<span class=\"jp-relatedposts-post-author\">Moldova Cre\u0219tin\u0103<\/span>","block_context":{"text":"MCTV","link":"https:\/\/moldovacrestina.md\/mctv\/"},"img":{"alt_text":"","src":"","width":0,"height":0},"classes":[]},{"id":260919,"url":"https:\/\/moldovacrestina.md\/care-este-atitudinea-crestina-corecta-fata-de-muzica-si-filmele-seculare\/","url_meta":{"origin":305021,"position":1},"title":"Care este atitudinea cre\u0219tin\u0103 corect\u0103 fa\u021b\u0103 de muzica \u0219i filmele seculare?","author":"Moldova Cre\u0219tin\u0103","date":"September 3, 2020","format":false,"excerpt":"Fiecare cre\u0219tin trebuie s\u0103 aib\u0103 o atitudine corect\u0103 biblic\u0103 fa\u021b\u0103 de #muzica \u0219i #filmele seculare. \u00cen acet video vei afla principii din #Biblie care stau la baza unei atitudini corecte. Pentru zilele de 4-6 septembrie, 2020 v\u0103 invit la un seminar de studiu biblic unde vom studia Epistola lui Pavel\u2026","rel":"","context":"<span class=\"jp-relatedposts-post-author\">Moldova Cre\u0219tin\u0103<\/span>","block_context":{"text":"MCTV","link":"https:\/\/moldovacrestina.md\/mctv\/"},"img":{"alt_text":"","src":"","width":0,"height":0},"classes":[]},{"id":261771,"url":"https:\/\/moldovacrestina.md\/plini-de-toata-plinatatea-lui-dumnezeu-vasile-filat\/","url_meta":{"origin":305021,"position":2},"title":"Plini de toat\u0103 plin\u0103tatea lui Dumnezeu | Vasile Filat","author":"Moldova Cre\u0219tin\u0103","date":"October 5, 2020","format":false,"excerpt":"Plini de toat\u0103 plin\u0103tatea lui Dumnezeu putem fi doar c\u00e2nd r\u0103d\u0103cinile noastre sunt ad\u00e2nc \u00eenr\u0103d\u0103cinate \u00een El. Po\u021bi fi plin de toat\u0103 plin\u0103tatea lui Dumnezeu c\u00eend avem timp calitativ petrecut \u00een p\u0103rt\u0103\u0219ie cu El. Lec\u021biile de studiu biblic din cartea Efeseni: https:\/\/www.youtube.com\/playlist?list... Studiu Biblic Online, Epistola c\u0103tre Efeseni, miercuri, 18:00,\u2026","rel":"","context":"<span class=\"jp-relatedposts-post-author\">Moldova Cre\u0219tin\u0103<\/span>","block_context":{"text":"MCTV","link":"https:\/\/moldovacrestina.md\/mctv\/"},"img":{"alt_text":"","src":"https:\/\/i0.wp.com\/cdn.moldovacrestina.md\/2020\/10\/77fab7e7-ta4rgngdwx8-1.jpg?resize=350%2C200&ssl=1","width":350,"height":200,"srcset":"https:\/\/i0.wp.com\/cdn.moldovacrestina.md\/2020\/10\/77fab7e7-ta4rgngdwx8-1.jpg?resize=350%2C200&ssl=1 1x, https:\/\/i0.wp.com\/cdn.moldovacrestina.md\/2020\/10\/77fab7e7-ta4rgngdwx8-1.jpg?resize=525%2C300&ssl=1 1.5x, https:\/\/i0.wp.com\/cdn.moldovacrestina.md\/2020\/10\/77fab7e7-ta4rgngdwx8-1.jpg?resize=700%2C400&ssl=1 2x, https:\/\/i0.wp.com\/cdn.moldovacrestina.md\/2020\/10\/77fab7e7-ta4rgngdwx8-1.jpg?resize=1050%2C600&ssl=1 3x"},"classes":[]},{"id":326006,"url":"https:\/\/moldovacrestina.md\/tipuri-de-microfoane-pentru-computer-zoom-lectii-online-nicolai-mihailiuc\/","url_meta":{"origin":305021,"position":3},"title":"Tipuri de microfoane pentru computer, ZOOM, lec\u021bii online | Nicolai Mihailiuc","author":"Moldova Cre\u0219tin\u0103","date":"April 9, 2021","format":false,"excerpt":"Diferite tipuri de microfoane pentru computer, cum le folosim? Care microfoane sunt cele mai bune s\u0103 le folosim mai ales atunci c\u00eend merge vorba s\u0103 facem lec\u021bii prin Zoom, aplica\u021bia tot mai des \u00eent\u00eelnit\u0103 \u00een perioada de pandemie \u00een care ne afl\u0103m. Microfoane USB: Samson Q2U USB https:\/\/amzn.to\/3muaFmE (Recomand) https:\/\/amzn.to\/2RxXsNX\u2026","rel":"","context":"<span class=\"jp-relatedposts-post-author\">Moldova Cre\u0219tin\u0103<\/span>","block_context":{"text":"MCTV","link":"https:\/\/moldovacrestina.md\/mctv\/"},"img":{"alt_text":"","src":"","width":0,"height":0},"classes":[]},{"id":262657,"url":"https:\/\/moldovacrestina.md\/alternativa-zoom-facebook-rooms-nicolai-mihailiuc\/","url_meta":{"origin":305021,"position":4},"title":"Alternativa Zoom &#8211; Facebook Rooms | Nicolai Mihailiuc","author":"Moldova Cre\u0219tin\u0103","date":"October 28, 2020","format":false,"excerpt":"Alternativa Zoom - Facebook Rooms. \u00cen c\u0103utarea alternativei gratuite a lui Zoom, am observat c\u0103 Facebook a lansat o func\u021bionalitate nou\u0103 numit\u0103 Facebook Rooms, are cam acela\u0219i func\u021bionalit\u0103\u021bi de baz\u0103 ca la Zoom, \u0219i poate fi folosit pentru studiu biblic sau comunicare cu echipa, are chiar \u0219i fun\u021bia de a\u2026","rel":"","context":"<span class=\"jp-relatedposts-post-author\">Moldova Cre\u0219tin\u0103<\/span>","block_context":{"text":"MCTV","link":"https:\/\/moldovacrestina.md\/mctv\/"},"img":{"alt_text":"","src":"","width":0,"height":0},"classes":[]},{"id":259462,"url":"https:\/\/moldovacrestina.md\/profesorii-si-slujitorii-bisericii-asigura-viitorul-luminos-al-tarii-pastor-vasile-filat\/","url_meta":{"origin":305021,"position":5},"title":"Profesorii \u0219i slujitorii bisericii asigur\u0103 viitorul luminos al \u021b\u0103rii | Pastor Vasile Filat","author":"Moldova Cre\u0219tin\u0103","date":"June 13, 2020","format":false,"excerpt":"Adresez acest mesaj profesorilor \u0219i slujitorilor bisercii pentru a-i \u00eendemna s\u0103 caute binele oamenilor pe care \u00eei sluje\u0219te \u0219i s\u0103-\u0219i fac\u0103 bine slujba. Fiindc\u0103 de ei \u021bine \u0219i de calitatea muncii lor \u021bine viitorul \u021b\u0103rii noastre. Webinar: Lupta\u021bi pentru credin\u021b\u0103 - https:\/\/www.youtube.com\/playlist?list=PLxnlTFjiXbTCkjr3pptCnwDYFSBJEDY8w M\u0103rturia lui Adrian La\u0219cu: https:\/\/www.youtube.com\/watch?v=EDBdQntJRwc Sesiune de preg\u0103tire\u2026","rel":"","context":"<span class=\"jp-relatedposts-post-author\">Moldova Cre\u0219tin\u0103<\/span>","block_context":{"text":"MCTV","link":"https:\/\/moldovacrestina.md\/mctv\/"},"img":{"alt_text":"","src":"https:\/\/i0.wp.com\/cdn.moldovacrestina.md\/2020\/06\/3df88452-wlc1552zm6y-1.jpg?resize=350%2C200&ssl=1","width":350,"height":200,"srcset":"https:\/\/i0.wp.com\/cdn.moldovacrestina.md\/2020\/06\/3df88452-wlc1552zm6y-1.jpg?resize=350%2C200&ssl=1 1x, https:\/\/i0.wp.com\/cdn.moldovacrestina.md\/2020\/06\/3df88452-wlc1552zm6y-1.jpg?resize=525%2C300&ssl=1 1.5x, https:\/\/i0.wp.com\/cdn.moldovacrestina.md\/2020\/06\/3df88452-wlc1552zm6y-1.jpg?resize=700%2C400&ssl=1 2x, https:\/\/i0.wp.com\/cdn.moldovacrestina.md\/2020\/06\/3df88452-wlc1552zm6y-1.jpg?resize=1050%2C600&ssl=1 3x"},"classes":[]}],"jetpack_sharing_enabled":true,"_links":{"self":[{"href":"https:\/\/moldovacrestina.md\/en\/wp-json\/wp\/v2\/posts\/305021","targetHints":{"allow":["GET"]}}],"collection":[{"href":"https:\/\/moldovacrestina.md\/en\/wp-json\/wp\/v2\/posts"}],"about":[{"href":"https:\/\/moldovacrestina.md\/en\/wp-json\/wp\/v2\/types\/post"}],"author":[{"embeddable":true,"href":"https:\/\/moldovacrestina.md\/en\/wp-json\/wp\/v2\/users\/154"}],"replies":[{"embeddable":true,"href":"https:\/\/moldovacrestina.md\/en\/wp-json\/wp\/v2\/comments?post=305021"}],"version-history":[{"count":0,"href":"https:\/\/moldovacrestina.md\/en\/wp-json\/wp\/v2\/posts\/305021\/revisions"}],"wp:featuredmedia":[{"embeddable":true,"href":"https:\/\/moldovacrestina.md\/en\/wp-json\/wp\/v2\/media\/305071"}],"wp:attachment":[{"href":"https:\/\/moldovacrestina.md\/en\/wp-json\/wp\/v2\/media?parent=305021"}],"wp:term":[{"taxonomy":"category","embeddable":true,"href":"https:\/\/moldovacrestina.md\/en\/wp-json\/wp\/v2\/categories?post=305021"},{"taxonomy":"post_tag","embeddable":true,"href":"https:\/\/moldovacrestina.md\/en\/wp-json\/wp\/v2\/tags?post=305021"}],"curies":[{"name":"wp","href":"https:\/\/api.w.org\/{rel}","templated":true}]}}