{"id":300227,"date":"2020-12-10T17:58:19","date_gmt":"2020-12-10T15:58:19","guid":{"rendered":"https:\/\/moldovacrestina.md\/?p=300227"},"modified":"2020-12-10T17:58:19","modified_gmt":"2020-12-10T15:58:19","slug":"can-i-sue-an-educator-who-does-not-supervise-children-well","status":"publish","type":"post","link":"https:\/\/moldovacrestina.md\/en\/can-i-sue-an-educator-who-does-not-supervise-children-well\/","title":{"rendered":"Can I sue an educator who does not supervise children well?"},"content":{"rendered":"<p><strong>Question:<\/strong><\/p>\n<blockquote><p><span style=\"font-weight: 400\">My child was beaten by another child from kindergarten. He came home with a busted mouth; he can&#8217;t even eat now. Can I sue the educator? Where can I go to solve the problem?<\/span><\/p><\/blockquote>\n<p><span style=\"font-weight: 400\">I&#8217;m so sorry for your child. As a mother, I understand your outrage and pray for his speedy healing. But I don&#8217;t know if suing the teacher will solve the problem. Young children sometimes quarrel with each other and get in fights. It is true that the educator&#8217;s responsibility is to supervise the children carefully, but sometimes, no matter how well you supervise, accidents happen. Sometimes, right in front of our eyes, even though we watch them, children fall, hit each other, touch what they should not touch.<\/span><\/p>\n<p><span style=\"font-weight: 400\">Maternal feelings are very deep, but we, as mothers, cannot allow ourselves to be driven by emotions, we cannot react out of emotions, but we must act on the basis of Scripture. In His Sermon on the Mount, Jesus said:\u00a0<\/span><\/p>\n<blockquote><p><span style=\"font-weight: 400\">Your light must shine before people in such a way that they may see your good works, and glorify your Father who is in heaven.<\/span><span style=\"font-weight: 400\"> (Matthew 5:16 NASB)<\/span><\/p><\/blockquote>\n<p><span style=\"font-weight: 400\">A Christian should seek to be in peace with all people:\u00a0<\/span><\/p>\n<blockquote><p><span style=\"font-weight: 400\">Never repay evil for evil to anyone. Respect what is right in the sight of all people. If possible, so far as it depends on you, be at peace with all people. Never take your own revenge, beloved, but leave room for the wrath <\/span><i><span style=\"font-weight: 400\">of God<\/span><\/i> <span style=\"font-weight: 400\">\u00a0(Romans 12:17-19a NASB)<\/span><\/p><\/blockquote>\n<p><span style=\"font-weight: 400\"><a href=\"https:\/\/moldovacrestina.md\/en\/christian-forgiveness-criminals\/\">A Christian must be responsible for his actions<\/a> and think about their consequences for the gospel.<\/span><\/p>\n<p><span style=\"font-weight: 400\">Before going to court, think about the impact your actions will have on the child. What do you want to convey to him? How will you be able to build relationships with the educator after that? How will you tell her the gospel?<\/span><\/p>\n<p><span style=\"font-weight: 400\">Maybe it would be better to talk to the teacher, to see what happened. If necessary, talk to the child&#8217;s parents, maybe even the kindergarten principal. It is important to look for a solution with love, not revenge!\u00a0\u00a0<\/span><\/p>\n<p><span style=\"font-weight: 400\">Before any action, do a Bible study, I especially recommend the course \u201cLoving God and Others: The Heart of True Faith.\u201d<\/span><\/p>\n<p><span style=\"font-weight: 400\">God bless you with much wisdom!<\/span><\/p>\n<p>Translated by Liza B\u00eerl\u0103deanu<\/p>\n","protected":false},"excerpt":{"rendered":"<p>Question: My child was beaten by another child from kindergarten. He came home with a busted mouth; he can&#8217;t even eat now. Can I sue the educator? Where can I go to solve the problem? I&#8217;m so sorry for your child. As a mother, I understand your outrage and pray for his speedy healing. But [&hellip;]<\/p>\n","protected":false},"author":111,"featured_media":300231,"comment_status":"closed","ping_status":"closed","sticky":false,"template":"","format":"standard","meta":{"_acf_changed":false,"inline_featured_image":false,"_monsterinsights_skip_tracking":false,"_monsterinsights_sitenote_active":false,"_monsterinsights_sitenote_note":"","_monsterinsights_sitenote_category":0,"_genesis_hide_title":false,"_genesis_hide_breadcrumbs":false,"_genesis_hide_singular_image":false,"_genesis_hide_footer_widgets":false,"_genesis_custom_body_class":"","_genesis_custom_post_class":"","_genesis_layout":"","ep_exclude_from_search":false,"_jetpack_memberships_contains_paid_content":false,"footnotes":""},"categories":[128,129,130],"tags":[29959,32804,32860,55721,55863],"class_list":{"0":"post-300227","1":"post","2":"type-post","3":"status-publish","4":"format-standard","5":"has-post-thumbnail","7":"category-family","8":"category-society","9":"category-education","10":"tag-negligence","11":"tag-children-en","12":"tag-parents-en","13":"tag-judgment-en","14":"tag-educators","15":"entry"},"acf":[],"yoast_head":"<!-- This site is optimized with the Yoast SEO Premium plugin v26.5 (Yoast SEO v27.4) - https:\/\/yoast.com\/product\/yoast-seo-premium-wordpress\/ -->\n<title>Can I sue an educator who does not supervise children well?<\/title>\n<meta name=\"description\" content=\"Was your child beaten in kindergarten because of the teacher&#039;s inattention? Can you sue the educators for negligence?\" \/>\n<meta name=\"robots\" content=\"index, follow, max-snippet:-1, max-image-preview:large, max-video-preview:-1\" \/>\n<link rel=\"canonical\" href=\"https:\/\/moldovacrestina.md\/en\/can-i-sue-an-educator-who-does-not-supervise-children-well\/\" \/>\n<meta property=\"og:locale\" content=\"en_US\" \/>\n<meta property=\"og:type\" content=\"article\" \/>\n<meta property=\"og:title\" content=\"Can I sue an educator who does not supervise children well?\" \/>\n<meta property=\"og:description\" content=\"Was your child beaten in kindergarten because of the teacher&#039;s inattention? Can you sue the educators for negligence?\" \/>\n<meta property=\"og:url\" content=\"https:\/\/moldovacrestina.md\/en\/can-i-sue-an-educator-who-does-not-supervise-children-well\/\" \/>\n<meta property=\"og:site_name\" content=\"Moldova Cre\u0219tin\u0103\" \/>\n<meta property=\"article:publisher\" content=\"https:\/\/www.facebook.com\/moldovacrestina\/\" \/>\n<meta property=\"article:published_time\" content=\"2020-12-10T15:58:19+00:00\" \/>\n<meta property=\"og:image\" content=\"https:\/\/cdn.moldovacrestina.md\/2020\/12\/8ffd7ae0-2f3wmsh57fghtjy3v567vuqdmq.jpg\" \/>\n\t<meta property=\"og:image:width\" content=\"1\" \/>\n\t<meta property=\"og:image:height\" content=\"1\" \/>\n\t<meta property=\"og:image:type\" content=\"image\/jpeg\" \/>\n<meta name=\"author\" content=\"Oxana Tentiuc\" \/>\n<meta name=\"twitter:card\" content=\"summary_large_image\" \/>\n<meta name=\"twitter:creator\" content=\"@moldovacrestina\" \/>\n<meta name=\"twitter:site\" content=\"@moldovacrestina\" \/>\n<meta name=\"twitter:label1\" content=\"Written by\" \/>\n\t<meta name=\"twitter:data1\" content=\"Oxana Tentiuc\" \/>\n\t<meta name=\"twitter:label2\" content=\"Est. reading time\" \/>\n\t<meta name=\"twitter:data2\" content=\"2 minutes\" \/>\n<script type=\"application\/ld+json\" class=\"yoast-schema-graph\">{\"@context\":\"https:\\\/\\\/schema.org\",\"@graph\":[{\"@type\":\"Article\",\"@id\":\"https:\\\/\\\/moldovacrestina.md\\\/en\\\/can-i-sue-an-educator-who-does-not-supervise-children-well\\\/#article\",\"isPartOf\":{\"@id\":\"https:\\\/\\\/moldovacrestina.md\\\/en\\\/can-i-sue-an-educator-who-does-not-supervise-children-well\\\/\"},\"author\":{\"name\":\"Oxana Tentiuc\",\"@id\":\"https:\\\/\\\/moldovacrestina.md\\\/en\\\/#\\\/schema\\\/person\\\/5c800586f6dbec668fe58f54f9fa18f7\"},\"headline\":\"Can I sue an educator who does not supervise children well?\",\"datePublished\":\"2020-12-10T15:58:19+00:00\",\"mainEntityOfPage\":{\"@id\":\"https:\\\/\\\/moldovacrestina.md\\\/en\\\/can-i-sue-an-educator-who-does-not-supervise-children-well\\\/\"},\"wordCount\":397,\"image\":{\"@id\":\"https:\\\/\\\/moldovacrestina.md\\\/en\\\/can-i-sue-an-educator-who-does-not-supervise-children-well\\\/#primaryimage\"},\"thumbnailUrl\":\"https:\\\/\\\/cdn.moldovacrestina.md\\\/2020\\\/12\\\/8ffd7ae0-2f3wmsh57fghtjy3v567vuqdmq.jpg\",\"keywords\":[\"negligence\",\"Children\",\"Parents\",\"judgment\",\"educators\"],\"articleSection\":[\"Family\",\"Society\",\"Education\"],\"inLanguage\":\"en-US\"},{\"@type\":\"WebPage\",\"@id\":\"https:\\\/\\\/moldovacrestina.md\\\/en\\\/can-i-sue-an-educator-who-does-not-supervise-children-well\\\/\",\"url\":\"https:\\\/\\\/moldovacrestina.md\\\/en\\\/can-i-sue-an-educator-who-does-not-supervise-children-well\\\/\",\"name\":\"Can I sue an educator who does not supervise children well?\",\"isPartOf\":{\"@id\":\"https:\\\/\\\/moldovacrestina.md\\\/en\\\/#website\"},\"primaryImageOfPage\":{\"@id\":\"https:\\\/\\\/moldovacrestina.md\\\/en\\\/can-i-sue-an-educator-who-does-not-supervise-children-well\\\/#primaryimage\"},\"image\":{\"@id\":\"https:\\\/\\\/moldovacrestina.md\\\/en\\\/can-i-sue-an-educator-who-does-not-supervise-children-well\\\/#primaryimage\"},\"thumbnailUrl\":\"https:\\\/\\\/cdn.moldovacrestina.md\\\/2020\\\/12\\\/8ffd7ae0-2f3wmsh57fghtjy3v567vuqdmq.jpg\",\"datePublished\":\"2020-12-10T15:58:19+00:00\",\"author\":{\"@id\":\"https:\\\/\\\/moldovacrestina.md\\\/en\\\/#\\\/schema\\\/person\\\/5c800586f6dbec668fe58f54f9fa18f7\"},\"description\":\"Was your child beaten in kindergarten because of the teacher's inattention? Can you sue the educators for negligence?\",\"breadcrumb\":{\"@id\":\"https:\\\/\\\/moldovacrestina.md\\\/en\\\/can-i-sue-an-educator-who-does-not-supervise-children-well\\\/#breadcrumb\"},\"inLanguage\":\"en-US\",\"potentialAction\":[{\"@type\":\"ReadAction\",\"target\":[\"https:\\\/\\\/moldovacrestina.md\\\/en\\\/can-i-sue-an-educator-who-does-not-supervise-children-well\\\/\"]}]},{\"@type\":\"ImageObject\",\"inLanguage\":\"en-US\",\"@id\":\"https:\\\/\\\/moldovacrestina.md\\\/en\\\/can-i-sue-an-educator-who-does-not-supervise-children-well\\\/#primaryimage\",\"url\":\"https:\\\/\\\/cdn.moldovacrestina.md\\\/2020\\\/12\\\/8ffd7ae0-2f3wmsh57fghtjy3v567vuqdmq.jpg\",\"contentUrl\":\"https:\\\/\\\/cdn.moldovacrestina.md\\\/2020\\\/12\\\/8ffd7ae0-2f3wmsh57fghtjy3v567vuqdmq.jpg\"},{\"@type\":\"BreadcrumbList\",\"@id\":\"https:\\\/\\\/moldovacrestina.md\\\/en\\\/can-i-sue-an-educator-who-does-not-supervise-children-well\\\/#breadcrumb\",\"itemListElement\":[{\"@type\":\"ListItem\",\"position\":1,\"name\":\"Prima pagin\u0103\",\"item\":\"https:\\\/\\\/moldovacrestina.md\\\/en\\\/\"},{\"@type\":\"ListItem\",\"position\":2,\"name\":\"Answers from the Bible\",\"item\":\"https:\\\/\\\/moldovacrestina.md\\\/en\\\/answer-from-the-bible\\\/\"},{\"@type\":\"ListItem\",\"position\":3,\"name\":\"Family\",\"item\":\"https:\\\/\\\/moldovacrestina.md\\\/en\\\/answer-from-the-bible\\\/family\\\/\"},{\"@type\":\"ListItem\",\"position\":4,\"name\":\"Can I sue an educator who does not supervise children well?\"}]},{\"@type\":\"WebSite\",\"@id\":\"https:\\\/\\\/moldovacrestina.md\\\/en\\\/#website\",\"url\":\"https:\\\/\\\/moldovacrestina.md\\\/en\\\/\",\"name\":\"Moldova Cre\u0219tin\u0103\",\"description\":\"R\u0103spunsuri relevante \u0219i actuale din Biblie\",\"potentialAction\":[{\"@type\":\"SearchAction\",\"target\":{\"@type\":\"EntryPoint\",\"urlTemplate\":\"https:\\\/\\\/moldovacrestina.md\\\/en\\\/?s={search_term_string}\"},\"query-input\":{\"@type\":\"PropertyValueSpecification\",\"valueRequired\":true,\"valueName\":\"search_term_string\"}}],\"inLanguage\":\"en-US\"},{\"@type\":\"Person\",\"@id\":\"https:\\\/\\\/moldovacrestina.md\\\/en\\\/#\\\/schema\\\/person\\\/5c800586f6dbec668fe58f54f9fa18f7\",\"name\":\"Oxana Tentiuc\",\"image\":{\"@type\":\"ImageObject\",\"inLanguage\":\"en-US\",\"@id\":\"https:\\\/\\\/secure.gravatar.com\\\/avatar\\\/c5ceb166911f9c18b800be902363c6e7edbfd5adf47b8bf5eaff385785df42c5?s=96&d=mm&r=g\",\"url\":\"https:\\\/\\\/secure.gravatar.com\\\/avatar\\\/c5ceb166911f9c18b800be902363c6e7edbfd5adf47b8bf5eaff385785df42c5?s=96&d=mm&r=g\",\"contentUrl\":\"https:\\\/\\\/secure.gravatar.com\\\/avatar\\\/c5ceb166911f9c18b800be902363c6e7edbfd5adf47b8bf5eaff385785df42c5?s=96&d=mm&r=g\",\"caption\":\"Oxana Tentiuc\"},\"description\":\"Sunt c\u0103s\u0103torit\u0103 \u0219i mam\u0103 a 2 copii. Slujesc lui Dumnezeu ca \u0219i profesoar\u0103 &icirc;n cadrul Institutului de studii Biblice Inductiv. &Icirc;mpreun\u0103 cu so\u021bul \u0219i copii suntem membri ai Bisericii Buna Vestirea din Chisinau.\",\"url\":\"https:\\\/\\\/moldovacrestina.md\\\/en\\\/author\\\/oxana.tentiuc\"}]}<\/script>\n<!-- \/ Yoast SEO Premium plugin. -->","yoast_head_json":{"title":"Can I sue an educator who does not supervise children well?","description":"Was your child beaten in kindergarten because of the teacher's inattention? Can you sue the educators for negligence?","robots":{"index":"index","follow":"follow","max-snippet":"max-snippet:-1","max-image-preview":"max-image-preview:large","max-video-preview":"max-video-preview:-1"},"canonical":"https:\/\/moldovacrestina.md\/en\/can-i-sue-an-educator-who-does-not-supervise-children-well\/","og_locale":"en_US","og_type":"article","og_title":"Can I sue an educator who does not supervise children well?","og_description":"Was your child beaten in kindergarten because of the teacher's inattention? Can you sue the educators for negligence?","og_url":"https:\/\/moldovacrestina.md\/en\/can-i-sue-an-educator-who-does-not-supervise-children-well\/","og_site_name":"Moldova Cre\u0219tin\u0103","article_publisher":"https:\/\/www.facebook.com\/moldovacrestina\/","article_published_time":"2020-12-10T15:58:19+00:00","og_image":[{"url":"https:\/\/cdn.moldovacrestina.md\/2020\/12\/8ffd7ae0-2f3wmsh57fghtjy3v567vuqdmq.jpg","width":1,"height":1,"type":"image\/jpeg"}],"author":"Oxana Tentiuc","twitter_card":"summary_large_image","twitter_creator":"@moldovacrestina","twitter_site":"@moldovacrestina","twitter_misc":{"Written by":"Oxana Tentiuc","Est. reading time":"2 minutes"},"schema":{"@context":"https:\/\/schema.org","@graph":[{"@type":"Article","@id":"https:\/\/moldovacrestina.md\/en\/can-i-sue-an-educator-who-does-not-supervise-children-well\/#article","isPartOf":{"@id":"https:\/\/moldovacrestina.md\/en\/can-i-sue-an-educator-who-does-not-supervise-children-well\/"},"author":{"name":"Oxana Tentiuc","@id":"https:\/\/moldovacrestina.md\/en\/#\/schema\/person\/5c800586f6dbec668fe58f54f9fa18f7"},"headline":"Can I sue an educator who does not supervise children well?","datePublished":"2020-12-10T15:58:19+00:00","mainEntityOfPage":{"@id":"https:\/\/moldovacrestina.md\/en\/can-i-sue-an-educator-who-does-not-supervise-children-well\/"},"wordCount":397,"image":{"@id":"https:\/\/moldovacrestina.md\/en\/can-i-sue-an-educator-who-does-not-supervise-children-well\/#primaryimage"},"thumbnailUrl":"https:\/\/cdn.moldovacrestina.md\/2020\/12\/8ffd7ae0-2f3wmsh57fghtjy3v567vuqdmq.jpg","keywords":["negligence","Children","Parents","judgment","educators"],"articleSection":["Family","Society","Education"],"inLanguage":"en-US"},{"@type":"WebPage","@id":"https:\/\/moldovacrestina.md\/en\/can-i-sue-an-educator-who-does-not-supervise-children-well\/","url":"https:\/\/moldovacrestina.md\/en\/can-i-sue-an-educator-who-does-not-supervise-children-well\/","name":"Can I sue an educator who does not supervise children well?","isPartOf":{"@id":"https:\/\/moldovacrestina.md\/en\/#website"},"primaryImageOfPage":{"@id":"https:\/\/moldovacrestina.md\/en\/can-i-sue-an-educator-who-does-not-supervise-children-well\/#primaryimage"},"image":{"@id":"https:\/\/moldovacrestina.md\/en\/can-i-sue-an-educator-who-does-not-supervise-children-well\/#primaryimage"},"thumbnailUrl":"https:\/\/cdn.moldovacrestina.md\/2020\/12\/8ffd7ae0-2f3wmsh57fghtjy3v567vuqdmq.jpg","datePublished":"2020-12-10T15:58:19+00:00","author":{"@id":"https:\/\/moldovacrestina.md\/en\/#\/schema\/person\/5c800586f6dbec668fe58f54f9fa18f7"},"description":"Was your child beaten in kindergarten because of the teacher's inattention? Can you sue the educators for negligence?","breadcrumb":{"@id":"https:\/\/moldovacrestina.md\/en\/can-i-sue-an-educator-who-does-not-supervise-children-well\/#breadcrumb"},"inLanguage":"en-US","potentialAction":[{"@type":"ReadAction","target":["https:\/\/moldovacrestina.md\/en\/can-i-sue-an-educator-who-does-not-supervise-children-well\/"]}]},{"@type":"ImageObject","inLanguage":"en-US","@id":"https:\/\/moldovacrestina.md\/en\/can-i-sue-an-educator-who-does-not-supervise-children-well\/#primaryimage","url":"https:\/\/cdn.moldovacrestina.md\/2020\/12\/8ffd7ae0-2f3wmsh57fghtjy3v567vuqdmq.jpg","contentUrl":"https:\/\/cdn.moldovacrestina.md\/2020\/12\/8ffd7ae0-2f3wmsh57fghtjy3v567vuqdmq.jpg"},{"@type":"BreadcrumbList","@id":"https:\/\/moldovacrestina.md\/en\/can-i-sue-an-educator-who-does-not-supervise-children-well\/#breadcrumb","itemListElement":[{"@type":"ListItem","position":1,"name":"Prima pagin\u0103","item":"https:\/\/moldovacrestina.md\/en\/"},{"@type":"ListItem","position":2,"name":"Answers from the Bible","item":"https:\/\/moldovacrestina.md\/en\/answer-from-the-bible\/"},{"@type":"ListItem","position":3,"name":"Family","item":"https:\/\/moldovacrestina.md\/en\/answer-from-the-bible\/family\/"},{"@type":"ListItem","position":4,"name":"Can I sue an educator who does not supervise children well?"}]},{"@type":"WebSite","@id":"https:\/\/moldovacrestina.md\/en\/#website","url":"https:\/\/moldovacrestina.md\/en\/","name":"Moldova Cre\u0219tin\u0103","description":"R\u0103spunsuri relevante \u0219i actuale din Biblie","potentialAction":[{"@type":"SearchAction","target":{"@type":"EntryPoint","urlTemplate":"https:\/\/moldovacrestina.md\/en\/?s={search_term_string}"},"query-input":{"@type":"PropertyValueSpecification","valueRequired":true,"valueName":"search_term_string"}}],"inLanguage":"en-US"},{"@type":"Person","@id":"https:\/\/moldovacrestina.md\/en\/#\/schema\/person\/5c800586f6dbec668fe58f54f9fa18f7","name":"Oxana Tentiuc","image":{"@type":"ImageObject","inLanguage":"en-US","@id":"https:\/\/secure.gravatar.com\/avatar\/c5ceb166911f9c18b800be902363c6e7edbfd5adf47b8bf5eaff385785df42c5?s=96&d=mm&r=g","url":"https:\/\/secure.gravatar.com\/avatar\/c5ceb166911f9c18b800be902363c6e7edbfd5adf47b8bf5eaff385785df42c5?s=96&d=mm&r=g","contentUrl":"https:\/\/secure.gravatar.com\/avatar\/c5ceb166911f9c18b800be902363c6e7edbfd5adf47b8bf5eaff385785df42c5?s=96&d=mm&r=g","caption":"Oxana Tentiuc"},"description":"Sunt c\u0103s\u0103torit\u0103 \u0219i mam\u0103 a 2 copii. Slujesc lui Dumnezeu ca \u0219i profesoar\u0103 &icirc;n cadrul Institutului de studii Biblice Inductiv. &Icirc;mpreun\u0103 cu so\u021bul \u0219i copii suntem membri ai Bisericii Buna Vestirea din Chisinau.","url":"https:\/\/moldovacrestina.md\/en\/author\/oxana.tentiuc"}]}},"jetpack_featured_media_url":"https:\/\/cdn.moldovacrestina.md\/2020\/12\/8ffd7ae0-2f3wmsh57fghtjy3v567vuqdmq.jpg","video_meta":false,"featured_image":"https:\/\/cdn.moldovacrestina.md\/2020\/12\/8ffd7ae0-2f3wmsh57fghtjy3v567vuqdmq.jpg","wpml":{"language_code":"en","locale":"en_US","text_direction":false,"display_name":"English","native_name":"Englez\u0103","different_language":false},"jetpack-related-posts":[{"id":84641,"url":"https:\/\/moldovacrestina.md\/ru\/test-homofobia\/","url_meta":{"origin":300227,"position":0},"title":"\u0421\u0434\u0435\u043b\u0430\u0442\u044c \u0442\u0435\u0441\u0442, \u0447\u0442\u043e\u0431\u044b \u0443\u0437\u043d\u0430\u0442\u044c, \u044f\u0432\u043b\u044f\u0435\u0448\u044c\u0441\u044f \u043b\u0438 \u0442\u044b \u0413\u041e\u041c\u041e\u0424\u041e\u0411\u041e\u041c?","author":"Vasile Filat","date":"January 14, 2011","format":false,"excerpt":"\u041f\u043e\u0441\u043a\u043e\u043b\u044c\u043a\u0443 \u044f \u043c\u043d\u043e\u0433\u043e \u0440\u0430\u0437 \u0434\u0435\u043b\u0430\u043b \u0437\u0430\u044f\u0432\u043b\u0435\u043d\u0438\u044f \u043f\u043e \u043f\u043e\u0432\u043e\u0434\u0443 \u043d\u0430\u0441\u0438\u043b\u0438\u044f, \u043d\u0430 \u043a\u043e\u0442\u043e\u0440\u043e\u043c \u043d\u0430\u0441\u0442\u0430\u0438\u0432\u0430\u0435\u0442 \u043e\u0440\u0433\u0430\u043d\u0438\u0437\u0430\u0446\u0438\u044f \u0433\u043e\u043c\u043e\u0441\u0435\u043a\u0441\u0443\u0430\u043b\u0438\u0441\u0442\u043e\u0432 \u0438\u0437 \u041c\u043e\u043b\u0434\u043e\u0432\u044b \u0438 \u0434\u0440\u0443\u0433\u0438\u0435 \u043e\u0440\u0433\u0430\u043d\u0438\u0437\u0430\u0446\u0438\u0438, \u043a\u043e\u0442\u043e\u0440\u044b\u0435 \u043f\u0440\u043e\u043f\u0430\u0433\u0430\u043d\u0434\u0438\u0440\u0443\u044e\u0442\u00a0 \u0442\u0430\u043a \u043d\u0430\u0437\u044b\u0432\u0430\u0435\u043c\u044b\u0435 \u201c\u043f\u0440\u0430\u0432\u0430 \u0441\u0435\u043a\u0441\u0443\u0430\u043b\u044c\u043d\u044b\u0445 \u043c\u0435\u043d\u044c\u0448\u0438\u043d\u0441\u0442\u0432\u201d, \u043c\u0435\u043d\u044f \u0447\u0430\u0441\u0442\u043e \u0441\u0442\u0430\u043b\u0438 \u043d\u0430\u0437\u044b\u0432\u0430\u0442\u044c \u201c\u0433\u043e\u043c\u043e\u0444\u043e\u0431\u201d, \u0442\u043e\u0447\u043d\u043e \u0442\u0430\u043a\u0436\u0435, \u043a\u0430\u043a \u043e\u043d\u0438 \u043d\u0430\u0437\u044b\u0432\u0430\u044e\u0442 \u043b\u044e\u0431\u043e\u0433\u043e, \u043a\u0442\u043e \u043d\u0435 \u0440\u0430\u0437\u0434\u0435\u043b\u044f\u0435\u0442 \u0438\u0445 \u043c\u043d\u0435\u043d\u0438\u044f. \u0421\u0435\u0433\u043e\u0434\u043d\u044f \u044f \u043f\u043e\u043b\u0443\u0447\u0438\u043b \u043f\u043e email \u043f\u0440\u0438\u0433\u043b\u0430\u0448\u0435\u043d\u0438\u0435 \u0441\u0434\u0435\u043b\u0430\u0442\u044c \u0442\u0435\u0441\u0442,\u2026","rel":"","context":"<span class=\"jp-relatedposts-post-author\">Vasile Filat<\/span>","block_context":{"text":"\u041e\u0431\u0449\u0435\u0441\u0442\u0432\u043e","link":"https:\/\/moldovacrestina.md\/ru\/otvety-iz-biblii\/obshhestvo\/"},"img":{"alt_text":"","src":"https:\/\/i0.wp.com\/americansfortruth.com\/uploads\/2011\/01\/Homophobia_Quiz-300x148.png?resize=350%2C200","width":350,"height":200},"classes":[]},{"id":112659,"url":"https:\/\/moldovacrestina.md\/ru\/kogda-opravdanie-nechestivogo-yavlyaet\/","url_meta":{"origin":300227,"position":1},"title":"\u041a\u043e\u0433\u0434\u0430 \u043e\u043f\u0440\u0430\u0432\u0434\u0430\u043d\u0438\u0435 \u043d\u0435\u0447\u0435\u0441\u0442\u0438\u0432\u043e\u0433\u043e \u044f\u0432\u043b\u044f\u0435\u0442\u0441\u044f \u043c\u0435\u0440\u0437\u043e\u0441\u0442\u044c\u044e \u043f\u0435\u0440\u0435\u0434 \u0411\u043e\u0433\u043e\u043c? (\u041f\u0440\u0438\u0442\u0447\u0438 17:15)","author":"Vasile Filat","date":"January 16, 2017","format":false,"excerpt":"\u0412\u0441\u0435 \u043c\u044b \u0436\u0435\u043b\u0430\u0435\u043c \u043f\u0440\u043e\u0449\u0435\u043d\u0438\u044f \u043e\u0442 \u0411\u043e\u0433\u0430, \u0438 \u0411\u043e\u0433 \u0443\u0447\u0438\u0442 \u043d\u0430\u0441 \u043f\u0440\u043e\u0449\u0430\u0442\u044c \u0442\u0435\u0445, \u043a\u0442\u043e \u0441\u0434\u0435\u043b\u0430\u043b\u0441\u044f \u0432\u0438\u043d\u043e\u0432\u0430\u0442\u044b\u043c \u043f\u0435\u0440\u0435\u0434 \u043d\u0430\u043c\u0438. \u0412\u0441\u0451-\u0442\u0430\u043a\u0438, \u0441\u0443\u0449\u0435\u0441\u0442\u0432\u0443\u0435\u0442 \u0441\u0442\u0438\u0445 \u0438\u0437 \u0411\u0438\u0431\u043b\u0438\u0438, \u0432 \u043a\u043e\u0442\u043e\u0440\u043e\u043c \u043d\u0430\u043f\u0438\u0441\u0430\u043d\u043e, \u0447\u0442\u043e \u043e\u043f\u0440\u0430\u0432\u0434\u044b\u0432\u0430\u0442\u044c \u0438\u043b\u0438\u00a0\u043f\u0440\u043e\u0449\u0430\u0442\u044c \u043d\u0435\u0447\u0435\u0441\u0442\u0438\u0432\u043e\u0433\u043e\u00a0- \u044d\u0442\u043e \u043c\u0435\u0440\u0437\u043e\u0441\u0442\u044c \u043f\u0435\u0440\u0435\u0434 \u0411\u043e\u0433\u043e\u043c. \u0422\u0430\u043a\u0438\u0435 \u0441\u0438\u0442\u0443\u0430\u0446\u0438\u0438 \u0438\u043c\u0435\u044e\u0442\u0441\u044f \u0432 \u0432\u0438\u0434\u0443 \u0432 \u0441\u043b\u0435\u0434\u0443\u044e\u0449\u0435\u043c \u0432\u043e\u043f\u0440\u043e\u0441\u0435, \u043a\u043e\u0442\u043e\u0440\u044b\u0439 \u0431\u044b\u043b \u0437\u0430\u0434\u0430\u043d \u043c\u043d\u0435: \u041c\u0438\u0440 \u0432\u0430\u043c, \u043f\u0430\u0441\u0442\u043e\u0440 \u0412\u0430\u0441\u0438\u043b\u0438\u0439. \u042f\u2026","rel":"","context":"<span class=\"jp-relatedposts-post-author\">Vasile Filat<\/span>","block_context":{"text":"\u041e\u0442\u0432\u0435\u0442\u044b \u0438\u0437 \u0411\u0438\u0431\u043b\u0438\u0438","link":"https:\/\/moldovacrestina.md\/ru\/otvety-iz-biblii\/"},"img":{"alt_text":"","src":"https:\/\/i0.wp.com\/moldovacrestina.md\/wp-content\/uploads\/2017\/01\/o-forgiveness-facebook-1024x512-2.jpg?resize=350%2C200&ssl=1","width":350,"height":200,"srcset":"https:\/\/i0.wp.com\/moldovacrestina.md\/wp-content\/uploads\/2017\/01\/o-forgiveness-facebook-1024x512-2.jpg?resize=350%2C200&ssl=1 1x, https:\/\/i0.wp.com\/moldovacrestina.md\/wp-content\/uploads\/2017\/01\/o-forgiveness-facebook-1024x512-2.jpg?resize=525%2C300&ssl=1 1.5x, https:\/\/i0.wp.com\/moldovacrestina.md\/wp-content\/uploads\/2017\/01\/o-forgiveness-facebook-1024x512-2.jpg?resize=700%2C400&ssl=1 2x"},"classes":[]},{"id":363310,"url":"https:\/\/moldovacrestina.md\/nici-la-moartea-parintilor-nu-va-oferi-mancare-cuiva\/","url_meta":{"origin":300227,"position":2},"title":"Nici la moartea p\u0103rin\u021bilor nu va oferi m\u00e2ncare cuiva\u2026","author":"Moldova Cre\u0219tin\u0103","date":"July 25, 2025","format":false,"excerpt":"\u00ceNTREBARE: Pace, frate! Am \u0219i eu o nedumerire. M\u0103 contraziceam cu tata: \u00een caz de o \u00eenmorm\u00e2ntare, eu am zis c\u0103 nu a\u0219 da nici m\u0103car pr\u0103jituri \u0219i nici suc. Am zis doar ap\u0103, ca s\u0103 nu \u00eei fie cuiva sete. Tata mi-a zis s\u0103 vorbesc cu un predicator poc\u0103it\u2026","rel":"","context":"<span class=\"jp-relatedposts-post-author\">Moldova Cre\u0219tin\u0103<\/span>","block_context":{"text":"MCTV","link":"https:\/\/moldovacrestina.md\/mctv\/"},"img":{"alt_text":"","src":"https:\/\/i0.wp.com\/cdn.moldovacrestina.md\/2025\/07\/ba7ab153-h1zvfmsmux8.jpg?resize=350%2C200&ssl=1","width":350,"height":200,"srcset":"https:\/\/i0.wp.com\/cdn.moldovacrestina.md\/2025\/07\/ba7ab153-h1zvfmsmux8.jpg?resize=350%2C200&ssl=1 1x, https:\/\/i0.wp.com\/cdn.moldovacrestina.md\/2025\/07\/ba7ab153-h1zvfmsmux8.jpg?resize=525%2C300&ssl=1 1.5x, https:\/\/i0.wp.com\/cdn.moldovacrestina.md\/2025\/07\/ba7ab153-h1zvfmsmux8.jpg?resize=700%2C400&ssl=1 2x, https:\/\/i0.wp.com\/cdn.moldovacrestina.md\/2025\/07\/ba7ab153-h1zvfmsmux8.jpg?resize=1050%2C600&ssl=1 3x"},"classes":[]},{"id":319647,"url":"https:\/\/moldovacrestina.md\/ru\/mozhem-li-my-povelevat-i-provozglashat-v-molitve-pastor-vasile-filat\/","url_meta":{"origin":300227,"position":3},"title":"\u041c\u043e\u0436\u0435\u043c \u043b\u0438 \u043c\u044b \u043f\u043e\u0432\u0435\u043b\u0435\u0432\u0430\u0442\u044c \u0438 \u043f\u0440\u043e\u0432\u043e\u0437\u0433\u043b\u0430\u0448\u0430\u0442\u044c \u0432 \u043c\u043e\u043b\u0438\u0442\u0432\u0435? | \u041f\u0430\u0441\u0442\u043e\u0440 \u0412\u0430\u0441\u0438\u043b\u0435 \u0424\u0438\u043b\u0430\u0442","author":"Vasile Filat","date":"December 30, 2020","format":false,"excerpt":"\u041c\u043e\u0436\u0435\u043c \u043b\u0438 \u043c\u044b \u043f\u043e\u0432\u0435\u043b\u0435\u0432\u0430\u0442\u044c \u0438 \u043f\u0440\u043e\u0432\u043e\u0437\u0433\u043b\u0430\u0448\u0430\u0442\u044c \u0432 \u043c\u043e\u043b\u0438\u0442\u0432\u0435? \u041c\u043e\u0436\u0435\u0442 \u043b\u0438 \u0445\u0440\u0438\u0441\u0442\u0438\u0430\u043d\u0438\u043d \u043f\u043e\u0432\u0435\u043b\u0435\u0432\u0430\u0442\u044c, \u043f\u0440\u0438\u043a\u0430\u0437\u044b\u0432\u0430\u0442\u044c, \u0440\u0430\u0437\u0440\u0443\u0448\u0430\u0442\u044c \u0438\u043b\u0438 \u0441\u0432\u044f\u0437\u044b\u0432\u0430\u0442\u044c \u0432 \u043c\u043e\u043b\u0438\u0442\u0432\u0435? \u041c\u043e\u0436\u0435\u0442 \u043b\u0438 \u043e\u0442\u0441\u0443\u0442\u0441\u0442\u0432\u0438\u0435 \u044d\u0442\u0438\u0445 \u0441\u043b\u043e\u0432 \u0432 \u043c\u043e\u043b\u0438\u0442\u0432\u0435 \u0431\u044b\u0442\u044c \u043f\u0440\u0438\u0447\u0438\u043d\u043e\u0439 \u043f\u043e\u0447\u0435\u043c\u0443 \u0411\u043e\u0433 \u043d\u0435 \u043e\u0442\u0432\u0435\u0447\u0430\u0435\u0442 \u043d\u0430 \u043c\u043e\u043b\u0438\u0442\u0432\u044b? \u0415\u0441\u0442\u044c \u043b\u0438 \u044d\u0442\u043e\u043c\u0443 \u0431\u0438\u0431\u043b\u0435\u0439\u0441\u043a\u043e\u0435 \u043e\u0441\u043d\u043e\u0432\u0430\u043d\u0438\u0435? \u041a\u0430\u043a\u043e\u0439 \u0434\u043e\u043b\u0436\u043d\u0430 \u0431\u044b\u0442\u044c \u043d\u0430\u0448\u0430 \u043c\u043e\u043b\u0438\u0442\u0432\u0430? \u0412 \u044d\u0442\u043e\u043c \u0432\u0438\u0434\u0435\u043e \u043e\u0442\u0432\u0435\u0447\u0430\u044e \u043d\u0430 \u044d\u0442\u0438 \u0432\u043e\u043f\u0440\u043e\u0441\u044b,\u2026","rel":"","context":"<span class=\"jp-relatedposts-post-author\">Vasile Filat<\/span>","block_context":{"text":"\u041e\u0442\u0432\u0435\u0442\u044b \u0438\u0437 \u0411\u0438\u0431\u043b\u0438\u0438","link":"https:\/\/moldovacrestina.md\/ru\/otvety-iz-biblii\/"},"img":{"alt_text":"","src":"","width":0,"height":0},"classes":[]},{"id":83594,"url":"https:\/\/moldovacrestina.md\/ru\/hto-znachit-zlosloviti-za-hrista\/","url_meta":{"origin":300227,"position":4},"title":"\u041d\u0430 \u0447\u0442\u043e \u0441\u0441\u044b\u043b\u0430\u0435\u0442\u0441\u044f \u0418\u0438\u0441\u0443\u0441 \u0425\u0440\u0438\u0441\u0442\u043e\u0441, \u0433\u043e\u0432\u043e\u0440\u044f \u201c\u043d\u0435\u043f\u0440\u0430\u0432\u0435\u0434\u043d\u043e \u0437\u043b\u043e\u0441\u043b\u043e\u0432\u0438\u0442\u044c \u0437\u0430 \u041c\u0435\u043d\u044f\u201d?","author":"Vasile Filat","date":"September 8, 2010","format":false,"excerpt":"\u0412\u043e\u043f\u0440\u043e\u0441: \u0421\u0435\u0433\u043e\u0434\u043d\u044f \u0432\u043e \u0432\u0440\u0435\u043c\u044f \u043e\u0431\u0435\u0434\u0435\u043d\u043d\u043e\u0433\u043e \u043f\u0435\u0440\u0435\u0440\u044b\u0432\u0430 \u044f \u0441\u043b\u0443\u0448\u0430\u043b \u043e \u0431\u043b\u0430\u0436\u0435\u043d\u0441\u0442\u0432\u0430\u0445, \u0441\u043a\u0430\u0437\u0430\u043d\u043d\u044b\u0445 \u0418\u0438\u0441\u0443\u0441\u043e\u043c \u0425\u0440\u0438\u0441\u0442\u043e\u043c \u0432 \u041d\u0430\u0433\u043e\u0440\u043d\u043e\u0439 \u041f\u0440\u043e\u043f\u043e\u0432\u0435\u0434\u0438, \u0438 \u0443 \u043c\u0435\u043d\u044f \u0435\u0441\u0442\u044c \u043d\u0435\u0434\u043e\u043f\u043e\u043d\u0438\u043c\u0430\u043d\u0438\u0435 \u043f\u043e \u044d\u0442\u043e\u043c\u0443 \u043f\u043e\u0432\u043e\u0434\u0443. \u042f \u043f\u043e\u043d\u0438\u043c\u0430\u044e, \u0447\u0442\u043e \u0425\u0440\u0438\u0441\u0442\u043e\u0441 \u0441\u043a\u0430\u0437\u0430\u043b \u0443\u0447\u0435\u043d\u0438\u043a\u0430\u043c, \u0447\u0442\u043e \u043e\u043d\u0438 \u0431\u0443\u0434\u0443\u0442 \u0441\u0442\u0440\u0430\u0434\u0430\u0442\u044c \u043f\u043e \u043f\u0440\u0438\u0447\u0438\u043d\u0435 \u043f\u0440\u043e\u043f\u043e\u0432\u0435\u0434\u0438 \u0421\u043b\u043e\u0432\u0430 \u0438\u043b\u0438 \u0441\u043e \u0441\u0442\u043e\u0440\u043e\u043d\u044b \u043d\u0435\u0432\u0435\u0440\u0443\u044e\u0449\u0438\u0445, \u043d\u043e \u044f \u043d\u0435 \u043f\u043e\u043d\u0438\u043c\u0430\u044e \u0432\u044b\u0440\u0430\u0436\u0435\u043d\u0438\u044f \u201c\u043d\u0435\u043f\u0440\u0430\u0432\u0435\u0434\u043d\u043e \u0437\u043b\u043e\u0441\u043b\u043e\u0432\u0438\u0442\u044c \u0437\u0430\u2026","rel":"","context":"<span class=\"jp-relatedposts-post-author\">Vasile Filat<\/span>","block_context":{"text":"\u0414\u043e\u043a\u0442\u0440\u0438\u043d\u044b","link":"https:\/\/moldovacrestina.md\/ru\/otvety-iz-biblii\/doktriny-ru\/"},"img":{"alt_text":"","src":"","width":0,"height":0},"classes":[]},{"id":363515,"url":"https:\/\/moldovacrestina.md\/ce-inseamna-sa-nu-te-impotrivesti-raului-predica-din-matei-5-38-48-pastor-vasile-filat\/","url_meta":{"origin":300227,"position":5},"title":"Ce \u00eenseamn\u0103 s\u0103 nu te \u00eempotrive\u0219ti r\u0103ului | Predica din Matei 5:38-48 | Pastor Vasile Filat","author":"Moldova Cre\u0219tin\u0103","date":"September 8, 2025","format":false,"excerpt":"Ce a vrut, de fapt, Domnul Isus s\u0103 ne \u00eenve\u021be atunci c\u00e2nd a spus: \u201eDac\u0103 te love\u0219te cineva peste obrazul drept, \u00eentoarce-i \u0219i pe cel\u0103lalt\u201d? Oare trebuie s\u0103 \u00eencuraj\u0103m r\u0103ul, s\u0103-i l\u0103s\u0103m pe cei nedrep\u021bi s\u0103 fac\u0103 ce vor, f\u0103r\u0103 limite? Cum mai putem tr\u0103i \u00eentr-o societate unde r\u0103ul nu\u2026","rel":"","context":"<span class=\"jp-relatedposts-post-author\">Moldova Cre\u0219tin\u0103<\/span>","block_context":{"text":"MCTV","link":"https:\/\/moldovacrestina.md\/mctv\/"},"img":{"alt_text":"","src":"https:\/\/i0.wp.com\/cdn.moldovacrestina.md\/2025\/09\/26e179e4-w6qnyms5oiw.jpg?resize=350%2C200&ssl=1","width":350,"height":200,"srcset":"https:\/\/i0.wp.com\/cdn.moldovacrestina.md\/2025\/09\/26e179e4-w6qnyms5oiw.jpg?resize=350%2C200&ssl=1 1x, https:\/\/i0.wp.com\/cdn.moldovacrestina.md\/2025\/09\/26e179e4-w6qnyms5oiw.jpg?resize=525%2C300&ssl=1 1.5x, https:\/\/i0.wp.com\/cdn.moldovacrestina.md\/2025\/09\/26e179e4-w6qnyms5oiw.jpg?resize=700%2C400&ssl=1 2x, https:\/\/i0.wp.com\/cdn.moldovacrestina.md\/2025\/09\/26e179e4-w6qnyms5oiw.jpg?resize=1050%2C600&ssl=1 3x"},"classes":[]}],"jetpack_sharing_enabled":true,"_links":{"self":[{"href":"https:\/\/moldovacrestina.md\/en\/wp-json\/wp\/v2\/posts\/300227","targetHints":{"allow":["GET"]}}],"collection":[{"href":"https:\/\/moldovacrestina.md\/en\/wp-json\/wp\/v2\/posts"}],"about":[{"href":"https:\/\/moldovacrestina.md\/en\/wp-json\/wp\/v2\/types\/post"}],"author":[{"embeddable":true,"href":"https:\/\/moldovacrestina.md\/en\/wp-json\/wp\/v2\/users\/111"}],"replies":[{"embeddable":true,"href":"https:\/\/moldovacrestina.md\/en\/wp-json\/wp\/v2\/comments?post=300227"}],"version-history":[{"count":0,"href":"https:\/\/moldovacrestina.md\/en\/wp-json\/wp\/v2\/posts\/300227\/revisions"}],"wp:featuredmedia":[{"embeddable":true,"href":"https:\/\/moldovacrestina.md\/en\/wp-json\/wp\/v2\/media\/300231"}],"wp:attachment":[{"href":"https:\/\/moldovacrestina.md\/en\/wp-json\/wp\/v2\/media?parent=300227"}],"wp:term":[{"taxonomy":"category","embeddable":true,"href":"https:\/\/moldovacrestina.md\/en\/wp-json\/wp\/v2\/categories?post=300227"},{"taxonomy":"post_tag","embeddable":true,"href":"https:\/\/moldovacrestina.md\/en\/wp-json\/wp\/v2\/tags?post=300227"}],"curies":[{"name":"wp","href":"https:\/\/api.w.org\/{rel}","templated":true}]}}