{"id":248421,"date":"2019-05-19T20:39:53","date_gmt":"2019-05-19T17:39:53","guid":{"rendered":"https:\/\/moldovacrestina.md\/?p=248421"},"modified":"2019-05-19T20:39:53","modified_gmt":"2019-05-19T17:39:53","slug":"is-mary-in-heaven-or-is-she-asleep-with-all-the-saints","status":"publish","type":"post","link":"https:\/\/moldovacrestina.md\/en\/is-mary-in-heaven-or-is-she-asleep-with-all-the-saints\/","title":{"rendered":"Is Mary in heaven or is she asleep with all the saints?"},"content":{"rendered":"<p>Question:<\/p>\n<blockquote><p>Is Saint Mary, the Mother of the Lord, in heaven, or is she sleeping until the coming of the Lord?<\/p><\/blockquote>\n<p><span style=\"font-weight: 400\">In the Scripture it is written:<\/span><\/p>\n<blockquote><p><span style=\"font-weight: 400\">But now Christ has been raised from the dead, the first fruit of those who are asleep.<\/span> <span style=\"font-weight: 400\">For since by a man came death, by a man also came the resurrection of the dead. For as in Adam all die, so also in Christ all will be made alive. <\/span><b>\u00a0<\/b><span style=\"font-weight: 400\">But each in his own order: Christ the first fruits, after that those who are Christ\u2019s at His coming (1 Corinthians 15: 20-23)(NASB)<\/span><\/p><\/blockquote>\n<p><span style=\"font-weight: 400\">Jesus is called the first fruit of those who are asleep. Concerning the resurrection from the dead, Jesus is the first fruit, for He rose on the third day and then over 40 days He ascended to heaven. Nowhere in the Bible it is written that after the physical death Mary had risen from the dead or ascended to heaven. Those who make such statements, no matter how old they are, do not have the slightest biblical basis to make them. Besides the Lord Jesus no one has risen yet with a resurrection similar to His, and \u00a0the Scripture clearly says what is the order. Take a close look at the verse that I have quoted, and you will see that it is written that Christ is the first fruit, then the next who are resurrected are those who are His, the Christians and they will rise again when He comes. Mary is part of those who are Christ&#8217;s, and she will rise with all the other saints.<\/span><\/p>\n<p><span style=\"font-weight: 400\">There is someone who visits this website portal from time to time, and whatever is the subject, he turns to Mary, and anyone who thinks she is not a Savior, or that she is eternally virgin, or that she would have born more children, calls him heretic and sectarian. I can tell what reaction the person will have to this article and others like him\/her. Therefore, let us not forget that the basic criterion is not what we believe, but what is written in the Bible.<\/span><\/p>\n<p><span style=\"font-weight: 400\">I recently began to preach the gospel to a Saint Petersburg taxi driver, and I was amazed at the statements made by that man. He said that everyone was created by people. I asked him if he heard himself, and he said yes, it sounds good and he thinks the world was made of people, and he said, &#8220;What&#8217;s so hard to create a solar system?&#8221; It sounded as though he had at home a lab or factory of making a solar systems. Here&#8217;s what some people talk about, and what&#8217;s in their mind is far from reality. Let us be careful and not forget that the true reality is in the Bible, and we must all judge them from the perspective of this true reality revealed by the Creator. May the Lord help us.<\/span><\/p>\n<p><em>Translated by Didina Cravcenco<\/em><\/p>\n","protected":false},"excerpt":{"rendered":"<p>Question: Is Saint Mary, the Mother of the Lord, in heaven, or is she sleeping until the coming of the Lord? In the Scripture it is written: But now Christ has been raised from the dead, the first fruit of those who are asleep. For since by a man came death, by a man also [&hellip;]<\/p>\n","protected":false},"author":46,"featured_media":180458,"comment_status":"closed","ping_status":"closed","sticky":false,"template":"","format":"standard","meta":{"_acf_changed":false,"inline_featured_image":false,"_monsterinsights_skip_tracking":false,"_monsterinsights_sitenote_active":false,"_monsterinsights_sitenote_note":"","_monsterinsights_sitenote_category":0,"_genesis_hide_title":false,"_genesis_hide_breadcrumbs":false,"_genesis_hide_singular_image":false,"_genesis_hide_footer_widgets":false,"_genesis_custom_body_class":"","_genesis_custom_post_class":"","_genesis_layout":"","ep_exclude_from_search":false,"_jetpack_memberships_contains_paid_content":false,"footnotes":""},"categories":[29951],"tags":[32267,32268],"class_list":{"0":"post-248421","1":"post","2":"type-post","3":"status-publish","4":"format-standard","5":"has-post-thumbnail","7":"category-doctrine-en","8":"tag-the-mother-of-jesus","9":"tag-mary","10":"entry"},"acf":[],"yoast_head":"<!-- This site is optimized with the Yoast SEO Premium plugin v26.5 (Yoast SEO v27.4) - https:\/\/yoast.com\/product\/yoast-seo-premium-wordpress\/ -->\n<title>Where is Mary, the mother of Jesus now?<\/title>\n<meta name=\"description\" content=\"Is Saint Mary, the Mother of the Lord, in heaven, or is she asleep until the coming of the Lord? Find out the answer in this article.\" \/>\n<meta name=\"robots\" content=\"index, follow, max-snippet:-1, max-image-preview:large, max-video-preview:-1\" \/>\n<link rel=\"canonical\" href=\"https:\/\/moldovacrestina.md\/en\/is-mary-in-heaven-or-is-she-asleep-with-all-the-saints\/\" \/>\n<meta property=\"og:locale\" content=\"en_US\" \/>\n<meta property=\"og:type\" content=\"article\" \/>\n<meta property=\"og:title\" content=\"Is Mary in heaven or is she asleep with all the saints?\" \/>\n<meta property=\"og:description\" content=\"Is Saint Mary, the Mother of the Lord, in heaven, or is she asleep until the coming of the Lord? Find out the answer in this article.\" \/>\n<meta property=\"og:url\" content=\"https:\/\/moldovacrestina.md\/en\/is-mary-in-heaven-or-is-she-asleep-with-all-the-saints\/\" \/>\n<meta property=\"og:site_name\" content=\"Moldova Cre\u0219tin\u0103\" \/>\n<meta property=\"article:publisher\" content=\"https:\/\/www.facebook.com\/moldovacrestina\/\" \/>\n<meta property=\"article:published_time\" content=\"2019-05-19T17:39:53+00:00\" \/>\n<meta property=\"og:image\" content=\"https:\/\/cdn.moldovacrestina.md\/2017\/12\/fecioara-maria-unde-se-afla-dreamstime-xxl-5757253.jpg\" \/>\n\t<meta property=\"og:image:width\" content=\"1614\" \/>\n\t<meta property=\"og:image:height\" content=\"1080\" \/>\n\t<meta property=\"og:image:type\" content=\"image\/jpeg\" \/>\n<meta name=\"author\" content=\"Vasile Filat\" \/>\n<meta name=\"twitter:card\" content=\"summary_large_image\" \/>\n<meta name=\"twitter:creator\" content=\"@moldovacrestina\" \/>\n<meta name=\"twitter:site\" content=\"@moldovacrestina\" \/>\n<meta name=\"twitter:label1\" content=\"Written by\" \/>\n\t<meta name=\"twitter:data1\" content=\"Vasile Filat\" \/>\n\t<meta name=\"twitter:label2\" content=\"Est. reading time\" \/>\n\t<meta name=\"twitter:data2\" content=\"2 minutes\" \/>\n<script type=\"application\/ld+json\" class=\"yoast-schema-graph\">{\"@context\":\"https:\\\/\\\/schema.org\",\"@graph\":[{\"@type\":\"Article\",\"@id\":\"https:\\\/\\\/moldovacrestina.md\\\/en\\\/is-mary-in-heaven-or-is-she-asleep-with-all-the-saints\\\/#article\",\"isPartOf\":{\"@id\":\"https:\\\/\\\/moldovacrestina.md\\\/en\\\/is-mary-in-heaven-or-is-she-asleep-with-all-the-saints\\\/\"},\"author\":{\"name\":\"Vasile Filat\",\"@id\":\"https:\\\/\\\/moldovacrestina.md\\\/en\\\/#\\\/schema\\\/person\\\/04b204bbb582cc832c3d2424f5d27dc0\"},\"headline\":\"Is Mary in heaven or is she asleep with all the saints?\",\"datePublished\":\"2019-05-19T17:39:53+00:00\",\"mainEntityOfPage\":{\"@id\":\"https:\\\/\\\/moldovacrestina.md\\\/en\\\/is-mary-in-heaven-or-is-she-asleep-with-all-the-saints\\\/\"},\"wordCount\":508,\"image\":{\"@id\":\"https:\\\/\\\/moldovacrestina.md\\\/en\\\/is-mary-in-heaven-or-is-she-asleep-with-all-the-saints\\\/#primaryimage\"},\"thumbnailUrl\":\"https:\\\/\\\/moldovacrestina.md\\\/wp-content\\\/uploads\\\/2017\\\/12\\\/fecioara-maria-unde-se-afla-dreamstime-xxl-5757253.jpg\",\"keywords\":[\"the mother of Jesus\",\"Mary\"],\"articleSection\":[\"Doctrine\"],\"inLanguage\":\"en-US\"},{\"@type\":\"WebPage\",\"@id\":\"https:\\\/\\\/moldovacrestina.md\\\/en\\\/is-mary-in-heaven-or-is-she-asleep-with-all-the-saints\\\/\",\"url\":\"https:\\\/\\\/moldovacrestina.md\\\/en\\\/is-mary-in-heaven-or-is-she-asleep-with-all-the-saints\\\/\",\"name\":\"Where is Mary, the mother of Jesus now?\",\"isPartOf\":{\"@id\":\"https:\\\/\\\/moldovacrestina.md\\\/en\\\/#website\"},\"primaryImageOfPage\":{\"@id\":\"https:\\\/\\\/moldovacrestina.md\\\/en\\\/is-mary-in-heaven-or-is-she-asleep-with-all-the-saints\\\/#primaryimage\"},\"image\":{\"@id\":\"https:\\\/\\\/moldovacrestina.md\\\/en\\\/is-mary-in-heaven-or-is-she-asleep-with-all-the-saints\\\/#primaryimage\"},\"thumbnailUrl\":\"https:\\\/\\\/moldovacrestina.md\\\/wp-content\\\/uploads\\\/2017\\\/12\\\/fecioara-maria-unde-se-afla-dreamstime-xxl-5757253.jpg\",\"datePublished\":\"2019-05-19T17:39:53+00:00\",\"author\":{\"@id\":\"https:\\\/\\\/moldovacrestina.md\\\/en\\\/#\\\/schema\\\/person\\\/04b204bbb582cc832c3d2424f5d27dc0\"},\"description\":\"Is Saint Mary, the Mother of the Lord, in heaven, or is she asleep until the coming of the Lord? Find out the answer in this article.\",\"breadcrumb\":{\"@id\":\"https:\\\/\\\/moldovacrestina.md\\\/en\\\/is-mary-in-heaven-or-is-she-asleep-with-all-the-saints\\\/#breadcrumb\"},\"inLanguage\":\"en-US\",\"potentialAction\":[{\"@type\":\"ReadAction\",\"target\":[\"https:\\\/\\\/moldovacrestina.md\\\/en\\\/is-mary-in-heaven-or-is-she-asleep-with-all-the-saints\\\/\"]}]},{\"@type\":\"ImageObject\",\"inLanguage\":\"en-US\",\"@id\":\"https:\\\/\\\/moldovacrestina.md\\\/en\\\/is-mary-in-heaven-or-is-she-asleep-with-all-the-saints\\\/#primaryimage\",\"url\":\"https:\\\/\\\/moldovacrestina.md\\\/wp-content\\\/uploads\\\/2017\\\/12\\\/fecioara-maria-unde-se-afla-dreamstime-xxl-5757253.jpg\",\"contentUrl\":\"https:\\\/\\\/moldovacrestina.md\\\/wp-content\\\/uploads\\\/2017\\\/12\\\/fecioara-maria-unde-se-afla-dreamstime-xxl-5757253.jpg\",\"width\":1614,\"height\":1080},{\"@type\":\"BreadcrumbList\",\"@id\":\"https:\\\/\\\/moldovacrestina.md\\\/en\\\/is-mary-in-heaven-or-is-she-asleep-with-all-the-saints\\\/#breadcrumb\",\"itemListElement\":[{\"@type\":\"ListItem\",\"position\":1,\"name\":\"Prima pagin\u0103\",\"item\":\"https:\\\/\\\/moldovacrestina.md\\\/en\\\/\"},{\"@type\":\"ListItem\",\"position\":2,\"name\":\"Doctrine\",\"item\":\"https:\\\/\\\/moldovacrestina.md\\\/en\\\/doctrine-en\\\/\"},{\"@type\":\"ListItem\",\"position\":3,\"name\":\"Is Mary in heaven or is she asleep with all the saints?\"}]},{\"@type\":\"WebSite\",\"@id\":\"https:\\\/\\\/moldovacrestina.md\\\/en\\\/#website\",\"url\":\"https:\\\/\\\/moldovacrestina.md\\\/en\\\/\",\"name\":\"Moldova Cre\u0219tin\u0103\",\"description\":\"R\u0103spunsuri relevante \u0219i actuale din Biblie\",\"potentialAction\":[{\"@type\":\"SearchAction\",\"target\":{\"@type\":\"EntryPoint\",\"urlTemplate\":\"https:\\\/\\\/moldovacrestina.md\\\/en\\\/?s={search_term_string}\"},\"query-input\":{\"@type\":\"PropertyValueSpecification\",\"valueRequired\":true,\"valueName\":\"search_term_string\"}}],\"inLanguage\":\"en-US\"},{\"@type\":\"Person\",\"@id\":\"https:\\\/\\\/moldovacrestina.md\\\/en\\\/#\\\/schema\\\/person\\\/04b204bbb582cc832c3d2424f5d27dc0\",\"name\":\"Vasile Filat\",\"image\":{\"@type\":\"ImageObject\",\"inLanguage\":\"en-US\",\"@id\":\"https:\\\/\\\/secure.gravatar.com\\\/avatar\\\/2e02d082d139dd6eb634318c9cf2c3a8281db62f24f87a134adb4f2020e77ab3?s=96&d=mm&r=g\",\"url\":\"https:\\\/\\\/secure.gravatar.com\\\/avatar\\\/2e02d082d139dd6eb634318c9cf2c3a8281db62f24f87a134adb4f2020e77ab3?s=96&d=mm&r=g\",\"contentUrl\":\"https:\\\/\\\/secure.gravatar.com\\\/avatar\\\/2e02d082d139dd6eb634318c9cf2c3a8281db62f24f87a134adb4f2020e77ab3?s=96&d=mm&r=g\",\"caption\":\"Vasile Filat\"},\"description\":\"P\u0103storesc\u00a0Biserica Bunavestire din Chi\u0219in\u0103u, predau Cuv\u00e2ntul lui Dumnezeu la\u00a0Institutul de Studiu Biblic Inductiv din Eurasia\u00a0\u0219i conduc\u00a0Asocia\u021bia \\\"\u00cenv\u0103\u021b\u0103tur\u0103 din Cuv\u00e2nt - Precept Ministries\\\" din Moldova. \u00cempreun\u0103 cu so\u021bia mea\u00a0Anastasia, avem trei copii. Din Aprilie 2007 am oferit r\u0103spunsuri din Biblie pe acest site la \u00eentreb\u0103ri adresate de cititori. Mai mult despre mine citi\u021bi\u00a0aici.\",\"url\":\"https:\\\/\\\/moldovacrestina.md\\\/en\\\/author\\\/vasile-filat\\\/\"}]}<\/script>\n<!-- \/ Yoast SEO Premium plugin. -->","yoast_head_json":{"title":"Where is Mary, the mother of Jesus now?","description":"Is Saint Mary, the Mother of the Lord, in heaven, or is she asleep until the coming of the Lord? Find out the answer in this article.","robots":{"index":"index","follow":"follow","max-snippet":"max-snippet:-1","max-image-preview":"max-image-preview:large","max-video-preview":"max-video-preview:-1"},"canonical":"https:\/\/moldovacrestina.md\/en\/is-mary-in-heaven-or-is-she-asleep-with-all-the-saints\/","og_locale":"en_US","og_type":"article","og_title":"Is Mary in heaven or is she asleep with all the saints?","og_description":"Is Saint Mary, the Mother of the Lord, in heaven, or is she asleep until the coming of the Lord? Find out the answer in this article.","og_url":"https:\/\/moldovacrestina.md\/en\/is-mary-in-heaven-or-is-she-asleep-with-all-the-saints\/","og_site_name":"Moldova Cre\u0219tin\u0103","article_publisher":"https:\/\/www.facebook.com\/moldovacrestina\/","article_published_time":"2019-05-19T17:39:53+00:00","og_image":[{"width":1614,"height":1080,"url":"https:\/\/cdn.moldovacrestina.md\/2017\/12\/fecioara-maria-unde-se-afla-dreamstime-xxl-5757253.jpg","type":"image\/jpeg"}],"author":"Vasile Filat","twitter_card":"summary_large_image","twitter_creator":"@moldovacrestina","twitter_site":"@moldovacrestina","twitter_misc":{"Written by":"Vasile Filat","Est. reading time":"2 minutes"},"schema":{"@context":"https:\/\/schema.org","@graph":[{"@type":"Article","@id":"https:\/\/moldovacrestina.md\/en\/is-mary-in-heaven-or-is-she-asleep-with-all-the-saints\/#article","isPartOf":{"@id":"https:\/\/moldovacrestina.md\/en\/is-mary-in-heaven-or-is-she-asleep-with-all-the-saints\/"},"author":{"name":"Vasile Filat","@id":"https:\/\/moldovacrestina.md\/en\/#\/schema\/person\/04b204bbb582cc832c3d2424f5d27dc0"},"headline":"Is Mary in heaven or is she asleep with all the saints?","datePublished":"2019-05-19T17:39:53+00:00","mainEntityOfPage":{"@id":"https:\/\/moldovacrestina.md\/en\/is-mary-in-heaven-or-is-she-asleep-with-all-the-saints\/"},"wordCount":508,"image":{"@id":"https:\/\/moldovacrestina.md\/en\/is-mary-in-heaven-or-is-she-asleep-with-all-the-saints\/#primaryimage"},"thumbnailUrl":"https:\/\/moldovacrestina.md\/wp-content\/uploads\/2017\/12\/fecioara-maria-unde-se-afla-dreamstime-xxl-5757253.jpg","keywords":["the mother of Jesus","Mary"],"articleSection":["Doctrine"],"inLanguage":"en-US"},{"@type":"WebPage","@id":"https:\/\/moldovacrestina.md\/en\/is-mary-in-heaven-or-is-she-asleep-with-all-the-saints\/","url":"https:\/\/moldovacrestina.md\/en\/is-mary-in-heaven-or-is-she-asleep-with-all-the-saints\/","name":"Where is Mary, the mother of Jesus now?","isPartOf":{"@id":"https:\/\/moldovacrestina.md\/en\/#website"},"primaryImageOfPage":{"@id":"https:\/\/moldovacrestina.md\/en\/is-mary-in-heaven-or-is-she-asleep-with-all-the-saints\/#primaryimage"},"image":{"@id":"https:\/\/moldovacrestina.md\/en\/is-mary-in-heaven-or-is-she-asleep-with-all-the-saints\/#primaryimage"},"thumbnailUrl":"https:\/\/moldovacrestina.md\/wp-content\/uploads\/2017\/12\/fecioara-maria-unde-se-afla-dreamstime-xxl-5757253.jpg","datePublished":"2019-05-19T17:39:53+00:00","author":{"@id":"https:\/\/moldovacrestina.md\/en\/#\/schema\/person\/04b204bbb582cc832c3d2424f5d27dc0"},"description":"Is Saint Mary, the Mother of the Lord, in heaven, or is she asleep until the coming of the Lord? Find out the answer in this article.","breadcrumb":{"@id":"https:\/\/moldovacrestina.md\/en\/is-mary-in-heaven-or-is-she-asleep-with-all-the-saints\/#breadcrumb"},"inLanguage":"en-US","potentialAction":[{"@type":"ReadAction","target":["https:\/\/moldovacrestina.md\/en\/is-mary-in-heaven-or-is-she-asleep-with-all-the-saints\/"]}]},{"@type":"ImageObject","inLanguage":"en-US","@id":"https:\/\/moldovacrestina.md\/en\/is-mary-in-heaven-or-is-she-asleep-with-all-the-saints\/#primaryimage","url":"https:\/\/moldovacrestina.md\/wp-content\/uploads\/2017\/12\/fecioara-maria-unde-se-afla-dreamstime-xxl-5757253.jpg","contentUrl":"https:\/\/moldovacrestina.md\/wp-content\/uploads\/2017\/12\/fecioara-maria-unde-se-afla-dreamstime-xxl-5757253.jpg","width":1614,"height":1080},{"@type":"BreadcrumbList","@id":"https:\/\/moldovacrestina.md\/en\/is-mary-in-heaven-or-is-she-asleep-with-all-the-saints\/#breadcrumb","itemListElement":[{"@type":"ListItem","position":1,"name":"Prima pagin\u0103","item":"https:\/\/moldovacrestina.md\/en\/"},{"@type":"ListItem","position":2,"name":"Doctrine","item":"https:\/\/moldovacrestina.md\/en\/doctrine-en\/"},{"@type":"ListItem","position":3,"name":"Is Mary in heaven or is she asleep with all the saints?"}]},{"@type":"WebSite","@id":"https:\/\/moldovacrestina.md\/en\/#website","url":"https:\/\/moldovacrestina.md\/en\/","name":"Moldova Cre\u0219tin\u0103","description":"R\u0103spunsuri relevante \u0219i actuale din Biblie","potentialAction":[{"@type":"SearchAction","target":{"@type":"EntryPoint","urlTemplate":"https:\/\/moldovacrestina.md\/en\/?s={search_term_string}"},"query-input":{"@type":"PropertyValueSpecification","valueRequired":true,"valueName":"search_term_string"}}],"inLanguage":"en-US"},{"@type":"Person","@id":"https:\/\/moldovacrestina.md\/en\/#\/schema\/person\/04b204bbb582cc832c3d2424f5d27dc0","name":"Vasile Filat","image":{"@type":"ImageObject","inLanguage":"en-US","@id":"https:\/\/secure.gravatar.com\/avatar\/2e02d082d139dd6eb634318c9cf2c3a8281db62f24f87a134adb4f2020e77ab3?s=96&d=mm&r=g","url":"https:\/\/secure.gravatar.com\/avatar\/2e02d082d139dd6eb634318c9cf2c3a8281db62f24f87a134adb4f2020e77ab3?s=96&d=mm&r=g","contentUrl":"https:\/\/secure.gravatar.com\/avatar\/2e02d082d139dd6eb634318c9cf2c3a8281db62f24f87a134adb4f2020e77ab3?s=96&d=mm&r=g","caption":"Vasile Filat"},"description":"P\u0103storesc\u00a0Biserica Bunavestire din Chi\u0219in\u0103u, predau Cuv\u00e2ntul lui Dumnezeu la\u00a0Institutul de Studiu Biblic Inductiv din Eurasia\u00a0\u0219i conduc\u00a0Asocia\u021bia \"\u00cenv\u0103\u021b\u0103tur\u0103 din Cuv\u00e2nt - Precept Ministries\" din Moldova. \u00cempreun\u0103 cu so\u021bia mea\u00a0Anastasia, avem trei copii. Din Aprilie 2007 am oferit r\u0103spunsuri din Biblie pe acest site la \u00eentreb\u0103ri adresate de cititori. Mai mult despre mine citi\u021bi\u00a0aici.","url":"https:\/\/moldovacrestina.md\/en\/author\/vasile-filat\/"}]}},"jetpack_featured_media_url":"https:\/\/moldovacrestina.md\/wp-content\/uploads\/2017\/12\/fecioara-maria-unde-se-afla-dreamstime-xxl-5757253.jpg","video_meta":false,"featured_image":"https:\/\/moldovacrestina.md\/wp-content\/uploads\/2017\/12\/fecioara-maria-unde-se-afla-dreamstime-xxl-5757253.jpg","wpml":{"language_code":"en","locale":"en_US","text_direction":false,"display_name":"English","native_name":"Englez\u0103","different_language":false},"jetpack-related-posts":[{"id":83594,"url":"https:\/\/moldovacrestina.md\/ru\/hto-znachit-zlosloviti-za-hrista\/","url_meta":{"origin":248421,"position":0},"title":"\u041d\u0430 \u0447\u0442\u043e \u0441\u0441\u044b\u043b\u0430\u0435\u0442\u0441\u044f \u0418\u0438\u0441\u0443\u0441 \u0425\u0440\u0438\u0441\u0442\u043e\u0441, \u0433\u043e\u0432\u043e\u0440\u044f \u201c\u043d\u0435\u043f\u0440\u0430\u0432\u0435\u0434\u043d\u043e \u0437\u043b\u043e\u0441\u043b\u043e\u0432\u0438\u0442\u044c \u0437\u0430 \u041c\u0435\u043d\u044f\u201d?","author":"Vasile Filat","date":"September 8, 2010","format":false,"excerpt":"\u0412\u043e\u043f\u0440\u043e\u0441: \u0421\u0435\u0433\u043e\u0434\u043d\u044f \u0432\u043e \u0432\u0440\u0435\u043c\u044f \u043e\u0431\u0435\u0434\u0435\u043d\u043d\u043e\u0433\u043e \u043f\u0435\u0440\u0435\u0440\u044b\u0432\u0430 \u044f \u0441\u043b\u0443\u0448\u0430\u043b \u043e \u0431\u043b\u0430\u0436\u0435\u043d\u0441\u0442\u0432\u0430\u0445, \u0441\u043a\u0430\u0437\u0430\u043d\u043d\u044b\u0445 \u0418\u0438\u0441\u0443\u0441\u043e\u043c \u0425\u0440\u0438\u0441\u0442\u043e\u043c \u0432 \u041d\u0430\u0433\u043e\u0440\u043d\u043e\u0439 \u041f\u0440\u043e\u043f\u043e\u0432\u0435\u0434\u0438, \u0438 \u0443 \u043c\u0435\u043d\u044f \u0435\u0441\u0442\u044c \u043d\u0435\u0434\u043e\u043f\u043e\u043d\u0438\u043c\u0430\u043d\u0438\u0435 \u043f\u043e \u044d\u0442\u043e\u043c\u0443 \u043f\u043e\u0432\u043e\u0434\u0443. \u042f \u043f\u043e\u043d\u0438\u043c\u0430\u044e, \u0447\u0442\u043e \u0425\u0440\u0438\u0441\u0442\u043e\u0441 \u0441\u043a\u0430\u0437\u0430\u043b \u0443\u0447\u0435\u043d\u0438\u043a\u0430\u043c, \u0447\u0442\u043e \u043e\u043d\u0438 \u0431\u0443\u0434\u0443\u0442 \u0441\u0442\u0440\u0430\u0434\u0430\u0442\u044c \u043f\u043e \u043f\u0440\u0438\u0447\u0438\u043d\u0435 \u043f\u0440\u043e\u043f\u043e\u0432\u0435\u0434\u0438 \u0421\u043b\u043e\u0432\u0430 \u0438\u043b\u0438 \u0441\u043e \u0441\u0442\u043e\u0440\u043e\u043d\u044b \u043d\u0435\u0432\u0435\u0440\u0443\u044e\u0449\u0438\u0445, \u043d\u043e \u044f \u043d\u0435 \u043f\u043e\u043d\u0438\u043c\u0430\u044e \u0432\u044b\u0440\u0430\u0436\u0435\u043d\u0438\u044f \u201c\u043d\u0435\u043f\u0440\u0430\u0432\u0435\u0434\u043d\u043e \u0437\u043b\u043e\u0441\u043b\u043e\u0432\u0438\u0442\u044c \u0437\u0430\u2026","rel":"","context":"<span class=\"jp-relatedposts-post-author\">Vasile Filat<\/span>","block_context":{"text":"\u0414\u043e\u043a\u0442\u0440\u0438\u043d\u044b","link":"https:\/\/moldovacrestina.md\/ru\/otvety-iz-biblii\/doktriny-ru\/"},"img":{"alt_text":"","src":"","width":0,"height":0},"classes":[]},{"id":84641,"url":"https:\/\/moldovacrestina.md\/ru\/test-homofobia\/","url_meta":{"origin":248421,"position":1},"title":"\u0421\u0434\u0435\u043b\u0430\u0442\u044c \u0442\u0435\u0441\u0442, \u0447\u0442\u043e\u0431\u044b \u0443\u0437\u043d\u0430\u0442\u044c, \u044f\u0432\u043b\u044f\u0435\u0448\u044c\u0441\u044f \u043b\u0438 \u0442\u044b \u0413\u041e\u041c\u041e\u0424\u041e\u0411\u041e\u041c?","author":"Vasile Filat","date":"January 14, 2011","format":false,"excerpt":"\u041f\u043e\u0441\u043a\u043e\u043b\u044c\u043a\u0443 \u044f \u043c\u043d\u043e\u0433\u043e \u0440\u0430\u0437 \u0434\u0435\u043b\u0430\u043b \u0437\u0430\u044f\u0432\u043b\u0435\u043d\u0438\u044f \u043f\u043e \u043f\u043e\u0432\u043e\u0434\u0443 \u043d\u0430\u0441\u0438\u043b\u0438\u044f, \u043d\u0430 \u043a\u043e\u0442\u043e\u0440\u043e\u043c \u043d\u0430\u0441\u0442\u0430\u0438\u0432\u0430\u0435\u0442 \u043e\u0440\u0433\u0430\u043d\u0438\u0437\u0430\u0446\u0438\u044f \u0433\u043e\u043c\u043e\u0441\u0435\u043a\u0441\u0443\u0430\u043b\u0438\u0441\u0442\u043e\u0432 \u0438\u0437 \u041c\u043e\u043b\u0434\u043e\u0432\u044b \u0438 \u0434\u0440\u0443\u0433\u0438\u0435 \u043e\u0440\u0433\u0430\u043d\u0438\u0437\u0430\u0446\u0438\u0438, \u043a\u043e\u0442\u043e\u0440\u044b\u0435 \u043f\u0440\u043e\u043f\u0430\u0433\u0430\u043d\u0434\u0438\u0440\u0443\u044e\u0442\u00a0 \u0442\u0430\u043a \u043d\u0430\u0437\u044b\u0432\u0430\u0435\u043c\u044b\u0435 \u201c\u043f\u0440\u0430\u0432\u0430 \u0441\u0435\u043a\u0441\u0443\u0430\u043b\u044c\u043d\u044b\u0445 \u043c\u0435\u043d\u044c\u0448\u0438\u043d\u0441\u0442\u0432\u201d, \u043c\u0435\u043d\u044f \u0447\u0430\u0441\u0442\u043e \u0441\u0442\u0430\u043b\u0438 \u043d\u0430\u0437\u044b\u0432\u0430\u0442\u044c \u201c\u0433\u043e\u043c\u043e\u0444\u043e\u0431\u201d, \u0442\u043e\u0447\u043d\u043e \u0442\u0430\u043a\u0436\u0435, \u043a\u0430\u043a \u043e\u043d\u0438 \u043d\u0430\u0437\u044b\u0432\u0430\u044e\u0442 \u043b\u044e\u0431\u043e\u0433\u043e, \u043a\u0442\u043e \u043d\u0435 \u0440\u0430\u0437\u0434\u0435\u043b\u044f\u0435\u0442 \u0438\u0445 \u043c\u043d\u0435\u043d\u0438\u044f. \u0421\u0435\u0433\u043e\u0434\u043d\u044f \u044f \u043f\u043e\u043b\u0443\u0447\u0438\u043b \u043f\u043e email \u043f\u0440\u0438\u0433\u043b\u0430\u0448\u0435\u043d\u0438\u0435 \u0441\u0434\u0435\u043b\u0430\u0442\u044c \u0442\u0435\u0441\u0442,\u2026","rel":"","context":"<span class=\"jp-relatedposts-post-author\">Vasile Filat<\/span>","block_context":{"text":"\u041e\u0431\u0449\u0435\u0441\u0442\u0432\u043e","link":"https:\/\/moldovacrestina.md\/ru\/otvety-iz-biblii\/obshhestvo\/"},"img":{"alt_text":"","src":"https:\/\/i0.wp.com\/americansfortruth.com\/uploads\/2011\/01\/Homophobia_Quiz-300x148.png?resize=350%2C200","width":350,"height":200},"classes":[]},{"id":112659,"url":"https:\/\/moldovacrestina.md\/ru\/kogda-opravdanie-nechestivogo-yavlyaet\/","url_meta":{"origin":248421,"position":2},"title":"\u041a\u043e\u0433\u0434\u0430 \u043e\u043f\u0440\u0430\u0432\u0434\u0430\u043d\u0438\u0435 \u043d\u0435\u0447\u0435\u0441\u0442\u0438\u0432\u043e\u0433\u043e \u044f\u0432\u043b\u044f\u0435\u0442\u0441\u044f \u043c\u0435\u0440\u0437\u043e\u0441\u0442\u044c\u044e \u043f\u0435\u0440\u0435\u0434 \u0411\u043e\u0433\u043e\u043c? (\u041f\u0440\u0438\u0442\u0447\u0438 17:15)","author":"Vasile Filat","date":"January 16, 2017","format":false,"excerpt":"\u0412\u0441\u0435 \u043c\u044b \u0436\u0435\u043b\u0430\u0435\u043c \u043f\u0440\u043e\u0449\u0435\u043d\u0438\u044f \u043e\u0442 \u0411\u043e\u0433\u0430, \u0438 \u0411\u043e\u0433 \u0443\u0447\u0438\u0442 \u043d\u0430\u0441 \u043f\u0440\u043e\u0449\u0430\u0442\u044c \u0442\u0435\u0445, \u043a\u0442\u043e \u0441\u0434\u0435\u043b\u0430\u043b\u0441\u044f \u0432\u0438\u043d\u043e\u0432\u0430\u0442\u044b\u043c \u043f\u0435\u0440\u0435\u0434 \u043d\u0430\u043c\u0438. \u0412\u0441\u0451-\u0442\u0430\u043a\u0438, \u0441\u0443\u0449\u0435\u0441\u0442\u0432\u0443\u0435\u0442 \u0441\u0442\u0438\u0445 \u0438\u0437 \u0411\u0438\u0431\u043b\u0438\u0438, \u0432 \u043a\u043e\u0442\u043e\u0440\u043e\u043c \u043d\u0430\u043f\u0438\u0441\u0430\u043d\u043e, \u0447\u0442\u043e \u043e\u043f\u0440\u0430\u0432\u0434\u044b\u0432\u0430\u0442\u044c \u0438\u043b\u0438\u00a0\u043f\u0440\u043e\u0449\u0430\u0442\u044c \u043d\u0435\u0447\u0435\u0441\u0442\u0438\u0432\u043e\u0433\u043e\u00a0- \u044d\u0442\u043e \u043c\u0435\u0440\u0437\u043e\u0441\u0442\u044c \u043f\u0435\u0440\u0435\u0434 \u0411\u043e\u0433\u043e\u043c. \u0422\u0430\u043a\u0438\u0435 \u0441\u0438\u0442\u0443\u0430\u0446\u0438\u0438 \u0438\u043c\u0435\u044e\u0442\u0441\u044f \u0432 \u0432\u0438\u0434\u0443 \u0432 \u0441\u043b\u0435\u0434\u0443\u044e\u0449\u0435\u043c \u0432\u043e\u043f\u0440\u043e\u0441\u0435, \u043a\u043e\u0442\u043e\u0440\u044b\u0439 \u0431\u044b\u043b \u0437\u0430\u0434\u0430\u043d \u043c\u043d\u0435: \u041c\u0438\u0440 \u0432\u0430\u043c, \u043f\u0430\u0441\u0442\u043e\u0440 \u0412\u0430\u0441\u0438\u043b\u0438\u0439. \u042f\u2026","rel":"","context":"<span class=\"jp-relatedposts-post-author\">Vasile Filat<\/span>","block_context":{"text":"\u041e\u0442\u0432\u0435\u0442\u044b \u0438\u0437 \u0411\u0438\u0431\u043b\u0438\u0438","link":"https:\/\/moldovacrestina.md\/ru\/otvety-iz-biblii\/"},"img":{"alt_text":"","src":"https:\/\/i0.wp.com\/moldovacrestina.md\/wp-content\/uploads\/2017\/01\/o-forgiveness-facebook-1024x512-2.jpg?resize=350%2C200&ssl=1","width":350,"height":200,"srcset":"https:\/\/i0.wp.com\/moldovacrestina.md\/wp-content\/uploads\/2017\/01\/o-forgiveness-facebook-1024x512-2.jpg?resize=350%2C200&ssl=1 1x, https:\/\/i0.wp.com\/moldovacrestina.md\/wp-content\/uploads\/2017\/01\/o-forgiveness-facebook-1024x512-2.jpg?resize=525%2C300&ssl=1 1.5x, https:\/\/i0.wp.com\/moldovacrestina.md\/wp-content\/uploads\/2017\/01\/o-forgiveness-facebook-1024x512-2.jpg?resize=700%2C400&ssl=1 2x"},"classes":[]},{"id":80070,"url":"https:\/\/moldovacrestina.md\/ru\/kak-proyavlyaetsya-polnota-slova-bozheg\/","url_meta":{"origin":248421,"position":3},"title":"\u041a\u0430\u043a \u043f\u0440\u043e\u044f\u0432\u043b\u044f\u0435\u0442\u0441\u044f \u043f\u043e\u043b\u043d\u043e\u0442\u0430 \u0421\u043b\u043e\u0432\u0430 \u0411\u043e\u0436\u044c\u0435\u0433\u043e? (\u041a\u043e\u043b\u043e\u0441\u0441\u044f\u043d\u0430\u043c 1:24-29)","author":"Vasile Filat","date":"January 28, 2008","format":false,"excerpt":"\u041e\u0434\u043d\u0430\u0436\u0434\u044b \u043d\u0430 \u0441\u0442\u0435\u043a\u043b\u0435 \u043e\u0434\u043d\u043e\u0439 \u043c\u0430\u0448\u0438\u043d\u044b \u044f \u043f\u0440\u043e\u0447\u0438\u0442\u0430\u043b \u043d\u0430\u0434\u043f\u0438\u0441\u044c, \u043d\u0430\u043f\u0438\u0441\u0430\u043d\u043d\u0443\u044e \u043f\u043e-\u0430\u043d\u0433\u043b\u0438\u0439\u0441\u043a\u0438 \u00abThe truth is the shield of the soul\u00bb. \u041a\u043e\u0442\u043e\u0440\u0430\u044f \u0432 \u043f\u0435\u0440\u0435\u0432\u043e\u0434\u0435 \u0437\u043d\u0430\u0447\u0438\u0442 \u00ab\u0418\u0441\u0442\u0438\u043d\u0430 \u2013 \u0449\u0438\u0442 \u0434\u043b\u044f \u0434\u0443\u0448\u0438\u00bb. \u0413\u043e\u0441\u043f\u043e\u0434\u044c \u0418\u0438\u0441\u0443\u0441 \u0425\u0440\u0438\u0441\u0442\u043e\u0441 \u0441\u043a\u0430\u0437\u0430\u043b, \u0447\u0442\u043e \u0438\u0441\u0442\u0438\u043d\u0430 \u0434\u0435\u043b\u0430\u0435\u0442 \u043d\u0430\u0441 \u0441\u0432\u043e\u0431\u043e\u0434\u043d\u044b\u043c\u0438 \u0438 \u044d\u0442\u043e\u0439 \u0438\u0441\u0442\u0438\u043d\u043e\u0439 \u044f\u0432\u043b\u044f\u0435\u0442\u0441\u044f \u0421\u043b\u043e\u0432\u043e \u0411\u043e\u0436\u044c\u0435. \u0413\u043b\u0443\u0431\u043e\u043a\u043e\u0435 \u0437\u043d\u0430\u043d\u0438\u0435 \u0411\u0438\u0431\u043b\u0438\u0438 \u043f\u0440\u0438\u043d\u043e\u0441\u0438\u0442 \u043d\u0430\u043c \u0441\u0432\u043e\u0431\u043e\u0434\u0443, \u0440\u0430\u0434\u043e\u0441\u0442\u044c, \u0432\u043e\u0441\u043f\u043e\u043b\u043d\u0435\u043d\u0438\u0435\u2026","rel":"","context":"<span class=\"jp-relatedposts-post-author\">Vasile Filat<\/span>","block_context":{"text":"\u041e\u0431\u0449\u0435\u0441\u0442\u0432\u043e","link":"https:\/\/moldovacrestina.md\/ru\/otvety-iz-biblii\/obshhestvo\/"},"img":{"alt_text":"","src":"https:\/\/i0.wp.com\/moldovacrestina.md\/wp-content\/uploads\/2008\/01\/wisdom_tree_by_doug222-d3f0ozt.jpg?resize=350%2C200&ssl=1","width":350,"height":200,"srcset":"https:\/\/i0.wp.com\/moldovacrestina.md\/wp-content\/uploads\/2008\/01\/wisdom_tree_by_doug222-d3f0ozt.jpg?resize=350%2C200&ssl=1 1x, https:\/\/i0.wp.com\/moldovacrestina.md\/wp-content\/uploads\/2008\/01\/wisdom_tree_by_doug222-d3f0ozt.jpg?resize=525%2C300&ssl=1 1.5x, https:\/\/i0.wp.com\/moldovacrestina.md\/wp-content\/uploads\/2008\/01\/wisdom_tree_by_doug222-d3f0ozt.jpg?resize=700%2C400&ssl=1 2x"},"classes":[]},{"id":223414,"url":"https:\/\/moldovacrestina.md\/ru\/govorenie-na-neponyatnyh-yazykah\/","url_meta":{"origin":248421,"position":4},"title":"\u0427\u0442\u043e \u043f\u0440\u0435\u0434\u0441\u0442\u0430\u0432\u043b\u044f\u0435\u0442 \u0438\u0437 \u0441\u0435\u0431\u044f \u0433\u043e\u0432\u043e\u0440\u0435\u043d\u0438\u0435 \u043d\u0430 \u043d\u0435\u043f\u043e\u043d\u044f\u0442\u043d\u044b\u0445 \u044f\u0437\u044b\u043a\u0430\u0445 \u0432 \u043f\u044f\u0442\u0438\u0434\u0435\u0441\u044f\u0442\u043d\u0438\u0447\u0435\u0441\u043a\u0438\u0445 \u0446\u0435\u0440\u043a\u0432\u044f\u0445?","author":"Anastasia Filat","date":"November 18, 2018","format":false,"excerpt":"\u0412\u043e\u043f\u0440\u043e\u0441: \u041d\u0430\u0445\u043e\u0434\u044f\u0441\u044c \u0432 \u043f\u044f\u0442\u0438\u0434\u0435\u0441\u044f\u0442\u043d\u0438\u0447\u0435\u0441\u043a\u043e\u0439 \u0446\u0435\u0440\u043a\u0432\u0438, \u044f \u0441\u0442\u0430\u043b\u0430 \u0441\u0432\u0438\u0434\u0435\u0442\u0435\u043b\u0435\u043c \u0442\u043e\u0433\u043e, \u043a\u0430\u043a \u043d\u0435\u043a\u043e\u0442\u043e\u0440\u044b\u0435 \u043c\u043e\u043b\u0438\u043b\u0438\u0441\u044c \u043d\u0430 \u0434\u0440\u0443\u0433\u043e\u043c \u044f\u0437\u044b\u043a\u0435, \u0438\u0441\u043f\u043e\u043b\u044c\u0437\u0443\u044f \u0442\u0430\u043a\u043e\u0439 \u0436\u0435 \u0430\u043a\u0446\u0435\u043d\u0442, \u0442\u0430\u043a\u0438\u0435 \u0436\u0435 \u043f\u0430\u0443\u0437\u044b \u043c\u0435\u0436\u0434\u0443 \u0441\u043b\u043e\u0432\u0430\u043c\u0438, \u0442\u0430\u043a\u043e\u0439 \u0436\u0435 \u0440\u0438\u0442\u043c, \u0442\u0435\u043c\u043f \u0438 \u0437\u0432\u0443\u043a, \u0442\u043e \u0435\u0441\u0442\u044c \u043d\u0435 \u0433\u0440\u043e\u043c\u0447\u0435 \u0438\u043b\u0438 \u0442\u0438\u0448\u0435. \u042f \u0445\u043e\u0447\u0443 \u0441\u043f\u0440\u043e\u0441\u0438\u0442\u044c \u0432\u0430\u0441, \u043d\u043e\u0440\u043c\u0430\u043b\u044c\u043d\u043e \u043b\u0438 \u044d\u0442\u043e, \u0438\u043b\u0438 \u0436\u0435 \u043a\u043e\u0433\u0434\u0430 \u043a\u0442\u043e-\u0442\u043e \u0433\u043e\u0432\u043e\u0440\u0438\u0442 \u043d\u0430 \u044f\u0437\u044b\u043a\u0430\u0445,\u2026","rel":"","context":"<span class=\"jp-relatedposts-post-author\">Anastasia Filat<\/span>","block_context":{"text":"\u041e\u0442\u0432\u0435\u0442\u044b \u0438\u0437 \u0411\u0438\u0431\u043b\u0438\u0438","link":"https:\/\/moldovacrestina.md\/ru\/otvety-iz-biblii\/"},"img":{"alt_text":"\u0433\u043e\u0432\u043e\u0440\u0435\u043d\u0438\u0435 \u043d\u0430 \u043d\u0435\u043f\u043e\u043d\u044f\u0442\u043d\u044b\u0445 \u044f\u0437\u044b\u043a\u0430\u0445","src":"https:\/\/i0.wp.com\/moldovacrestina.md\/wp-content\/uploads\/2018\/11\/39595577958_vorbirea-in-limbi-14.jpg?resize=350%2C200&ssl=1","width":350,"height":200,"srcset":"https:\/\/i0.wp.com\/moldovacrestina.md\/wp-content\/uploads\/2018\/11\/39595577958_vorbirea-in-limbi-14.jpg?resize=350%2C200&ssl=1 1x, https:\/\/i0.wp.com\/moldovacrestina.md\/wp-content\/uploads\/2018\/11\/39595577958_vorbirea-in-limbi-14.jpg?resize=525%2C300&ssl=1 1.5x, https:\/\/i0.wp.com\/moldovacrestina.md\/wp-content\/uploads\/2018\/11\/39595577958_vorbirea-in-limbi-14.jpg?resize=700%2C400&ssl=1 2x"},"classes":[]},{"id":331595,"url":"https:\/\/moldovacrestina.md\/ru\/hristiane-pridaiut-smisl-rojdestvu\/","url_meta":{"origin":248421,"position":5},"title":"\u041a\u0430\u043a \u043f\u0440\u0438\u0434\u0430\u0442\u044c \u0441\u043c\u044b\u0441\u043b \u0420\u043e\u0436\u0434\u0435\u0441\u0442\u0432\u0443?","author":"Vasile Filat","date":"December 8, 2021","format":false,"excerpt":"\u041c\u043d\u043e\u0433\u043e \u043b\u0435\u0442 \u043d\u0430\u0437\u0430\u0434 \u044f \u0435\u0445\u0430\u043b \u043f\u043e \u0434\u043e\u0440\u043e\u0433\u0435 \u0432 \u041a\u0430\u043b\u0438\u0444\u043e\u0440\u043d\u0438\u0438, \u0421\u0428\u0410. \u041d\u0430 \u0432\u0435\u0440\u0448\u0438\u043d\u0435 \u0445\u043e\u043b\u043c\u0430 \u044f \u0443\u0432\u0438\u0434\u0435\u043b \u043e\u0433\u0440\u043e\u043c\u043d\u044b\u0435 \u0441\u0432\u0435\u0442\u044f\u0449\u0438\u0435\u0441\u044f \u0431\u0443\u043a\u0432\u044b, \u043a\u043e\u0442\u043e\u0440\u044b\u043c\u0438 \u0431\u044b\u043b\u043e \u043d\u0430\u043f\u0438\u0441\u0430\u043d\u043e: \u00abJesus is the reason for the season\u00bb (\u00ab\u0418\u0438\u0441\u0443\u0441 \u2014 \u043f\u0440\u0438\u0447\u0438\u043d\u0430 \u044d\u0442\u043e\u0433\u043e \u043f\u0440\u0430\u0437\u0434\u043d\u0438\u043a\u0430). \u041f\u043e\u0447\u0435\u043c\u0443 \u043b\u044e\u0434\u0438 \u0443\u0441\u0442\u0430\u043d\u043e\u0432\u0438\u043b\u0438 \u0442\u0430\u043a\u043e\u0439 \u0437\u043d\u0430\u043a? \u041d\u0435\u0442\u0440\u0443\u0434\u043d\u043e \u0434\u043e\u0433\u0430\u0434\u0430\u0442\u044c\u0441\u044f. \u041c\u043d\u043e\u0433\u0438\u0435 \u043f\u0440\u0430\u0437\u0434\u043d\u0443\u044e\u0442 \u0420\u043e\u0436\u0434\u0435\u0441\u0442\u0432\u043e, \u043d\u043e \u0434\u0430\u0432\u043d\u043e \u043f\u043e\u0442\u0435\u0440\u044f\u043b\u0438 \u0435\u0433\u043e \u0441\u043c\u044b\u0441\u043b. \u042f \u043f\u043e\u0431\u044b\u0432\u0430\u043b\u2026","rel":"","context":"<span class=\"jp-relatedposts-post-author\">Vasile Filat<\/span>","block_context":{"text":"\u0411\u043b\u043e\u0433\u043e\u0441\u0444\u0435\u0440\u0430","link":"https:\/\/moldovacrestina.md\/ru\/vospitanie-ru\/blogosfera-ru\/"},"img":{"alt_text":"","src":"","width":0,"height":0},"classes":[]}],"jetpack_sharing_enabled":true,"_links":{"self":[{"href":"https:\/\/moldovacrestina.md\/en\/wp-json\/wp\/v2\/posts\/248421","targetHints":{"allow":["GET"]}}],"collection":[{"href":"https:\/\/moldovacrestina.md\/en\/wp-json\/wp\/v2\/posts"}],"about":[{"href":"https:\/\/moldovacrestina.md\/en\/wp-json\/wp\/v2\/types\/post"}],"author":[{"embeddable":true,"href":"https:\/\/moldovacrestina.md\/en\/wp-json\/wp\/v2\/users\/46"}],"replies":[{"embeddable":true,"href":"https:\/\/moldovacrestina.md\/en\/wp-json\/wp\/v2\/comments?post=248421"}],"version-history":[{"count":0,"href":"https:\/\/moldovacrestina.md\/en\/wp-json\/wp\/v2\/posts\/248421\/revisions"}],"wp:featuredmedia":[{"embeddable":true,"href":"https:\/\/moldovacrestina.md\/en\/wp-json\/wp\/v2\/media\/180458"}],"wp:attachment":[{"href":"https:\/\/moldovacrestina.md\/en\/wp-json\/wp\/v2\/media?parent=248421"}],"wp:term":[{"taxonomy":"category","embeddable":true,"href":"https:\/\/moldovacrestina.md\/en\/wp-json\/wp\/v2\/categories?post=248421"},{"taxonomy":"post_tag","embeddable":true,"href":"https:\/\/moldovacrestina.md\/en\/wp-json\/wp\/v2\/tags?post=248421"}],"curies":[{"name":"wp","href":"https:\/\/api.w.org\/{rel}","templated":true}]}}