{"id":248112,"date":"2019-05-06T18:53:16","date_gmt":"2019-05-06T15:53:16","guid":{"rendered":"https:\/\/moldovacrestina.md\/?p=248112"},"modified":"2019-05-06T18:53:16","modified_gmt":"2019-05-06T15:53:16","slug":"why-is-evil-called-good-and-the-good-evil","status":"publish","type":"post","link":"https:\/\/moldovacrestina.md\/en\/why-is-evil-called-good-and-the-good-evil\/","title":{"rendered":"Why is evil called good and the good-evil?"},"content":{"rendered":"<p><span style=\"font-weight: 400\">Many times I asked myself the question: why evil is presented as a good, and good as evil. That is why I wanted to answer the question that was placed on the <a href=\"https:\/\/moldovacrestina.md\/en\/\">Christian Moldova<\/a> website. Below you can read the question:<\/span><\/p>\n<blockquote><p><span style=\"font-weight: 400\">Peace! I have a question. Why is the evil being promoted nowadays and people think it is good? If you are right and doing well, everyone seems suspicious. Why is this a mess?<\/span><\/p><\/blockquote>\n<p><span style=\"font-weight: 400\">The answer to this subject can be found very clearly and well explained by the apostle Paul in his epistle to the Romans. In chapter 1, after Paul says that<\/span><span style=\"font-weight: 400\"> \u201cthe wrath of God is revealed from heaven against all ungodliness and unrighteousness of men who suppress the truth in unrighteousness.<\/span><span style=\"font-weight: 400\">&#8221; In verse 22, Paul writes of these people as follows:<\/span><\/p>\n<blockquote><p><span style=\"font-weight: 400\">Professing to be wise, they became fools, <\/span><b>\u00a0<\/b><span style=\"font-weight: 400\">and exchanged the glory of the incorruptible God for an image in the form of corruptible man and of birds and four-footed animals and crawling creatures.Therefore God gave them over in the lusts of their hearts to impurity, so that their bodies would be dishonored among them. For they exchanged the truth of God for a lie, and worshiped and served the creature rather than the Creator, who is blessed forever. Amen.(Romans 1:22-25)(NASB)<\/span><\/p><\/blockquote>\n<p><span style=\"font-weight: 400\">So, these people first suppress the truth of God in their hearts and minds; then they are professed to be wise.What are they doing now? They exchange the truth into a lie. These people certainly believe they are wise, but in reality, they became fools.They rejected God, and because of this the Lord gave them over in the lusts of their hearts to impurity.<\/span><\/p>\n<blockquote><p><span style=\"font-weight: 400\">And just as they did not see fit to acknowledge God any longer, God gave them over to a depraved mind, to do those things which are not proper,<\/span> <span style=\"font-weight: 400\">being filled with all unrighteousness, wickedness, greed, evil; full of envy, murder, strife, deceit, malice; <\/span><i><span style=\"font-weight: 400\">they are<\/span><\/i><span style=\"font-weight: 400\"> gossips, slanderers, haters of God, insolent, arrogant, boastful, inventors of evil, disobedient to parents, without understanding, untrustworthy, unloving, unmerciful; (Romans 1:28-31)(NASB)<\/span><\/p><\/blockquote>\n<p><span style=\"font-weight: 400\">The phrase that is repeated in chapter 1 is &#8220;God gave them over&#8221; The Lord gave them over to a depraved mind not because He does not care about them, but because they first gave God over. Now their behavior is the result of their separation of God. They not only name evil good, but they find good the ones who do the same as they do. \u00a0This is also the answer to your question. People who have turned against God, who suppressed His truth, can not promote the truth, but exchanged it into a lie. This is their nature, and unfortunately, this is the society of our days. The fact that these people are skeptical of you when you do good and you are suspected of bad things doesn&#8217;t characterize you but them. Therefore, continue to do well, allow the truth of God to guide your life, and don&#8217;t suppress it.<\/span><\/p>\n<p><span style=\"font-weight: 400\">I give you the same exhortation that Paul gave to Timothy before his death:<\/span><\/p>\n<blockquote><p><span style=\"font-weight: 400\">\u201dI solemnly charge <\/span><i><span style=\"font-weight: 400\">you<\/span><\/i><span style=\"font-weight: 400\"> in the presence of God and of Christ Jesus, who is to judge the living and the dead, and by His appearing and His kingdom: preach the word; be ready in season <\/span><i><span style=\"font-weight: 400\">and<\/span><\/i><span style=\"font-weight: 400\"> out of season; reprove, rebuke, exhort, with great patience and instruction. For the time will come when they will not endure sound doctrine; but <\/span><i><span style=\"font-weight: 400\">wanting<\/span><\/i><span style=\"font-weight: 400\"> to have their ears tickled, they will accumulate for themselves teachers in accordance to their own desires, and will turn away their ears from the truth and will turn aside to myths.(2 Timothy 4:1-4)(NASB)\u201d<\/span><\/p><\/blockquote>\n<p>At this time, our primary calling is to preach the Word, in season and out of season, even when people turn their ears away from the truth.<\/p>\n<p><span style=\"font-weight: 400\">May God help us!<\/span><\/p>\n<p><em>Translated by Ina Croitoru<\/em><\/p>\n","protected":false},"excerpt":{"rendered":"<p>Many times I asked myself the question: why evil is presented as a good, and good as evil. That is why I wanted to answer the question that was placed on the Christian Moldova website. Below you can read the question: Peace! I have a question. Why is the evil being promoted nowadays and people [&hellip;]<\/p>\n","protected":false},"author":110,"featured_media":158971,"comment_status":"closed","ping_status":"closed","sticky":false,"template":"","format":"standard","meta":{"_acf_changed":false,"inline_featured_image":false,"_monsterinsights_skip_tracking":false,"_monsterinsights_sitenote_active":false,"_monsterinsights_sitenote_note":"","_monsterinsights_sitenote_category":0,"_genesis_hide_title":false,"_genesis_hide_breadcrumbs":false,"_genesis_hide_singular_image":false,"_genesis_hide_footer_widgets":false,"_genesis_custom_body_class":"","_genesis_custom_post_class":"","_genesis_layout":"","ep_exclude_from_search":false,"_jetpack_memberships_contains_paid_content":false,"footnotes":""},"categories":[],"tags":[32220,32221,32222,32223,32224],"class_list":{"0":"post-248112","1":"post","2":"type-post","3":"status-publish","4":"format-standard","5":"has-post-thumbnail","7":"tag-the-evil-in-good","8":"tag-the-truth-in-lie","9":"tag-the-lie-into-the-truth","10":"tag-evil-en","11":"tag-good-en","12":"entry"},"acf":[],"yoast_head":"<!-- This site is optimized with the Yoast SEO Premium plugin v26.5 (Yoast SEO v27.4) - https:\/\/yoast.com\/product\/yoast-seo-premium-wordpress\/ -->\n<title>Evil is called good and bad good - why is it happening?<\/title>\n<meta name=\"description\" content=\"Nowadays, a paradox happens when evil is called good and the good-evil. Why is the lie presented as truth? Find out the answer in this article.\" \/>\n<meta name=\"robots\" content=\"index, follow, max-snippet:-1, max-image-preview:large, max-video-preview:-1\" \/>\n<link rel=\"canonical\" href=\"https:\/\/moldovacrestina.md\/en\/why-is-evil-called-good-and-the-good-evil\/\" \/>\n<meta property=\"og:locale\" content=\"en_US\" \/>\n<meta property=\"og:type\" content=\"article\" \/>\n<meta property=\"og:title\" content=\"Why is evil called good and the good-evil?\" \/>\n<meta property=\"og:description\" content=\"Nowadays, a paradox happens when evil is called good and the good-evil. Why is the lie presented as truth? Find out the answer in this article.\" \/>\n<meta property=\"og:url\" content=\"https:\/\/moldovacrestina.md\/en\/why-is-evil-called-good-and-the-good-evil\/\" \/>\n<meta property=\"og:site_name\" content=\"Moldova Cre\u0219tin\u0103\" \/>\n<meta property=\"article:publisher\" content=\"https:\/\/www.facebook.com\/moldovacrestina\/\" \/>\n<meta property=\"article:published_time\" content=\"2019-05-06T15:53:16+00:00\" \/>\n<meta property=\"og:image\" content=\"https:\/\/cdn.moldovacrestina.md\/2017\/12\/de-ce-raul-este-numit-bine-si-binele-rau-tmp693857605033918465.jpg\" \/>\n\t<meta property=\"og:image:width\" content=\"630\" \/>\n\t<meta property=\"og:image:height\" content=\"720\" \/>\n\t<meta property=\"og:image:type\" content=\"image\/jpeg\" \/>\n<meta name=\"author\" content=\"Alexei Tentiuc\" \/>\n<meta name=\"twitter:card\" content=\"summary_large_image\" \/>\n<meta name=\"twitter:creator\" content=\"@moldovacrestina\" \/>\n<meta name=\"twitter:site\" content=\"@moldovacrestina\" \/>\n<meta name=\"twitter:label1\" content=\"Written by\" \/>\n\t<meta name=\"twitter:data1\" content=\"Alexei Tentiuc\" \/>\n\t<meta name=\"twitter:label2\" content=\"Est. reading time\" \/>\n\t<meta name=\"twitter:data2\" content=\"3 minutes\" \/>\n<script type=\"application\/ld+json\" class=\"yoast-schema-graph\">{\"@context\":\"https:\\\/\\\/schema.org\",\"@graph\":[{\"@type\":\"Article\",\"@id\":\"https:\\\/\\\/moldovacrestina.md\\\/en\\\/why-is-evil-called-good-and-the-good-evil\\\/#article\",\"isPartOf\":{\"@id\":\"https:\\\/\\\/moldovacrestina.md\\\/en\\\/why-is-evil-called-good-and-the-good-evil\\\/\"},\"author\":{\"name\":\"Alexei Tentiuc\",\"@id\":\"https:\\\/\\\/moldovacrestina.md\\\/en\\\/#\\\/schema\\\/person\\\/d1b9fac243da766743d57a5dd0c36935\"},\"headline\":\"Why is evil called good and the good-evil?\",\"datePublished\":\"2019-05-06T15:53:16+00:00\",\"mainEntityOfPage\":{\"@id\":\"https:\\\/\\\/moldovacrestina.md\\\/en\\\/why-is-evil-called-good-and-the-good-evil\\\/\"},\"wordCount\":657,\"image\":{\"@id\":\"https:\\\/\\\/moldovacrestina.md\\\/en\\\/why-is-evil-called-good-and-the-good-evil\\\/#primaryimage\"},\"thumbnailUrl\":\"https:\\\/\\\/moldovacrestina.md\\\/wp-content\\\/uploads\\\/2017\\\/12\\\/de-ce-raul-este-numit-bine-si-binele-rau-tmp693857605033918465.jpg\",\"keywords\":[\"the evil in good\",\"the truth in lie\",\"the lie into the truth\",\"evil\",\"good\"],\"inLanguage\":\"en-US\"},{\"@type\":\"WebPage\",\"@id\":\"https:\\\/\\\/moldovacrestina.md\\\/en\\\/why-is-evil-called-good-and-the-good-evil\\\/\",\"url\":\"https:\\\/\\\/moldovacrestina.md\\\/en\\\/why-is-evil-called-good-and-the-good-evil\\\/\",\"name\":\"Evil is called good and bad good - why is it happening?\",\"isPartOf\":{\"@id\":\"https:\\\/\\\/moldovacrestina.md\\\/en\\\/#website\"},\"primaryImageOfPage\":{\"@id\":\"https:\\\/\\\/moldovacrestina.md\\\/en\\\/why-is-evil-called-good-and-the-good-evil\\\/#primaryimage\"},\"image\":{\"@id\":\"https:\\\/\\\/moldovacrestina.md\\\/en\\\/why-is-evil-called-good-and-the-good-evil\\\/#primaryimage\"},\"thumbnailUrl\":\"https:\\\/\\\/moldovacrestina.md\\\/wp-content\\\/uploads\\\/2017\\\/12\\\/de-ce-raul-este-numit-bine-si-binele-rau-tmp693857605033918465.jpg\",\"datePublished\":\"2019-05-06T15:53:16+00:00\",\"author\":{\"@id\":\"https:\\\/\\\/moldovacrestina.md\\\/en\\\/#\\\/schema\\\/person\\\/d1b9fac243da766743d57a5dd0c36935\"},\"description\":\"Nowadays, a paradox happens when evil is called good and the good-evil. Why is the lie presented as truth? Find out the answer in this article.\",\"breadcrumb\":{\"@id\":\"https:\\\/\\\/moldovacrestina.md\\\/en\\\/why-is-evil-called-good-and-the-good-evil\\\/#breadcrumb\"},\"inLanguage\":\"en-US\",\"potentialAction\":[{\"@type\":\"ReadAction\",\"target\":[\"https:\\\/\\\/moldovacrestina.md\\\/en\\\/why-is-evil-called-good-and-the-good-evil\\\/\"]}]},{\"@type\":\"ImageObject\",\"inLanguage\":\"en-US\",\"@id\":\"https:\\\/\\\/moldovacrestina.md\\\/en\\\/why-is-evil-called-good-and-the-good-evil\\\/#primaryimage\",\"url\":\"https:\\\/\\\/moldovacrestina.md\\\/wp-content\\\/uploads\\\/2017\\\/12\\\/de-ce-raul-este-numit-bine-si-binele-rau-tmp693857605033918465.jpg\",\"contentUrl\":\"https:\\\/\\\/moldovacrestina.md\\\/wp-content\\\/uploads\\\/2017\\\/12\\\/de-ce-raul-este-numit-bine-si-binele-rau-tmp693857605033918465.jpg\",\"width\":\"630\",\"height\":\"720\"},{\"@type\":\"BreadcrumbList\",\"@id\":\"https:\\\/\\\/moldovacrestina.md\\\/en\\\/why-is-evil-called-good-and-the-good-evil\\\/#breadcrumb\",\"itemListElement\":[{\"@type\":\"ListItem\",\"position\":1,\"name\":\"Prima pagin\u0103\",\"item\":\"https:\\\/\\\/moldovacrestina.md\\\/en\\\/\"},{\"@type\":\"ListItem\",\"position\":2,\"name\":\"Why is evil called good and the good-evil?\"}]},{\"@type\":\"WebSite\",\"@id\":\"https:\\\/\\\/moldovacrestina.md\\\/en\\\/#website\",\"url\":\"https:\\\/\\\/moldovacrestina.md\\\/en\\\/\",\"name\":\"Moldova Cre\u0219tin\u0103\",\"description\":\"R\u0103spunsuri relevante \u0219i actuale din Biblie\",\"potentialAction\":[{\"@type\":\"SearchAction\",\"target\":{\"@type\":\"EntryPoint\",\"urlTemplate\":\"https:\\\/\\\/moldovacrestina.md\\\/en\\\/?s={search_term_string}\"},\"query-input\":{\"@type\":\"PropertyValueSpecification\",\"valueRequired\":true,\"valueName\":\"search_term_string\"}}],\"inLanguage\":\"en-US\"},{\"@type\":\"Person\",\"@id\":\"https:\\\/\\\/moldovacrestina.md\\\/en\\\/#\\\/schema\\\/person\\\/d1b9fac243da766743d57a5dd0c36935\",\"name\":\"Alexei Tentiuc\",\"image\":{\"@type\":\"ImageObject\",\"inLanguage\":\"en-US\",\"@id\":\"https:\\\/\\\/secure.gravatar.com\\\/avatar\\\/bbcd53f2bb72d5c1a66db34e047e3fd511a31bd04a2d9b6d29806e8cd9ed4721?s=96&d=mm&r=g\",\"url\":\"https:\\\/\\\/secure.gravatar.com\\\/avatar\\\/bbcd53f2bb72d5c1a66db34e047e3fd511a31bd04a2d9b6d29806e8cd9ed4721?s=96&d=mm&r=g\",\"contentUrl\":\"https:\\\/\\\/secure.gravatar.com\\\/avatar\\\/bbcd53f2bb72d5c1a66db34e047e3fd511a31bd04a2d9b6d29806e8cd9ed4721?s=96&d=mm&r=g\",\"caption\":\"Alexei Tentiuc\"},\"description\":\"Sunt c\u0103s\u0103torit \u0219i tat\u0103 a doi copii. M\u0103 bucur s\u0103 pot sluji lui Dumnezeu ca&nbsp;profesor &icirc;n cadrul institutului international de studii Biblice Inductive. De asemenea este o onoare &nbsp;s\u0103 slujesc \u0219i s\u0103 fac parte din&nbsp;Biserica &nbsp;\\\"Buna Vestire\\\" din Chi\u0219in\u0103u.&nbsp;\",\"url\":\"https:\\\/\\\/moldovacrestina.md\\\/en\\\/author\\\/alexei-tentiuc\\\/\"}]}<\/script>\n<!-- \/ Yoast SEO Premium plugin. -->","yoast_head_json":{"title":"Evil is called good and bad good - why is it happening?","description":"Nowadays, a paradox happens when evil is called good and the good-evil. Why is the lie presented as truth? Find out the answer in this article.","robots":{"index":"index","follow":"follow","max-snippet":"max-snippet:-1","max-image-preview":"max-image-preview:large","max-video-preview":"max-video-preview:-1"},"canonical":"https:\/\/moldovacrestina.md\/en\/why-is-evil-called-good-and-the-good-evil\/","og_locale":"en_US","og_type":"article","og_title":"Why is evil called good and the good-evil?","og_description":"Nowadays, a paradox happens when evil is called good and the good-evil. Why is the lie presented as truth? Find out the answer in this article.","og_url":"https:\/\/moldovacrestina.md\/en\/why-is-evil-called-good-and-the-good-evil\/","og_site_name":"Moldova Cre\u0219tin\u0103","article_publisher":"https:\/\/www.facebook.com\/moldovacrestina\/","article_published_time":"2019-05-06T15:53:16+00:00","og_image":[{"width":630,"height":720,"url":"https:\/\/cdn.moldovacrestina.md\/2017\/12\/de-ce-raul-este-numit-bine-si-binele-rau-tmp693857605033918465.jpg","type":"image\/jpeg"}],"author":"Alexei Tentiuc","twitter_card":"summary_large_image","twitter_creator":"@moldovacrestina","twitter_site":"@moldovacrestina","twitter_misc":{"Written by":"Alexei Tentiuc","Est. reading time":"3 minutes"},"schema":{"@context":"https:\/\/schema.org","@graph":[{"@type":"Article","@id":"https:\/\/moldovacrestina.md\/en\/why-is-evil-called-good-and-the-good-evil\/#article","isPartOf":{"@id":"https:\/\/moldovacrestina.md\/en\/why-is-evil-called-good-and-the-good-evil\/"},"author":{"name":"Alexei Tentiuc","@id":"https:\/\/moldovacrestina.md\/en\/#\/schema\/person\/d1b9fac243da766743d57a5dd0c36935"},"headline":"Why is evil called good and the good-evil?","datePublished":"2019-05-06T15:53:16+00:00","mainEntityOfPage":{"@id":"https:\/\/moldovacrestina.md\/en\/why-is-evil-called-good-and-the-good-evil\/"},"wordCount":657,"image":{"@id":"https:\/\/moldovacrestina.md\/en\/why-is-evil-called-good-and-the-good-evil\/#primaryimage"},"thumbnailUrl":"https:\/\/moldovacrestina.md\/wp-content\/uploads\/2017\/12\/de-ce-raul-este-numit-bine-si-binele-rau-tmp693857605033918465.jpg","keywords":["the evil in good","the truth in lie","the lie into the truth","evil","good"],"inLanguage":"en-US"},{"@type":"WebPage","@id":"https:\/\/moldovacrestina.md\/en\/why-is-evil-called-good-and-the-good-evil\/","url":"https:\/\/moldovacrestina.md\/en\/why-is-evil-called-good-and-the-good-evil\/","name":"Evil is called good and bad good - why is it happening?","isPartOf":{"@id":"https:\/\/moldovacrestina.md\/en\/#website"},"primaryImageOfPage":{"@id":"https:\/\/moldovacrestina.md\/en\/why-is-evil-called-good-and-the-good-evil\/#primaryimage"},"image":{"@id":"https:\/\/moldovacrestina.md\/en\/why-is-evil-called-good-and-the-good-evil\/#primaryimage"},"thumbnailUrl":"https:\/\/moldovacrestina.md\/wp-content\/uploads\/2017\/12\/de-ce-raul-este-numit-bine-si-binele-rau-tmp693857605033918465.jpg","datePublished":"2019-05-06T15:53:16+00:00","author":{"@id":"https:\/\/moldovacrestina.md\/en\/#\/schema\/person\/d1b9fac243da766743d57a5dd0c36935"},"description":"Nowadays, a paradox happens when evil is called good and the good-evil. Why is the lie presented as truth? Find out the answer in this article.","breadcrumb":{"@id":"https:\/\/moldovacrestina.md\/en\/why-is-evil-called-good-and-the-good-evil\/#breadcrumb"},"inLanguage":"en-US","potentialAction":[{"@type":"ReadAction","target":["https:\/\/moldovacrestina.md\/en\/why-is-evil-called-good-and-the-good-evil\/"]}]},{"@type":"ImageObject","inLanguage":"en-US","@id":"https:\/\/moldovacrestina.md\/en\/why-is-evil-called-good-and-the-good-evil\/#primaryimage","url":"https:\/\/moldovacrestina.md\/wp-content\/uploads\/2017\/12\/de-ce-raul-este-numit-bine-si-binele-rau-tmp693857605033918465.jpg","contentUrl":"https:\/\/moldovacrestina.md\/wp-content\/uploads\/2017\/12\/de-ce-raul-este-numit-bine-si-binele-rau-tmp693857605033918465.jpg","width":"630","height":"720"},{"@type":"BreadcrumbList","@id":"https:\/\/moldovacrestina.md\/en\/why-is-evil-called-good-and-the-good-evil\/#breadcrumb","itemListElement":[{"@type":"ListItem","position":1,"name":"Prima pagin\u0103","item":"https:\/\/moldovacrestina.md\/en\/"},{"@type":"ListItem","position":2,"name":"Why is evil called good and the good-evil?"}]},{"@type":"WebSite","@id":"https:\/\/moldovacrestina.md\/en\/#website","url":"https:\/\/moldovacrestina.md\/en\/","name":"Moldova Cre\u0219tin\u0103","description":"R\u0103spunsuri relevante \u0219i actuale din Biblie","potentialAction":[{"@type":"SearchAction","target":{"@type":"EntryPoint","urlTemplate":"https:\/\/moldovacrestina.md\/en\/?s={search_term_string}"},"query-input":{"@type":"PropertyValueSpecification","valueRequired":true,"valueName":"search_term_string"}}],"inLanguage":"en-US"},{"@type":"Person","@id":"https:\/\/moldovacrestina.md\/en\/#\/schema\/person\/d1b9fac243da766743d57a5dd0c36935","name":"Alexei Tentiuc","image":{"@type":"ImageObject","inLanguage":"en-US","@id":"https:\/\/secure.gravatar.com\/avatar\/bbcd53f2bb72d5c1a66db34e047e3fd511a31bd04a2d9b6d29806e8cd9ed4721?s=96&d=mm&r=g","url":"https:\/\/secure.gravatar.com\/avatar\/bbcd53f2bb72d5c1a66db34e047e3fd511a31bd04a2d9b6d29806e8cd9ed4721?s=96&d=mm&r=g","contentUrl":"https:\/\/secure.gravatar.com\/avatar\/bbcd53f2bb72d5c1a66db34e047e3fd511a31bd04a2d9b6d29806e8cd9ed4721?s=96&d=mm&r=g","caption":"Alexei Tentiuc"},"description":"Sunt c\u0103s\u0103torit \u0219i tat\u0103 a doi copii. M\u0103 bucur s\u0103 pot sluji lui Dumnezeu ca&nbsp;profesor &icirc;n cadrul institutului international de studii Biblice Inductive. De asemenea este o onoare &nbsp;s\u0103 slujesc \u0219i s\u0103 fac parte din&nbsp;Biserica &nbsp;\"Buna Vestire\" din Chi\u0219in\u0103u.&nbsp;","url":"https:\/\/moldovacrestina.md\/en\/author\/alexei-tentiuc\/"}]}},"jetpack_featured_media_url":"https:\/\/moldovacrestina.md\/wp-content\/uploads\/2017\/12\/de-ce-raul-este-numit-bine-si-binele-rau-tmp693857605033918465.jpg","video_meta":false,"featured_image":"https:\/\/moldovacrestina.md\/wp-content\/uploads\/2017\/12\/de-ce-raul-este-numit-bine-si-binele-rau-tmp693857605033918465.jpg","wpml":{"language_code":"en","locale":"en_US","text_direction":false,"display_name":"English","native_name":"Englez\u0103","different_language":false},"jetpack-related-posts":[{"id":83594,"url":"https:\/\/moldovacrestina.md\/ru\/hto-znachit-zlosloviti-za-hrista\/","url_meta":{"origin":248112,"position":0},"title":"\u041d\u0430 \u0447\u0442\u043e \u0441\u0441\u044b\u043b\u0430\u0435\u0442\u0441\u044f \u0418\u0438\u0441\u0443\u0441 \u0425\u0440\u0438\u0441\u0442\u043e\u0441, \u0433\u043e\u0432\u043e\u0440\u044f \u201c\u043d\u0435\u043f\u0440\u0430\u0432\u0435\u0434\u043d\u043e \u0437\u043b\u043e\u0441\u043b\u043e\u0432\u0438\u0442\u044c \u0437\u0430 \u041c\u0435\u043d\u044f\u201d?","author":"Vasile Filat","date":"September 8, 2010","format":false,"excerpt":"\u0412\u043e\u043f\u0440\u043e\u0441: \u0421\u0435\u0433\u043e\u0434\u043d\u044f \u0432\u043e \u0432\u0440\u0435\u043c\u044f \u043e\u0431\u0435\u0434\u0435\u043d\u043d\u043e\u0433\u043e \u043f\u0435\u0440\u0435\u0440\u044b\u0432\u0430 \u044f \u0441\u043b\u0443\u0448\u0430\u043b \u043e \u0431\u043b\u0430\u0436\u0435\u043d\u0441\u0442\u0432\u0430\u0445, \u0441\u043a\u0430\u0437\u0430\u043d\u043d\u044b\u0445 \u0418\u0438\u0441\u0443\u0441\u043e\u043c \u0425\u0440\u0438\u0441\u0442\u043e\u043c \u0432 \u041d\u0430\u0433\u043e\u0440\u043d\u043e\u0439 \u041f\u0440\u043e\u043f\u043e\u0432\u0435\u0434\u0438, \u0438 \u0443 \u043c\u0435\u043d\u044f \u0435\u0441\u0442\u044c \u043d\u0435\u0434\u043e\u043f\u043e\u043d\u0438\u043c\u0430\u043d\u0438\u0435 \u043f\u043e \u044d\u0442\u043e\u043c\u0443 \u043f\u043e\u0432\u043e\u0434\u0443. \u042f \u043f\u043e\u043d\u0438\u043c\u0430\u044e, \u0447\u0442\u043e \u0425\u0440\u0438\u0441\u0442\u043e\u0441 \u0441\u043a\u0430\u0437\u0430\u043b \u0443\u0447\u0435\u043d\u0438\u043a\u0430\u043c, \u0447\u0442\u043e \u043e\u043d\u0438 \u0431\u0443\u0434\u0443\u0442 \u0441\u0442\u0440\u0430\u0434\u0430\u0442\u044c \u043f\u043e \u043f\u0440\u0438\u0447\u0438\u043d\u0435 \u043f\u0440\u043e\u043f\u043e\u0432\u0435\u0434\u0438 \u0421\u043b\u043e\u0432\u0430 \u0438\u043b\u0438 \u0441\u043e \u0441\u0442\u043e\u0440\u043e\u043d\u044b \u043d\u0435\u0432\u0435\u0440\u0443\u044e\u0449\u0438\u0445, \u043d\u043e \u044f \u043d\u0435 \u043f\u043e\u043d\u0438\u043c\u0430\u044e \u0432\u044b\u0440\u0430\u0436\u0435\u043d\u0438\u044f \u201c\u043d\u0435\u043f\u0440\u0430\u0432\u0435\u0434\u043d\u043e \u0437\u043b\u043e\u0441\u043b\u043e\u0432\u0438\u0442\u044c \u0437\u0430\u2026","rel":"","context":"<span class=\"jp-relatedposts-post-author\">Vasile Filat<\/span>","block_context":{"text":"\u0414\u043e\u043a\u0442\u0440\u0438\u043d\u044b","link":"https:\/\/moldovacrestina.md\/ru\/otvety-iz-biblii\/doktriny-ru\/"},"img":{"alt_text":"","src":"","width":0,"height":0},"classes":[]},{"id":84641,"url":"https:\/\/moldovacrestina.md\/ru\/test-homofobia\/","url_meta":{"origin":248112,"position":1},"title":"\u0421\u0434\u0435\u043b\u0430\u0442\u044c \u0442\u0435\u0441\u0442, \u0447\u0442\u043e\u0431\u044b \u0443\u0437\u043d\u0430\u0442\u044c, \u044f\u0432\u043b\u044f\u0435\u0448\u044c\u0441\u044f \u043b\u0438 \u0442\u044b \u0413\u041e\u041c\u041e\u0424\u041e\u0411\u041e\u041c?","author":"Vasile Filat","date":"January 14, 2011","format":false,"excerpt":"\u041f\u043e\u0441\u043a\u043e\u043b\u044c\u043a\u0443 \u044f \u043c\u043d\u043e\u0433\u043e \u0440\u0430\u0437 \u0434\u0435\u043b\u0430\u043b \u0437\u0430\u044f\u0432\u043b\u0435\u043d\u0438\u044f \u043f\u043e \u043f\u043e\u0432\u043e\u0434\u0443 \u043d\u0430\u0441\u0438\u043b\u0438\u044f, \u043d\u0430 \u043a\u043e\u0442\u043e\u0440\u043e\u043c \u043d\u0430\u0441\u0442\u0430\u0438\u0432\u0430\u0435\u0442 \u043e\u0440\u0433\u0430\u043d\u0438\u0437\u0430\u0446\u0438\u044f \u0433\u043e\u043c\u043e\u0441\u0435\u043a\u0441\u0443\u0430\u043b\u0438\u0441\u0442\u043e\u0432 \u0438\u0437 \u041c\u043e\u043b\u0434\u043e\u0432\u044b \u0438 \u0434\u0440\u0443\u0433\u0438\u0435 \u043e\u0440\u0433\u0430\u043d\u0438\u0437\u0430\u0446\u0438\u0438, \u043a\u043e\u0442\u043e\u0440\u044b\u0435 \u043f\u0440\u043e\u043f\u0430\u0433\u0430\u043d\u0434\u0438\u0440\u0443\u044e\u0442\u00a0 \u0442\u0430\u043a \u043d\u0430\u0437\u044b\u0432\u0430\u0435\u043c\u044b\u0435 \u201c\u043f\u0440\u0430\u0432\u0430 \u0441\u0435\u043a\u0441\u0443\u0430\u043b\u044c\u043d\u044b\u0445 \u043c\u0435\u043d\u044c\u0448\u0438\u043d\u0441\u0442\u0432\u201d, \u043c\u0435\u043d\u044f \u0447\u0430\u0441\u0442\u043e \u0441\u0442\u0430\u043b\u0438 \u043d\u0430\u0437\u044b\u0432\u0430\u0442\u044c \u201c\u0433\u043e\u043c\u043e\u0444\u043e\u0431\u201d, \u0442\u043e\u0447\u043d\u043e \u0442\u0430\u043a\u0436\u0435, \u043a\u0430\u043a \u043e\u043d\u0438 \u043d\u0430\u0437\u044b\u0432\u0430\u044e\u0442 \u043b\u044e\u0431\u043e\u0433\u043e, \u043a\u0442\u043e \u043d\u0435 \u0440\u0430\u0437\u0434\u0435\u043b\u044f\u0435\u0442 \u0438\u0445 \u043c\u043d\u0435\u043d\u0438\u044f. \u0421\u0435\u0433\u043e\u0434\u043d\u044f \u044f \u043f\u043e\u043b\u0443\u0447\u0438\u043b \u043f\u043e email \u043f\u0440\u0438\u0433\u043b\u0430\u0448\u0435\u043d\u0438\u0435 \u0441\u0434\u0435\u043b\u0430\u0442\u044c \u0442\u0435\u0441\u0442,\u2026","rel":"","context":"<span class=\"jp-relatedposts-post-author\">Vasile Filat<\/span>","block_context":{"text":"\u041e\u0431\u0449\u0435\u0441\u0442\u0432\u043e","link":"https:\/\/moldovacrestina.md\/ru\/otvety-iz-biblii\/obshhestvo\/"},"img":{"alt_text":"","src":"https:\/\/i0.wp.com\/americansfortruth.com\/uploads\/2011\/01\/Homophobia_Quiz-300x148.png?resize=350%2C200","width":350,"height":200},"classes":[]},{"id":75485,"url":"https:\/\/moldovacrestina.md\/ru\/na-skolko-biblejskoe-otnoshenie-u-pas\/","url_meta":{"origin":248112,"position":2},"title":"\u041d\u0430 \u0441\u043a\u043e\u043b\u044c\u043a\u043e \u0431\u0438\u0431\u043b\u0435\u0439\u0441\u043a\u043e\u0435 \u043e\u0442\u043d\u043e\u0448\u0435\u043d\u0438\u0435 \u0443 \u043f\u0430\u0441\u0442\u043e\u0440\u0430 \u0411\u0440\u0430\u0439\u0430\u043d\u0430 \u0425\u044c\u044e\u0441\u0442\u043e\u043d\u0430 \u0438\u0437 Hillsong Church \u043a \u0433\u043e\u043c\u043e\u0441\u0435\u043a\u0441\u0443\u0430\u043b\u0438\u0437\u043c\u0443?","author":"Vasile Filat","date":"August 6, 2015","format":false,"excerpt":"\u041d\u043e\u0432\u043e\u0441\u0442\u044c \u043e \u0434\u0432\u0443\u0445 \u043b\u0438\u0434\u0435\u0440\u0430\u0445 \u0446\u0435\u0440\u043a\u043e\u0432\u043d\u043e\u0433\u043e \u0445\u043e\u0440\u0430 Hillsong \u0438\u0437 \u0433\u043e\u0440\u043e\u0434\u0430 \u041d\u044c\u044e \u0419\u043e\u0440\u043a\u0430, \u043a\u043e\u0442\u043e\u0440\u044b\u0435 \u043e\u0431\u044a\u044f\u0432\u0438\u043b\u0438 \u0441\u0435\u0431\u044f \u0433\u043e\u043c\u043e\u0441\u0435\u043a\u0441\u0443\u0430\u043b\u0438\u0441\u0442\u0430\u043c\u0438 \u0438 \u043e \u0442\u043e\u043c, \u0447\u0442\u043e \u043e\u043d\u0438 \u043f\u043b\u0430\u043d\u0438\u0440\u0443\u044e\u0442 \u043f\u043e\u0436\u0435\u043d\u0438\u0442\u044c\u0441\u044f \u0432 \u0441\u043b\u0435\u0434\u0443\u044e\u0449\u0435\u043c \u0433\u043e\u0434\u0443 \u043e\u0433\u043e\u0440\u0447\u0438\u043b\u0430 \u0432\u0441\u0435\u0445 \u0445\u0440\u0438\u0441\u0442\u0438\u0430\u043d. \u0417\u0430\u044f\u0432\u043b\u0435\u043d\u0438\u0435 \u043f\u0430\u0441\u0442\u043e\u0440\u0430 \u0438\u0437 \u0425\u0438\u043b\u0441\u043e\u043d\u0433 \u0434\u043e\u0431\u0430\u0432\u0438\u043b\u0438 \u043e\u0433\u043e\u0440\u0447\u0435\u043d\u0438\u044f. \u00a0Hillsong Church\u00a0\u044f\u0432\u043b\u044f\u0435\u0442\u0441\u044f \u043f\u044f\u0442\u0438\u0434\u0435\u0441\u044f\u0442\u043d\u0438\u0447\u0435\u0441\u043a\u043e\u0439 \u043c\u0435\u0433\u0430\u0446\u0435\u0440\u043a\u043e\u0432\u044c\u044e, \u0434\u0435\u0439\u0441\u0442\u0432\u0443\u044e\u0449\u0435\u0439 \u0432 15 \u0441\u0442\u0440\u0430\u043d\u0430\u0445 \u043c\u0438\u0440\u0430 \u0438 \u0435\u0436\u0435\u043d\u0435\u0434\u0435\u043b\u044c\u043d\u043e \u0441\u043e\u0431\u0438\u0440\u0430\u0435\u0442 \u0431\u043e\u043b\u0435\u0435 100.000 \u043b\u044e\u0434\u0435\u0439. \u041c\u043d\u0435\u2026","rel":"","context":"<span class=\"jp-relatedposts-post-author\">Vasile Filat<\/span>","block_context":{"text":"\u0411\u043b\u043e\u0433\u043e\u0441\u0444\u0435\u0440\u0430","link":"https:\/\/moldovacrestina.md\/ru\/vospitanie-ru\/blogosfera-ru\/"},"img":{"alt_text":"","src":"https:\/\/i0.wp.com\/moldovacrestina.md\/wp-content\/uploads\/2017\/12\/14027864951_pastor-brian-houston-hillsong.png?resize=350%2C200&ssl=1","width":350,"height":200},"classes":[]},{"id":86012,"url":"https:\/\/moldovacrestina.md\/en\/doris-van-stone-devochka-kotoryiu-nikto-ne-liubil\/","url_meta":{"origin":248112,"position":3},"title":"\u0414\u043e\u0440\u0438\u0441 \u0412\u0430\u043d \u0421\u0442\u043e\u0443\u043d &ndash; \u0434\u0435\u0432\u043e\u0447\u043a\u0430 \u043a\u043e\u0442\u043e\u0440\u0443\u044e \u043d\u0438\u043a\u0442\u043e \u043d\u0435 \u043b\u044e\u0431\u0438\u043b","author":"Vasile Filat","date":"February 23, 2012","format":false,"excerpt":"\u0412\u0447\u0435\u0440\u0430 \u0432\u0435\u0447\u0435\u0440\u043e\u043c \u0443 \u043c\u0435\u043d\u044f \u0431\u044b\u043b\u0430 \u0431\u043b\u0430\u0433\u043e\u0441\u043b\u043e\u0432\u0435\u043d\u043d\u0430\u044f \u0432\u0441\u0442\u0440\u0435\u0447\u0430 \u0441\u00a0 \u0414\u043e\u0440\u0438\u0441 \u0412\u0430\u043d \u0421\u0442\u043e\u0443\u043d, \u0430\u0432\u0442\u043e\u0440\u043e\u043c \u0445\u043e\u0440\u043e\u0448\u043e \u0438\u0437\u0432\u0435\u0441\u0442\u043d\u043e\u0439 \u043a\u043d\u0438\u0433\u0438 \u201c\u0414\u043e\u0440\u0438, \u0434\u0435\u0432\u043e\u0447\u043a\u0430 \u043a\u043e\u0442\u043e\u0440\u0443\u044e \u043d\u0438\u043a\u0442\u043e \u043d\u0435 \u043b\u044e\u0431\u0438\u043b\u201d \u0438 \u0434\u0432\u0443\u0445 \u0434\u0440\u0443\u0433\u0438\u0445 \u043a\u043d\u0438\u0433 \"No Place To Cry: The Hurt and Healing of Sexual Abuse\" \u0438 \"The secrets of the heart\". \u0412 \u0432\u043e\u0437\u0440\u0430\u0441\u0442\u0435 90 \u043b\u0435\u0442 \u0441\u0435\u0441\u0442\u0440\u0430 \u0414\u043e\u0440\u0438\u0441 \u043f\u043e\u043b\u043d\u0430 \u0436\u0438\u0437\u043d\u0438,\u2026","rel":"","context":"<span class=\"jp-relatedposts-post-author\">Vasile Filat<\/span>","block_context":{"text":"\u041e\u0431\u0449\u0435\u0441\u0442\u0432\u043e","link":"https:\/\/moldovacrestina.md\/ru\/otvety-iz-biblii\/obshhestvo\/"},"img":{"alt_text":"","src":"","width":0,"height":0},"classes":[]},{"id":80070,"url":"https:\/\/moldovacrestina.md\/ru\/kak-proyavlyaetsya-polnota-slova-bozheg\/","url_meta":{"origin":248112,"position":4},"title":"\u041a\u0430\u043a \u043f\u0440\u043e\u044f\u0432\u043b\u044f\u0435\u0442\u0441\u044f \u043f\u043e\u043b\u043d\u043e\u0442\u0430 \u0421\u043b\u043e\u0432\u0430 \u0411\u043e\u0436\u044c\u0435\u0433\u043e? (\u041a\u043e\u043b\u043e\u0441\u0441\u044f\u043d\u0430\u043c 1:24-29)","author":"Vasile Filat","date":"January 28, 2008","format":false,"excerpt":"\u041e\u0434\u043d\u0430\u0436\u0434\u044b \u043d\u0430 \u0441\u0442\u0435\u043a\u043b\u0435 \u043e\u0434\u043d\u043e\u0439 \u043c\u0430\u0448\u0438\u043d\u044b \u044f \u043f\u0440\u043e\u0447\u0438\u0442\u0430\u043b \u043d\u0430\u0434\u043f\u0438\u0441\u044c, \u043d\u0430\u043f\u0438\u0441\u0430\u043d\u043d\u0443\u044e \u043f\u043e-\u0430\u043d\u0433\u043b\u0438\u0439\u0441\u043a\u0438 \u00abThe truth is the shield of the soul\u00bb. \u041a\u043e\u0442\u043e\u0440\u0430\u044f \u0432 \u043f\u0435\u0440\u0435\u0432\u043e\u0434\u0435 \u0437\u043d\u0430\u0447\u0438\u0442 \u00ab\u0418\u0441\u0442\u0438\u043d\u0430 \u2013 \u0449\u0438\u0442 \u0434\u043b\u044f \u0434\u0443\u0448\u0438\u00bb. \u0413\u043e\u0441\u043f\u043e\u0434\u044c \u0418\u0438\u0441\u0443\u0441 \u0425\u0440\u0438\u0441\u0442\u043e\u0441 \u0441\u043a\u0430\u0437\u0430\u043b, \u0447\u0442\u043e \u0438\u0441\u0442\u0438\u043d\u0430 \u0434\u0435\u043b\u0430\u0435\u0442 \u043d\u0430\u0441 \u0441\u0432\u043e\u0431\u043e\u0434\u043d\u044b\u043c\u0438 \u0438 \u044d\u0442\u043e\u0439 \u0438\u0441\u0442\u0438\u043d\u043e\u0439 \u044f\u0432\u043b\u044f\u0435\u0442\u0441\u044f \u0421\u043b\u043e\u0432\u043e \u0411\u043e\u0436\u044c\u0435. \u0413\u043b\u0443\u0431\u043e\u043a\u043e\u0435 \u0437\u043d\u0430\u043d\u0438\u0435 \u0411\u0438\u0431\u043b\u0438\u0438 \u043f\u0440\u0438\u043d\u043e\u0441\u0438\u0442 \u043d\u0430\u043c \u0441\u0432\u043e\u0431\u043e\u0434\u0443, \u0440\u0430\u0434\u043e\u0441\u0442\u044c, \u0432\u043e\u0441\u043f\u043e\u043b\u043d\u0435\u043d\u0438\u0435\u2026","rel":"","context":"<span class=\"jp-relatedposts-post-author\">Vasile Filat<\/span>","block_context":{"text":"\u041e\u0431\u0449\u0435\u0441\u0442\u0432\u043e","link":"https:\/\/moldovacrestina.md\/ru\/otvety-iz-biblii\/obshhestvo\/"},"img":{"alt_text":"","src":"https:\/\/i0.wp.com\/moldovacrestina.md\/wp-content\/uploads\/2008\/01\/wisdom_tree_by_doug222-d3f0ozt.jpg?resize=350%2C200&ssl=1","width":350,"height":200,"srcset":"https:\/\/i0.wp.com\/moldovacrestina.md\/wp-content\/uploads\/2008\/01\/wisdom_tree_by_doug222-d3f0ozt.jpg?resize=350%2C200&ssl=1 1x, https:\/\/i0.wp.com\/moldovacrestina.md\/wp-content\/uploads\/2008\/01\/wisdom_tree_by_doug222-d3f0ozt.jpg?resize=525%2C300&ssl=1 1.5x, https:\/\/i0.wp.com\/moldovacrestina.md\/wp-content\/uploads\/2008\/01\/wisdom_tree_by_doug222-d3f0ozt.jpg?resize=700%2C400&ssl=1 2x"},"classes":[]},{"id":223414,"url":"https:\/\/moldovacrestina.md\/ru\/govorenie-na-neponyatnyh-yazykah\/","url_meta":{"origin":248112,"position":5},"title":"\u0427\u0442\u043e \u043f\u0440\u0435\u0434\u0441\u0442\u0430\u0432\u043b\u044f\u0435\u0442 \u0438\u0437 \u0441\u0435\u0431\u044f \u0433\u043e\u0432\u043e\u0440\u0435\u043d\u0438\u0435 \u043d\u0430 \u043d\u0435\u043f\u043e\u043d\u044f\u0442\u043d\u044b\u0445 \u044f\u0437\u044b\u043a\u0430\u0445 \u0432 \u043f\u044f\u0442\u0438\u0434\u0435\u0441\u044f\u0442\u043d\u0438\u0447\u0435\u0441\u043a\u0438\u0445 \u0446\u0435\u0440\u043a\u0432\u044f\u0445?","author":"Anastasia Filat","date":"November 18, 2018","format":false,"excerpt":"\u0412\u043e\u043f\u0440\u043e\u0441: \u041d\u0430\u0445\u043e\u0434\u044f\u0441\u044c \u0432 \u043f\u044f\u0442\u0438\u0434\u0435\u0441\u044f\u0442\u043d\u0438\u0447\u0435\u0441\u043a\u043e\u0439 \u0446\u0435\u0440\u043a\u0432\u0438, \u044f \u0441\u0442\u0430\u043b\u0430 \u0441\u0432\u0438\u0434\u0435\u0442\u0435\u043b\u0435\u043c \u0442\u043e\u0433\u043e, \u043a\u0430\u043a \u043d\u0435\u043a\u043e\u0442\u043e\u0440\u044b\u0435 \u043c\u043e\u043b\u0438\u043b\u0438\u0441\u044c \u043d\u0430 \u0434\u0440\u0443\u0433\u043e\u043c \u044f\u0437\u044b\u043a\u0435, \u0438\u0441\u043f\u043e\u043b\u044c\u0437\u0443\u044f \u0442\u0430\u043a\u043e\u0439 \u0436\u0435 \u0430\u043a\u0446\u0435\u043d\u0442, \u0442\u0430\u043a\u0438\u0435 \u0436\u0435 \u043f\u0430\u0443\u0437\u044b \u043c\u0435\u0436\u0434\u0443 \u0441\u043b\u043e\u0432\u0430\u043c\u0438, \u0442\u0430\u043a\u043e\u0439 \u0436\u0435 \u0440\u0438\u0442\u043c, \u0442\u0435\u043c\u043f \u0438 \u0437\u0432\u0443\u043a, \u0442\u043e \u0435\u0441\u0442\u044c \u043d\u0435 \u0433\u0440\u043e\u043c\u0447\u0435 \u0438\u043b\u0438 \u0442\u0438\u0448\u0435. \u042f \u0445\u043e\u0447\u0443 \u0441\u043f\u0440\u043e\u0441\u0438\u0442\u044c \u0432\u0430\u0441, \u043d\u043e\u0440\u043c\u0430\u043b\u044c\u043d\u043e \u043b\u0438 \u044d\u0442\u043e, \u0438\u043b\u0438 \u0436\u0435 \u043a\u043e\u0433\u0434\u0430 \u043a\u0442\u043e-\u0442\u043e \u0433\u043e\u0432\u043e\u0440\u0438\u0442 \u043d\u0430 \u044f\u0437\u044b\u043a\u0430\u0445,\u2026","rel":"","context":"<span class=\"jp-relatedposts-post-author\">Anastasia Filat<\/span>","block_context":{"text":"\u041e\u0442\u0432\u0435\u0442\u044b \u0438\u0437 \u0411\u0438\u0431\u043b\u0438\u0438","link":"https:\/\/moldovacrestina.md\/ru\/otvety-iz-biblii\/"},"img":{"alt_text":"\u0433\u043e\u0432\u043e\u0440\u0435\u043d\u0438\u0435 \u043d\u0430 \u043d\u0435\u043f\u043e\u043d\u044f\u0442\u043d\u044b\u0445 \u044f\u0437\u044b\u043a\u0430\u0445","src":"https:\/\/i0.wp.com\/moldovacrestina.md\/wp-content\/uploads\/2018\/11\/39595577958_vorbirea-in-limbi-14.jpg?resize=350%2C200&ssl=1","width":350,"height":200,"srcset":"https:\/\/i0.wp.com\/moldovacrestina.md\/wp-content\/uploads\/2018\/11\/39595577958_vorbirea-in-limbi-14.jpg?resize=350%2C200&ssl=1 1x, https:\/\/i0.wp.com\/moldovacrestina.md\/wp-content\/uploads\/2018\/11\/39595577958_vorbirea-in-limbi-14.jpg?resize=525%2C300&ssl=1 1.5x, https:\/\/i0.wp.com\/moldovacrestina.md\/wp-content\/uploads\/2018\/11\/39595577958_vorbirea-in-limbi-14.jpg?resize=700%2C400&ssl=1 2x"},"classes":[]}],"jetpack_sharing_enabled":true,"_links":{"self":[{"href":"https:\/\/moldovacrestina.md\/en\/wp-json\/wp\/v2\/posts\/248112","targetHints":{"allow":["GET"]}}],"collection":[{"href":"https:\/\/moldovacrestina.md\/en\/wp-json\/wp\/v2\/posts"}],"about":[{"href":"https:\/\/moldovacrestina.md\/en\/wp-json\/wp\/v2\/types\/post"}],"author":[{"embeddable":true,"href":"https:\/\/moldovacrestina.md\/en\/wp-json\/wp\/v2\/users\/110"}],"replies":[{"embeddable":true,"href":"https:\/\/moldovacrestina.md\/en\/wp-json\/wp\/v2\/comments?post=248112"}],"version-history":[{"count":0,"href":"https:\/\/moldovacrestina.md\/en\/wp-json\/wp\/v2\/posts\/248112\/revisions"}],"wp:featuredmedia":[{"embeddable":true,"href":"https:\/\/moldovacrestina.md\/en\/wp-json\/wp\/v2\/media\/158971"}],"wp:attachment":[{"href":"https:\/\/moldovacrestina.md\/en\/wp-json\/wp\/v2\/media?parent=248112"}],"wp:term":[{"taxonomy":"category","embeddable":true,"href":"https:\/\/moldovacrestina.md\/en\/wp-json\/wp\/v2\/categories?post=248112"},{"taxonomy":"post_tag","embeddable":true,"href":"https:\/\/moldovacrestina.md\/en\/wp-json\/wp\/v2\/tags?post=248112"}],"curies":[{"name":"wp","href":"https:\/\/api.w.org\/{rel}","templated":true}]}}