{"id":240258,"date":"2018-12-30T22:00:22","date_gmt":"2018-12-30T20:00:22","guid":{"rendered":"https:\/\/moldovacrestina.md\/credinta-si-sanatatea-mintala-pastor-vasile-filat\/"},"modified":"2024-08-23T08:29:09","modified_gmt":"2024-08-23T05:29:09","slug":"credinta-si-sanatatea-mintala-pastor-vasile-filat","status":"publish","type":"post","link":"https:\/\/moldovacrestina.md\/en\/credinta-si-sanatatea-mintala-pastor-vasile-filat\/","title":{"rendered":"Credin\u021ba \u0219i s\u0103n\u0103tatea mintal\u0103"},"content":{"rendered":"<p>\u201dTr\u0103im o adev\u0103rat\u0103 epidemie a bolilor mentale. Anxietatea, nevrozele, fobiile sunt tot mai des \u00eent\u00e2lnite. Deocamdat\u0103 statul nu poate gestiona <!--more--> situa\u021bia, este de p\u0103rere doctorul \u00een psihologie Gholammali Mohammadifard.\u201d<br \/>\nCe leg\u0103tur\u0103 este \u00eentre credin\u021b\u0103 \u0219i s\u0103n\u0103tatea mintal\u0103 \u0219i cum o poate afecata cea din urm\u0103 pe prima?<\/p>\n","protected":false},"excerpt":{"rendered":"<p>\u201dTr\u0103im o adev\u0103rat\u0103 epidemie a bolilor mentale. Anxietatea, nevrozele, fobiile sunt tot mai des \u00eent\u00e2lnite. Deocamdat\u0103 statul nu poate gestiona<\/p>\n","protected":false},"author":46,"featured_media":240259,"comment_status":"closed","ping_status":"closed","sticky":false,"template":"","format":"standard","meta":{"_acf_changed":false,"inline_featured_image":false,"_monsterinsights_skip_tracking":false,"_monsterinsights_sitenote_active":false,"_monsterinsights_sitenote_note":"","_monsterinsights_sitenote_category":0,"_genesis_hide_title":false,"_genesis_hide_breadcrumbs":false,"_genesis_hide_singular_image":false,"_genesis_hide_footer_widgets":false,"_genesis_custom_body_class":"","_genesis_custom_post_class":"","_genesis_layout":"","ep_exclude_from_search":false,"_jetpack_memberships_contains_paid_content":false,"footnotes":""},"categories":[23623],"tags":[],"class_list":{"0":"post-240258","1":"post","2":"type-post","3":"status-publish","4":"format-standard","5":"has-post-thumbnail","7":"category-predici","8":"entry"},"acf":[],"yoast_head":"<!-- This site is optimized with the Yoast SEO Premium plugin v26.5 (Yoast SEO v27.4) - https:\/\/yoast.com\/product\/yoast-seo-premium-wordpress\/ -->\n<title>Credin\u021ba \u0219i s\u0103n\u0103tatea mintal\u0103 &#8226; Moldova Cre\u0219tin\u0103<\/title>\n<meta name=\"robots\" content=\"index, follow, max-snippet:-1, max-image-preview:large, max-video-preview:-1\" \/>\n<link rel=\"canonical\" href=\"https:\/\/moldovacrestina.md\/en\/credinta-si-sanatatea-mintala-pastor-vasile-filat\/\" \/>\n<meta property=\"og:locale\" content=\"en_US\" \/>\n<meta property=\"og:type\" content=\"article\" \/>\n<meta property=\"og:title\" content=\"Credin\u021ba \u0219i s\u0103n\u0103tatea mintal\u0103\" \/>\n<meta property=\"og:description\" content=\"\u201dTr\u0103im o adev\u0103rat\u0103 epidemie a bolilor mentale. Anxietatea, nevrozele, fobiile sunt tot mai des \u00eent\u00e2lnite. Deocamdat\u0103 statul nu poate gestiona\" \/>\n<meta property=\"og:url\" content=\"https:\/\/moldovacrestina.md\/en\/credinta-si-sanatatea-mintala-pastor-vasile-filat\/\" \/>\n<meta property=\"og:site_name\" content=\"Moldova Cre\u0219tin\u0103\" \/>\n<meta property=\"article:publisher\" content=\"https:\/\/www.facebook.com\/moldovacrestina\/\" \/>\n<meta property=\"article:published_time\" content=\"2018-12-30T20:00:22+00:00\" \/>\n<meta property=\"article:modified_time\" content=\"2024-08-23T05:29:09+00:00\" \/>\n<meta property=\"og:image\" content=\"https:\/\/cdn.moldovacrestina.md\/2018\/12\/a8bac99b-vbwuhjlhmxg.jpg\" \/>\n\t<meta property=\"og:image:width\" content=\"1280\" \/>\n\t<meta property=\"og:image:height\" content=\"720\" \/>\n\t<meta property=\"og:image:type\" content=\"image\/jpeg\" \/>\n<meta name=\"author\" content=\"Vasile Filat\" \/>\n<meta name=\"twitter:card\" content=\"summary_large_image\" \/>\n<meta name=\"twitter:creator\" content=\"@moldovacrestina\" \/>\n<meta name=\"twitter:site\" content=\"@moldovacrestina\" \/>\n<meta name=\"twitter:label1\" content=\"Written by\" \/>\n\t<meta name=\"twitter:data1\" content=\"Vasile Filat\" \/>\n<script type=\"application\/ld+json\" class=\"yoast-schema-graph\">{\"@context\":\"https:\\\/\\\/schema.org\",\"@graph\":[{\"@type\":\"Article\",\"@id\":\"https:\\\/\\\/moldovacrestina.md\\\/en\\\/credinta-si-sanatatea-mintala-pastor-vasile-filat\\\/#article\",\"isPartOf\":{\"@id\":\"https:\\\/\\\/moldovacrestina.md\\\/en\\\/credinta-si-sanatatea-mintala-pastor-vasile-filat\\\/\"},\"author\":{\"name\":\"Vasile Filat\",\"@id\":\"https:\\\/\\\/moldovacrestina.md\\\/en\\\/#\\\/schema\\\/person\\\/04b204bbb582cc832c3d2424f5d27dc0\"},\"headline\":\"Credin\u021ba \u0219i s\u0103n\u0103tatea mintal\u0103\",\"datePublished\":\"2018-12-30T20:00:22+00:00\",\"dateModified\":\"2024-08-23T05:29:09+00:00\",\"mainEntityOfPage\":{\"@id\":\"https:\\\/\\\/moldovacrestina.md\\\/en\\\/credinta-si-sanatatea-mintala-pastor-vasile-filat\\\/\"},\"wordCount\":62,\"image\":{\"@id\":\"https:\\\/\\\/moldovacrestina.md\\\/en\\\/credinta-si-sanatatea-mintala-pastor-vasile-filat\\\/#primaryimage\"},\"thumbnailUrl\":\"https:\\\/\\\/cdn.moldovacrestina.md\\\/2018\\\/12\\\/a8bac99b-vbwuhjlhmxg.jpg\",\"articleSection\":[\"Predici\"],\"inLanguage\":\"en-US\"},{\"@type\":\"WebPage\",\"@id\":\"https:\\\/\\\/moldovacrestina.md\\\/en\\\/credinta-si-sanatatea-mintala-pastor-vasile-filat\\\/\",\"url\":\"https:\\\/\\\/moldovacrestina.md\\\/en\\\/credinta-si-sanatatea-mintala-pastor-vasile-filat\\\/\",\"name\":\"Credin\u021ba \u0219i s\u0103n\u0103tatea mintal\u0103 &#8226; Moldova Cre\u0219tin\u0103\",\"isPartOf\":{\"@id\":\"https:\\\/\\\/moldovacrestina.md\\\/en\\\/#website\"},\"primaryImageOfPage\":{\"@id\":\"https:\\\/\\\/moldovacrestina.md\\\/en\\\/credinta-si-sanatatea-mintala-pastor-vasile-filat\\\/#primaryimage\"},\"image\":{\"@id\":\"https:\\\/\\\/moldovacrestina.md\\\/en\\\/credinta-si-sanatatea-mintala-pastor-vasile-filat\\\/#primaryimage\"},\"thumbnailUrl\":\"https:\\\/\\\/cdn.moldovacrestina.md\\\/2018\\\/12\\\/a8bac99b-vbwuhjlhmxg.jpg\",\"datePublished\":\"2018-12-30T20:00:22+00:00\",\"dateModified\":\"2024-08-23T05:29:09+00:00\",\"author\":{\"@id\":\"https:\\\/\\\/moldovacrestina.md\\\/en\\\/#\\\/schema\\\/person\\\/04b204bbb582cc832c3d2424f5d27dc0\"},\"breadcrumb\":{\"@id\":\"https:\\\/\\\/moldovacrestina.md\\\/en\\\/credinta-si-sanatatea-mintala-pastor-vasile-filat\\\/#breadcrumb\"},\"inLanguage\":\"en-US\",\"potentialAction\":[{\"@type\":\"ReadAction\",\"target\":[\"https:\\\/\\\/moldovacrestina.md\\\/en\\\/credinta-si-sanatatea-mintala-pastor-vasile-filat\\\/\"]}]},{\"@type\":\"ImageObject\",\"inLanguage\":\"en-US\",\"@id\":\"https:\\\/\\\/moldovacrestina.md\\\/en\\\/credinta-si-sanatatea-mintala-pastor-vasile-filat\\\/#primaryimage\",\"url\":\"https:\\\/\\\/cdn.moldovacrestina.md\\\/2018\\\/12\\\/a8bac99b-vbwuhjlhmxg.jpg\",\"contentUrl\":\"https:\\\/\\\/cdn.moldovacrestina.md\\\/2018\\\/12\\\/a8bac99b-vbwuhjlhmxg.jpg\",\"width\":1280,\"height\":720},{\"@type\":\"BreadcrumbList\",\"@id\":\"https:\\\/\\\/moldovacrestina.md\\\/en\\\/credinta-si-sanatatea-mintala-pastor-vasile-filat\\\/#breadcrumb\",\"itemListElement\":[{\"@type\":\"ListItem\",\"position\":1,\"name\":\"Prima pagin\u0103\",\"item\":\"https:\\\/\\\/moldovacrestina.md\\\/en\\\/\"},{\"@type\":\"ListItem\",\"position\":2,\"name\":\"MCTV\",\"item\":\"https:\\\/\\\/moldovacrestina.md\\\/mctv\\\/\"},{\"@type\":\"ListItem\",\"position\":3,\"name\":\"Predici\",\"item\":\"https:\\\/\\\/moldovacrestina.md\\\/mctv\\\/predici\\\/\"},{\"@type\":\"ListItem\",\"position\":4,\"name\":\"Credin\u021ba \u0219i s\u0103n\u0103tatea mintal\u0103\"}]},{\"@type\":\"WebSite\",\"@id\":\"https:\\\/\\\/moldovacrestina.md\\\/en\\\/#website\",\"url\":\"https:\\\/\\\/moldovacrestina.md\\\/en\\\/\",\"name\":\"Moldova Cre\u0219tin\u0103\",\"description\":\"R\u0103spunsuri relevante \u0219i actuale din Biblie\",\"potentialAction\":[{\"@type\":\"SearchAction\",\"target\":{\"@type\":\"EntryPoint\",\"urlTemplate\":\"https:\\\/\\\/moldovacrestina.md\\\/en\\\/?s={search_term_string}\"},\"query-input\":{\"@type\":\"PropertyValueSpecification\",\"valueRequired\":true,\"valueName\":\"search_term_string\"}}],\"inLanguage\":\"en-US\"},{\"@type\":\"Person\",\"@id\":\"https:\\\/\\\/moldovacrestina.md\\\/en\\\/#\\\/schema\\\/person\\\/04b204bbb582cc832c3d2424f5d27dc0\",\"name\":\"Vasile Filat\",\"image\":{\"@type\":\"ImageObject\",\"inLanguage\":\"en-US\",\"@id\":\"https:\\\/\\\/secure.gravatar.com\\\/avatar\\\/2e02d082d139dd6eb634318c9cf2c3a8281db62f24f87a134adb4f2020e77ab3?s=96&d=mm&r=g\",\"url\":\"https:\\\/\\\/secure.gravatar.com\\\/avatar\\\/2e02d082d139dd6eb634318c9cf2c3a8281db62f24f87a134adb4f2020e77ab3?s=96&d=mm&r=g\",\"contentUrl\":\"https:\\\/\\\/secure.gravatar.com\\\/avatar\\\/2e02d082d139dd6eb634318c9cf2c3a8281db62f24f87a134adb4f2020e77ab3?s=96&d=mm&r=g\",\"caption\":\"Vasile Filat\"},\"description\":\"P\u0103storesc\u00a0Biserica Bunavestire din Chi\u0219in\u0103u, predau Cuv\u00e2ntul lui Dumnezeu la\u00a0Institutul de Studiu Biblic Inductiv din Eurasia\u00a0\u0219i conduc\u00a0Asocia\u021bia \\\"\u00cenv\u0103\u021b\u0103tur\u0103 din Cuv\u00e2nt - Precept Ministries\\\" din Moldova. \u00cempreun\u0103 cu so\u021bia mea\u00a0Anastasia, avem trei copii. Din Aprilie 2007 am oferit r\u0103spunsuri din Biblie pe acest site la \u00eentreb\u0103ri adresate de cititori. Mai mult despre mine citi\u021bi\u00a0aici.\",\"url\":\"https:\\\/\\\/moldovacrestina.md\\\/en\\\/author\\\/vasile-filat\\\/\"}]}<\/script>\n<!-- \/ Yoast SEO Premium plugin. -->","yoast_head_json":{"title":"Credin\u021ba \u0219i s\u0103n\u0103tatea mintal\u0103 &#8226; Moldova Cre\u0219tin\u0103","robots":{"index":"index","follow":"follow","max-snippet":"max-snippet:-1","max-image-preview":"max-image-preview:large","max-video-preview":"max-video-preview:-1"},"canonical":"https:\/\/moldovacrestina.md\/en\/credinta-si-sanatatea-mintala-pastor-vasile-filat\/","og_locale":"en_US","og_type":"article","og_title":"Credin\u021ba \u0219i s\u0103n\u0103tatea mintal\u0103","og_description":"\u201dTr\u0103im o adev\u0103rat\u0103 epidemie a bolilor mentale. Anxietatea, nevrozele, fobiile sunt tot mai des \u00eent\u00e2lnite. Deocamdat\u0103 statul nu poate gestiona","og_url":"https:\/\/moldovacrestina.md\/en\/credinta-si-sanatatea-mintala-pastor-vasile-filat\/","og_site_name":"Moldova Cre\u0219tin\u0103","article_publisher":"https:\/\/www.facebook.com\/moldovacrestina\/","article_published_time":"2018-12-30T20:00:22+00:00","article_modified_time":"2024-08-23T05:29:09+00:00","og_image":[{"width":1280,"height":720,"url":"https:\/\/cdn.moldovacrestina.md\/2018\/12\/a8bac99b-vbwuhjlhmxg.jpg","type":"image\/jpeg"}],"author":"Vasile Filat","twitter_card":"summary_large_image","twitter_creator":"@moldovacrestina","twitter_site":"@moldovacrestina","twitter_misc":{"Written by":"Vasile Filat"},"schema":{"@context":"https:\/\/schema.org","@graph":[{"@type":"Article","@id":"https:\/\/moldovacrestina.md\/en\/credinta-si-sanatatea-mintala-pastor-vasile-filat\/#article","isPartOf":{"@id":"https:\/\/moldovacrestina.md\/en\/credinta-si-sanatatea-mintala-pastor-vasile-filat\/"},"author":{"name":"Vasile Filat","@id":"https:\/\/moldovacrestina.md\/en\/#\/schema\/person\/04b204bbb582cc832c3d2424f5d27dc0"},"headline":"Credin\u021ba \u0219i s\u0103n\u0103tatea mintal\u0103","datePublished":"2018-12-30T20:00:22+00:00","dateModified":"2024-08-23T05:29:09+00:00","mainEntityOfPage":{"@id":"https:\/\/moldovacrestina.md\/en\/credinta-si-sanatatea-mintala-pastor-vasile-filat\/"},"wordCount":62,"image":{"@id":"https:\/\/moldovacrestina.md\/en\/credinta-si-sanatatea-mintala-pastor-vasile-filat\/#primaryimage"},"thumbnailUrl":"https:\/\/cdn.moldovacrestina.md\/2018\/12\/a8bac99b-vbwuhjlhmxg.jpg","articleSection":["Predici"],"inLanguage":"en-US"},{"@type":"WebPage","@id":"https:\/\/moldovacrestina.md\/en\/credinta-si-sanatatea-mintala-pastor-vasile-filat\/","url":"https:\/\/moldovacrestina.md\/en\/credinta-si-sanatatea-mintala-pastor-vasile-filat\/","name":"Credin\u021ba \u0219i s\u0103n\u0103tatea mintal\u0103 &#8226; Moldova Cre\u0219tin\u0103","isPartOf":{"@id":"https:\/\/moldovacrestina.md\/en\/#website"},"primaryImageOfPage":{"@id":"https:\/\/moldovacrestina.md\/en\/credinta-si-sanatatea-mintala-pastor-vasile-filat\/#primaryimage"},"image":{"@id":"https:\/\/moldovacrestina.md\/en\/credinta-si-sanatatea-mintala-pastor-vasile-filat\/#primaryimage"},"thumbnailUrl":"https:\/\/cdn.moldovacrestina.md\/2018\/12\/a8bac99b-vbwuhjlhmxg.jpg","datePublished":"2018-12-30T20:00:22+00:00","dateModified":"2024-08-23T05:29:09+00:00","author":{"@id":"https:\/\/moldovacrestina.md\/en\/#\/schema\/person\/04b204bbb582cc832c3d2424f5d27dc0"},"breadcrumb":{"@id":"https:\/\/moldovacrestina.md\/en\/credinta-si-sanatatea-mintala-pastor-vasile-filat\/#breadcrumb"},"inLanguage":"en-US","potentialAction":[{"@type":"ReadAction","target":["https:\/\/moldovacrestina.md\/en\/credinta-si-sanatatea-mintala-pastor-vasile-filat\/"]}]},{"@type":"ImageObject","inLanguage":"en-US","@id":"https:\/\/moldovacrestina.md\/en\/credinta-si-sanatatea-mintala-pastor-vasile-filat\/#primaryimage","url":"https:\/\/cdn.moldovacrestina.md\/2018\/12\/a8bac99b-vbwuhjlhmxg.jpg","contentUrl":"https:\/\/cdn.moldovacrestina.md\/2018\/12\/a8bac99b-vbwuhjlhmxg.jpg","width":1280,"height":720},{"@type":"BreadcrumbList","@id":"https:\/\/moldovacrestina.md\/en\/credinta-si-sanatatea-mintala-pastor-vasile-filat\/#breadcrumb","itemListElement":[{"@type":"ListItem","position":1,"name":"Prima pagin\u0103","item":"https:\/\/moldovacrestina.md\/en\/"},{"@type":"ListItem","position":2,"name":"MCTV","item":"https:\/\/moldovacrestina.md\/mctv\/"},{"@type":"ListItem","position":3,"name":"Predici","item":"https:\/\/moldovacrestina.md\/mctv\/predici\/"},{"@type":"ListItem","position":4,"name":"Credin\u021ba \u0219i s\u0103n\u0103tatea mintal\u0103"}]},{"@type":"WebSite","@id":"https:\/\/moldovacrestina.md\/en\/#website","url":"https:\/\/moldovacrestina.md\/en\/","name":"Moldova Cre\u0219tin\u0103","description":"R\u0103spunsuri relevante \u0219i actuale din Biblie","potentialAction":[{"@type":"SearchAction","target":{"@type":"EntryPoint","urlTemplate":"https:\/\/moldovacrestina.md\/en\/?s={search_term_string}"},"query-input":{"@type":"PropertyValueSpecification","valueRequired":true,"valueName":"search_term_string"}}],"inLanguage":"en-US"},{"@type":"Person","@id":"https:\/\/moldovacrestina.md\/en\/#\/schema\/person\/04b204bbb582cc832c3d2424f5d27dc0","name":"Vasile Filat","image":{"@type":"ImageObject","inLanguage":"en-US","@id":"https:\/\/secure.gravatar.com\/avatar\/2e02d082d139dd6eb634318c9cf2c3a8281db62f24f87a134adb4f2020e77ab3?s=96&d=mm&r=g","url":"https:\/\/secure.gravatar.com\/avatar\/2e02d082d139dd6eb634318c9cf2c3a8281db62f24f87a134adb4f2020e77ab3?s=96&d=mm&r=g","contentUrl":"https:\/\/secure.gravatar.com\/avatar\/2e02d082d139dd6eb634318c9cf2c3a8281db62f24f87a134adb4f2020e77ab3?s=96&d=mm&r=g","caption":"Vasile Filat"},"description":"P\u0103storesc\u00a0Biserica Bunavestire din Chi\u0219in\u0103u, predau Cuv\u00e2ntul lui Dumnezeu la\u00a0Institutul de Studiu Biblic Inductiv din Eurasia\u00a0\u0219i conduc\u00a0Asocia\u021bia \"\u00cenv\u0103\u021b\u0103tur\u0103 din Cuv\u00e2nt - Precept Ministries\" din Moldova. \u00cempreun\u0103 cu so\u021bia mea\u00a0Anastasia, avem trei copii. Din Aprilie 2007 am oferit r\u0103spunsuri din Biblie pe acest site la \u00eentreb\u0103ri adresate de cititori. Mai mult despre mine citi\u021bi\u00a0aici.","url":"https:\/\/moldovacrestina.md\/en\/author\/vasile-filat\/"}]}},"jetpack_featured_media_url":"https:\/\/cdn.moldovacrestina.md\/2018\/12\/a8bac99b-vbwuhjlhmxg.jpg","video_meta":{"_ayvpp_video":"vBWuhjlHmXg","_ayvpp_video_id":"UEx4bmxURmppWGJUREY1ZVhIZUYtNGZmeUxaLXZlMEVINC44QUE0MzNDRkM4RjA0Njcy","_ayvpp_published":"2018-12-30T22:00:22.000Z","_ayvpp_author":"Moldova Cre\u0219tin\u0103 TV","_ayvpp_channel":"UCeW3HzRTA7XNuq5w_JRX0ow","_ayvpp_thumbs":{"default":"https:\/\/i.ytimg.com\/vi\/vBWuhjlHmXg\/default.jpg","medium":"https:\/\/i.ytimg.com\/vi\/vBWuhjlHmXg\/mqdefault.jpg","high":"https:\/\/i.ytimg.com\/vi\/vBWuhjlHmXg\/hqdefault.jpg","standard":"https:\/\/i.ytimg.com\/vi\/vBWuhjlHmXg\/sddefault.jpg","maxres":"https:\/\/i.ytimg.com\/vi\/vBWuhjlHmXg\/maxresdefault.jpg"},"_ayvpp_auto_play":"0","_ayvpp_related_show":"","_ayvpp_playlist_name":"Pastor Vasile Filat"},"featured_image":"https:\/\/cdn.moldovacrestina.md\/2018\/12\/a8bac99b-vbwuhjlhmxg.jpg","wpml":{"language_code":"en","locale":"en_US","text_direction":false,"display_name":"English","native_name":"Englez\u0103","different_language":false},"jetpack-related-posts":[{"id":363497,"url":"https:\/\/moldovacrestina.md\/poate-purta-voal-femeia-divortata-la-a-doua-cununie-religioasa\/","url_meta":{"origin":240258,"position":0},"title":"Poate purta voal femeia divor\u021bat\u0103 la a doua cununie religioas\u0103?","author":"Moldova Cre\u0219tin\u0103","date":"August 26, 2025","format":false,"excerpt":"Ce simbolizeaz\u0103 voalul miresei \u00een Biblie? Este potrivit ca o femeie cre\u0219tin\u0103 s\u0103 poarte voal atunci c\u00e2nd intr\u0103 \u00eentr-o a doua c\u0103s\u0103torie, dup\u0103 un divor\u021b? \u00cen acest video r\u0103spundem din perspectiva Scripturii, explic\u00e2nd semnifica\u021bia voalului \u00een cultura biblic\u0103 \u0219i cum s\u0103 \u00een\u021belegem rolul lui ast\u0103zi. Vei descoperi: - ce spune\u2026","rel":"","context":"<span class=\"jp-relatedposts-post-author\">Moldova Cre\u0219tin\u0103<\/span>","block_context":{"text":"MCTV","link":"https:\/\/moldovacrestina.md\/mctv\/"},"img":{"alt_text":"","src":"https:\/\/i0.wp.com\/cdn.moldovacrestina.md\/2025\/08\/551a508d-mio-v3idjve.jpg?resize=350%2C200&ssl=1","width":350,"height":200,"srcset":"https:\/\/i0.wp.com\/cdn.moldovacrestina.md\/2025\/08\/551a508d-mio-v3idjve.jpg?resize=350%2C200&ssl=1 1x, https:\/\/i0.wp.com\/cdn.moldovacrestina.md\/2025\/08\/551a508d-mio-v3idjve.jpg?resize=525%2C300&ssl=1 1.5x, https:\/\/i0.wp.com\/cdn.moldovacrestina.md\/2025\/08\/551a508d-mio-v3idjve.jpg?resize=700%2C400&ssl=1 2x, https:\/\/i0.wp.com\/cdn.moldovacrestina.md\/2025\/08\/551a508d-mio-v3idjve.jpg?resize=1050%2C600&ssl=1 3x"},"classes":[]},{"id":364411,"url":"https:\/\/moldovacrestina.md\/cand-frica-de-666-distruge-credinta-cum-ajung-unii-sa-creada-orice-aud-pastor-vasile-filat\/","url_meta":{"origin":240258,"position":1},"title":"C\u00e2nd frica de 666 distruge credin\u021ba. Cum ajung unii s\u0103 cread\u0103 orice aud? | Pastor Vasile Filat","author":"Moldova Cre\u0219tin\u0103","date":"January 8, 2026","format":false,"excerpt":"O doamn\u0103 tr\u0103ie\u0219te o fric\u0103 profund\u0103 legat\u0103 de num\u0103rul 666, botez \u0219i Sf\u00e2nta Treime. Dup\u0103 ce a fost botezat\u0103, i s-a spus c\u0103 botezul nu a fost valid. A fost botezat\u0103 din nou. Apoi i s-a spus c\u0103 Sf\u00e2nta Treime nu este biblic\u0103 \u0219i c\u0103 ar fi legat\u0103 de semnul\u2026","rel":"","context":"<span class=\"jp-relatedposts-post-author\">Moldova Cre\u0219tin\u0103<\/span>","block_context":{"text":"MCTV","link":"https:\/\/moldovacrestina.md\/mctv\/"},"img":{"alt_text":"","src":"https:\/\/i0.wp.com\/cdn.moldovacrestina.md\/2026\/01\/eb5fead2-bo_92anogg.jpg?resize=350%2C200&ssl=1","width":350,"height":200,"srcset":"https:\/\/i0.wp.com\/cdn.moldovacrestina.md\/2026\/01\/eb5fead2-bo_92anogg.jpg?resize=350%2C200&ssl=1 1x, https:\/\/i0.wp.com\/cdn.moldovacrestina.md\/2026\/01\/eb5fead2-bo_92anogg.jpg?resize=525%2C300&ssl=1 1.5x, https:\/\/i0.wp.com\/cdn.moldovacrestina.md\/2026\/01\/eb5fead2-bo_92anogg.jpg?resize=700%2C400&ssl=1 2x, https:\/\/i0.wp.com\/cdn.moldovacrestina.md\/2026\/01\/eb5fead2-bo_92anogg.jpg?resize=1050%2C600&ssl=1 3x"},"classes":[]},{"id":363109,"url":"https:\/\/moldovacrestina.md\/care-este-diferenta-dintre-crestini-dupa-evanghelie-si-baptisti\/","url_meta":{"origin":240258,"position":2},"title":"Care este diferen\u021ba dintre cre\u0219tini dup\u0103 evanghelie \u0219i bapti\u0219ti?","author":"Moldova Cre\u0219tin\u0103","date":"July 2, 2025","format":false,"excerpt":"Cre\u0219tinii dup\u0103 Evanghelie \u0219i bapti\u0219tii au multe \u00een comun, dar \u0219i anumite diferen\u021be. \ud83d\udecdCupon special: moldovacrestina15 \u2014 15% reducere la toate manualele disponibile pe site-ul https:\/\/shop.eurasiaprecept.org\u201d \u2753Pune o \u00eentrebare: https:\/\/moldovacrestina.md\/ask-the-pastor sau la email contact@moldovacrestina.md \ud83c\udf81 Devino membru \u0219i sus\u021bine lucrarea Moldova Cre\u0219tin\u0103: https:\/\/www.youtube.com\/@Moldova_Crestina\/join \ud83c\uddec\ud83c\udde7 \u00censcrie-te acum la Summer English Academy\u2026","rel":"","context":"<span class=\"jp-relatedposts-post-author\">Moldova Cre\u0219tin\u0103<\/span>","block_context":{"text":"MCTV","link":"https:\/\/moldovacrestina.md\/mctv\/"},"img":{"alt_text":"","src":"https:\/\/i0.wp.com\/cdn.moldovacrestina.md\/2025\/07\/87aabe70-uvrcctgsosy.jpg?resize=350%2C200&ssl=1","width":350,"height":200,"srcset":"https:\/\/i0.wp.com\/cdn.moldovacrestina.md\/2025\/07\/87aabe70-uvrcctgsosy.jpg?resize=350%2C200&ssl=1 1x, https:\/\/i0.wp.com\/cdn.moldovacrestina.md\/2025\/07\/87aabe70-uvrcctgsosy.jpg?resize=525%2C300&ssl=1 1.5x, https:\/\/i0.wp.com\/cdn.moldovacrestina.md\/2025\/07\/87aabe70-uvrcctgsosy.jpg?resize=700%2C400&ssl=1 2x, https:\/\/i0.wp.com\/cdn.moldovacrestina.md\/2025\/07\/87aabe70-uvrcctgsosy.jpg?resize=1050%2C600&ssl=1 3x"},"classes":[]},{"id":362616,"url":"https:\/\/moldovacrestina.md\/este-potrivit-sa-stam-izolati-si-sa-vestim-evanghelia-doar-pe-facebook\/","url_meta":{"origin":240258,"position":3},"title":"Este potrivit s\u0103 st\u0103m izola\u021bi \u0219i s\u0103 vestim Evanghelia doar pe Facebook?","author":"Moldova Cre\u0219tin\u0103","date":"April 15, 2025","format":false,"excerpt":"Facebook-ul, ca \u0219i instrument de evanghelizare, e bun, dar e de ajuns? Afl\u0103 cum s\u0103 ie\u0219i din izolare \u0219i s\u0103 tr\u0103ie\u0219ti Evanghelia \u00een lume! \u2753Pune o \u00eentrebare: https:\/\/moldovacrestina.md\/ask-the-pastor sau la email contact@moldovacrestina.md \ud83c\udf81 Devino membru \u0219i sus\u021bine lucrarea Moldova Cre\u0219tin\u0103: https:\/\/www.youtube.com\/@Moldova_Crestina\/join \ud83d\udecdCupon special: moldovacrestina15 \u2014 15% reducere la toate manualele\u2026","rel":"","context":"<span class=\"jp-relatedposts-post-author\">Moldova Cre\u0219tin\u0103<\/span>","block_context":{"text":"MCTV","link":"https:\/\/moldovacrestina.md\/mctv\/"},"img":{"alt_text":"","src":"https:\/\/i0.wp.com\/cdn.moldovacrestina.md\/2025\/04\/6d37f025-ts5udvjzbqk.jpg?resize=350%2C200&ssl=1","width":350,"height":200,"srcset":"https:\/\/i0.wp.com\/cdn.moldovacrestina.md\/2025\/04\/6d37f025-ts5udvjzbqk.jpg?resize=350%2C200&ssl=1 1x, https:\/\/i0.wp.com\/cdn.moldovacrestina.md\/2025\/04\/6d37f025-ts5udvjzbqk.jpg?resize=525%2C300&ssl=1 1.5x, https:\/\/i0.wp.com\/cdn.moldovacrestina.md\/2025\/04\/6d37f025-ts5udvjzbqk.jpg?resize=700%2C400&ssl=1 2x, https:\/\/i0.wp.com\/cdn.moldovacrestina.md\/2025\/04\/6d37f025-ts5udvjzbqk.jpg?resize=1050%2C600&ssl=1 3x"},"classes":[]},{"id":364835,"url":"https:\/\/moldovacrestina.md\/in-vizita-la-biserica-harul-minneapolis-marturii-lectii-si-lucrare-crestina\/","url_meta":{"origin":240258,"position":4},"title":"\u00cen vizit\u0103 la Biserica Harul (Minneapolis): m\u0103rturii, lec\u021bii \u0219i lucrare cre\u0219tin\u0103","author":"Vasile Filat","date":"February 24, 2026","format":false,"excerpt":"Biserica Harul Minneapolis, MN: c\u0103l\u0103torie, lucrarea bisericii \u0219i seminarul biblic. \u00cen acest video povestesc despre vizita mea la Biserica Harul din Minneapolis (Minnesota), despre slujirea pe care o fac \u0219i despre seminarul biblic care a avut loc acolo. Vei vedea: - ce fel de lucrare desf\u0103\u0219oar\u0103 Biserica Harul \u00een comunitate\u2026","rel":"","context":"<span class=\"jp-relatedposts-post-author\">Vasile Filat<\/span>","block_context":{"text":"MCTV","link":"https:\/\/moldovacrestina.md\/mctv\/"},"img":{"alt_text":"","src":"https:\/\/i0.wp.com\/cdn.moldovacrestina.md\/2026\/02\/1fa89c3f-iko3y0unokw.jpg?resize=350%2C200&ssl=1","width":350,"height":200,"srcset":"https:\/\/i0.wp.com\/cdn.moldovacrestina.md\/2026\/02\/1fa89c3f-iko3y0unokw.jpg?resize=350%2C200&ssl=1 1x, https:\/\/i0.wp.com\/cdn.moldovacrestina.md\/2026\/02\/1fa89c3f-iko3y0unokw.jpg?resize=525%2C300&ssl=1 1.5x, https:\/\/i0.wp.com\/cdn.moldovacrestina.md\/2026\/02\/1fa89c3f-iko3y0unokw.jpg?resize=700%2C400&ssl=1 2x, https:\/\/i0.wp.com\/cdn.moldovacrestina.md\/2026\/02\/1fa89c3f-iko3y0unokw.jpg?resize=1050%2C600&ssl=1 3x"},"classes":[]},{"id":364595,"url":"https:\/\/moldovacrestina.md\/trebuie-sa-te-botezi-din-nou-daca-ai-cazut-de-la-credinta-raspuns-biblic\/","url_meta":{"origin":240258,"position":5},"title":"Trebuie s\u0103 te botezi din nou dac\u0103 ai c\u0103zut de la credin\u021b\u0103? | R\u0103spuns biblic","author":"Moldova Cre\u0219tin\u0103","date":"January 30, 2026","format":false,"excerpt":"\u00cen acest video r\u0103spundem la \u00eentreb\u0103ri importante pentru via\u021ba cre\u0219tin\u0103: trebuie s\u0103 te botezi din nou dac\u0103 ai c\u0103zut de la credin\u021b\u0103? Mai este valabil primul botez? Ce spune Biblia despre restaurare, poc\u0103in\u021b\u0103 \u0219i sfin\u021bire? Analiz\u0103m Scripturile pentru a \u00een\u021belege voia lui Dumnezeu \u0219i pa\u0219ii practici pentru a tr\u0103i o\u2026","rel":"","context":"<span class=\"jp-relatedposts-post-author\">Moldova Cre\u0219tin\u0103<\/span>","block_context":{"text":"MCTV","link":"https:\/\/moldovacrestina.md\/mctv\/"},"img":{"alt_text":"","src":"https:\/\/i0.wp.com\/cdn.moldovacrestina.md\/2026\/01\/d2fdc6c8-jdstkuhefm4.jpg?resize=350%2C200&ssl=1","width":350,"height":200,"srcset":"https:\/\/i0.wp.com\/cdn.moldovacrestina.md\/2026\/01\/d2fdc6c8-jdstkuhefm4.jpg?resize=350%2C200&ssl=1 1x, https:\/\/i0.wp.com\/cdn.moldovacrestina.md\/2026\/01\/d2fdc6c8-jdstkuhefm4.jpg?resize=525%2C300&ssl=1 1.5x, https:\/\/i0.wp.com\/cdn.moldovacrestina.md\/2026\/01\/d2fdc6c8-jdstkuhefm4.jpg?resize=700%2C400&ssl=1 2x, https:\/\/i0.wp.com\/cdn.moldovacrestina.md\/2026\/01\/d2fdc6c8-jdstkuhefm4.jpg?resize=1050%2C600&ssl=1 3x"},"classes":[]}],"jetpack_sharing_enabled":true,"_links":{"self":[{"href":"https:\/\/moldovacrestina.md\/en\/wp-json\/wp\/v2\/posts\/240258","targetHints":{"allow":["GET"]}}],"collection":[{"href":"https:\/\/moldovacrestina.md\/en\/wp-json\/wp\/v2\/posts"}],"about":[{"href":"https:\/\/moldovacrestina.md\/en\/wp-json\/wp\/v2\/types\/post"}],"author":[{"embeddable":true,"href":"https:\/\/moldovacrestina.md\/en\/wp-json\/wp\/v2\/users\/46"}],"replies":[{"embeddable":true,"href":"https:\/\/moldovacrestina.md\/en\/wp-json\/wp\/v2\/comments?post=240258"}],"version-history":[{"count":0,"href":"https:\/\/moldovacrestina.md\/en\/wp-json\/wp\/v2\/posts\/240258\/revisions"}],"wp:featuredmedia":[{"embeddable":true,"href":"https:\/\/moldovacrestina.md\/en\/wp-json\/wp\/v2\/media\/240259"}],"wp:attachment":[{"href":"https:\/\/moldovacrestina.md\/en\/wp-json\/wp\/v2\/media?parent=240258"}],"wp:term":[{"taxonomy":"category","embeddable":true,"href":"https:\/\/moldovacrestina.md\/en\/wp-json\/wp\/v2\/categories?post=240258"},{"taxonomy":"post_tag","embeddable":true,"href":"https:\/\/moldovacrestina.md\/en\/wp-json\/wp\/v2\/tags?post=240258"}],"curies":[{"name":"wp","href":"https:\/\/api.w.org\/{rel}","templated":true}]}}