{"id":239997,"date":"2018-12-28T14:13:36","date_gmt":"2018-12-28T12:13:36","guid":{"rendered":"https:\/\/moldovacrestina.md\/duhul-sfant-vindecari-si-caderile-pe-spate-pastor-vasile-filat\/"},"modified":"2024-08-23T08:29:11","modified_gmt":"2024-08-23T05:29:11","slug":"duhul-sfant-vindecari-si-caderile-pe-spate-pastor-vasile-filat","status":"publish","type":"post","link":"https:\/\/moldovacrestina.md\/en\/duhul-sfant-vindecari-si-caderile-pe-spate-pastor-vasile-filat\/","title":{"rendered":"Duhul Sf\u00e2nt, vindec\u0103ri \u0219i c\u0103derile pe spate"},"content":{"rendered":"<p>\u00ceNTREBARE: Vreau sa va scriu ce eu am intilnit in biserica  spaniola unde sintem noi. Pastorul a invitat la <!--more--> predica persoane din afara \u021b\u0103rii, a explicat  bine  Cuvintul iar la urma a invitat sa vina in fata frati si surori pentru a se ruga pentru ei ca sa primeasca mai multa ungere de la Duhul Sf\u00e2nt si vindecare si au iesit aproape toti. A iceput sa puna mina pe ei adica pe capul lor se ruga ce eu nu auzeam ce zice si vedeam ca ei cad unul cite unul jos pe spate . \u00cen asa fel erau inconsienti dar era cineva in spatele lor pentru ai ajuta sa nu cada ca un lemn din padure ca puteau muri pe loc.  Am zis pentruce e nevoie sa ajutam pe duhul de vindecare? El nu are nevoie de ajutorul nostru. Dumnezeu trebuie ajutat? Deci nu am fost si nu voi fi de acord cu asa practici in casa de adunare.  Acum daca ati intilnit asa ceva  si ce parere aveti conform Cuvintului lui Dumnezeu? Eu nu am auzit s\u0103 vorbi\u021bi la acest subiect \u0219i de aceea v\u0103 \u00eentreb. <\/p>\n<p>BISERICA BUNAVESTIREA DIN CHI\u0218IN\u0102U<br \/>\nStr. Cioc\u00e2rliei 2\/8, Chi\u0219in\u0103u, Rep.Moldova<br \/>\nServicii Divine:<br \/>\n                        Duminic\u0103, 14:00 &#8211; 16:00<br \/>\n                        Joi, 18:30 &#8211; 19:30 &#8211; ceasul de rug\u0103ciune<br \/>\ntel. +373 (68) 060601<br \/>\n<a href=\"https:\/\/www.facebook.com\/bunavestire.chisinau\/\" target=\"_blank\" rel=\"nofollow noopener\">https:\/\/www.facebook.com\/bunavestire.chisinau\/<\/a><\/p>\n<p>PENTRU MANUALE \u0218I \u00ceNSCRIERE LA GRUPELE DE STUDIU BIBLIC ONLINE CONTACTA\u021aI LA:<br \/>\ninfo@precept.md<br \/>\n+373(69)966779<br \/>\n#pastorvasilefilat #duhulsfant #moldovacrestina<\/p>\n","protected":false},"excerpt":{"rendered":"<p>\u00ceNTREBARE: Vreau sa va scriu ce eu am intilnit in biserica spaniola unde sintem noi. Pastorul a invitat la<\/p>\n","protected":false},"author":46,"featured_media":239998,"comment_status":"closed","ping_status":"closed","sticky":false,"template":"","format":"standard","meta":{"_acf_changed":false,"inline_featured_image":false,"_monsterinsights_skip_tracking":false,"_monsterinsights_sitenote_active":false,"_monsterinsights_sitenote_note":"","_monsterinsights_sitenote_category":0,"_genesis_hide_title":false,"_genesis_hide_breadcrumbs":false,"_genesis_hide_singular_image":false,"_genesis_hide_footer_widgets":false,"_genesis_custom_body_class":"","_genesis_custom_post_class":"","_genesis_layout":"","ep_exclude_from_search":false,"_jetpack_memberships_contains_paid_content":false,"footnotes":""},"categories":[31081],"tags":[],"class_list":{"0":"post-239997","1":"post","2":"type-post","3":"status-publish","4":"format-standard","5":"has-post-thumbnail","7":"category-video-blog","8":"entry"},"acf":[],"yoast_head":"<!-- This site is optimized with the Yoast SEO Premium plugin v26.5 (Yoast SEO v27.4) - https:\/\/yoast.com\/product\/yoast-seo-premium-wordpress\/ -->\n<title>Duhul Sf\u00e2nt, vindec\u0103ri \u0219i c\u0103derile pe spate &#8226; Moldova Cre\u0219tin\u0103<\/title>\n<meta name=\"robots\" content=\"index, follow, max-snippet:-1, max-image-preview:large, max-video-preview:-1\" \/>\n<link rel=\"canonical\" href=\"https:\/\/moldovacrestina.md\/en\/duhul-sfant-vindecari-si-caderile-pe-spate-pastor-vasile-filat\/\" \/>\n<meta property=\"og:locale\" content=\"en_US\" \/>\n<meta property=\"og:type\" content=\"article\" \/>\n<meta property=\"og:title\" content=\"Duhul Sf\u00e2nt, vindec\u0103ri \u0219i c\u0103derile pe spate\" \/>\n<meta property=\"og:description\" content=\"\u00ceNTREBARE: Vreau sa va scriu ce eu am intilnit in biserica spaniola unde sintem noi. Pastorul a invitat la\" \/>\n<meta property=\"og:url\" content=\"https:\/\/moldovacrestina.md\/en\/duhul-sfant-vindecari-si-caderile-pe-spate-pastor-vasile-filat\/\" \/>\n<meta property=\"og:site_name\" content=\"Moldova Cre\u0219tin\u0103\" \/>\n<meta property=\"article:publisher\" content=\"https:\/\/www.facebook.com\/moldovacrestina\/\" \/>\n<meta property=\"article:published_time\" content=\"2018-12-28T12:13:36+00:00\" \/>\n<meta property=\"article:modified_time\" content=\"2024-08-23T05:29:11+00:00\" \/>\n<meta property=\"og:image\" content=\"https:\/\/cdn.moldovacrestina.md\/2018\/12\/ee6j2w39-zc.jpg\" \/>\n\t<meta property=\"og:image:width\" content=\"480\" \/>\n\t<meta property=\"og:image:height\" content=\"360\" \/>\n\t<meta property=\"og:image:type\" content=\"image\/jpeg\" \/>\n<meta name=\"author\" content=\"Vasile Filat\" \/>\n<meta name=\"twitter:card\" content=\"summary_large_image\" \/>\n<meta name=\"twitter:creator\" content=\"@moldovacrestina\" \/>\n<meta name=\"twitter:site\" content=\"@moldovacrestina\" \/>\n<meta name=\"twitter:label1\" content=\"Written by\" \/>\n\t<meta name=\"twitter:data1\" content=\"Vasile Filat\" \/>\n\t<meta name=\"twitter:label2\" content=\"Est. reading time\" \/>\n\t<meta name=\"twitter:data2\" content=\"1 minute\" \/>\n<script type=\"application\/ld+json\" class=\"yoast-schema-graph\">{\"@context\":\"https:\\\/\\\/schema.org\",\"@graph\":[{\"@type\":\"Article\",\"@id\":\"https:\\\/\\\/moldovacrestina.md\\\/en\\\/duhul-sfant-vindecari-si-caderile-pe-spate-pastor-vasile-filat\\\/#article\",\"isPartOf\":{\"@id\":\"https:\\\/\\\/moldovacrestina.md\\\/en\\\/duhul-sfant-vindecari-si-caderile-pe-spate-pastor-vasile-filat\\\/\"},\"author\":{\"name\":\"Vasile Filat\",\"@id\":\"https:\\\/\\\/moldovacrestina.md\\\/en\\\/#\\\/schema\\\/person\\\/04b204bbb582cc832c3d2424f5d27dc0\"},\"headline\":\"Duhul Sf\u00e2nt, vindec\u0103ri \u0219i c\u0103derile pe spate\",\"datePublished\":\"2018-12-28T12:13:36+00:00\",\"dateModified\":\"2024-08-23T05:29:11+00:00\",\"mainEntityOfPage\":{\"@id\":\"https:\\\/\\\/moldovacrestina.md\\\/en\\\/duhul-sfant-vindecari-si-caderile-pe-spate-pastor-vasile-filat\\\/\"},\"wordCount\":249,\"image\":{\"@id\":\"https:\\\/\\\/moldovacrestina.md\\\/en\\\/duhul-sfant-vindecari-si-caderile-pe-spate-pastor-vasile-filat\\\/#primaryimage\"},\"thumbnailUrl\":\"https:\\\/\\\/cdn.moldovacrestina.md\\\/2018\\\/12\\\/ee6j2w39-zc.jpg\",\"articleSection\":[\"#Video Blog\"],\"inLanguage\":\"en-US\"},{\"@type\":\"WebPage\",\"@id\":\"https:\\\/\\\/moldovacrestina.md\\\/en\\\/duhul-sfant-vindecari-si-caderile-pe-spate-pastor-vasile-filat\\\/\",\"url\":\"https:\\\/\\\/moldovacrestina.md\\\/en\\\/duhul-sfant-vindecari-si-caderile-pe-spate-pastor-vasile-filat\\\/\",\"name\":\"Duhul Sf\u00e2nt, vindec\u0103ri \u0219i c\u0103derile pe spate &#8226; Moldova Cre\u0219tin\u0103\",\"isPartOf\":{\"@id\":\"https:\\\/\\\/moldovacrestina.md\\\/en\\\/#website\"},\"primaryImageOfPage\":{\"@id\":\"https:\\\/\\\/moldovacrestina.md\\\/en\\\/duhul-sfant-vindecari-si-caderile-pe-spate-pastor-vasile-filat\\\/#primaryimage\"},\"image\":{\"@id\":\"https:\\\/\\\/moldovacrestina.md\\\/en\\\/duhul-sfant-vindecari-si-caderile-pe-spate-pastor-vasile-filat\\\/#primaryimage\"},\"thumbnailUrl\":\"https:\\\/\\\/cdn.moldovacrestina.md\\\/2018\\\/12\\\/ee6j2w39-zc.jpg\",\"datePublished\":\"2018-12-28T12:13:36+00:00\",\"dateModified\":\"2024-08-23T05:29:11+00:00\",\"author\":{\"@id\":\"https:\\\/\\\/moldovacrestina.md\\\/en\\\/#\\\/schema\\\/person\\\/04b204bbb582cc832c3d2424f5d27dc0\"},\"breadcrumb\":{\"@id\":\"https:\\\/\\\/moldovacrestina.md\\\/en\\\/duhul-sfant-vindecari-si-caderile-pe-spate-pastor-vasile-filat\\\/#breadcrumb\"},\"inLanguage\":\"en-US\",\"potentialAction\":[{\"@type\":\"ReadAction\",\"target\":[\"https:\\\/\\\/moldovacrestina.md\\\/en\\\/duhul-sfant-vindecari-si-caderile-pe-spate-pastor-vasile-filat\\\/\"]}]},{\"@type\":\"ImageObject\",\"inLanguage\":\"en-US\",\"@id\":\"https:\\\/\\\/moldovacrestina.md\\\/en\\\/duhul-sfant-vindecari-si-caderile-pe-spate-pastor-vasile-filat\\\/#primaryimage\",\"url\":\"https:\\\/\\\/cdn.moldovacrestina.md\\\/2018\\\/12\\\/ee6j2w39-zc.jpg\",\"contentUrl\":\"https:\\\/\\\/cdn.moldovacrestina.md\\\/2018\\\/12\\\/ee6j2w39-zc.jpg\",\"width\":480,\"height\":360},{\"@type\":\"BreadcrumbList\",\"@id\":\"https:\\\/\\\/moldovacrestina.md\\\/en\\\/duhul-sfant-vindecari-si-caderile-pe-spate-pastor-vasile-filat\\\/#breadcrumb\",\"itemListElement\":[{\"@type\":\"ListItem\",\"position\":1,\"name\":\"Prima pagin\u0103\",\"item\":\"https:\\\/\\\/moldovacrestina.md\\\/en\\\/\"},{\"@type\":\"ListItem\",\"position\":2,\"name\":\"MCTV\",\"item\":\"https:\\\/\\\/moldovacrestina.md\\\/mctv\\\/\"},{\"@type\":\"ListItem\",\"position\":3,\"name\":\"#Video Blog\",\"item\":\"https:\\\/\\\/moldovacrestina.md\\\/mctv\\\/video-blog\\\/\"},{\"@type\":\"ListItem\",\"position\":4,\"name\":\"Duhul Sf\u00e2nt, vindec\u0103ri \u0219i c\u0103derile pe spate\"}]},{\"@type\":\"WebSite\",\"@id\":\"https:\\\/\\\/moldovacrestina.md\\\/en\\\/#website\",\"url\":\"https:\\\/\\\/moldovacrestina.md\\\/en\\\/\",\"name\":\"Moldova Cre\u0219tin\u0103\",\"description\":\"R\u0103spunsuri relevante \u0219i actuale din Biblie\",\"potentialAction\":[{\"@type\":\"SearchAction\",\"target\":{\"@type\":\"EntryPoint\",\"urlTemplate\":\"https:\\\/\\\/moldovacrestina.md\\\/en\\\/?s={search_term_string}\"},\"query-input\":{\"@type\":\"PropertyValueSpecification\",\"valueRequired\":true,\"valueName\":\"search_term_string\"}}],\"inLanguage\":\"en-US\"},{\"@type\":\"Person\",\"@id\":\"https:\\\/\\\/moldovacrestina.md\\\/en\\\/#\\\/schema\\\/person\\\/04b204bbb582cc832c3d2424f5d27dc0\",\"name\":\"Vasile Filat\",\"image\":{\"@type\":\"ImageObject\",\"inLanguage\":\"en-US\",\"@id\":\"https:\\\/\\\/secure.gravatar.com\\\/avatar\\\/2e02d082d139dd6eb634318c9cf2c3a8281db62f24f87a134adb4f2020e77ab3?s=96&d=mm&r=g\",\"url\":\"https:\\\/\\\/secure.gravatar.com\\\/avatar\\\/2e02d082d139dd6eb634318c9cf2c3a8281db62f24f87a134adb4f2020e77ab3?s=96&d=mm&r=g\",\"contentUrl\":\"https:\\\/\\\/secure.gravatar.com\\\/avatar\\\/2e02d082d139dd6eb634318c9cf2c3a8281db62f24f87a134adb4f2020e77ab3?s=96&d=mm&r=g\",\"caption\":\"Vasile Filat\"},\"description\":\"P\u0103storesc\u00a0Biserica Bunavestire din Chi\u0219in\u0103u, predau Cuv\u00e2ntul lui Dumnezeu la\u00a0Institutul de Studiu Biblic Inductiv din Eurasia\u00a0\u0219i conduc\u00a0Asocia\u021bia \\\"\u00cenv\u0103\u021b\u0103tur\u0103 din Cuv\u00e2nt - Precept Ministries\\\" din Moldova. \u00cempreun\u0103 cu so\u021bia mea\u00a0Anastasia, avem trei copii. Din Aprilie 2007 am oferit r\u0103spunsuri din Biblie pe acest site la \u00eentreb\u0103ri adresate de cititori. Mai mult despre mine citi\u021bi\u00a0aici.\",\"url\":\"https:\\\/\\\/moldovacrestina.md\\\/en\\\/author\\\/vasile-filat\\\/\"}]}<\/script>\n<!-- \/ Yoast SEO Premium plugin. -->","yoast_head_json":{"title":"Duhul Sf\u00e2nt, vindec\u0103ri \u0219i c\u0103derile pe spate &#8226; Moldova Cre\u0219tin\u0103","robots":{"index":"index","follow":"follow","max-snippet":"max-snippet:-1","max-image-preview":"max-image-preview:large","max-video-preview":"max-video-preview:-1"},"canonical":"https:\/\/moldovacrestina.md\/en\/duhul-sfant-vindecari-si-caderile-pe-spate-pastor-vasile-filat\/","og_locale":"en_US","og_type":"article","og_title":"Duhul Sf\u00e2nt, vindec\u0103ri \u0219i c\u0103derile pe spate","og_description":"\u00ceNTREBARE: Vreau sa va scriu ce eu am intilnit in biserica spaniola unde sintem noi. Pastorul a invitat la","og_url":"https:\/\/moldovacrestina.md\/en\/duhul-sfant-vindecari-si-caderile-pe-spate-pastor-vasile-filat\/","og_site_name":"Moldova Cre\u0219tin\u0103","article_publisher":"https:\/\/www.facebook.com\/moldovacrestina\/","article_published_time":"2018-12-28T12:13:36+00:00","article_modified_time":"2024-08-23T05:29:11+00:00","og_image":[{"width":480,"height":360,"url":"https:\/\/cdn.moldovacrestina.md\/2018\/12\/ee6j2w39-zc.jpg","type":"image\/jpeg"}],"author":"Vasile Filat","twitter_card":"summary_large_image","twitter_creator":"@moldovacrestina","twitter_site":"@moldovacrestina","twitter_misc":{"Written by":"Vasile Filat","Est. reading time":"1 minute"},"schema":{"@context":"https:\/\/schema.org","@graph":[{"@type":"Article","@id":"https:\/\/moldovacrestina.md\/en\/duhul-sfant-vindecari-si-caderile-pe-spate-pastor-vasile-filat\/#article","isPartOf":{"@id":"https:\/\/moldovacrestina.md\/en\/duhul-sfant-vindecari-si-caderile-pe-spate-pastor-vasile-filat\/"},"author":{"name":"Vasile Filat","@id":"https:\/\/moldovacrestina.md\/en\/#\/schema\/person\/04b204bbb582cc832c3d2424f5d27dc0"},"headline":"Duhul Sf\u00e2nt, vindec\u0103ri \u0219i c\u0103derile pe spate","datePublished":"2018-12-28T12:13:36+00:00","dateModified":"2024-08-23T05:29:11+00:00","mainEntityOfPage":{"@id":"https:\/\/moldovacrestina.md\/en\/duhul-sfant-vindecari-si-caderile-pe-spate-pastor-vasile-filat\/"},"wordCount":249,"image":{"@id":"https:\/\/moldovacrestina.md\/en\/duhul-sfant-vindecari-si-caderile-pe-spate-pastor-vasile-filat\/#primaryimage"},"thumbnailUrl":"https:\/\/cdn.moldovacrestina.md\/2018\/12\/ee6j2w39-zc.jpg","articleSection":["#Video Blog"],"inLanguage":"en-US"},{"@type":"WebPage","@id":"https:\/\/moldovacrestina.md\/en\/duhul-sfant-vindecari-si-caderile-pe-spate-pastor-vasile-filat\/","url":"https:\/\/moldovacrestina.md\/en\/duhul-sfant-vindecari-si-caderile-pe-spate-pastor-vasile-filat\/","name":"Duhul Sf\u00e2nt, vindec\u0103ri \u0219i c\u0103derile pe spate &#8226; Moldova Cre\u0219tin\u0103","isPartOf":{"@id":"https:\/\/moldovacrestina.md\/en\/#website"},"primaryImageOfPage":{"@id":"https:\/\/moldovacrestina.md\/en\/duhul-sfant-vindecari-si-caderile-pe-spate-pastor-vasile-filat\/#primaryimage"},"image":{"@id":"https:\/\/moldovacrestina.md\/en\/duhul-sfant-vindecari-si-caderile-pe-spate-pastor-vasile-filat\/#primaryimage"},"thumbnailUrl":"https:\/\/cdn.moldovacrestina.md\/2018\/12\/ee6j2w39-zc.jpg","datePublished":"2018-12-28T12:13:36+00:00","dateModified":"2024-08-23T05:29:11+00:00","author":{"@id":"https:\/\/moldovacrestina.md\/en\/#\/schema\/person\/04b204bbb582cc832c3d2424f5d27dc0"},"breadcrumb":{"@id":"https:\/\/moldovacrestina.md\/en\/duhul-sfant-vindecari-si-caderile-pe-spate-pastor-vasile-filat\/#breadcrumb"},"inLanguage":"en-US","potentialAction":[{"@type":"ReadAction","target":["https:\/\/moldovacrestina.md\/en\/duhul-sfant-vindecari-si-caderile-pe-spate-pastor-vasile-filat\/"]}]},{"@type":"ImageObject","inLanguage":"en-US","@id":"https:\/\/moldovacrestina.md\/en\/duhul-sfant-vindecari-si-caderile-pe-spate-pastor-vasile-filat\/#primaryimage","url":"https:\/\/cdn.moldovacrestina.md\/2018\/12\/ee6j2w39-zc.jpg","contentUrl":"https:\/\/cdn.moldovacrestina.md\/2018\/12\/ee6j2w39-zc.jpg","width":480,"height":360},{"@type":"BreadcrumbList","@id":"https:\/\/moldovacrestina.md\/en\/duhul-sfant-vindecari-si-caderile-pe-spate-pastor-vasile-filat\/#breadcrumb","itemListElement":[{"@type":"ListItem","position":1,"name":"Prima pagin\u0103","item":"https:\/\/moldovacrestina.md\/en\/"},{"@type":"ListItem","position":2,"name":"MCTV","item":"https:\/\/moldovacrestina.md\/mctv\/"},{"@type":"ListItem","position":3,"name":"#Video Blog","item":"https:\/\/moldovacrestina.md\/mctv\/video-blog\/"},{"@type":"ListItem","position":4,"name":"Duhul Sf\u00e2nt, vindec\u0103ri \u0219i c\u0103derile pe spate"}]},{"@type":"WebSite","@id":"https:\/\/moldovacrestina.md\/en\/#website","url":"https:\/\/moldovacrestina.md\/en\/","name":"Moldova Cre\u0219tin\u0103","description":"R\u0103spunsuri relevante \u0219i actuale din Biblie","potentialAction":[{"@type":"SearchAction","target":{"@type":"EntryPoint","urlTemplate":"https:\/\/moldovacrestina.md\/en\/?s={search_term_string}"},"query-input":{"@type":"PropertyValueSpecification","valueRequired":true,"valueName":"search_term_string"}}],"inLanguage":"en-US"},{"@type":"Person","@id":"https:\/\/moldovacrestina.md\/en\/#\/schema\/person\/04b204bbb582cc832c3d2424f5d27dc0","name":"Vasile Filat","image":{"@type":"ImageObject","inLanguage":"en-US","@id":"https:\/\/secure.gravatar.com\/avatar\/2e02d082d139dd6eb634318c9cf2c3a8281db62f24f87a134adb4f2020e77ab3?s=96&d=mm&r=g","url":"https:\/\/secure.gravatar.com\/avatar\/2e02d082d139dd6eb634318c9cf2c3a8281db62f24f87a134adb4f2020e77ab3?s=96&d=mm&r=g","contentUrl":"https:\/\/secure.gravatar.com\/avatar\/2e02d082d139dd6eb634318c9cf2c3a8281db62f24f87a134adb4f2020e77ab3?s=96&d=mm&r=g","caption":"Vasile Filat"},"description":"P\u0103storesc\u00a0Biserica Bunavestire din Chi\u0219in\u0103u, predau Cuv\u00e2ntul lui Dumnezeu la\u00a0Institutul de Studiu Biblic Inductiv din Eurasia\u00a0\u0219i conduc\u00a0Asocia\u021bia \"\u00cenv\u0103\u021b\u0103tur\u0103 din Cuv\u00e2nt - Precept Ministries\" din Moldova. \u00cempreun\u0103 cu so\u021bia mea\u00a0Anastasia, avem trei copii. Din Aprilie 2007 am oferit r\u0103spunsuri din Biblie pe acest site la \u00eentreb\u0103ri adresate de cititori. Mai mult despre mine citi\u021bi\u00a0aici.","url":"https:\/\/moldovacrestina.md\/en\/author\/vasile-filat\/"}]}},"jetpack_featured_media_url":"https:\/\/cdn.moldovacrestina.md\/2018\/12\/ee6j2w39-zc.jpg","video_meta":{"_ayvpp_video":"eE6J2W39-zc","_ayvpp_video_id":"UEx4bmxURmppWGJUQU1NVVNPZ1FNM1JaallrMUtSOTVhaS5ENjg2QjQ3OTVDOUE2QzYw","_ayvpp_published":"2018-12-28T14:13:36.000Z","_ayvpp_author":"Moldova Cre\u0219tin\u0103 TV","_ayvpp_channel":"UCeW3HzRTA7XNuq5w_JRX0ow","_ayvpp_thumbs":{"default":"https:\/\/i.ytimg.com\/vi\/eE6J2W39-zc\/default.jpg","medium":"https:\/\/i.ytimg.com\/vi\/eE6J2W39-zc\/mqdefault.jpg","high":"https:\/\/i.ytimg.com\/vi\/eE6J2W39-zc\/hqdefault.jpg","standard":"","maxres":""},"_ayvpp_auto_play":"0","_ayvpp_related_show":"","_ayvpp_playlist_name":"Pastor Vasile Filat"},"featured_image":"https:\/\/cdn.moldovacrestina.md\/2018\/12\/ee6j2w39-zc.jpg","wpml":{"language_code":"en","locale":"en_US","text_direction":false,"display_name":"English","native_name":"Englez\u0103","different_language":false},"jetpack-related-posts":[{"id":363943,"url":"https:\/\/moldovacrestina.md\/nu-mai-zadarnici-harul-lui-dumnezeu-foloseste-ti-potentialul-deplin-in-hristos-vasile-filat\/","url_meta":{"origin":239997,"position":0},"title":"NU mai z\u0103d\u0103rnici harul lui Dumnezeu! Folose\u0219te-\u021bi poten\u021bialul deplin \u00een Hristos | Vasile Filat","author":"Moldova Cre\u0219tin\u0103","date":"November 3, 2025","format":false,"excerpt":"Ai primit har de la Dumnezeu, dar poate c\u0103 nu \u00eel folose\u0219ti. \u00cen aceast\u0103 predic\u0103 vei \u00een\u021belege cum s\u0103-\u021bi descoperi \u0219i s\u0103-\u021bi activezi poten\u021bialul deplin \u00een Hristos. Vei vedea cum Moise \u0219i Petru au trecut de fric\u0103, ezitare \u0219i e\u0219ec pentru a valorifica harul primit \u0219i a tr\u0103i planul lui\u2026","rel":"","context":"<span class=\"jp-relatedposts-post-author\">Moldova Cre\u0219tin\u0103<\/span>","block_context":{"text":"MCTV","link":"https:\/\/moldovacrestina.md\/mctv\/"},"img":{"alt_text":"","src":"https:\/\/i0.wp.com\/cdn.moldovacrestina.md\/2025\/11\/24fdd8f4-psbs4khrvy0.jpg?resize=350%2C200&ssl=1","width":350,"height":200,"srcset":"https:\/\/i0.wp.com\/cdn.moldovacrestina.md\/2025\/11\/24fdd8f4-psbs4khrvy0.jpg?resize=350%2C200&ssl=1 1x, https:\/\/i0.wp.com\/cdn.moldovacrestina.md\/2025\/11\/24fdd8f4-psbs4khrvy0.jpg?resize=525%2C300&ssl=1 1.5x, https:\/\/i0.wp.com\/cdn.moldovacrestina.md\/2025\/11\/24fdd8f4-psbs4khrvy0.jpg?resize=700%2C400&ssl=1 2x, https:\/\/i0.wp.com\/cdn.moldovacrestina.md\/2025\/11\/24fdd8f4-psbs4khrvy0.jpg?resize=1050%2C600&ssl=1 3x"},"classes":[]},{"id":363999,"url":"https:\/\/moldovacrestina.md\/ar-mai-exista-pastori-daca-nimeni-nu-ar-mai-dona-bani-pastor-vasile-filat\/","url_meta":{"origin":239997,"position":1},"title":"Ar mai exista pastori dac\u0103 nimeni nu ar mai dona bani? | Pastor Vasile Filat","author":"Moldova Cre\u0219tin\u0103","date":"November 11, 2025","format":false,"excerpt":"Mul\u021bi cred c\u0103 pastorii \u0219i preo\u021bii slujesc doar pentru bani. \u00centrebarea este: \u201eOare ar mai exista pastori sau preo\u021bi dac\u0103 nimeni nu ar dona nici un ban?\u201d \u00cen acest video vei afla: - ce spune Biblia despre sus\u021binerea material\u0103 a celor care predic\u0103, - de ce Dumnezeu a r\u00e2nduit ca\u2026","rel":"","context":"<span class=\"jp-relatedposts-post-author\">Moldova Cre\u0219tin\u0103<\/span>","block_context":{"text":"MCTV","link":"https:\/\/moldovacrestina.md\/mctv\/"},"img":{"alt_text":"","src":"https:\/\/i0.wp.com\/cdn.moldovacrestina.md\/2025\/11\/56bdfef1-ktvxu5hzxbu.jpg?resize=350%2C200&ssl=1","width":350,"height":200,"srcset":"https:\/\/i0.wp.com\/cdn.moldovacrestina.md\/2025\/11\/56bdfef1-ktvxu5hzxbu.jpg?resize=350%2C200&ssl=1 1x, https:\/\/i0.wp.com\/cdn.moldovacrestina.md\/2025\/11\/56bdfef1-ktvxu5hzxbu.jpg?resize=525%2C300&ssl=1 1.5x, https:\/\/i0.wp.com\/cdn.moldovacrestina.md\/2025\/11\/56bdfef1-ktvxu5hzxbu.jpg?resize=700%2C400&ssl=1 2x, https:\/\/i0.wp.com\/cdn.moldovacrestina.md\/2025\/11\/56bdfef1-ktvxu5hzxbu.jpg?resize=1050%2C600&ssl=1 3x"},"classes":[]},{"id":363515,"url":"https:\/\/moldovacrestina.md\/ce-inseamna-sa-nu-te-impotrivesti-raului-predica-din-matei-5-38-48-pastor-vasile-filat\/","url_meta":{"origin":239997,"position":2},"title":"Ce \u00eenseamn\u0103 s\u0103 nu te \u00eempotrive\u0219ti r\u0103ului | Predica din Matei 5:38-48 | Pastor Vasile Filat","author":"Moldova Cre\u0219tin\u0103","date":"September 8, 2025","format":false,"excerpt":"Ce a vrut, de fapt, Domnul Isus s\u0103 ne \u00eenve\u021be atunci c\u00e2nd a spus: \u201eDac\u0103 te love\u0219te cineva peste obrazul drept, \u00eentoarce-i \u0219i pe cel\u0103lalt\u201d? Oare trebuie s\u0103 \u00eencuraj\u0103m r\u0103ul, s\u0103-i l\u0103s\u0103m pe cei nedrep\u021bi s\u0103 fac\u0103 ce vor, f\u0103r\u0103 limite? Cum mai putem tr\u0103i \u00eentr-o societate unde r\u0103ul nu\u2026","rel":"","context":"<span class=\"jp-relatedposts-post-author\">Moldova Cre\u0219tin\u0103<\/span>","block_context":{"text":"MCTV","link":"https:\/\/moldovacrestina.md\/mctv\/"},"img":{"alt_text":"","src":"https:\/\/i0.wp.com\/cdn.moldovacrestina.md\/2025\/09\/26e179e4-w6qnyms5oiw.jpg?resize=350%2C200&ssl=1","width":350,"height":200,"srcset":"https:\/\/i0.wp.com\/cdn.moldovacrestina.md\/2025\/09\/26e179e4-w6qnyms5oiw.jpg?resize=350%2C200&ssl=1 1x, https:\/\/i0.wp.com\/cdn.moldovacrestina.md\/2025\/09\/26e179e4-w6qnyms5oiw.jpg?resize=525%2C300&ssl=1 1.5x, https:\/\/i0.wp.com\/cdn.moldovacrestina.md\/2025\/09\/26e179e4-w6qnyms5oiw.jpg?resize=700%2C400&ssl=1 2x, https:\/\/i0.wp.com\/cdn.moldovacrestina.md\/2025\/09\/26e179e4-w6qnyms5oiw.jpg?resize=1050%2C600&ssl=1 3x"},"classes":[]},{"id":364411,"url":"https:\/\/moldovacrestina.md\/cand-frica-de-666-distruge-credinta-cum-ajung-unii-sa-creada-orice-aud-pastor-vasile-filat\/","url_meta":{"origin":239997,"position":3},"title":"C\u00e2nd frica de 666 distruge credin\u021ba. Cum ajung unii s\u0103 cread\u0103 orice aud? | Pastor Vasile Filat","author":"Moldova Cre\u0219tin\u0103","date":"January 8, 2026","format":false,"excerpt":"O doamn\u0103 tr\u0103ie\u0219te o fric\u0103 profund\u0103 legat\u0103 de num\u0103rul 666, botez \u0219i Sf\u00e2nta Treime. Dup\u0103 ce a fost botezat\u0103, i s-a spus c\u0103 botezul nu a fost valid. A fost botezat\u0103 din nou. Apoi i s-a spus c\u0103 Sf\u00e2nta Treime nu este biblic\u0103 \u0219i c\u0103 ar fi legat\u0103 de semnul\u2026","rel":"","context":"<span class=\"jp-relatedposts-post-author\">Moldova Cre\u0219tin\u0103<\/span>","block_context":{"text":"MCTV","link":"https:\/\/moldovacrestina.md\/mctv\/"},"img":{"alt_text":"","src":"https:\/\/i0.wp.com\/cdn.moldovacrestina.md\/2026\/01\/eb5fead2-bo_92anogg.jpg?resize=350%2C200&ssl=1","width":350,"height":200,"srcset":"https:\/\/i0.wp.com\/cdn.moldovacrestina.md\/2026\/01\/eb5fead2-bo_92anogg.jpg?resize=350%2C200&ssl=1 1x, https:\/\/i0.wp.com\/cdn.moldovacrestina.md\/2026\/01\/eb5fead2-bo_92anogg.jpg?resize=525%2C300&ssl=1 1.5x, https:\/\/i0.wp.com\/cdn.moldovacrestina.md\/2026\/01\/eb5fead2-bo_92anogg.jpg?resize=700%2C400&ssl=1 2x, https:\/\/i0.wp.com\/cdn.moldovacrestina.md\/2026\/01\/eb5fead2-bo_92anogg.jpg?resize=1050%2C600&ssl=1 3x"},"classes":[]},{"id":363310,"url":"https:\/\/moldovacrestina.md\/nici-la-moartea-parintilor-nu-va-oferi-mancare-cuiva\/","url_meta":{"origin":239997,"position":4},"title":"Nici la moartea p\u0103rin\u021bilor nu va oferi m\u00e2ncare cuiva\u2026","author":"Moldova Cre\u0219tin\u0103","date":"July 25, 2025","format":false,"excerpt":"\u00ceNTREBARE: Pace, frate! Am \u0219i eu o nedumerire. M\u0103 contraziceam cu tata: \u00een caz de o \u00eenmorm\u00e2ntare, eu am zis c\u0103 nu a\u0219 da nici m\u0103car pr\u0103jituri \u0219i nici suc. Am zis doar ap\u0103, ca s\u0103 nu \u00eei fie cuiva sete. Tata mi-a zis s\u0103 vorbesc cu un predicator poc\u0103it\u2026","rel":"","context":"<span class=\"jp-relatedposts-post-author\">Moldova Cre\u0219tin\u0103<\/span>","block_context":{"text":"MCTV","link":"https:\/\/moldovacrestina.md\/mctv\/"},"img":{"alt_text":"","src":"https:\/\/i0.wp.com\/cdn.moldovacrestina.md\/2025\/07\/ba7ab153-h1zvfmsmux8.jpg?resize=350%2C200&ssl=1","width":350,"height":200,"srcset":"https:\/\/i0.wp.com\/cdn.moldovacrestina.md\/2025\/07\/ba7ab153-h1zvfmsmux8.jpg?resize=350%2C200&ssl=1 1x, https:\/\/i0.wp.com\/cdn.moldovacrestina.md\/2025\/07\/ba7ab153-h1zvfmsmux8.jpg?resize=525%2C300&ssl=1 1.5x, https:\/\/i0.wp.com\/cdn.moldovacrestina.md\/2025\/07\/ba7ab153-h1zvfmsmux8.jpg?resize=700%2C400&ssl=1 2x, https:\/\/i0.wp.com\/cdn.moldovacrestina.md\/2025\/07\/ba7ab153-h1zvfmsmux8.jpg?resize=1050%2C600&ssl=1 3x"},"classes":[]}],"jetpack_sharing_enabled":true,"_links":{"self":[{"href":"https:\/\/moldovacrestina.md\/en\/wp-json\/wp\/v2\/posts\/239997","targetHints":{"allow":["GET"]}}],"collection":[{"href":"https:\/\/moldovacrestina.md\/en\/wp-json\/wp\/v2\/posts"}],"about":[{"href":"https:\/\/moldovacrestina.md\/en\/wp-json\/wp\/v2\/types\/post"}],"author":[{"embeddable":true,"href":"https:\/\/moldovacrestina.md\/en\/wp-json\/wp\/v2\/users\/46"}],"replies":[{"embeddable":true,"href":"https:\/\/moldovacrestina.md\/en\/wp-json\/wp\/v2\/comments?post=239997"}],"version-history":[{"count":0,"href":"https:\/\/moldovacrestina.md\/en\/wp-json\/wp\/v2\/posts\/239997\/revisions"}],"wp:featuredmedia":[{"embeddable":true,"href":"https:\/\/moldovacrestina.md\/en\/wp-json\/wp\/v2\/media\/239998"}],"wp:attachment":[{"href":"https:\/\/moldovacrestina.md\/en\/wp-json\/wp\/v2\/media?parent=239997"}],"wp:term":[{"taxonomy":"category","embeddable":true,"href":"https:\/\/moldovacrestina.md\/en\/wp-json\/wp\/v2\/categories?post=239997"},{"taxonomy":"post_tag","embeddable":true,"href":"https:\/\/moldovacrestina.md\/en\/wp-json\/wp\/v2\/tags?post=239997"}],"curies":[{"name":"wp","href":"https:\/\/api.w.org\/{rel}","templated":true}]}}