{"id":150189,"date":"2017-11-10T03:57:08","date_gmt":"2017-11-10T00:57:08","guid":{"rendered":"https:\/\/moldovacrestina.md\/?p=150189"},"modified":"2017-11-10T03:57:08","modified_gmt":"2017-11-10T00:57:08","slug":"had-the-gentiles-the-right-to-enter-the-synagogue","status":"publish","type":"post","link":"https:\/\/moldovacrestina.md\/en\/had-the-gentiles-the-right-to-enter-the-synagogue\/","title":{"rendered":"Had the Gentiles the right to enter the synagogue?"},"content":{"rendered":"<p><em>Question: <\/em><\/p>\n<blockquote class=\"td_quote_box td_box_center\"><p>Had the Gentiles the right to enter the synagogue? If yes, with what conditions?<\/p><\/blockquote>\n<p>The word synagogue originates from the Greek word |\u03c3\u03c5\u03bd\u03b1\u03b3\u03c9\u03b3\u03ae| transliterated \/synagogue\/ and means \u2018\u2019gathering\u2019\u2019. The synagogues were set up during Babylonian slavery by the exiled Jews, who were far from Jerusalem. This city was the place chosen by God for worship. The purpose of the synagogues was to keep faith in God and a place to learn the Word of God. In the synagogue, the Jews repeatedly read Shema (Deuteronomy 6: 4), read the law and the prophets, prayed, and had a time of fellowship. Well-trained people, called scribes, had the task of multiplying holy writings and teaching others the Word of God. In the time of Jesus, the scribes were considered experts in the interpretation and teaching of the Law.<\/p>\n<p>The word &#8220;synagogue&#8221; in the Bible appears only in the New Testament. There are several texts in Acts which speak of the presence of the Gentiles in the Jewish synagogues. Such as:<\/p>\n<blockquote class=\"td_quote_box td_box_center\"><p>And he was reasoning in the synagogue (Corinth) every Sabbath and trying to persuade Jews and Greeks. (Acts 18:4)<\/p><\/blockquote>\n<p>Acts 13:13-52 describes the work done by Paul in Antioch in Pisidia. There he had spoken in the synagogue about Jesus and:<\/p>\n<blockquote class=\"td_quote_box td_box_center\"><p>As Paul and Barnabas were going out, the people kept begging that these things might be spoken to them the next Sabbath. Now when the meeting of the synagogue had broken up, <strong>many of the Jews and of the God-fearing proselytes <\/strong> followed Paul and Barnabas, who, speaking to them, were urging them to continue in the grace of God. (Acts 13:42-43)<\/p><\/blockquote>\n<p>In this text, the Gentiles who came to the synagogue and followed Paul and Barnabas are called &#8220;proselytes.&#8221; According to the definition, proselyte means:<\/p>\n<blockquote class=\"td_quote_box td_box_center\"><p>A person who has converted from one opinion, religion, or party to another.<\/p><\/blockquote>\n<p>The same word, &#8220;proselyte&#8221;, we also find in Acts 2:7-11.<\/p>\n<blockquote class=\"td_quote_box td_box_center\"><p>They were amazed and astonished, saying, \u201cWhy, are not all these who are speaking Galileans? And how is it that we each hear them in our own language to which we were born? Parthians and Medes and Elamites, and residents of Mesopotamia, Judea and Cappadocia, Pontus and Asia, Phrygia and Pamphylia, Egypt and the districts of Libya around Cyrene, and visitors from Rome, <strong>both Jews and proselytes,<\/strong>\u00a0Cretans and Arabs\u2014we hear them in our own tongues speaking of the mighty deeds of God.\u201d<\/p><\/blockquote>\n<p>From this text we can see that the proselytes, together with the Jews from different localities, came to celebrate the feast of Pentecost (the Feast of Weeks) at Jerusalem as required by the Old Testament Law.<\/p>\n<p>Therefore, the Gentiles were allowed to enter the synagogue in order to be taught the Word of God.<\/p>\n<p><em>Translated by Marcela Tasca<\/em><\/p>\n","protected":false},"excerpt":{"rendered":"<p>Question: Had the Gentiles the right to enter the synagogue? If yes, with what conditions? The word synagogue originates from the Greek word |\u03c3\u03c5\u03bd\u03b1\u03b3\u03c9\u03b3\u03ae| transliterated \/synagogue\/ and means \u2018\u2019gathering\u2019\u2019. The synagogues were set up during Babylonian slavery by the exiled Jews, who were far from Jerusalem. This city was the place chosen by God for [&hellip;]<\/p>\n","protected":false},"author":55,"featured_media":149913,"comment_status":"closed","ping_status":"closed","sticky":false,"template":"","format":"standard","meta":{"_acf_changed":false,"inline_featured_image":false,"_monsterinsights_skip_tracking":false,"_monsterinsights_sitenote_active":false,"_monsterinsights_sitenote_note":"","_monsterinsights_sitenote_category":0,"_genesis_hide_title":false,"_genesis_hide_breadcrumbs":false,"_genesis_hide_singular_image":false,"_genesis_hide_footer_widgets":false,"_genesis_custom_body_class":"","_genesis_custom_post_class":"","_genesis_layout":"","ep_exclude_from_search":false,"_jetpack_memberships_contains_paid_content":false,"footnotes":""},"categories":[129],"tags":[19889,20364,30595,30658,30659],"class_list":{"0":"post-150189","1":"post","2":"type-post","3":"status-publish","4":"format-standard","5":"has-post-thumbnail","7":"category-society","8":"tag-jews","9":"tag-gentiles","10":"tag-non-jews","11":"tag-synagogue","12":"tag-proselyte","13":"entry"},"acf":[],"yoast_head":"<!-- This site is optimized with the Yoast SEO Premium plugin v26.5 (Yoast SEO v27.4) - https:\/\/yoast.com\/product\/yoast-seo-premium-wordpress\/ -->\n<title>Had the Gentiles the right to enter the synagogue? &#8226; Moldova Cre\u0219tin\u0103<\/title>\n<meta name=\"robots\" content=\"index, follow, max-snippet:-1, max-image-preview:large, max-video-preview:-1\" \/>\n<link rel=\"canonical\" href=\"https:\/\/moldovacrestina.md\/en\/had-the-gentiles-the-right-to-enter-the-synagogue\/\" \/>\n<meta property=\"og:locale\" content=\"en_US\" \/>\n<meta property=\"og:type\" content=\"article\" \/>\n<meta property=\"og:title\" content=\"Had the Gentiles the right to enter the synagogue?\" \/>\n<meta property=\"og:description\" content=\"Question: Had the Gentiles the right to enter the synagogue? If yes, with what conditions? The word synagogue originates from the Greek word |\u03c3\u03c5\u03bd\u03b1\u03b3\u03c9\u03b3\u03ae| transliterated \/synagogue\/ and means \u2018\u2019gathering\u2019\u2019. The synagogues were set up during Babylonian slavery by the exiled Jews, who were far from Jerusalem. This city was the place chosen by God for [&hellip;]\" \/>\n<meta property=\"og:url\" content=\"https:\/\/moldovacrestina.md\/en\/had-the-gentiles-the-right-to-enter-the-synagogue\/\" \/>\n<meta property=\"og:site_name\" content=\"Moldova Cre\u0219tin\u0103\" \/>\n<meta property=\"article:publisher\" content=\"https:\/\/www.facebook.com\/moldovacrestina\/\" \/>\n<meta property=\"article:published_time\" content=\"2017-11-10T00:57:08+00:00\" \/>\n<meta property=\"og:image\" content=\"https:\/\/cdn.moldovacrestina.md\/2012\/06\/aveau-dreptul-neamurile-sa-intre-in-sinagoga-sinagoga.jpg\" \/>\n\t<meta property=\"og:image:width\" content=\"1086\" \/>\n\t<meta property=\"og:image:height\" content=\"503\" \/>\n\t<meta property=\"og:image:type\" content=\"image\/jpeg\" \/>\n<meta name=\"author\" content=\"Anastasia Filat\" \/>\n<meta name=\"twitter:card\" content=\"summary_large_image\" \/>\n<meta name=\"twitter:creator\" content=\"@moldovacrestina\" \/>\n<meta name=\"twitter:site\" content=\"@moldovacrestina\" \/>\n<meta name=\"twitter:label1\" content=\"Written by\" \/>\n\t<meta name=\"twitter:data1\" content=\"Anastasia Filat\" \/>\n\t<meta name=\"twitter:label2\" content=\"Est. reading time\" \/>\n\t<meta name=\"twitter:data2\" content=\"2 minutes\" \/>\n<script type=\"application\/ld+json\" class=\"yoast-schema-graph\">{\"@context\":\"https:\\\/\\\/schema.org\",\"@graph\":[{\"@type\":\"Article\",\"@id\":\"https:\\\/\\\/moldovacrestina.md\\\/en\\\/had-the-gentiles-the-right-to-enter-the-synagogue\\\/#article\",\"isPartOf\":{\"@id\":\"https:\\\/\\\/moldovacrestina.md\\\/en\\\/had-the-gentiles-the-right-to-enter-the-synagogue\\\/\"},\"author\":{\"name\":\"Anastasia Filat\",\"@id\":\"https:\\\/\\\/moldovacrestina.md\\\/en\\\/#\\\/schema\\\/person\\\/2ee75aca099062ac8880ffa7575a4aeb\"},\"headline\":\"Had the Gentiles the right to enter the synagogue?\",\"datePublished\":\"2017-11-10T00:57:08+00:00\",\"mainEntityOfPage\":{\"@id\":\"https:\\\/\\\/moldovacrestina.md\\\/en\\\/had-the-gentiles-the-right-to-enter-the-synagogue\\\/\"},\"wordCount\":464,\"image\":{\"@id\":\"https:\\\/\\\/moldovacrestina.md\\\/en\\\/had-the-gentiles-the-right-to-enter-the-synagogue\\\/#primaryimage\"},\"thumbnailUrl\":\"https:\\\/\\\/moldovacrestina.md\\\/wp-content\\\/uploads\\\/2012\\\/06\\\/aveau-dreptul-neamurile-sa-intre-in-sinagoga-sinagoga.jpg\",\"keywords\":[\"Jews\",\"Gentiles\",\"non Jews\",\"synagogue\",\"proselyte\"],\"articleSection\":[\"Society\"],\"inLanguage\":\"en-US\"},{\"@type\":\"WebPage\",\"@id\":\"https:\\\/\\\/moldovacrestina.md\\\/en\\\/had-the-gentiles-the-right-to-enter-the-synagogue\\\/\",\"url\":\"https:\\\/\\\/moldovacrestina.md\\\/en\\\/had-the-gentiles-the-right-to-enter-the-synagogue\\\/\",\"name\":\"Had the Gentiles the right to enter the synagogue? &#8226; Moldova Cre\u0219tin\u0103\",\"isPartOf\":{\"@id\":\"https:\\\/\\\/moldovacrestina.md\\\/en\\\/#website\"},\"primaryImageOfPage\":{\"@id\":\"https:\\\/\\\/moldovacrestina.md\\\/en\\\/had-the-gentiles-the-right-to-enter-the-synagogue\\\/#primaryimage\"},\"image\":{\"@id\":\"https:\\\/\\\/moldovacrestina.md\\\/en\\\/had-the-gentiles-the-right-to-enter-the-synagogue\\\/#primaryimage\"},\"thumbnailUrl\":\"https:\\\/\\\/moldovacrestina.md\\\/wp-content\\\/uploads\\\/2012\\\/06\\\/aveau-dreptul-neamurile-sa-intre-in-sinagoga-sinagoga.jpg\",\"datePublished\":\"2017-11-10T00:57:08+00:00\",\"author\":{\"@id\":\"https:\\\/\\\/moldovacrestina.md\\\/en\\\/#\\\/schema\\\/person\\\/2ee75aca099062ac8880ffa7575a4aeb\"},\"breadcrumb\":{\"@id\":\"https:\\\/\\\/moldovacrestina.md\\\/en\\\/had-the-gentiles-the-right-to-enter-the-synagogue\\\/#breadcrumb\"},\"inLanguage\":\"en-US\",\"potentialAction\":[{\"@type\":\"ReadAction\",\"target\":[\"https:\\\/\\\/moldovacrestina.md\\\/en\\\/had-the-gentiles-the-right-to-enter-the-synagogue\\\/\"]}]},{\"@type\":\"ImageObject\",\"inLanguage\":\"en-US\",\"@id\":\"https:\\\/\\\/moldovacrestina.md\\\/en\\\/had-the-gentiles-the-right-to-enter-the-synagogue\\\/#primaryimage\",\"url\":\"https:\\\/\\\/moldovacrestina.md\\\/wp-content\\\/uploads\\\/2012\\\/06\\\/aveau-dreptul-neamurile-sa-intre-in-sinagoga-sinagoga.jpg\",\"contentUrl\":\"https:\\\/\\\/moldovacrestina.md\\\/wp-content\\\/uploads\\\/2012\\\/06\\\/aveau-dreptul-neamurile-sa-intre-in-sinagoga-sinagoga.jpg\",\"width\":1086,\"height\":503},{\"@type\":\"BreadcrumbList\",\"@id\":\"https:\\\/\\\/moldovacrestina.md\\\/en\\\/had-the-gentiles-the-right-to-enter-the-synagogue\\\/#breadcrumb\",\"itemListElement\":[{\"@type\":\"ListItem\",\"position\":1,\"name\":\"Prima pagin\u0103\",\"item\":\"https:\\\/\\\/moldovacrestina.md\\\/en\\\/\"},{\"@type\":\"ListItem\",\"position\":2,\"name\":\"Answers from the Bible\",\"item\":\"https:\\\/\\\/moldovacrestina.md\\\/en\\\/answer-from-the-bible\\\/\"},{\"@type\":\"ListItem\",\"position\":3,\"name\":\"Society\",\"item\":\"https:\\\/\\\/moldovacrestina.md\\\/en\\\/answer-from-the-bible\\\/society\\\/\"},{\"@type\":\"ListItem\",\"position\":4,\"name\":\"Had the Gentiles the right to enter the synagogue?\"}]},{\"@type\":\"WebSite\",\"@id\":\"https:\\\/\\\/moldovacrestina.md\\\/en\\\/#website\",\"url\":\"https:\\\/\\\/moldovacrestina.md\\\/en\\\/\",\"name\":\"Moldova Cre\u0219tin\u0103\",\"description\":\"R\u0103spunsuri relevante \u0219i actuale din Biblie\",\"potentialAction\":[{\"@type\":\"SearchAction\",\"target\":{\"@type\":\"EntryPoint\",\"urlTemplate\":\"https:\\\/\\\/moldovacrestina.md\\\/en\\\/?s={search_term_string}\"},\"query-input\":{\"@type\":\"PropertyValueSpecification\",\"valueRequired\":true,\"valueName\":\"search_term_string\"}}],\"inLanguage\":\"en-US\"},{\"@type\":\"Person\",\"@id\":\"https:\\\/\\\/moldovacrestina.md\\\/en\\\/#\\\/schema\\\/person\\\/2ee75aca099062ac8880ffa7575a4aeb\",\"name\":\"Anastasia Filat\",\"image\":{\"@type\":\"ImageObject\",\"inLanguage\":\"en-US\",\"@id\":\"https:\\\/\\\/secure.gravatar.com\\\/avatar\\\/50c6c7c3ea8d39be8e58ea9617c8e1b8f9be234289757ef7156664ff8e090478?s=96&d=mm&r=g\",\"url\":\"https:\\\/\\\/secure.gravatar.com\\\/avatar\\\/50c6c7c3ea8d39be8e58ea9617c8e1b8f9be234289757ef7156664ff8e090478?s=96&d=mm&r=g\",\"contentUrl\":\"https:\\\/\\\/secure.gravatar.com\\\/avatar\\\/50c6c7c3ea8d39be8e58ea9617c8e1b8f9be234289757ef7156664ff8e090478?s=96&d=mm&r=g\",\"caption\":\"Anastasia Filat\"},\"description\":\"Sunt mam\u0103 a 3 copii \u0219i profesoar\u0103 \u00een cadrul Institutului de Studii Biblice Inductive din Moldova. De asemenea, \u00eel ajut pe so\u021bul meu, Vasile Filat, \u00een p\u0103storirea Bisericii \\\"Buna Vestire\\\" din Chi\u0219in\u0103u.\",\"url\":\"https:\\\/\\\/moldovacrestina.md\\\/en\\\/author\\\/filat-nastica\\\/\"}]}<\/script>\n<!-- \/ Yoast SEO Premium plugin. -->","yoast_head_json":{"title":"Had the Gentiles the right to enter the synagogue? &#8226; Moldova Cre\u0219tin\u0103","robots":{"index":"index","follow":"follow","max-snippet":"max-snippet:-1","max-image-preview":"max-image-preview:large","max-video-preview":"max-video-preview:-1"},"canonical":"https:\/\/moldovacrestina.md\/en\/had-the-gentiles-the-right-to-enter-the-synagogue\/","og_locale":"en_US","og_type":"article","og_title":"Had the Gentiles the right to enter the synagogue?","og_description":"Question: Had the Gentiles the right to enter the synagogue? If yes, with what conditions? The word synagogue originates from the Greek word |\u03c3\u03c5\u03bd\u03b1\u03b3\u03c9\u03b3\u03ae| transliterated \/synagogue\/ and means \u2018\u2019gathering\u2019\u2019. The synagogues were set up during Babylonian slavery by the exiled Jews, who were far from Jerusalem. This city was the place chosen by God for [&hellip;]","og_url":"https:\/\/moldovacrestina.md\/en\/had-the-gentiles-the-right-to-enter-the-synagogue\/","og_site_name":"Moldova Cre\u0219tin\u0103","article_publisher":"https:\/\/www.facebook.com\/moldovacrestina\/","article_published_time":"2017-11-10T00:57:08+00:00","og_image":[{"width":1086,"height":503,"url":"https:\/\/cdn.moldovacrestina.md\/2012\/06\/aveau-dreptul-neamurile-sa-intre-in-sinagoga-sinagoga.jpg","type":"image\/jpeg"}],"author":"Anastasia Filat","twitter_card":"summary_large_image","twitter_creator":"@moldovacrestina","twitter_site":"@moldovacrestina","twitter_misc":{"Written by":"Anastasia Filat","Est. reading time":"2 minutes"},"schema":{"@context":"https:\/\/schema.org","@graph":[{"@type":"Article","@id":"https:\/\/moldovacrestina.md\/en\/had-the-gentiles-the-right-to-enter-the-synagogue\/#article","isPartOf":{"@id":"https:\/\/moldovacrestina.md\/en\/had-the-gentiles-the-right-to-enter-the-synagogue\/"},"author":{"name":"Anastasia Filat","@id":"https:\/\/moldovacrestina.md\/en\/#\/schema\/person\/2ee75aca099062ac8880ffa7575a4aeb"},"headline":"Had the Gentiles the right to enter the synagogue?","datePublished":"2017-11-10T00:57:08+00:00","mainEntityOfPage":{"@id":"https:\/\/moldovacrestina.md\/en\/had-the-gentiles-the-right-to-enter-the-synagogue\/"},"wordCount":464,"image":{"@id":"https:\/\/moldovacrestina.md\/en\/had-the-gentiles-the-right-to-enter-the-synagogue\/#primaryimage"},"thumbnailUrl":"https:\/\/moldovacrestina.md\/wp-content\/uploads\/2012\/06\/aveau-dreptul-neamurile-sa-intre-in-sinagoga-sinagoga.jpg","keywords":["Jews","Gentiles","non Jews","synagogue","proselyte"],"articleSection":["Society"],"inLanguage":"en-US"},{"@type":"WebPage","@id":"https:\/\/moldovacrestina.md\/en\/had-the-gentiles-the-right-to-enter-the-synagogue\/","url":"https:\/\/moldovacrestina.md\/en\/had-the-gentiles-the-right-to-enter-the-synagogue\/","name":"Had the Gentiles the right to enter the synagogue? &#8226; Moldova Cre\u0219tin\u0103","isPartOf":{"@id":"https:\/\/moldovacrestina.md\/en\/#website"},"primaryImageOfPage":{"@id":"https:\/\/moldovacrestina.md\/en\/had-the-gentiles-the-right-to-enter-the-synagogue\/#primaryimage"},"image":{"@id":"https:\/\/moldovacrestina.md\/en\/had-the-gentiles-the-right-to-enter-the-synagogue\/#primaryimage"},"thumbnailUrl":"https:\/\/moldovacrestina.md\/wp-content\/uploads\/2012\/06\/aveau-dreptul-neamurile-sa-intre-in-sinagoga-sinagoga.jpg","datePublished":"2017-11-10T00:57:08+00:00","author":{"@id":"https:\/\/moldovacrestina.md\/en\/#\/schema\/person\/2ee75aca099062ac8880ffa7575a4aeb"},"breadcrumb":{"@id":"https:\/\/moldovacrestina.md\/en\/had-the-gentiles-the-right-to-enter-the-synagogue\/#breadcrumb"},"inLanguage":"en-US","potentialAction":[{"@type":"ReadAction","target":["https:\/\/moldovacrestina.md\/en\/had-the-gentiles-the-right-to-enter-the-synagogue\/"]}]},{"@type":"ImageObject","inLanguage":"en-US","@id":"https:\/\/moldovacrestina.md\/en\/had-the-gentiles-the-right-to-enter-the-synagogue\/#primaryimage","url":"https:\/\/moldovacrestina.md\/wp-content\/uploads\/2012\/06\/aveau-dreptul-neamurile-sa-intre-in-sinagoga-sinagoga.jpg","contentUrl":"https:\/\/moldovacrestina.md\/wp-content\/uploads\/2012\/06\/aveau-dreptul-neamurile-sa-intre-in-sinagoga-sinagoga.jpg","width":1086,"height":503},{"@type":"BreadcrumbList","@id":"https:\/\/moldovacrestina.md\/en\/had-the-gentiles-the-right-to-enter-the-synagogue\/#breadcrumb","itemListElement":[{"@type":"ListItem","position":1,"name":"Prima pagin\u0103","item":"https:\/\/moldovacrestina.md\/en\/"},{"@type":"ListItem","position":2,"name":"Answers from the Bible","item":"https:\/\/moldovacrestina.md\/en\/answer-from-the-bible\/"},{"@type":"ListItem","position":3,"name":"Society","item":"https:\/\/moldovacrestina.md\/en\/answer-from-the-bible\/society\/"},{"@type":"ListItem","position":4,"name":"Had the Gentiles the right to enter the synagogue?"}]},{"@type":"WebSite","@id":"https:\/\/moldovacrestina.md\/en\/#website","url":"https:\/\/moldovacrestina.md\/en\/","name":"Moldova Cre\u0219tin\u0103","description":"R\u0103spunsuri relevante \u0219i actuale din Biblie","potentialAction":[{"@type":"SearchAction","target":{"@type":"EntryPoint","urlTemplate":"https:\/\/moldovacrestina.md\/en\/?s={search_term_string}"},"query-input":{"@type":"PropertyValueSpecification","valueRequired":true,"valueName":"search_term_string"}}],"inLanguage":"en-US"},{"@type":"Person","@id":"https:\/\/moldovacrestina.md\/en\/#\/schema\/person\/2ee75aca099062ac8880ffa7575a4aeb","name":"Anastasia Filat","image":{"@type":"ImageObject","inLanguage":"en-US","@id":"https:\/\/secure.gravatar.com\/avatar\/50c6c7c3ea8d39be8e58ea9617c8e1b8f9be234289757ef7156664ff8e090478?s=96&d=mm&r=g","url":"https:\/\/secure.gravatar.com\/avatar\/50c6c7c3ea8d39be8e58ea9617c8e1b8f9be234289757ef7156664ff8e090478?s=96&d=mm&r=g","contentUrl":"https:\/\/secure.gravatar.com\/avatar\/50c6c7c3ea8d39be8e58ea9617c8e1b8f9be234289757ef7156664ff8e090478?s=96&d=mm&r=g","caption":"Anastasia Filat"},"description":"Sunt mam\u0103 a 3 copii \u0219i profesoar\u0103 \u00een cadrul Institutului de Studii Biblice Inductive din Moldova. De asemenea, \u00eel ajut pe so\u021bul meu, Vasile Filat, \u00een p\u0103storirea Bisericii \"Buna Vestire\" din Chi\u0219in\u0103u.","url":"https:\/\/moldovacrestina.md\/en\/author\/filat-nastica\/"}]}},"jetpack_featured_media_url":"https:\/\/moldovacrestina.md\/wp-content\/uploads\/2012\/06\/aveau-dreptul-neamurile-sa-intre-in-sinagoga-sinagoga.jpg","video_meta":false,"featured_image":"https:\/\/moldovacrestina.md\/wp-content\/uploads\/2012\/06\/aveau-dreptul-neamurile-sa-intre-in-sinagoga-sinagoga.jpg","wpml":{"language_code":"en","locale":"en_US","text_direction":false,"display_name":"English","native_name":"Englez\u0103","different_language":false},"jetpack-related-posts":[{"id":83594,"url":"https:\/\/moldovacrestina.md\/ru\/hto-znachit-zlosloviti-za-hrista\/","url_meta":{"origin":150189,"position":0},"title":"\u041d\u0430 \u0447\u0442\u043e \u0441\u0441\u044b\u043b\u0430\u0435\u0442\u0441\u044f \u0418\u0438\u0441\u0443\u0441 \u0425\u0440\u0438\u0441\u0442\u043e\u0441, \u0433\u043e\u0432\u043e\u0440\u044f \u201c\u043d\u0435\u043f\u0440\u0430\u0432\u0435\u0434\u043d\u043e \u0437\u043b\u043e\u0441\u043b\u043e\u0432\u0438\u0442\u044c \u0437\u0430 \u041c\u0435\u043d\u044f\u201d?","author":"Vasile Filat","date":"September 8, 2010","format":false,"excerpt":"\u0412\u043e\u043f\u0440\u043e\u0441: \u0421\u0435\u0433\u043e\u0434\u043d\u044f \u0432\u043e \u0432\u0440\u0435\u043c\u044f \u043e\u0431\u0435\u0434\u0435\u043d\u043d\u043e\u0433\u043e \u043f\u0435\u0440\u0435\u0440\u044b\u0432\u0430 \u044f \u0441\u043b\u0443\u0448\u0430\u043b \u043e \u0431\u043b\u0430\u0436\u0435\u043d\u0441\u0442\u0432\u0430\u0445, \u0441\u043a\u0430\u0437\u0430\u043d\u043d\u044b\u0445 \u0418\u0438\u0441\u0443\u0441\u043e\u043c \u0425\u0440\u0438\u0441\u0442\u043e\u043c \u0432 \u041d\u0430\u0433\u043e\u0440\u043d\u043e\u0439 \u041f\u0440\u043e\u043f\u043e\u0432\u0435\u0434\u0438, \u0438 \u0443 \u043c\u0435\u043d\u044f \u0435\u0441\u0442\u044c \u043d\u0435\u0434\u043e\u043f\u043e\u043d\u0438\u043c\u0430\u043d\u0438\u0435 \u043f\u043e \u044d\u0442\u043e\u043c\u0443 \u043f\u043e\u0432\u043e\u0434\u0443. \u042f \u043f\u043e\u043d\u0438\u043c\u0430\u044e, \u0447\u0442\u043e \u0425\u0440\u0438\u0441\u0442\u043e\u0441 \u0441\u043a\u0430\u0437\u0430\u043b \u0443\u0447\u0435\u043d\u0438\u043a\u0430\u043c, \u0447\u0442\u043e \u043e\u043d\u0438 \u0431\u0443\u0434\u0443\u0442 \u0441\u0442\u0440\u0430\u0434\u0430\u0442\u044c \u043f\u043e \u043f\u0440\u0438\u0447\u0438\u043d\u0435 \u043f\u0440\u043e\u043f\u043e\u0432\u0435\u0434\u0438 \u0421\u043b\u043e\u0432\u0430 \u0438\u043b\u0438 \u0441\u043e \u0441\u0442\u043e\u0440\u043e\u043d\u044b \u043d\u0435\u0432\u0435\u0440\u0443\u044e\u0449\u0438\u0445, \u043d\u043e \u044f \u043d\u0435 \u043f\u043e\u043d\u0438\u043c\u0430\u044e \u0432\u044b\u0440\u0430\u0436\u0435\u043d\u0438\u044f \u201c\u043d\u0435\u043f\u0440\u0430\u0432\u0435\u0434\u043d\u043e \u0437\u043b\u043e\u0441\u043b\u043e\u0432\u0438\u0442\u044c \u0437\u0430\u2026","rel":"","context":"<span class=\"jp-relatedposts-post-author\">Vasile Filat<\/span>","block_context":{"text":"\u0414\u043e\u043a\u0442\u0440\u0438\u043d\u044b","link":"https:\/\/moldovacrestina.md\/ru\/otvety-iz-biblii\/doktriny-ru\/"},"img":{"alt_text":"","src":"","width":0,"height":0},"classes":[]},{"id":84641,"url":"https:\/\/moldovacrestina.md\/ru\/test-homofobia\/","url_meta":{"origin":150189,"position":1},"title":"\u0421\u0434\u0435\u043b\u0430\u0442\u044c \u0442\u0435\u0441\u0442, \u0447\u0442\u043e\u0431\u044b \u0443\u0437\u043d\u0430\u0442\u044c, \u044f\u0432\u043b\u044f\u0435\u0448\u044c\u0441\u044f \u043b\u0438 \u0442\u044b \u0413\u041e\u041c\u041e\u0424\u041e\u0411\u041e\u041c?","author":"Vasile Filat","date":"January 14, 2011","format":false,"excerpt":"\u041f\u043e\u0441\u043a\u043e\u043b\u044c\u043a\u0443 \u044f \u043c\u043d\u043e\u0433\u043e \u0440\u0430\u0437 \u0434\u0435\u043b\u0430\u043b \u0437\u0430\u044f\u0432\u043b\u0435\u043d\u0438\u044f \u043f\u043e \u043f\u043e\u0432\u043e\u0434\u0443 \u043d\u0430\u0441\u0438\u043b\u0438\u044f, \u043d\u0430 \u043a\u043e\u0442\u043e\u0440\u043e\u043c \u043d\u0430\u0441\u0442\u0430\u0438\u0432\u0430\u0435\u0442 \u043e\u0440\u0433\u0430\u043d\u0438\u0437\u0430\u0446\u0438\u044f \u0433\u043e\u043c\u043e\u0441\u0435\u043a\u0441\u0443\u0430\u043b\u0438\u0441\u0442\u043e\u0432 \u0438\u0437 \u041c\u043e\u043b\u0434\u043e\u0432\u044b \u0438 \u0434\u0440\u0443\u0433\u0438\u0435 \u043e\u0440\u0433\u0430\u043d\u0438\u0437\u0430\u0446\u0438\u0438, \u043a\u043e\u0442\u043e\u0440\u044b\u0435 \u043f\u0440\u043e\u043f\u0430\u0433\u0430\u043d\u0434\u0438\u0440\u0443\u044e\u0442\u00a0 \u0442\u0430\u043a \u043d\u0430\u0437\u044b\u0432\u0430\u0435\u043c\u044b\u0435 \u201c\u043f\u0440\u0430\u0432\u0430 \u0441\u0435\u043a\u0441\u0443\u0430\u043b\u044c\u043d\u044b\u0445 \u043c\u0435\u043d\u044c\u0448\u0438\u043d\u0441\u0442\u0432\u201d, \u043c\u0435\u043d\u044f \u0447\u0430\u0441\u0442\u043e \u0441\u0442\u0430\u043b\u0438 \u043d\u0430\u0437\u044b\u0432\u0430\u0442\u044c \u201c\u0433\u043e\u043c\u043e\u0444\u043e\u0431\u201d, \u0442\u043e\u0447\u043d\u043e \u0442\u0430\u043a\u0436\u0435, \u043a\u0430\u043a \u043e\u043d\u0438 \u043d\u0430\u0437\u044b\u0432\u0430\u044e\u0442 \u043b\u044e\u0431\u043e\u0433\u043e, \u043a\u0442\u043e \u043d\u0435 \u0440\u0430\u0437\u0434\u0435\u043b\u044f\u0435\u0442 \u0438\u0445 \u043c\u043d\u0435\u043d\u0438\u044f. \u0421\u0435\u0433\u043e\u0434\u043d\u044f \u044f \u043f\u043e\u043b\u0443\u0447\u0438\u043b \u043f\u043e email \u043f\u0440\u0438\u0433\u043b\u0430\u0448\u0435\u043d\u0438\u0435 \u0441\u0434\u0435\u043b\u0430\u0442\u044c \u0442\u0435\u0441\u0442,\u2026","rel":"","context":"<span class=\"jp-relatedposts-post-author\">Vasile Filat<\/span>","block_context":{"text":"\u041e\u0431\u0449\u0435\u0441\u0442\u0432\u043e","link":"https:\/\/moldovacrestina.md\/ru\/otvety-iz-biblii\/obshhestvo\/"},"img":{"alt_text":"","src":"https:\/\/i0.wp.com\/americansfortruth.com\/uploads\/2011\/01\/Homophobia_Quiz-300x148.png?resize=350%2C200","width":350,"height":200},"classes":[]},{"id":86012,"url":"https:\/\/moldovacrestina.md\/en\/doris-van-stone-devochka-kotoryiu-nikto-ne-liubil\/","url_meta":{"origin":150189,"position":2},"title":"\u0414\u043e\u0440\u0438\u0441 \u0412\u0430\u043d \u0421\u0442\u043e\u0443\u043d &ndash; \u0434\u0435\u0432\u043e\u0447\u043a\u0430 \u043a\u043e\u0442\u043e\u0440\u0443\u044e \u043d\u0438\u043a\u0442\u043e \u043d\u0435 \u043b\u044e\u0431\u0438\u043b","author":"Vasile Filat","date":"February 23, 2012","format":false,"excerpt":"\u0412\u0447\u0435\u0440\u0430 \u0432\u0435\u0447\u0435\u0440\u043e\u043c \u0443 \u043c\u0435\u043d\u044f \u0431\u044b\u043b\u0430 \u0431\u043b\u0430\u0433\u043e\u0441\u043b\u043e\u0432\u0435\u043d\u043d\u0430\u044f \u0432\u0441\u0442\u0440\u0435\u0447\u0430 \u0441\u00a0 \u0414\u043e\u0440\u0438\u0441 \u0412\u0430\u043d \u0421\u0442\u043e\u0443\u043d, \u0430\u0432\u0442\u043e\u0440\u043e\u043c \u0445\u043e\u0440\u043e\u0448\u043e \u0438\u0437\u0432\u0435\u0441\u0442\u043d\u043e\u0439 \u043a\u043d\u0438\u0433\u0438 \u201c\u0414\u043e\u0440\u0438, \u0434\u0435\u0432\u043e\u0447\u043a\u0430 \u043a\u043e\u0442\u043e\u0440\u0443\u044e \u043d\u0438\u043a\u0442\u043e \u043d\u0435 \u043b\u044e\u0431\u0438\u043b\u201d \u0438 \u0434\u0432\u0443\u0445 \u0434\u0440\u0443\u0433\u0438\u0445 \u043a\u043d\u0438\u0433 \"No Place To Cry: The Hurt and Healing of Sexual Abuse\" \u0438 \"The secrets of the heart\". \u0412 \u0432\u043e\u0437\u0440\u0430\u0441\u0442\u0435 90 \u043b\u0435\u0442 \u0441\u0435\u0441\u0442\u0440\u0430 \u0414\u043e\u0440\u0438\u0441 \u043f\u043e\u043b\u043d\u0430 \u0436\u0438\u0437\u043d\u0438,\u2026","rel":"","context":"<span class=\"jp-relatedposts-post-author\">Vasile Filat<\/span>","block_context":{"text":"\u041e\u0431\u0449\u0435\u0441\u0442\u0432\u043e","link":"https:\/\/moldovacrestina.md\/ru\/otvety-iz-biblii\/obshhestvo\/"},"img":{"alt_text":"","src":"","width":0,"height":0},"classes":[]},{"id":244527,"url":"https:\/\/moldovacrestina.md\/ru\/the-prodigy-tusovka-v-kishinjove-gleote-vlog\/","url_meta":{"origin":150189,"position":3},"title":"THE PRODIGY. \u0422\u0423\u0421\u041e\u0412\u041a\u0410 \u0412 \u041a\u0418\u0428\u0418\u041d\u0401\u0412\u0415?!","author":"Moldova Cre\u0219tin\u0103","date":"May 25, 2017","format":false,"excerpt":"\u0420\u0430\u0437\u0440\u0435\u0448\u0430\u0435\u0442\u0441\u044f \u043b\u0438 \u0445\u0440\u0438\u0441\u0442\u0438\u0430\u043d\u0430\u043c \u0441\u043b\u0443\u0448\u0430\u0442\u044c \u043c\u0438\u0440\u0441\u043a\u0443\u044e \u043c\u0443\u0437\u044b\u043a\u0443? : https:\/\/goo.gl\/E8IKpe \u041f\u043e\u043b\u0443\u0447\u0438 \u043e\u0442\u0432\u0435\u0442\u044b \u0438\u0437 \u0411\u0438\u0431\u043b\u0438\u0438 \u25ba https:\/\/moldovacrestina.md\/main\/homeRu \u041c\u043e\u043b\u043e\u0434\u0451\u0436\u043a\u0430 \u25ba https:\/\/goo.gl\/2rONg1 \u0414\u0443\u0445\u043e\u0432\u043d\u0430\u044f \u0431\u0435\u0441\u0435\u0434\u043a\u0430 \u25bahttps:\/\/goo.gl\/g1H1kF \u0426\u0415\u0420\u041a\u041e\u0412\u042c \"\u0416\u0418\u0412\u041e\u0415 \u0421\u041b\u041e\u0412\u041e\" \u25ba https:\/\/goo.gl\/qGV7ZP Gleot\u00e9 - \u0411\u043e\u0433 \u041b\u044e\u0431\u0438\u0442 \u041a\u0430\u0436\u0434\u043e\u0433\u043e \u043d\u0430 \u0417\u0435\u043c\u043b\u0435 ! God Loves Everyone On The Earth !","rel":"","context":"<span class=\"jp-relatedposts-post-author\">Moldova Cre\u0219tin\u0103<\/span>","block_context":{"text":"Gleot\u00e9 VLOG","link":"https:\/\/moldovacrestina.md\/ru\/gleote-vlog\/"},"img":{"alt_text":"","src":"https:\/\/i0.wp.com\/cdn.moldovacrestina.md\/2019\/02\/98fe1584-h9zna3ikkvc.jpg?resize=350%2C200&ssl=1","width":350,"height":200,"srcset":"https:\/\/i0.wp.com\/cdn.moldovacrestina.md\/2019\/02\/98fe1584-h9zna3ikkvc.jpg?resize=350%2C200&ssl=1 1x, https:\/\/i0.wp.com\/cdn.moldovacrestina.md\/2019\/02\/98fe1584-h9zna3ikkvc.jpg?resize=525%2C300&ssl=1 1.5x, https:\/\/i0.wp.com\/cdn.moldovacrestina.md\/2019\/02\/98fe1584-h9zna3ikkvc.jpg?resize=700%2C400&ssl=1 2x, https:\/\/i0.wp.com\/cdn.moldovacrestina.md\/2019\/02\/98fe1584-h9zna3ikkvc.jpg?resize=1050%2C600&ssl=1 3x"},"classes":[]},{"id":123833,"url":"https:\/\/moldovacrestina.md\/ru\/s-dnyom-rozhdeniya-moldova-crestina-gleote-vlog\/","url_meta":{"origin":150189,"position":4},"title":"\u0421 \u0414\u041d\u0401\u041c \u0420\u041e\u0416\u0414\u0415\u041d\u0418\u042f MOLDOVA CRE\u0218TIN\u0102 | Gleot\u00e9 VLOG","author":"\u0410\u043d\u0434\u0440\u0435\u0435\u0432 \u042d\u0434\u0443\u0430\u0440\u0434","date":"April 26, 2017","format":"video","excerpt":"\u0414\u0440\u0443\u0437\u044c\u044f! \u0412\u043e\u0442 \u0438 \u043d\u043e\u0432\u044b\u0439 \u0432\u0438\u0434\u0435\u043e-\u0431\u043b\u043e\u0433! 22 \u0430\u043f\u0440\u0435\u043b\u044f Moldova Cre\u0219tin\u0103\u00a0\u0438\u0441\u043f\u043e\u043b\u043d\u0438\u043b\u043e\u0441\u044c 10 \u043b\u0435\u0442!\u00a0\ud83c\udf82 \u041d\u0435 \u0441\u0442\u0435\u0441\u043d\u044f\u0439\u0442\u0435\u0441\u044c! \u041f\u0440\u0438\u0441\u043e\u0435\u0434\u0438\u043d\u044f\u0439\u0442\u0435\u0441\u044c \u043a \u043f\u0440\u0430\u0437\u0434\u043d\u0438\u043a\u0443! \u0414\u043b\u044f \u043c\u0435\u043d\u044f \u043e\u0433\u0440\u043e\u043c\u043d\u043e\u0435 \u0431\u043b\u0430\u0433\u043e\u0441\u043b\u043e\u0432\u0435\u043d\u0438\u0435 \u0438 \u043f\u0440\u0438\u0432\u0438\u043b\u0435\u0433\u0438\u044f \u0431\u044b\u0442\u044c \u0447\u0430\u0441\u0442\u044c\u044e \u044d\u0442\u043e\u0439 \u043a\u043e\u043c\u0430\u043d\u0434\u044b! \u041f\u0443\u0441\u0442\u044c \u0413\u043e\u0441\u043f\u043e\u0434\u044c \u0443\u043c\u043d\u043e\u0436\u0438\u0442 \u044d\u0442\u043e \u0441\u043b\u0443\u0436\u0435\u043d\u0438\u0435 \u0438 \u043f\u043e\u043c\u043e\u0436\u0435\u0442 \u043f\u0440\u0438\u043d\u0435\u0441\u0442\u0438 \u0435\u0449\u0451 \u0431\u043e\u043b\u044c\u0448\u0435 \u043f\u043b\u043e\u0434\u043e\u0432 \u0432\u043e \u0441\u043b\u0430\u0432\u0443 \u0413\u043e\u0441\u043f\u043e\u0434\u0430 \u043d\u0430\u0448\u0435\u0433\u043e \u0418\u0438\u0441\u0443\u0441\u0430 \u0425\u0440\u0438\u0441\u0442\u0430! \u0411\u043e\u043b\u044c\u0448\u043e\u0435 \u0441\u043f\u0430\u0441\u0438\u0431\u043e \u0432\u0441\u0435\u043c \u043c\u043e\u0438\u043c \u043d\u0430\u0441\u0442\u0430\u0432\u043d\u0438\u043a\u0430\u043c \u0438 \u0434\u0440\u0443\u0437\u044c\u044f\u043c\u2026","rel":"","context":"<span class=\"jp-relatedposts-post-author\">\u0410\u043d\u0434\u0440\u0435\u0435\u0432 \u042d\u0434\u0443\u0430\u0440\u0434<\/span>","block_context":{"text":"\u0411\u043b\u043e\u0433\u043e\u0441\u0444\u0435\u0440\u0430","link":"https:\/\/moldovacrestina.md\/ru\/vospitanie-ru\/blogosfera-ru\/"},"img":{"alt_text":"","src":"https:\/\/i0.wp.com\/moldovacrestina.md\/wp-content\/uploads\/2017\/04\/moldovacrestina.md---1.jpg?resize=350%2C200&ssl=1","width":350,"height":200,"srcset":"https:\/\/i0.wp.com\/moldovacrestina.md\/wp-content\/uploads\/2017\/04\/moldovacrestina.md---1.jpg?resize=350%2C200&ssl=1 1x, https:\/\/i0.wp.com\/moldovacrestina.md\/wp-content\/uploads\/2017\/04\/moldovacrestina.md---1.jpg?resize=525%2C300&ssl=1 1.5x, https:\/\/i0.wp.com\/moldovacrestina.md\/wp-content\/uploads\/2017\/04\/moldovacrestina.md---1.jpg?resize=700%2C400&ssl=1 2x, https:\/\/i0.wp.com\/moldovacrestina.md\/wp-content\/uploads\/2017\/04\/moldovacrestina.md---1.jpg?resize=1050%2C600&ssl=1 3x"},"classes":[]},{"id":244533,"url":"https:\/\/moldovacrestina.md\/ru\/molodjozhka-way-gleote-vlog\/","url_meta":{"origin":150189,"position":5},"title":"\u041c\u041e\u041b\u041e\u0414\u0401\u0416\u041a\u0410 WAY","author":"Moldova Cre\u0219tin\u0103","date":"May 11, 2018","format":false,"excerpt":"Come to \"WAY\" meetings every Friday, 18:00 https:\/\/goo.gl\/9kAnn6 \u0414\u0430\u0432\u0430\u0439\u0442\u0435 \u043d\u0438\u043a\u043e\u0433\u0434\u0430 \u043d\u0435 \u0441\u0442\u044b\u0434\u0438\u0442\u044c\u0441\u044f \u0438\u043c\u0435\u043d\u0438 \u0425\u0440\u0438\u0441\u0442\u0430! \u041e\u0431 \u044d\u0442\u043e\u043c \u043d\u043e\u0432\u043e\u0435 \u0432\u0438\u0434\u0435\u043e. \u041d\u0435 \u043f\u043e\u0441\u0442\u044b\u0434\u0438\u0442\u0435\u0441\u044c \u043f\u043e\u0434\u0435\u043b\u0438\u0442\u044c\u0441\u044f \u0440\u043e\u043b\u0438\u043a\u043e\u043c:) Gleot\u00e9 - \u0411\u043e\u0433 \u041b\u044e\u0431\u0438\u0442 \u041a\u0430\u0436\u0434\u043e\u0433\u043e \u043d\u0430 \u0417\u0435\u043c\u043b\u0435 ! God Loves Everyone On The Earth ! \u041f\u0420\u0418\u0425\u041e\u0414\u0418 \u041d\u0410 \u041c\u041e\u041b\u041e\u0414\u0415\u0416\u041a\u0423: https:\/\/www.facebook.com\/livingyouth.md\/ \u041f\u041e\u041b\u0423\u0427\u0418 \u041e\u0422\u0412\u0415\u0422 \u0418\u0417 \u0411\u0418\u0411\u041b\u0418\u0418: https:\/\/moldovacrestina.md \u0414\u0423\u0425\u041e\u0412\u041d\u0410\u042f \u0411\u0415\u0421\u0415\u0414\u041a\u0410: http:\/\/duhovnayabesedka.blogspot.com","rel":"","context":"<span class=\"jp-relatedposts-post-author\">Moldova Cre\u0219tin\u0103<\/span>","block_context":{"text":"Gleot\u00e9 VLOG","link":"https:\/\/moldovacrestina.md\/ru\/gleote-vlog\/"},"img":{"alt_text":"","src":"https:\/\/i0.wp.com\/cdn.moldovacrestina.md\/2019\/02\/c9f55163-myv9lwsy-4o.jpg?resize=350%2C200&ssl=1","width":350,"height":200,"srcset":"https:\/\/i0.wp.com\/cdn.moldovacrestina.md\/2019\/02\/c9f55163-myv9lwsy-4o.jpg?resize=350%2C200&ssl=1 1x, https:\/\/i0.wp.com\/cdn.moldovacrestina.md\/2019\/02\/c9f55163-myv9lwsy-4o.jpg?resize=525%2C300&ssl=1 1.5x, https:\/\/i0.wp.com\/cdn.moldovacrestina.md\/2019\/02\/c9f55163-myv9lwsy-4o.jpg?resize=700%2C400&ssl=1 2x, https:\/\/i0.wp.com\/cdn.moldovacrestina.md\/2019\/02\/c9f55163-myv9lwsy-4o.jpg?resize=1050%2C600&ssl=1 3x"},"classes":[]}],"jetpack_sharing_enabled":true,"_links":{"self":[{"href":"https:\/\/moldovacrestina.md\/en\/wp-json\/wp\/v2\/posts\/150189","targetHints":{"allow":["GET"]}}],"collection":[{"href":"https:\/\/moldovacrestina.md\/en\/wp-json\/wp\/v2\/posts"}],"about":[{"href":"https:\/\/moldovacrestina.md\/en\/wp-json\/wp\/v2\/types\/post"}],"author":[{"embeddable":true,"href":"https:\/\/moldovacrestina.md\/en\/wp-json\/wp\/v2\/users\/55"}],"replies":[{"embeddable":true,"href":"https:\/\/moldovacrestina.md\/en\/wp-json\/wp\/v2\/comments?post=150189"}],"version-history":[{"count":0,"href":"https:\/\/moldovacrestina.md\/en\/wp-json\/wp\/v2\/posts\/150189\/revisions"}],"wp:featuredmedia":[{"embeddable":true,"href":"https:\/\/moldovacrestina.md\/en\/wp-json\/wp\/v2\/media\/149913"}],"wp:attachment":[{"href":"https:\/\/moldovacrestina.md\/en\/wp-json\/wp\/v2\/media?parent=150189"}],"wp:term":[{"taxonomy":"category","embeddable":true,"href":"https:\/\/moldovacrestina.md\/en\/wp-json\/wp\/v2\/categories?post=150189"},{"taxonomy":"post_tag","embeddable":true,"href":"https:\/\/moldovacrestina.md\/en\/wp-json\/wp\/v2\/tags?post=150189"}],"curies":[{"name":"wp","href":"https:\/\/api.w.org\/{rel}","templated":true}]}}